{"id":72817,"date":"2022-05-29T11:34:09","date_gmt":"2022-05-29T11:34:09","guid":{"rendered":"http:\/\/www.noticiasradioreflejos.com.ar\/2021\/?p=72817"},"modified":"2022-05-29T11:34:09","modified_gmt":"2022-05-29T11:34:09","slug":"desaparecio-un-avion-con-22-personas-en-nepal","status":"publish","type":"post","link":"https:\/\/www.noticiasradioreflejos.com.ar\/2021\/desaparecio-un-avion-con-22-personas-en-nepal\/","title":{"rendered":"Desapareci\u00f3 un avi\u00f3n con 22 personas en Nepal"},"content":{"rendered":"<p>El vuelo de la empresa Tara Air hab\u00eda partido con destino a Jomsom desde Pokhara, y desapareci\u00f3 en una zona monta\u00f1osa en la que las complicadas condiciones meteorol\u00f3gicas dificultan las tareas de b\u00fasqueda.<!--more--><\/p>\n<figure class=\"mb-3\"><img decoding=\"async\" src=\"https:\/\/www.telam.com.ar\/thumbs\/bluesteel\/advf\/imagenes\/2022\/05\/6293577fbcad8_900.jpg\" alt=\"Dos helicpteros fueron movilizados para las operaciones de bsqueda que sern complicadas por falta de visibilidad Foto AFP\" width=\"100%\" height=\"100%\" \/><\/p>\n<div class=\"media-icons\"><\/div><figcaption>Dos helic\u00f3pteros fueron movilizados para las operaciones de b\u00fasqueda, que ser\u00e1n complicadas por falta de visibilidad. Foto: AFP<\/figcaption><\/figure>\n<p>Un avi\u00f3n con 22 personas a bordo desapareci\u00f3 este domingo en una zona monta\u00f1osa de Nepal y las complicadas condiciones meteorol\u00f3gicas dificultan las tareas de b\u00fasqueda.<\/p>\n<p><strong>El vuelo de la empresa Tara Air, que hab\u00eda partido con destino a Jomsom desde Pokhara (centro-oeste), \u00abperdi\u00f3 contacto\u00bb<\/strong>, dijo a la agencia de noticias AFP un portavoz de la empresa<\/p>\n<p><strong>En el avi\u00f3n iban 19 pasajeros y tres tripulantes.<\/strong><\/p>\n<p>\u00abEstamos intentando localizar la zona en la que podr\u00eda encontrarse el avi\u00f3n\u00bb, agreg\u00f3 el vocero Sudarshan Bartaula.<\/p>\n<p>Dos helic\u00f3pteros fueron movilizados para las operaciones de b\u00fasqueda, que ser\u00e1n complicadas por falta de visibilidad, declar\u00f3 Phanindra Mani Pokharel, portavoz del Ministerio del Interior.<\/p>\n<p>\u00abEs probable que el mal tiempo obstaculice la operaci\u00f3n de b\u00fasqueda. Hay tan poca visibilidad que no se puede ver nada\u00bb, grafic\u00f3 Pokharel.<\/p>\n<p>Jomsom es un popular destino para los amantes del senderismo en el Himalaya, a unos 20 minutos en avi\u00f3n de Pokhara, que se encuentra 200 kil\u00f3metros al oeste de Katmand\u00fa.<\/p>\n<p>Entre los accidentes a\u00e9reos m\u00e1s recientes registrados en Nepal est\u00e1 el de marzo de 2018, cuando un avi\u00f3n de la compa\u00f1\u00eda de Banglad\u00e9s US-Bangla Airlines se estrell\u00f3 cerca del aeropuerto de Katmand\u00fa y hubo 51 muertos.<\/p>\n<p>El accidente m\u00e1s dram\u00e1tico se produjo en 1992, cuando 167 personas perdieron la vida al estrellarse un avi\u00f3n de Pakistan International Airlines cerca del aeropuerto de Katmand\u00fa.<\/p>\n<p>Dos meses antes, un avi\u00f3n de Thai Airways se hab\u00eda estrellado en esta misma zona y 113 personas fallecieron.<\/p>\n","protected":false},"excerpt":{"rendered":"<p>El vuelo de la empresa Tara Air hab\u00eda partido con destino a Jomsom desde Pokhara, y desapareci\u00f3 en una zona monta\u00f1osa en la que las complicadas condiciones meteorol\u00f3gicas dificultan las tareas de b\u00fasqueda.<\/p>\n","protected":false},"author":3,"featured_media":0,"comment_status":"closed","ping_status":"closed","sticky":false,"template":"","format":"standard","meta":{"footnotes":""},"categories":[26],"tags":[],"class_list":["post-72817","post","type-post","status-publish","format-standard","hentry","category-sociedad"],"yoast_head":"<!-- This site is optimized with the Yoast SEO plugin v25.9 - https:\/\/yoast.com\/wordpress\/plugins\/seo\/ -->\n<title>Desapareci\u00f3 un avi\u00f3n con 22 personas en Nepal - Noticias Radio Reflejos<\/title>\n<meta name=\"robots\" content=\"index, follow, max-snippet:-1, max-image-preview:large, max-video-preview:-1\" \/>\n<link rel=\"canonical\" href=\"https:\/\/www.noticiasradioreflejos.com.ar\/2021\/desaparecio-un-avion-con-22-personas-en-nepal\/\" \/>\n<meta property=\"og:locale\" content=\"es_ES\" \/>\n<meta property=\"og:type\" content=\"article\" \/>\n<meta property=\"og:title\" content=\"Desapareci\u00f3 un avi\u00f3n con 22 personas en Nepal - Noticias Radio Reflejos\" \/>\n<meta property=\"og:description\" content=\"El vuelo de la empresa Tara Air hab\u00eda partido con destino a Jomsom desde Pokhara, y desapareci\u00f3 en una zona monta\u00f1osa en la que las complicadas condiciones meteorol\u00f3gicas dificultan las tareas de b\u00fasqueda.\" \/>\n<meta property=\"og:url\" content=\"https:\/\/www.noticiasradioreflejos.com.ar\/2021\/desaparecio-un-avion-con-22-personas-en-nepal\/\" \/>\n<meta property=\"og:site_name\" content=\"Noticias Radio Reflejos\" \/>\n<meta property=\"article:published_time\" content=\"2022-05-29T11:34:09+00:00\" \/>\n<meta property=\"og:image\" content=\"https:\/\/www.telam.com.ar\/thumbs\/bluesteel\/advf\/imagenes\/2022\/05\/6293577fbcad8_900.jpg\" \/>\n<meta name=\"author\" content=\"Arnaldo Botto\" \/>\n<meta name=\"twitter:card\" content=\"summary_large_image\" \/>\n<script type=\"application\/ld+json\" class=\"yoast-schema-graph\">{\"@context\":\"https:\/\/schema.org\",\"@graph\":[{\"@type\":\"WebPage\",\"@id\":\"https:\/\/www.noticiasradioreflejos.com.ar\/2021\/desaparecio-un-avion-con-22-personas-en-nepal\/\",\"url\":\"https:\/\/www.noticiasradioreflejos.com.ar\/2021\/desaparecio-un-avion-con-22-personas-en-nepal\/\",\"name\":\"Desapareci\u00f3 un avi\u00f3n con 22 personas en Nepal - Noticias Radio Reflejos\",\"isPartOf\":{\"@id\":\"https:\/\/www.noticiasradioreflejos.com.ar\/2021\/#website\"},\"primaryImageOfPage\":{\"@id\":\"https:\/\/www.noticiasradioreflejos.com.ar\/2021\/desaparecio-un-avion-con-22-personas-en-nepal\/#primaryimage\"},\"image\":{\"@id\":\"https:\/\/www.noticiasradioreflejos.com.ar\/2021\/desaparecio-un-avion-con-22-personas-en-nepal\/#primaryimage\"},\"thumbnailUrl\":\"https:\/\/www.telam.com.ar\/thumbs\/bluesteel\/advf\/imagenes\/2022\/05\/6293577fbcad8_900.jpg\",\"datePublished\":\"2022-05-29T11:34:09+00:00\",\"author\":{\"@id\":\"https:\/\/www.noticiasradioreflejos.com.ar\/2021\/#\/schema\/person\/ad82545263dcc5ec0996818884fd5fb1\"},\"breadcrumb\":{\"@id\":\"https:\/\/www.noticiasradioreflejos.com.ar\/2021\/desaparecio-un-avion-con-22-personas-en-nepal\/#breadcrumb\"},\"inLanguage\":\"es\",\"potentialAction\":[{\"@type\":\"ReadAction\",\"target\":[\"https:\/\/www.noticiasradioreflejos.com.ar\/2021\/desaparecio-un-avion-con-22-personas-en-nepal\/\"]}]},{\"@type\":\"ImageObject\",\"inLanguage\":\"es\",\"@id\":\"https:\/\/www.noticiasradioreflejos.com.ar\/2021\/desaparecio-un-avion-con-22-personas-en-nepal\/#primaryimage\",\"url\":\"https:\/\/www.telam.com.ar\/thumbs\/bluesteel\/advf\/imagenes\/2022\/05\/6293577fbcad8_900.jpg\",\"contentUrl\":\"https:\/\/www.telam.com.ar\/thumbs\/bluesteel\/advf\/imagenes\/2022\/05\/6293577fbcad8_900.jpg\"},{\"@type\":\"BreadcrumbList\",\"@id\":\"https:\/\/www.noticiasradioreflejos.com.ar\/2021\/desaparecio-un-avion-con-22-personas-en-nepal\/#breadcrumb\",\"itemListElement\":[{\"@type\":\"ListItem\",\"position\":1,\"name\":\"Portada\",\"item\":\"https:\/\/www.noticiasradioreflejos.com.ar\/2021\/\"},{\"@type\":\"ListItem\",\"position\":2,\"name\":\"Desapareci\u00f3 un avi\u00f3n con 22 personas en Nepal\"}]},{\"@type\":\"WebSite\",\"@id\":\"https:\/\/www.noticiasradioreflejos.com.ar\/2021\/#website\",\"url\":\"https:\/\/www.noticiasradioreflejos.com.ar\/2021\/\",\"name\":\"Noticias Radio Reflejos\",\"description\":\"Las noticias de mi comarca\",\"potentialAction\":[{\"@type\":\"SearchAction\",\"target\":{\"@type\":\"EntryPoint\",\"urlTemplate\":\"https:\/\/www.noticiasradioreflejos.com.ar\/2021\/?s={search_term_string}\"},\"query-input\":{\"@type\":\"PropertyValueSpecification\",\"valueRequired\":true,\"valueName\":\"search_term_string\"}}],\"inLanguage\":\"es\"},{\"@type\":\"Person\",\"@id\":\"https:\/\/www.noticiasradioreflejos.com.ar\/2021\/#\/schema\/person\/ad82545263dcc5ec0996818884fd5fb1\",\"name\":\"Arnaldo Botto\",\"image\":{\"@type\":\"ImageObject\",\"inLanguage\":\"es\",\"@id\":\"https:\/\/www.noticiasradioreflejos.com.ar\/2021\/#\/schema\/person\/image\/\",\"url\":\"https:\/\/secure.gravatar.com\/avatar\/55cb5e37c1efa326397366e6974cb338056df65cb50e7d64d1cf314e87504837?s=96&d=mm&r=g\",\"contentUrl\":\"https:\/\/secure.gravatar.com\/avatar\/55cb5e37c1efa326397366e6974cb338056df65cb50e7d64d1cf314e87504837?s=96&d=mm&r=g\",\"caption\":\"Arnaldo Botto\"},\"url\":\"https:\/\/www.noticiasradioreflejos.com.ar\/2021\/author\/arnaldo\/\"}]}<\/script>\n<!-- \/ Yoast SEO plugin. -->","yoast_head_json":{"title":"Desapareci\u00f3 un avi\u00f3n con 22 personas en Nepal - Noticias Radio Reflejos","robots":{"index":"index","follow":"follow","max-snippet":"max-snippet:-1","max-image-preview":"max-image-preview:large","max-video-preview":"max-video-preview:-1"},"canonical":"https:\/\/www.noticiasradioreflejos.com.ar\/2021\/desaparecio-un-avion-con-22-personas-en-nepal\/","og_locale":"es_ES","og_type":"article","og_title":"Desapareci\u00f3 un avi\u00f3n con 22 personas en Nepal - Noticias Radio Reflejos","og_description":"El vuelo de la empresa Tara Air hab\u00eda partido con destino a Jomsom desde Pokhara, y desapareci\u00f3 en una zona monta\u00f1osa en la que las complicadas condiciones meteorol\u00f3gicas dificultan las tareas de b\u00fasqueda.","og_url":"https:\/\/www.noticiasradioreflejos.com.ar\/2021\/desaparecio-un-avion-con-22-personas-en-nepal\/","og_site_name":"Noticias Radio Reflejos","article_published_time":"2022-05-29T11:34:09+00:00","og_image":[{"url":"https:\/\/www.telam.com.ar\/thumbs\/bluesteel\/advf\/imagenes\/2022\/05\/6293577fbcad8_900.jpg","type":"","width":"","height":""}],"author":"Arnaldo Botto","twitter_card":"summary_large_image","schema":{"@context":"https:\/\/schema.org","@graph":[{"@type":"WebPage","@id":"https:\/\/www.noticiasradioreflejos.com.ar\/2021\/desaparecio-un-avion-con-22-personas-en-nepal\/","url":"https:\/\/www.noticiasradioreflejos.com.ar\/2021\/desaparecio-un-avion-con-22-personas-en-nepal\/","name":"Desapareci\u00f3 un avi\u00f3n con 22 personas en Nepal - Noticias Radio Reflejos","isPartOf":{"@id":"https:\/\/www.noticiasradioreflejos.com.ar\/2021\/#website"},"primaryImageOfPage":{"@id":"https:\/\/www.noticiasradioreflejos.com.ar\/2021\/desaparecio-un-avion-con-22-personas-en-nepal\/#primaryimage"},"image":{"@id":"https:\/\/www.noticiasradioreflejos.com.ar\/2021\/desaparecio-un-avion-con-22-personas-en-nepal\/#primaryimage"},"thumbnailUrl":"https:\/\/www.telam.com.ar\/thumbs\/bluesteel\/advf\/imagenes\/2022\/05\/6293577fbcad8_900.jpg","datePublished":"2022-05-29T11:34:09+00:00","author":{"@id":"https:\/\/www.noticiasradioreflejos.com.ar\/2021\/#\/schema\/person\/ad82545263dcc5ec0996818884fd5fb1"},"breadcrumb":{"@id":"https:\/\/www.noticiasradioreflejos.com.ar\/2021\/desaparecio-un-avion-con-22-personas-en-nepal\/#breadcrumb"},"inLanguage":"es","potentialAction":[{"@type":"ReadAction","target":["https:\/\/www.noticiasradioreflejos.com.ar\/2021\/desaparecio-un-avion-con-22-personas-en-nepal\/"]}]},{"@type":"ImageObject","inLanguage":"es","@id":"https:\/\/www.noticiasradioreflejos.com.ar\/2021\/desaparecio-un-avion-con-22-personas-en-nepal\/#primaryimage","url":"https:\/\/www.telam.com.ar\/thumbs\/bluesteel\/advf\/imagenes\/2022\/05\/6293577fbcad8_900.jpg","contentUrl":"https:\/\/www.telam.com.ar\/thumbs\/bluesteel\/advf\/imagenes\/2022\/05\/6293577fbcad8_900.jpg"},{"@type":"BreadcrumbList","@id":"https:\/\/www.noticiasradioreflejos.com.ar\/2021\/desaparecio-un-avion-con-22-personas-en-nepal\/#breadcrumb","itemListElement":[{"@type":"ListItem","position":1,"name":"Portada","item":"https:\/\/www.noticiasradioreflejos.com.ar\/2021\/"},{"@type":"ListItem","position":2,"name":"Desapareci\u00f3 un avi\u00f3n con 22 personas en Nepal"}]},{"@type":"WebSite","@id":"https:\/\/www.noticiasradioreflejos.com.ar\/2021\/#website","url":"https:\/\/www.noticiasradioreflejos.com.ar\/2021\/","name":"Noticias Radio Reflejos","description":"Las noticias de mi comarca","potentialAction":[{"@type":"SearchAction","target":{"@type":"EntryPoint","urlTemplate":"https:\/\/www.noticiasradioreflejos.com.ar\/2021\/?s={search_term_string}"},"query-input":{"@type":"PropertyValueSpecification","valueRequired":true,"valueName":"search_term_string"}}],"inLanguage":"es"},{"@type":"Person","@id":"https:\/\/www.noticiasradioreflejos.com.ar\/2021\/#\/schema\/person\/ad82545263dcc5ec0996818884fd5fb1","name":"Arnaldo Botto","image":{"@type":"ImageObject","inLanguage":"es","@id":"https:\/\/www.noticiasradioreflejos.com.ar\/2021\/#\/schema\/person\/image\/","url":"https:\/\/secure.gravatar.com\/avatar\/55cb5e37c1efa326397366e6974cb338056df65cb50e7d64d1cf314e87504837?s=96&d=mm&r=g","contentUrl":"https:\/\/secure.gravatar.com\/avatar\/55cb5e37c1efa326397366e6974cb338056df65cb50e7d64d1cf314e87504837?s=96&d=mm&r=g","caption":"Arnaldo Botto"},"url":"https:\/\/www.noticiasradioreflejos.com.ar\/2021\/author\/arnaldo\/"}]}},"_links":{"self":[{"href":"https:\/\/www.noticiasradioreflejos.com.ar\/2021\/wp-json\/wp\/v2\/posts\/72817","targetHints":{"allow":["GET"]}}],"collection":[{"href":"https:\/\/www.noticiasradioreflejos.com.ar\/2021\/wp-json\/wp\/v2\/posts"}],"about":[{"href":"https:\/\/www.noticiasradioreflejos.com.ar\/2021\/wp-json\/wp\/v2\/types\/post"}],"author":[{"embeddable":true,"href":"https:\/\/www.noticiasradioreflejos.com.ar\/2021\/wp-json\/wp\/v2\/users\/3"}],"replies":[{"embeddable":true,"href":"https:\/\/www.noticiasradioreflejos.com.ar\/2021\/wp-json\/wp\/v2\/comments?post=72817"}],"version-history":[{"count":1,"href":"https:\/\/www.noticiasradioreflejos.com.ar\/2021\/wp-json\/wp\/v2\/posts\/72817\/revisions"}],"predecessor-version":[{"id":72818,"href":"https:\/\/www.noticiasradioreflejos.com.ar\/2021\/wp-json\/wp\/v2\/posts\/72817\/revisions\/72818"}],"wp:attachment":[{"href":"https:\/\/www.noticiasradioreflejos.com.ar\/2021\/wp-json\/wp\/v2\/media?parent=72817"}],"wp:term":[{"taxonomy":"category","embeddable":true,"href":"https:\/\/www.noticiasradioreflejos.com.ar\/2021\/wp-json\/wp\/v2\/categories?post=72817"},{"taxonomy":"post_tag","embeddable":true,"href":"https:\/\/www.noticiasradioreflejos.com.ar\/2021\/wp-json\/wp\/v2\/tags?post=72817"}],"curies":[{"name":"wp","href":"https:\/\/api.w.org\/{rel}","templated":true}]}}