{"id":72814,"date":"2022-05-29T11:31:04","date_gmt":"2022-05-29T11:31:04","guid":{"rendered":"http:\/\/www.noticiasradioreflejos.com.ar\/2021\/?p=72814"},"modified":"2022-05-29T11:31:04","modified_gmt":"2022-05-29T11:31:04","slug":"el-cordobazo-la-huelga-general-que-desafio-a-la-dictadura-militar-de-ongania","status":"publish","type":"post","link":"https:\/\/www.noticiasradioreflejos.com.ar\/2021\/el-cordobazo-la-huelga-general-que-desafio-a-la-dictadura-militar-de-ongania\/","title":{"rendered":"\u00abEl Cordobazo\u00bb, la huelga general que desafi\u00f3 a la dictadura militar de Ongan\u00eda"},"content":{"rendered":"<div class=\"wrapper-header\">\n<div class=\"container-xl\">\n<div class=\"row\">\n<div class=\"col-12\">\n<div class=\"head-content mb-4\">\n<div class=\"volanta\"><\/div>\n<div class=\"my-3\">\n<div class=\"social mt-3\">En mayo de 1969, la dictadura impon\u00eda una pol\u00edtica de congelamiento de salarios y derogaba la Ley del \u00abs\u00e1bado ingl\u00e9s\u00bb. La respuesta del movimiento obrero de la izquierda y del peronismo fue con un paro que escalar\u00eda en levantamiento popular, que har\u00eda tambalear a Ongan\u00eda y generar\u00eda la salida inmediata del ministro de Econom\u00eda.<\/div>\n<\/div>\n<\/div>\n<\/div>\n<\/div>\n<\/div>\n<\/div>\n<div class=\"wrapper-editable-content\">\n<div class=\"wrapper-info-note\">\n<div class=\"col-md-12\">\n<div class=\"wrapper-author-social\">\n<div class=\"author-box mb-4\">\n<div class=\"info\">\n<div class=\"time\"><\/div>\n<\/div>\n<\/div>\n<\/div>\n<\/div>\n<\/div>\n<div>\n<div class=\"wrapper-editable-content\">\n<div>\n<div class=\"container-md\">\n<div class=\"row\">\n<div class=\"col-md-12 speak\">\n<div class=\"paragraph\">\n<figure class=\"mb-3\"><img decoding=\"async\" src=\"https:\/\/www.telam.com.ar\/thumbs\/bluesteel\/advf\/imagenes\/2019\/05\/5ced3e22baca6_900.jpg\" alt=\"Agustn Tosco de la izquierda clasista acord con Elpidio Torres Smata y Atilio Lpez UTA ambos de extraccin peronista la realizacin de un plan de lucha contra la dictadura de Ongana Foto Archivo\" width=\"100%\" height=\"100%\" \/><\/p>\n<div class=\"media-icons\"><\/div><figcaption>Agust\u00edn Tosco -de la izquierda clasista- acord\u00f3 con Elpidio Torres (Smata) y Atilio L\u00f3pez (UTA) -ambos de extracci\u00f3n peronista- la realizaci\u00f3n de un plan de lucha contra la dictadura de Ongan\u00eda. \/ Foto Archivo<\/figcaption><\/figure>\n<p>Dirigentes sindicales de la<strong>\u00a0izquierda clasista<\/strong>\u00a0y el\u00a0<strong>peronismo\u00a0<\/strong>llevaron a cabo hace 53 a\u00f1os \u00abEl Cordobazo\u00bb, una huelga con movilizaci\u00f3n que gan\u00f3 las calles de la capital de la provincia mediterr\u00e1nea y que desemboc\u00f3 en un\u00a0<strong>estallido social<\/strong>\u00a0que hizo tambalear a la dictadura militar encabezada por Juan Carlos\u00a0<strong>Ongan\u00eda<\/strong>.<\/p>\n<p>En\u00a0<strong>mayo de 1969<\/strong>, el descontento popular contra el r\u00e9gimen militar -instalado en el gobierno tres a\u00f1os antes tras el derrocamiento del presidente radical\u00a0<strong>Arturo Illia<\/strong>&#8211; comenz\u00f3 a manifestarse con huelgas y marchas en las ciudades m\u00e1s importantes del pa\u00eds.<\/p>\n<p>El gobierno de Ongan\u00eda, adem\u00e1s de restringir las\u00a0<strong>libertades p\u00fablicas<\/strong>, impon\u00eda una\u00a0<strong>pol\u00edtica de congelamiento de salarios<\/strong>\u00a0de la mano del ministro de Econom\u00eda\u00a0<strong>Adalbert Krieger Vasena<\/strong>, por la que se\u00a0<strong>derog\u00f3 la Ley del \u00abs\u00e1bado ingl\u00e9s\u00bb<\/strong>, una medida que establec\u00eda que cada hora trabajada despu\u00e9s de las 13 de ese d\u00eda deb\u00eda pagarse doble.<\/p>\n<p>En C\u00f3rdoba, por esos a\u00f1os el centro de la industria automotriz y metalmec\u00e1nica, el rechazo a la cancelaci\u00f3n de ese beneficio, se hizo generalizado y,\u00a0<strong>a pesar de las divisiones<\/strong>, el movimiento obrero alcanz\u00f3 r\u00e1pidamente un acuerdo para realizar una huelga general.<\/p>\n<p>De esta forma,\u00a0<strong>Agust\u00edn Tosco<\/strong>\u00a0-dirigente de\u00a0<strong>Luz y Fuerza\u00a0<\/strong>enrolado en la\u00a0<strong>izquierda clasista y referente de la CGT de los Argentinos<\/strong>&#8211; acord\u00f3 con\u00a0<strong>Elpidio Torres<\/strong>\u00a0(Smata) y\u00a0<strong>Atilio L\u00f3pez<\/strong>\u00a0(UTA) -ambos de extracci\u00f3n\u00a0<strong>peronista<\/strong>&#8211; la realizaci\u00f3n de un plan de lucha.<\/p>\n<figure class=\"mb-3\"><img decoding=\"async\" src=\"https:\/\/www.telam.com.ar\/thumbs\/bluesteel\/advf\/imagenes\/2014\/05\/5384dba315b2d_900.jpg\" alt=\"El 16 de mayo los trabajadores realizaron un paro por 24 horas a la dictadura que impona una poltica de congelamiento de salarios de la mano del ministro de Economa Adalbert Krieger Vasena por la que se derog la Ley del sbado ingls \" width=\"100%\" height=\"100%\" \/><\/p>\n<div class=\"media-icons\"><\/div><figcaption>El 16 de mayo, los trabajadores realizaron un paro por 24 horas a la dictadura que impon\u00eda una pol\u00edtica de congelamiento de salarios de la mano del ministro de Econom\u00eda Adalbert Krieger Vasena, por la que se derog\u00f3 la Ley del \u00abs\u00e1bado ingl\u00e9s\u00bb.<\/figcaption><\/figure>\n<p>El viernes\u00a0<strong>16 de mayo,<\/strong>\u00a0los trabajadores realizaron un\u00a0<strong>paro por 24 horas<\/strong>\u00a0con alto acatamiento, y la respuesta del gobernador de facto, Carlos Caballero, fue decretar un aumento salarial para la Polic\u00eda.<\/p>\n<p>En un plenario celebrado el mi\u00e9rcoles\u00a0<strong>21 de mayo<\/strong>, los dirigentes gremiales redoblaron la apuesta y convocaron a un\u00a0<strong>paro activo de 37 horas<\/strong>\u00a0que se iniciar\u00eda\u00a0<strong>a las 11 del 29<\/strong>\u00a0de ese mes en curso.<\/p>\n<p>Esa ma\u00f1ana de jueves, la capital cordobesa amaneci\u00f3 sitiada por la Polic\u00eda, que se apost\u00f3 sobre los puentes ubicados sobre el r\u00edo Suqu\u00eda.<\/p>\n<p>Los primeros choques ocurrieron en torno a los puentes sobre la ca\u00f1ada del Suqu\u00eda, y, cerca de las 13,\u00a0<strong>la Polic\u00eda no pudo contener la movilizaci\u00f3n\u00a0<\/strong>que, a pesar de los gases lacrim\u00f3genos y las r\u00e1fagas de FAL, rebas\u00f3 los bloqueos.<\/p>\n<p>Ante esta situaci\u00f3n,\u00a0<strong>Ongan\u00eda orden\u00f3 al Tercer Cuerpo de Ej\u00e9rcito retomar el control<\/strong>\u00a0de la capital mediterr\u00e1nea, lo que pronto se concret\u00f3 con\u00a0<strong>aviones<\/strong>\u00a0de la Fuerza A\u00e9rea sobrevolando la ciudad.<\/p>\n<p>Si bien el Ej\u00e9rcito evit\u00f3 el combate nocturno, retom\u00f3 barrio por barrio el control de la ciudad de C\u00f3rdoba en las primeras horas de la ma\u00f1ana del viernes 30, mientras dispersaba a los \u00faltimos grupos de manifestantes.<\/p>\n<figure class=\"mb-3\"><img decoding=\"async\" src=\"https:\/\/www.telam.com.ar\/thumbs\/bluesteel\/advf\/imagenes\/2019\/05\/5ced3e22a4fe2_900.jpg\" alt=\"La respuesta del movimiento obrero de la izquierda y del peronismo responda con un paro que escalara hasta hacer tambalear a Ongana y generara la salida inmediata del ministro de Economa Foto Archivo \" width=\"100%\" height=\"100%\" \/><\/p>\n<div class=\"media-icons\"><\/div><figcaption>La respuesta del movimiento obrero de la izquierda y del peronismo respond\u00eda con un paro que escalar\u00eda hasta hacer tambalear a Ongan\u00eda y generar\u00eda la salida inmediata del ministro de Econom\u00eda. \/ Foto Archivo<\/figcaption><\/figure>\n<p><strong>Tosco fue detenido en la sede de Luz y Fuerza y se lo someti\u00f3 a un Consejo de Guerra, que lo conden\u00f3 a 8 a\u00f1os de prisi\u00f3n, al igual que a Torres, a L\u00f3pez y a otros dirigentes<\/strong>.<\/p>\n<p>Sin embargo, tras\u00a0<strong>17 meses de prisi\u00f3n<\/strong>, todos los dirigentes detenidos recuperaron la libertad y volvieron a C\u00f3rdoba para retomar la actividad sindical.<\/p>\n<p>En t\u00e9rminos pol\u00edticos, la consecuencia inmediata signific\u00f3 la p\u00e9rdida de legitimidad de Ongan\u00eda, que se manifest\u00f3 con la renuncia del ministro Krieger Vasena, el 4 de junio, menos de una semana despu\u00e9s del \u00abCordobazo\u00bb.<\/p><\/div>\n<\/div>\n<\/div>\n<\/div>\n<\/div>\n<\/div>\n<\/div>\n<\/div>\n","protected":false},"excerpt":{"rendered":"<p>En mayo de 1969, la dictadura impon\u00eda una pol\u00edtica de congelamiento de salarios y derogaba la Ley del \u00abs\u00e1bado ingl\u00e9s\u00bb. La respuesta del movimiento obrero de la izquierda y del peronismo fue con un paro que escalar\u00eda en levantamiento popular, que har\u00eda tambalear a Ongan\u00eda y generar\u00eda la salida inmediata del ministro de Econom\u00eda. Agust\u00edn [&hellip;]<\/p>\n","protected":false},"author":3,"featured_media":0,"comment_status":"closed","ping_status":"closed","sticky":false,"template":"","format":"standard","meta":{"footnotes":""},"categories":[35,24,26],"tags":[],"class_list":["post-72814","post","type-post","status-publish","format-standard","hentry","category-cultura","category-politica","category-sociedad"],"yoast_head":"<!-- This site is optimized with the Yoast SEO plugin v25.9 - https:\/\/yoast.com\/wordpress\/plugins\/seo\/ -->\n<title>&quot;El Cordobazo&quot;, la huelga general que desafi\u00f3 a la dictadura militar de Ongan\u00eda - Noticias Radio Reflejos<\/title>\n<meta name=\"robots\" content=\"index, follow, max-snippet:-1, max-image-preview:large, max-video-preview:-1\" \/>\n<link rel=\"canonical\" href=\"https:\/\/www.noticiasradioreflejos.com.ar\/2021\/el-cordobazo-la-huelga-general-que-desafio-a-la-dictadura-militar-de-ongania\/\" \/>\n<meta property=\"og:locale\" content=\"es_ES\" \/>\n<meta property=\"og:type\" content=\"article\" \/>\n<meta property=\"og:title\" content=\"&quot;El Cordobazo&quot;, la huelga general que desafi\u00f3 a la dictadura militar de Ongan\u00eda - Noticias Radio Reflejos\" \/>\n<meta property=\"og:description\" content=\"En mayo de 1969, la dictadura impon\u00eda una pol\u00edtica de congelamiento de salarios y derogaba la Ley del \u00abs\u00e1bado ingl\u00e9s\u00bb. La respuesta del movimiento obrero de la izquierda y del peronismo fue con un paro que escalar\u00eda en levantamiento popular, que har\u00eda tambalear a Ongan\u00eda y generar\u00eda la salida inmediata del ministro de Econom\u00eda. Agust\u00edn [&hellip;]\" \/>\n<meta property=\"og:url\" content=\"https:\/\/www.noticiasradioreflejos.com.ar\/2021\/el-cordobazo-la-huelga-general-que-desafio-a-la-dictadura-militar-de-ongania\/\" \/>\n<meta property=\"og:site_name\" content=\"Noticias Radio Reflejos\" \/>\n<meta property=\"article:published_time\" content=\"2022-05-29T11:31:04+00:00\" \/>\n<meta property=\"og:image\" content=\"https:\/\/www.telam.com.ar\/thumbs\/bluesteel\/advf\/imagenes\/2019\/05\/5ced3e22baca6_900.jpg\" \/>\n<meta name=\"author\" content=\"Arnaldo Botto\" \/>\n<meta name=\"twitter:card\" content=\"summary_large_image\" \/>\n<script type=\"application\/ld+json\" class=\"yoast-schema-graph\">{\"@context\":\"https:\/\/schema.org\",\"@graph\":[{\"@type\":\"WebPage\",\"@id\":\"https:\/\/www.noticiasradioreflejos.com.ar\/2021\/el-cordobazo-la-huelga-general-que-desafio-a-la-dictadura-militar-de-ongania\/\",\"url\":\"https:\/\/www.noticiasradioreflejos.com.ar\/2021\/el-cordobazo-la-huelga-general-que-desafio-a-la-dictadura-militar-de-ongania\/\",\"name\":\"\\\"El Cordobazo\\\", la huelga general que desafi\u00f3 a la dictadura militar de Ongan\u00eda - Noticias Radio Reflejos\",\"isPartOf\":{\"@id\":\"https:\/\/www.noticiasradioreflejos.com.ar\/2021\/#website\"},\"primaryImageOfPage\":{\"@id\":\"https:\/\/www.noticiasradioreflejos.com.ar\/2021\/el-cordobazo-la-huelga-general-que-desafio-a-la-dictadura-militar-de-ongania\/#primaryimage\"},\"image\":{\"@id\":\"https:\/\/www.noticiasradioreflejos.com.ar\/2021\/el-cordobazo-la-huelga-general-que-desafio-a-la-dictadura-militar-de-ongania\/#primaryimage\"},\"thumbnailUrl\":\"https:\/\/www.telam.com.ar\/thumbs\/bluesteel\/advf\/imagenes\/2019\/05\/5ced3e22baca6_900.jpg\",\"datePublished\":\"2022-05-29T11:31:04+00:00\",\"author\":{\"@id\":\"https:\/\/www.noticiasradioreflejos.com.ar\/2021\/#\/schema\/person\/ad82545263dcc5ec0996818884fd5fb1\"},\"breadcrumb\":{\"@id\":\"https:\/\/www.noticiasradioreflejos.com.ar\/2021\/el-cordobazo-la-huelga-general-que-desafio-a-la-dictadura-militar-de-ongania\/#breadcrumb\"},\"inLanguage\":\"es\",\"potentialAction\":[{\"@type\":\"ReadAction\",\"target\":[\"https:\/\/www.noticiasradioreflejos.com.ar\/2021\/el-cordobazo-la-huelga-general-que-desafio-a-la-dictadura-militar-de-ongania\/\"]}]},{\"@type\":\"ImageObject\",\"inLanguage\":\"es\",\"@id\":\"https:\/\/www.noticiasradioreflejos.com.ar\/2021\/el-cordobazo-la-huelga-general-que-desafio-a-la-dictadura-militar-de-ongania\/#primaryimage\",\"url\":\"https:\/\/www.telam.com.ar\/thumbs\/bluesteel\/advf\/imagenes\/2019\/05\/5ced3e22baca6_900.jpg\",\"contentUrl\":\"https:\/\/www.telam.com.ar\/thumbs\/bluesteel\/advf\/imagenes\/2019\/05\/5ced3e22baca6_900.jpg\"},{\"@type\":\"BreadcrumbList\",\"@id\":\"https:\/\/www.noticiasradioreflejos.com.ar\/2021\/el-cordobazo-la-huelga-general-que-desafio-a-la-dictadura-militar-de-ongania\/#breadcrumb\",\"itemListElement\":[{\"@type\":\"ListItem\",\"position\":1,\"name\":\"Portada\",\"item\":\"https:\/\/www.noticiasradioreflejos.com.ar\/2021\/\"},{\"@type\":\"ListItem\",\"position\":2,\"name\":\"\u00abEl Cordobazo\u00bb, la huelga general que desafi\u00f3 a la dictadura militar de Ongan\u00eda\"}]},{\"@type\":\"WebSite\",\"@id\":\"https:\/\/www.noticiasradioreflejos.com.ar\/2021\/#website\",\"url\":\"https:\/\/www.noticiasradioreflejos.com.ar\/2021\/\",\"name\":\"Noticias Radio Reflejos\",\"description\":\"Las noticias de mi comarca\",\"potentialAction\":[{\"@type\":\"SearchAction\",\"target\":{\"@type\":\"EntryPoint\",\"urlTemplate\":\"https:\/\/www.noticiasradioreflejos.com.ar\/2021\/?s={search_term_string}\"},\"query-input\":{\"@type\":\"PropertyValueSpecification\",\"valueRequired\":true,\"valueName\":\"search_term_string\"}}],\"inLanguage\":\"es\"},{\"@type\":\"Person\",\"@id\":\"https:\/\/www.noticiasradioreflejos.com.ar\/2021\/#\/schema\/person\/ad82545263dcc5ec0996818884fd5fb1\",\"name\":\"Arnaldo Botto\",\"image\":{\"@type\":\"ImageObject\",\"inLanguage\":\"es\",\"@id\":\"https:\/\/www.noticiasradioreflejos.com.ar\/2021\/#\/schema\/person\/image\/\",\"url\":\"https:\/\/secure.gravatar.com\/avatar\/55cb5e37c1efa326397366e6974cb338056df65cb50e7d64d1cf314e87504837?s=96&d=mm&r=g\",\"contentUrl\":\"https:\/\/secure.gravatar.com\/avatar\/55cb5e37c1efa326397366e6974cb338056df65cb50e7d64d1cf314e87504837?s=96&d=mm&r=g\",\"caption\":\"Arnaldo Botto\"},\"url\":\"https:\/\/www.noticiasradioreflejos.com.ar\/2021\/author\/arnaldo\/\"}]}<\/script>\n<!-- \/ Yoast SEO plugin. -->","yoast_head_json":{"title":"\"El Cordobazo\", la huelga general que desafi\u00f3 a la dictadura militar de Ongan\u00eda - Noticias Radio Reflejos","robots":{"index":"index","follow":"follow","max-snippet":"max-snippet:-1","max-image-preview":"max-image-preview:large","max-video-preview":"max-video-preview:-1"},"canonical":"https:\/\/www.noticiasradioreflejos.com.ar\/2021\/el-cordobazo-la-huelga-general-que-desafio-a-la-dictadura-militar-de-ongania\/","og_locale":"es_ES","og_type":"article","og_title":"\"El Cordobazo\", la huelga general que desafi\u00f3 a la dictadura militar de Ongan\u00eda - Noticias Radio Reflejos","og_description":"En mayo de 1969, la dictadura impon\u00eda una pol\u00edtica de congelamiento de salarios y derogaba la Ley del \u00abs\u00e1bado ingl\u00e9s\u00bb. La respuesta del movimiento obrero de la izquierda y del peronismo fue con un paro que escalar\u00eda en levantamiento popular, que har\u00eda tambalear a Ongan\u00eda y generar\u00eda la salida inmediata del ministro de Econom\u00eda. Agust\u00edn [&hellip;]","og_url":"https:\/\/www.noticiasradioreflejos.com.ar\/2021\/el-cordobazo-la-huelga-general-que-desafio-a-la-dictadura-militar-de-ongania\/","og_site_name":"Noticias Radio Reflejos","article_published_time":"2022-05-29T11:31:04+00:00","og_image":[{"url":"https:\/\/www.telam.com.ar\/thumbs\/bluesteel\/advf\/imagenes\/2019\/05\/5ced3e22baca6_900.jpg","type":"","width":"","height":""}],"author":"Arnaldo Botto","twitter_card":"summary_large_image","schema":{"@context":"https:\/\/schema.org","@graph":[{"@type":"WebPage","@id":"https:\/\/www.noticiasradioreflejos.com.ar\/2021\/el-cordobazo-la-huelga-general-que-desafio-a-la-dictadura-militar-de-ongania\/","url":"https:\/\/www.noticiasradioreflejos.com.ar\/2021\/el-cordobazo-la-huelga-general-que-desafio-a-la-dictadura-militar-de-ongania\/","name":"\"El Cordobazo\", la huelga general que desafi\u00f3 a la dictadura militar de Ongan\u00eda - Noticias Radio Reflejos","isPartOf":{"@id":"https:\/\/www.noticiasradioreflejos.com.ar\/2021\/#website"},"primaryImageOfPage":{"@id":"https:\/\/www.noticiasradioreflejos.com.ar\/2021\/el-cordobazo-la-huelga-general-que-desafio-a-la-dictadura-militar-de-ongania\/#primaryimage"},"image":{"@id":"https:\/\/www.noticiasradioreflejos.com.ar\/2021\/el-cordobazo-la-huelga-general-que-desafio-a-la-dictadura-militar-de-ongania\/#primaryimage"},"thumbnailUrl":"https:\/\/www.telam.com.ar\/thumbs\/bluesteel\/advf\/imagenes\/2019\/05\/5ced3e22baca6_900.jpg","datePublished":"2022-05-29T11:31:04+00:00","author":{"@id":"https:\/\/www.noticiasradioreflejos.com.ar\/2021\/#\/schema\/person\/ad82545263dcc5ec0996818884fd5fb1"},"breadcrumb":{"@id":"https:\/\/www.noticiasradioreflejos.com.ar\/2021\/el-cordobazo-la-huelga-general-que-desafio-a-la-dictadura-militar-de-ongania\/#breadcrumb"},"inLanguage":"es","potentialAction":[{"@type":"ReadAction","target":["https:\/\/www.noticiasradioreflejos.com.ar\/2021\/el-cordobazo-la-huelga-general-que-desafio-a-la-dictadura-militar-de-ongania\/"]}]},{"@type":"ImageObject","inLanguage":"es","@id":"https:\/\/www.noticiasradioreflejos.com.ar\/2021\/el-cordobazo-la-huelga-general-que-desafio-a-la-dictadura-militar-de-ongania\/#primaryimage","url":"https:\/\/www.telam.com.ar\/thumbs\/bluesteel\/advf\/imagenes\/2019\/05\/5ced3e22baca6_900.jpg","contentUrl":"https:\/\/www.telam.com.ar\/thumbs\/bluesteel\/advf\/imagenes\/2019\/05\/5ced3e22baca6_900.jpg"},{"@type":"BreadcrumbList","@id":"https:\/\/www.noticiasradioreflejos.com.ar\/2021\/el-cordobazo-la-huelga-general-que-desafio-a-la-dictadura-militar-de-ongania\/#breadcrumb","itemListElement":[{"@type":"ListItem","position":1,"name":"Portada","item":"https:\/\/www.noticiasradioreflejos.com.ar\/2021\/"},{"@type":"ListItem","position":2,"name":"\u00abEl Cordobazo\u00bb, la huelga general que desafi\u00f3 a la dictadura militar de Ongan\u00eda"}]},{"@type":"WebSite","@id":"https:\/\/www.noticiasradioreflejos.com.ar\/2021\/#website","url":"https:\/\/www.noticiasradioreflejos.com.ar\/2021\/","name":"Noticias Radio Reflejos","description":"Las noticias de mi comarca","potentialAction":[{"@type":"SearchAction","target":{"@type":"EntryPoint","urlTemplate":"https:\/\/www.noticiasradioreflejos.com.ar\/2021\/?s={search_term_string}"},"query-input":{"@type":"PropertyValueSpecification","valueRequired":true,"valueName":"search_term_string"}}],"inLanguage":"es"},{"@type":"Person","@id":"https:\/\/www.noticiasradioreflejos.com.ar\/2021\/#\/schema\/person\/ad82545263dcc5ec0996818884fd5fb1","name":"Arnaldo Botto","image":{"@type":"ImageObject","inLanguage":"es","@id":"https:\/\/www.noticiasradioreflejos.com.ar\/2021\/#\/schema\/person\/image\/","url":"https:\/\/secure.gravatar.com\/avatar\/55cb5e37c1efa326397366e6974cb338056df65cb50e7d64d1cf314e87504837?s=96&d=mm&r=g","contentUrl":"https:\/\/secure.gravatar.com\/avatar\/55cb5e37c1efa326397366e6974cb338056df65cb50e7d64d1cf314e87504837?s=96&d=mm&r=g","caption":"Arnaldo Botto"},"url":"https:\/\/www.noticiasradioreflejos.com.ar\/2021\/author\/arnaldo\/"}]}},"_links":{"self":[{"href":"https:\/\/www.noticiasradioreflejos.com.ar\/2021\/wp-json\/wp\/v2\/posts\/72814","targetHints":{"allow":["GET"]}}],"collection":[{"href":"https:\/\/www.noticiasradioreflejos.com.ar\/2021\/wp-json\/wp\/v2\/posts"}],"about":[{"href":"https:\/\/www.noticiasradioreflejos.com.ar\/2021\/wp-json\/wp\/v2\/types\/post"}],"author":[{"embeddable":true,"href":"https:\/\/www.noticiasradioreflejos.com.ar\/2021\/wp-json\/wp\/v2\/users\/3"}],"replies":[{"embeddable":true,"href":"https:\/\/www.noticiasradioreflejos.com.ar\/2021\/wp-json\/wp\/v2\/comments?post=72814"}],"version-history":[{"count":1,"href":"https:\/\/www.noticiasradioreflejos.com.ar\/2021\/wp-json\/wp\/v2\/posts\/72814\/revisions"}],"predecessor-version":[{"id":72816,"href":"https:\/\/www.noticiasradioreflejos.com.ar\/2021\/wp-json\/wp\/v2\/posts\/72814\/revisions\/72816"}],"wp:attachment":[{"href":"https:\/\/www.noticiasradioreflejos.com.ar\/2021\/wp-json\/wp\/v2\/media?parent=72814"}],"wp:term":[{"taxonomy":"category","embeddable":true,"href":"https:\/\/www.noticiasradioreflejos.com.ar\/2021\/wp-json\/wp\/v2\/categories?post=72814"},{"taxonomy":"post_tag","embeddable":true,"href":"https:\/\/www.noticiasradioreflejos.com.ar\/2021\/wp-json\/wp\/v2\/tags?post=72814"}],"curies":[{"name":"wp","href":"https:\/\/api.w.org\/{rel}","templated":true}]}}