{"id":72811,"date":"2022-05-29T11:24:46","date_gmt":"2022-05-29T11:24:46","guid":{"rendered":"http:\/\/www.noticiasradioreflejos.com.ar\/2021\/?p=72811"},"modified":"2022-05-29T11:24:46","modified_gmt":"2022-05-29T11:24:46","slug":"macri-y-larreta-blanquearon-sus-diferencias-mientras-la-ucr-envia-un-mensaje-de-unidad","status":"publish","type":"post","link":"https:\/\/www.noticiasradioreflejos.com.ar\/2021\/macri-y-larreta-blanquearon-sus-diferencias-mientras-la-ucr-envia-un-mensaje-de-unidad\/","title":{"rendered":"Macri y Larreta blanquearon sus diferencias, mientras la UCR env\u00eda un mensaje de unidad"},"content":{"rendered":"<div class=\"wrapper-header\">\n<div class=\"container-xl\">\n<div class=\"row\">\n<div class=\"col-12\">\n<div class=\"head-content mb-4\">\n<div class=\"volanta\"><\/div>\n<div class=\"my-3\">\n<div class=\"social mt-3\">En una decena de reportajes que dieron a distintos medios, Macri y Larreta salieron a mostrar los planes del PRO para los comicios presidenciales del a\u00f1o pr\u00f3ximo. El radicalismo, en tanto, intent\u00f3 despegarse y mostrar unidad.<\/div>\n<div><\/div>\n<\/div>\n<\/div>\n<\/div>\n<\/div>\n<\/div>\n<\/div>\n<p><!--more--><\/p>\n<div class=\"wrapper-editable-content\">\n<div class=\"wrapper-info-note\">\n<div class=\"col-md-12\">\n<div class=\"wrapper-author-social\">\n<div class=\"author-box mb-4\">\n<div class=\"time\"><\/div>\n<\/div>\n<\/div>\n<\/div>\n<\/div>\n<div>\n<div class=\"wrapper-editable-content\">\n<div>\n<div class=\"container-md\">\n<div class=\"row\">\n<div class=\"col-md-12 speak\">\n<div class=\"paragraph\">\n<figure class=\"mb-3\"><img decoding=\"async\" src=\"https:\/\/www.telam.com.ar\/thumbs\/bluesteel\/advf\/imagenes\/2022\/04\/625591aee5364_900.jpg\" alt=\"La figura de Milei justamente sigue generando profundas diferencias entre Macri y Larreta Foto Daniel Dabove\" width=\"100%\" height=\"100%\" \/><\/p>\n<div class=\"media-icons\"><\/div><figcaption>La figura de Milei justamente sigue generando profundas diferencias entre Macri y Larreta \/ Foto: Daniel Dabove.<\/figcaption><\/figure>\n<p>El expresidente Mauricio Macri y el jefe de Gobierno porte\u00f1o, Horacio Rodr\u00edguez Larreta, protagonizaron durante la semana un verdadero raid medi\u00e1tico en el cual mostraron los distintos proyectos del PRO rumbo a 2023, mientras que el otro socio fuerte de la coalici\u00f3n opositora, el radicalismo, intent\u00f3 despegarse de estas luchas y mostrar unidad al proclamar el viernes a Gast\u00f3n Manes como nuevo titular de su Convenci\u00f3n Nacional.<\/p>\n<p>En una decena de reportajes que dieron a distintos medios,\u00a0<strong>Macri y Larreta salieron a mostrar los planes del PRO\u00a0<\/strong>para los comicios presidenciales del a\u00f1o pr\u00f3ximo.<\/p>\n<p>El adelantamiento de los tiempos electorales y la necesidad de posicionarse obedece a varias razones, pero una de las principales es<strong>\u00a0la irrupci\u00f3n de Javier Milei, el economista de La Libertad Avanza que le saca votos a Cambiemos<\/strong>\u00a0por derecha y que representa una verdadera amenaza para Juntos por el Cambio.<\/p>\n<blockquote class=\"\"><p>La estrategia del PRO parece ser que Milei no les robe las banderas del liberalismo.<\/p><\/blockquote>\n<p>En este contexto, la estrategia del PRO parece ser que Milei no les robe las banderas del liberalismo: Rodr\u00edguez Larreta se puso duro y habl\u00f3 de una reforma laboral y jubilatoria durante un eventual pr\u00f3ximo Gobierno de Cambiemos.<\/p>\n<p>Tambi\u00e9n apunt\u00f3 a generar cambios en empresas estatales como Aerol\u00edneas Argentinas e YPF, entre otras cosas.<\/p>\n<p><strong>Macri, por su parte, sigue manteniendo la inc\u00f3gnita respecto de si finalmente ser\u00e1 candidato<\/strong>, aunque lo que es seguro es que pretende seguir manteniendo intacta su centralidad e influencia en la toma de decisiones.<\/p>\n<p>La figura de Milei justamente sigue generando profundas diferencias entre Macri y Larreta. Macri valor\u00f3 en los reportajes que brind\u00f3 que Milei \u00abhaya venido con ideas de libertad pol\u00edtica y econ\u00f3mica\u00bb.<\/p>\n<p>\u00abTenemos diferencias porque no me gusta su lenguaje y se lo dije\u00bb, agreg\u00f3 el exmandatario, aunque al igual que Milei aludi\u00f3 a que \u00abArgentina sale si enfrentamos todas esas castas de privilegios y comportamientos mafiosos\u00bb.<\/p>\n<figure class=\"mb-3\"><img decoding=\"async\" src=\"https:\/\/www.telam.com.ar\/thumbs\/bluesteel\/advf\/imagenes\/2021\/11\/61925835d17df_900.jpg\" alt=\"Javier Milei el economista de La Libertad Avanza que le saca votos a Cambiemos por derecha Foto Alfredo Luna\" width=\"100%\" height=\"100%\" \/><\/p>\n<div class=\"media-icons\"><\/div><figcaption>Javier Milei, el economista de La Libertad Avanza que le saca votos a Cambiemos por derecha \/ Foto: Alfredo Luna<\/figcaption><\/figure>\n<p>Rodr\u00edguez Larreta, que junto al radicalismo rechaza el desembarco del libertario, indic\u00f3 que Milei \u00abes un pol\u00edtico m\u00e1s\u00bb y remarc\u00f3 que Juntos por el Cambio ya incorpor\u00f3 en las \u00faltimas elecciones \u00abgente de la centro derecha como Ricardo L\u00f3pez Murphy, de perfil m\u00e1s progresista como Margarita Stolbizer, gente del peronismo y varios independientes, como Carolina Losada y Mart\u00edn Tetaz\u00bb.<\/p>\n<p><strong>La ampliaci\u00f3n que deber\u00eda tener Juntos por el Cambio y su rumbo son diferencias que Macri y Larreta dejaron patentes<\/strong>\u00a0en sus declaraciones y que de momento nadie puede presagiar c\u00f3mo se resolver\u00e1n.<\/p>\n<p>Rodr\u00edguez Larreta repiti\u00f3 en los reportajes que el partido resolver\u00e1 sus candidaturas en las PASO, pero puertas adentro del PRO nadie cree que dos candidatos de ese espacio tengan que ser sometidos a esa instancia.<\/p>\n<p>Al hablar con CNN radio, Rodr\u00edguez Larreta, asegur\u00f3 que su decisi\u00f3n de participar como candidato presidencial en las elecciones del 2023, y previamente en las primarias abiertas, simult\u00e1neas y obligatorias (PASO) \u00abno depende de si se presenta Mauricio Macri o ning\u00fan otro\u00bb.<\/p>\n<p><strong>\u00abMi decisi\u00f3n la tomar\u00e9 en el momento que deba tomarla. Las discusiones que hay cuando m\u00e1s de uno aspira un cargo las define la gente. Ah\u00ed no hay ninguna pelea, ah\u00ed vamos a una PASO\u00bb<\/strong>, sostuvo Rodr\u00edguez Larreta.<\/p>\n<p>Esto quiere decir que el PRO deber\u00eda elegir, antes de las PASO, a un candidato entre Macri, Larreta y Bullrich para enfrentar al postulante radical, que saldr\u00e1 entre Facundo Manes y Gerardo Morales.<\/p>\n<figure class=\"mb-3\"><img decoding=\"async\" src=\"https:\/\/www.telam.com.ar\/thumbs\/bluesteel\/advf\/imagenes\/2022\/05\/62924ce77bed9_900.jpg\" alt=\"El PRO debera elegir antes de las PASO a un candidato entre Macri Larreta y Bullrich para enfrentar al postulante radical\" width=\"100%\" height=\"100%\" \/><\/p>\n<div class=\"media-icons\"><\/div><figcaption>El PRO deber\u00eda elegir, antes de las PASO, a un candidato entre Macri, Larreta y Bullrich para enfrentar al postulante radical.<\/figcaption><\/figure>\n<h2 class=\"\">La UCR<\/h2>\n<p>Los radicales, por su parte, intentan mostrarse lejos de estos chispazos internos del PRO y celebraron en las \u00faltimas horas su Convenci\u00f3n Nacional, donde\u00a0<a href=\"https:\/\/www.telam.com.ar\/notas\/202205\/593810-ucr--gaston-manes-titular-convencion.html\" target=\"_blank\" rel=\"noopener\">consagraron a Gast\u00f3n Manes como nuevo titular de ese cuerpo.<\/a><\/p>\n<p>Fue un pacto impl\u00edcito para dividir el poder dentro del partido: en su momento Gerardo Morales fue electo titular del Comit\u00e9 Nacional y ahora el hermano de Manes es consagrado en la Convenci\u00f3n. Un equilibrio entre los dos principales postulantes a la Casa Rosada.<\/p>\n<p>La lista de unidad que llev\u00f3 al hermano de Manes a presidir la Convenci\u00f3n tambi\u00e9n cont\u00f3 con el visto bueno de Mart\u00edn Lousteau, quien representa al sector minoritario del partido y recibi\u00f3 su parte proporcional de cargos en la mesa de conducci\u00f3n.<\/p>\n<figure class=\"mb-3\"><img decoding=\"async\" src=\"https:\/\/www.telam.com.ar\/thumbs\/bluesteel\/advf\/imagenes\/2022\/05\/62913f5eb715c_900.jpg\" alt=\"Los radicales por su parte intentan mostrarse lejos de estos chispazos internos del PRO y celebraron en las ltimas horas su Convencin Nacional donde consagraron a Gastn Manes como nuevo titular Foto Pepe Mateos\" width=\"100%\" height=\"100%\" \/><\/p>\n<div class=\"media-icons\"><\/div><figcaption>Los radicales, por su parte, intentan mostrarse lejos de estos chispazos internos del PRO y celebraron en las \u00faltimas horas su Convenci\u00f3n Nacional, donde consagraron a Gast\u00f3n Manes como nuevo titular \/ Foto: Pepe Mateos<\/figcaption><\/figure>\n<p>Sin embargo,\u00a0<strong>el radicalismo, pese a esta unidad, mantiene tambi\u00e9n sus diferencias internas<\/strong>. La principal sigue estando entre Morales y Lousteau: el economista y exministro durante el kirchnerismo es aliado en la Ciudad de Horacio Rodr\u00edguez Larreta, quien por su parte lo habilit\u00f3 para que participe en la carrera sucederlo como jefe de Gobierno.<\/p>\n<p>Morales, en tanto, ve como un adversario interno a Larreta, ya que ambos van por la presidencial, y si bien mantiene una relaci\u00f3n cordial con el alcalde, sabe que el PRO y la UCR finalmente se enfrentar\u00e1n en las PASO.<\/p>\n<p>Estos posicionamientos e intereses cruzados dan lugar a\u00a0<strong>distintas especulaciones electorales, tanto en el PRO como en la UCR.<\/strong><\/p>\n<p>Est\u00e1n quienes dicen que cada partido elegir\u00e1 a su candidato y que a las PASO llegar\u00e1n un postulante por el radicalismo y otro por el partido amarillo.<\/p>\n<p>Sin embargo, tambi\u00e9n se habla de una posible alianza de derecha entre Macri-Bullrich-Milei que enfrente eventualmente a una coalici\u00f3n de centro, integrada potencialmente por Larreta y los radicales, adem\u00e1s de otros sectores progresistas.<\/p><\/div>\n<\/div>\n<\/div>\n<\/div>\n<\/div>\n<\/div>\n<\/div>\n<\/div>\n","protected":false},"excerpt":{"rendered":"<p>En una decena de reportajes que dieron a distintos medios, Macri y Larreta salieron a mostrar los planes del PRO para los comicios presidenciales del a\u00f1o pr\u00f3ximo. El radicalismo, en tanto, intent\u00f3 despegarse y mostrar unidad.<\/p>\n","protected":false},"author":3,"featured_media":0,"comment_status":"closed","ping_status":"closed","sticky":false,"template":"","format":"standard","meta":{"footnotes":""},"categories":[24],"tags":[],"class_list":["post-72811","post","type-post","status-publish","format-standard","hentry","category-politica"],"yoast_head":"<!-- This site is optimized with the Yoast SEO plugin v25.9 - https:\/\/yoast.com\/wordpress\/plugins\/seo\/ -->\n<title>Macri y Larreta blanquearon sus diferencias, mientras la UCR env\u00eda un mensaje de unidad - Noticias Radio Reflejos<\/title>\n<meta name=\"robots\" content=\"index, follow, max-snippet:-1, max-image-preview:large, max-video-preview:-1\" \/>\n<link rel=\"canonical\" href=\"https:\/\/www.noticiasradioreflejos.com.ar\/2021\/macri-y-larreta-blanquearon-sus-diferencias-mientras-la-ucr-envia-un-mensaje-de-unidad\/\" \/>\n<meta property=\"og:locale\" content=\"es_ES\" \/>\n<meta property=\"og:type\" content=\"article\" \/>\n<meta property=\"og:title\" content=\"Macri y Larreta blanquearon sus diferencias, mientras la UCR env\u00eda un mensaje de unidad - Noticias Radio Reflejos\" \/>\n<meta property=\"og:description\" content=\"En una decena de reportajes que dieron a distintos medios, Macri y Larreta salieron a mostrar los planes del PRO para los comicios presidenciales del a\u00f1o pr\u00f3ximo. El radicalismo, en tanto, intent\u00f3 despegarse y mostrar unidad.\" \/>\n<meta property=\"og:url\" content=\"https:\/\/www.noticiasradioreflejos.com.ar\/2021\/macri-y-larreta-blanquearon-sus-diferencias-mientras-la-ucr-envia-un-mensaje-de-unidad\/\" \/>\n<meta property=\"og:site_name\" content=\"Noticias Radio Reflejos\" \/>\n<meta property=\"article:published_time\" content=\"2022-05-29T11:24:46+00:00\" \/>\n<meta property=\"og:image\" content=\"https:\/\/www.telam.com.ar\/thumbs\/bluesteel\/advf\/imagenes\/2022\/04\/625591aee5364_900.jpg\" \/>\n<meta name=\"author\" content=\"Arnaldo Botto\" \/>\n<meta name=\"twitter:card\" content=\"summary_large_image\" \/>\n<script type=\"application\/ld+json\" class=\"yoast-schema-graph\">{\"@context\":\"https:\/\/schema.org\",\"@graph\":[{\"@type\":\"WebPage\",\"@id\":\"https:\/\/www.noticiasradioreflejos.com.ar\/2021\/macri-y-larreta-blanquearon-sus-diferencias-mientras-la-ucr-envia-un-mensaje-de-unidad\/\",\"url\":\"https:\/\/www.noticiasradioreflejos.com.ar\/2021\/macri-y-larreta-blanquearon-sus-diferencias-mientras-la-ucr-envia-un-mensaje-de-unidad\/\",\"name\":\"Macri y Larreta blanquearon sus diferencias, mientras la UCR env\u00eda un mensaje de unidad - Noticias Radio Reflejos\",\"isPartOf\":{\"@id\":\"https:\/\/www.noticiasradioreflejos.com.ar\/2021\/#website\"},\"primaryImageOfPage\":{\"@id\":\"https:\/\/www.noticiasradioreflejos.com.ar\/2021\/macri-y-larreta-blanquearon-sus-diferencias-mientras-la-ucr-envia-un-mensaje-de-unidad\/#primaryimage\"},\"image\":{\"@id\":\"https:\/\/www.noticiasradioreflejos.com.ar\/2021\/macri-y-larreta-blanquearon-sus-diferencias-mientras-la-ucr-envia-un-mensaje-de-unidad\/#primaryimage\"},\"thumbnailUrl\":\"https:\/\/www.telam.com.ar\/thumbs\/bluesteel\/advf\/imagenes\/2022\/04\/625591aee5364_900.jpg\",\"datePublished\":\"2022-05-29T11:24:46+00:00\",\"author\":{\"@id\":\"https:\/\/www.noticiasradioreflejos.com.ar\/2021\/#\/schema\/person\/ad82545263dcc5ec0996818884fd5fb1\"},\"breadcrumb\":{\"@id\":\"https:\/\/www.noticiasradioreflejos.com.ar\/2021\/macri-y-larreta-blanquearon-sus-diferencias-mientras-la-ucr-envia-un-mensaje-de-unidad\/#breadcrumb\"},\"inLanguage\":\"es\",\"potentialAction\":[{\"@type\":\"ReadAction\",\"target\":[\"https:\/\/www.noticiasradioreflejos.com.ar\/2021\/macri-y-larreta-blanquearon-sus-diferencias-mientras-la-ucr-envia-un-mensaje-de-unidad\/\"]}]},{\"@type\":\"ImageObject\",\"inLanguage\":\"es\",\"@id\":\"https:\/\/www.noticiasradioreflejos.com.ar\/2021\/macri-y-larreta-blanquearon-sus-diferencias-mientras-la-ucr-envia-un-mensaje-de-unidad\/#primaryimage\",\"url\":\"https:\/\/www.telam.com.ar\/thumbs\/bluesteel\/advf\/imagenes\/2022\/04\/625591aee5364_900.jpg\",\"contentUrl\":\"https:\/\/www.telam.com.ar\/thumbs\/bluesteel\/advf\/imagenes\/2022\/04\/625591aee5364_900.jpg\"},{\"@type\":\"BreadcrumbList\",\"@id\":\"https:\/\/www.noticiasradioreflejos.com.ar\/2021\/macri-y-larreta-blanquearon-sus-diferencias-mientras-la-ucr-envia-un-mensaje-de-unidad\/#breadcrumb\",\"itemListElement\":[{\"@type\":\"ListItem\",\"position\":1,\"name\":\"Portada\",\"item\":\"https:\/\/www.noticiasradioreflejos.com.ar\/2021\/\"},{\"@type\":\"ListItem\",\"position\":2,\"name\":\"Macri y Larreta blanquearon sus diferencias, mientras la UCR env\u00eda un mensaje de unidad\"}]},{\"@type\":\"WebSite\",\"@id\":\"https:\/\/www.noticiasradioreflejos.com.ar\/2021\/#website\",\"url\":\"https:\/\/www.noticiasradioreflejos.com.ar\/2021\/\",\"name\":\"Noticias Radio Reflejos\",\"description\":\"Las noticias de mi comarca\",\"potentialAction\":[{\"@type\":\"SearchAction\",\"target\":{\"@type\":\"EntryPoint\",\"urlTemplate\":\"https:\/\/www.noticiasradioreflejos.com.ar\/2021\/?s={search_term_string}\"},\"query-input\":{\"@type\":\"PropertyValueSpecification\",\"valueRequired\":true,\"valueName\":\"search_term_string\"}}],\"inLanguage\":\"es\"},{\"@type\":\"Person\",\"@id\":\"https:\/\/www.noticiasradioreflejos.com.ar\/2021\/#\/schema\/person\/ad82545263dcc5ec0996818884fd5fb1\",\"name\":\"Arnaldo Botto\",\"image\":{\"@type\":\"ImageObject\",\"inLanguage\":\"es\",\"@id\":\"https:\/\/www.noticiasradioreflejos.com.ar\/2021\/#\/schema\/person\/image\/\",\"url\":\"https:\/\/secure.gravatar.com\/avatar\/55cb5e37c1efa326397366e6974cb338056df65cb50e7d64d1cf314e87504837?s=96&d=mm&r=g\",\"contentUrl\":\"https:\/\/secure.gravatar.com\/avatar\/55cb5e37c1efa326397366e6974cb338056df65cb50e7d64d1cf314e87504837?s=96&d=mm&r=g\",\"caption\":\"Arnaldo Botto\"},\"url\":\"https:\/\/www.noticiasradioreflejos.com.ar\/2021\/author\/arnaldo\/\"}]}<\/script>\n<!-- \/ Yoast SEO plugin. -->","yoast_head_json":{"title":"Macri y Larreta blanquearon sus diferencias, mientras la UCR env\u00eda un mensaje de unidad - Noticias Radio Reflejos","robots":{"index":"index","follow":"follow","max-snippet":"max-snippet:-1","max-image-preview":"max-image-preview:large","max-video-preview":"max-video-preview:-1"},"canonical":"https:\/\/www.noticiasradioreflejos.com.ar\/2021\/macri-y-larreta-blanquearon-sus-diferencias-mientras-la-ucr-envia-un-mensaje-de-unidad\/","og_locale":"es_ES","og_type":"article","og_title":"Macri y Larreta blanquearon sus diferencias, mientras la UCR env\u00eda un mensaje de unidad - Noticias Radio Reflejos","og_description":"En una decena de reportajes que dieron a distintos medios, Macri y Larreta salieron a mostrar los planes del PRO para los comicios presidenciales del a\u00f1o pr\u00f3ximo. El radicalismo, en tanto, intent\u00f3 despegarse y mostrar unidad.","og_url":"https:\/\/www.noticiasradioreflejos.com.ar\/2021\/macri-y-larreta-blanquearon-sus-diferencias-mientras-la-ucr-envia-un-mensaje-de-unidad\/","og_site_name":"Noticias Radio Reflejos","article_published_time":"2022-05-29T11:24:46+00:00","og_image":[{"url":"https:\/\/www.telam.com.ar\/thumbs\/bluesteel\/advf\/imagenes\/2022\/04\/625591aee5364_900.jpg","type":"","width":"","height":""}],"author":"Arnaldo Botto","twitter_card":"summary_large_image","schema":{"@context":"https:\/\/schema.org","@graph":[{"@type":"WebPage","@id":"https:\/\/www.noticiasradioreflejos.com.ar\/2021\/macri-y-larreta-blanquearon-sus-diferencias-mientras-la-ucr-envia-un-mensaje-de-unidad\/","url":"https:\/\/www.noticiasradioreflejos.com.ar\/2021\/macri-y-larreta-blanquearon-sus-diferencias-mientras-la-ucr-envia-un-mensaje-de-unidad\/","name":"Macri y Larreta blanquearon sus diferencias, mientras la UCR env\u00eda un mensaje de unidad - Noticias Radio Reflejos","isPartOf":{"@id":"https:\/\/www.noticiasradioreflejos.com.ar\/2021\/#website"},"primaryImageOfPage":{"@id":"https:\/\/www.noticiasradioreflejos.com.ar\/2021\/macri-y-larreta-blanquearon-sus-diferencias-mientras-la-ucr-envia-un-mensaje-de-unidad\/#primaryimage"},"image":{"@id":"https:\/\/www.noticiasradioreflejos.com.ar\/2021\/macri-y-larreta-blanquearon-sus-diferencias-mientras-la-ucr-envia-un-mensaje-de-unidad\/#primaryimage"},"thumbnailUrl":"https:\/\/www.telam.com.ar\/thumbs\/bluesteel\/advf\/imagenes\/2022\/04\/625591aee5364_900.jpg","datePublished":"2022-05-29T11:24:46+00:00","author":{"@id":"https:\/\/www.noticiasradioreflejos.com.ar\/2021\/#\/schema\/person\/ad82545263dcc5ec0996818884fd5fb1"},"breadcrumb":{"@id":"https:\/\/www.noticiasradioreflejos.com.ar\/2021\/macri-y-larreta-blanquearon-sus-diferencias-mientras-la-ucr-envia-un-mensaje-de-unidad\/#breadcrumb"},"inLanguage":"es","potentialAction":[{"@type":"ReadAction","target":["https:\/\/www.noticiasradioreflejos.com.ar\/2021\/macri-y-larreta-blanquearon-sus-diferencias-mientras-la-ucr-envia-un-mensaje-de-unidad\/"]}]},{"@type":"ImageObject","inLanguage":"es","@id":"https:\/\/www.noticiasradioreflejos.com.ar\/2021\/macri-y-larreta-blanquearon-sus-diferencias-mientras-la-ucr-envia-un-mensaje-de-unidad\/#primaryimage","url":"https:\/\/www.telam.com.ar\/thumbs\/bluesteel\/advf\/imagenes\/2022\/04\/625591aee5364_900.jpg","contentUrl":"https:\/\/www.telam.com.ar\/thumbs\/bluesteel\/advf\/imagenes\/2022\/04\/625591aee5364_900.jpg"},{"@type":"BreadcrumbList","@id":"https:\/\/www.noticiasradioreflejos.com.ar\/2021\/macri-y-larreta-blanquearon-sus-diferencias-mientras-la-ucr-envia-un-mensaje-de-unidad\/#breadcrumb","itemListElement":[{"@type":"ListItem","position":1,"name":"Portada","item":"https:\/\/www.noticiasradioreflejos.com.ar\/2021\/"},{"@type":"ListItem","position":2,"name":"Macri y Larreta blanquearon sus diferencias, mientras la UCR env\u00eda un mensaje de unidad"}]},{"@type":"WebSite","@id":"https:\/\/www.noticiasradioreflejos.com.ar\/2021\/#website","url":"https:\/\/www.noticiasradioreflejos.com.ar\/2021\/","name":"Noticias Radio Reflejos","description":"Las noticias de mi comarca","potentialAction":[{"@type":"SearchAction","target":{"@type":"EntryPoint","urlTemplate":"https:\/\/www.noticiasradioreflejos.com.ar\/2021\/?s={search_term_string}"},"query-input":{"@type":"PropertyValueSpecification","valueRequired":true,"valueName":"search_term_string"}}],"inLanguage":"es"},{"@type":"Person","@id":"https:\/\/www.noticiasradioreflejos.com.ar\/2021\/#\/schema\/person\/ad82545263dcc5ec0996818884fd5fb1","name":"Arnaldo Botto","image":{"@type":"ImageObject","inLanguage":"es","@id":"https:\/\/www.noticiasradioreflejos.com.ar\/2021\/#\/schema\/person\/image\/","url":"https:\/\/secure.gravatar.com\/avatar\/55cb5e37c1efa326397366e6974cb338056df65cb50e7d64d1cf314e87504837?s=96&d=mm&r=g","contentUrl":"https:\/\/secure.gravatar.com\/avatar\/55cb5e37c1efa326397366e6974cb338056df65cb50e7d64d1cf314e87504837?s=96&d=mm&r=g","caption":"Arnaldo Botto"},"url":"https:\/\/www.noticiasradioreflejos.com.ar\/2021\/author\/arnaldo\/"}]}},"_links":{"self":[{"href":"https:\/\/www.noticiasradioreflejos.com.ar\/2021\/wp-json\/wp\/v2\/posts\/72811","targetHints":{"allow":["GET"]}}],"collection":[{"href":"https:\/\/www.noticiasradioreflejos.com.ar\/2021\/wp-json\/wp\/v2\/posts"}],"about":[{"href":"https:\/\/www.noticiasradioreflejos.com.ar\/2021\/wp-json\/wp\/v2\/types\/post"}],"author":[{"embeddable":true,"href":"https:\/\/www.noticiasradioreflejos.com.ar\/2021\/wp-json\/wp\/v2\/users\/3"}],"replies":[{"embeddable":true,"href":"https:\/\/www.noticiasradioreflejos.com.ar\/2021\/wp-json\/wp\/v2\/comments?post=72811"}],"version-history":[{"count":1,"href":"https:\/\/www.noticiasradioreflejos.com.ar\/2021\/wp-json\/wp\/v2\/posts\/72811\/revisions"}],"predecessor-version":[{"id":72813,"href":"https:\/\/www.noticiasradioreflejos.com.ar\/2021\/wp-json\/wp\/v2\/posts\/72811\/revisions\/72813"}],"wp:attachment":[{"href":"https:\/\/www.noticiasradioreflejos.com.ar\/2021\/wp-json\/wp\/v2\/media?parent=72811"}],"wp:term":[{"taxonomy":"category","embeddable":true,"href":"https:\/\/www.noticiasradioreflejos.com.ar\/2021\/wp-json\/wp\/v2\/categories?post=72811"},{"taxonomy":"post_tag","embeddable":true,"href":"https:\/\/www.noticiasradioreflejos.com.ar\/2021\/wp-json\/wp\/v2\/tags?post=72811"}],"curies":[{"name":"wp","href":"https:\/\/api.w.org\/{rel}","templated":true}]}}