{"id":72802,"date":"2022-05-29T11:14:10","date_gmt":"2022-05-29T11:14:10","guid":{"rendered":"http:\/\/www.noticiasradioreflejos.com.ar\/2021\/?p=72802"},"modified":"2022-05-29T11:14:10","modified_gmt":"2022-05-29T11:14:10","slug":"seis-de-cada-diez-argentinos-no-se-aplicaron-la-dosis-de-refuerzo-contra-la-covid-19","status":"publish","type":"post","link":"https:\/\/www.noticiasradioreflejos.com.ar\/2021\/seis-de-cada-diez-argentinos-no-se-aplicaron-la-dosis-de-refuerzo-contra-la-covid-19\/","title":{"rendered":"Seis de cada diez argentinos no se aplicaron la dosis de refuerzo contra la Covid-19"},"content":{"rendered":"<p>\u00abNecesitamos que esta poblaci\u00f3n se acerque a los vacunatorios. Hay que seguir estimulando la vacunaci\u00f3n, a pesar de la baja percepci\u00f3n de riesgo de la poblaci\u00f3n\u00bb, hab\u00eda anticipado la ministra de Salud, Carla Vizzotti.<!--more--><\/p>\n<figure class=\"mb-3\"><img decoding=\"async\" src=\"https:\/\/www.telam.com.ar\/thumbs\/bluesteel\/advf\/imagenes\/2022\/01\/61e8ab74c174e_900.jpg\" alt=\"Foto Alfredo Ponce\" width=\"100%\" height=\"100%\" \/><\/p>\n<div class=\"media-icons\"><\/div><figcaption>Foto Alfredo Ponce<\/figcaption><\/figure>\n<p>Si bien m\u00e1s del 80% de la poblaci\u00f3n argentina complet\u00f3 el esquema primario de vacunaci\u00f3n contra la Covid-19, s\u00f3lo el 40,7% se dio la primera dosis de refuerzo, una herramienta clave para fortalecer la producci\u00f3n de anticuerpos en el contexto de la nueva ola de casos que atraviesa el pa\u00eds, indicaron especialistas.<\/p>\n<p>Al momento, el 89,7% de las personas residentes en el pa\u00eds inici\u00f3 su esquema de vacunaci\u00f3n, el 81,6% lo complet\u00f3 y el 40,7% aplic\u00f3 su primera dosis de refuerzo, seg\u00fan los \u00faltimos datos consignados por el Ministerio de Salud.<\/p>\n<p>En la poblaci\u00f3n mayor de 50 a\u00f1os, que es la que representa el 90% de las muertes por Covid, el 96,4% inici\u00f3 su esquema, el 94,2% lo complet\u00f3 y s\u00f3lo el 67,2% aplic\u00f3 su primera dosis de refuerzo.<\/p>\n<p>En los adolescentes, la cobertura con esquema primario tambi\u00e9n es alta (el 92,4% inici\u00f3 su esquema y el 80,2% lo complet\u00f3), pero la dosis de refuerzo es considerablemente menor: s\u00f3lo se la aplic\u00f3 el 29,2%.<\/p>\n<p>Si bien la estad\u00edstica contempla hasta la primera dosis de refuerzo, en Argentina se comenz\u00f3 a aplicar un segundo refuerzo desde el 14 de abril.<\/p>\n<p>En el Consejo Federal de Salud (Cofesa), se plante\u00f3 que en esta primera etapa los grupos priorizados para el segundo refuerzo est\u00e1n conformados por personal de salud, personas de 50 a\u00f1os o m\u00e1s y de 12 a\u00f1os o m\u00e1s con inmunocompromiso que hayan recibido el primer refuerzo hace 4 meses o m\u00e1s.<\/p>\n<p>\u00abLo que est\u00e1 sucediendo es que las jurisdicciones una vez que vacunaron a esa primera poblaci\u00f3n objetivo est\u00e1n avanzando con las otras poblaciones; de modo que ya hay provincias que aplican el segundo refuerzo a la poblaci\u00f3n general\u00bb, explic\u00f3 a T\u00e9lam la m\u00e9dica infect\u00f3loga Florencia Cahn.<\/p>\n<p>Y record\u00f3 que \u00abel esquema primario o inicial para la mayor\u00eda de la poblaci\u00f3n es de dos dosis, pero para mayores de 50 que hab\u00edan recibido Sinopharm o personas inmunosuprimidas se considera el esquema inicial a las tres dosis\u00bb.<\/p>\n<figure class=\"mb-3\"><img decoding=\"async\" src=\"https:\/\/www.telam.com.ar\/thumbs\/bluesteel\/advf\/imagenes\/2022\/01\/61e8ab74aa0de_900.jpg\" alt=\"Foto Marcelo Ochoa\" width=\"100%\" height=\"100%\" \/><\/p>\n<div class=\"media-icons\"><\/div><figcaption>Foto Marcelo Ochoa<\/figcaption><\/figure>\n<p>\u00abUna vez completado este esquema, para la aplicaci\u00f3n del primer refuerzo hay que esperar cuatro meses y despu\u00e9s otros cuatros meses m\u00e1s para la aplicaci\u00f3n del segundo refuerzo. Esto tiene que ver con el per\u00edodo en el que se comienza a observar una ca\u00edda de los anticuerpos\u00bb, detall\u00f3.<\/p>\n<p>En el caso de que la persona haya tenido Covid-19 \u00abse pueden esperar hasta 90 d\u00edas para darse el refuerzo pero si el paciente se vacuna antes no le va a hacer mal\u00bb.<\/p>\n<p>\u00abLo que sabemos es que el primer mes despu\u00e9s de tener Covid hay una inmunidad generada por la infecci\u00f3n por lo cual no tendr\u00eda sentido vacunarse cuando te dan el alta\u00bb, explic\u00f3.<\/p>\n<blockquote class=\"\"><p>En el Consejo Federal de Salud (Cofesa), se plante\u00f3 que en esta primera etapa los grupos priorizados para el segundo refuerzo est\u00e1n conformados por personal de salud, personas de 50 a\u00f1os o m\u00e1s y de 12 a\u00f1os o m\u00e1s con inmunocompromiso<\/p><\/blockquote>\n<p>Esta semana, en el marco del Cofesa, que integran la ministra de Salud de la Naci\u00f3n, Carla Vizzotti, y sus pares de las 24 provincias y la Ciudad de Buenos Aires, se consensu\u00f3 iniciar la aplicaci\u00f3n de dosis de refuerzo contra el coronavirus en la poblaci\u00f3n de 5 a 11 a\u00f1os con vacunas de plataforma ARN (Moderna y Pfizer) que ser\u00e1n administradas, por lo menos, 120 d\u00edas despu\u00e9s de completado el esquema de inmunizaci\u00f3n inicial.<\/p>\n<p>La medida cont\u00f3 con el apoyo cient\u00edfico de la Sociedad Argentina de Pediatr\u00eda (SAP), cuyos especialistas indicaron que \u00abya se cuenta con suficiente informaci\u00f3n sobre la seguridad de estas vacunas en chicas y chicos\u00bb. Y pusieron como ejemplo el caso de Chile y Estados Unidos, \u00abdonde se ha avanzado en la autorizaci\u00f3n de refuerzos para esta poblaci\u00f3n\u00bb, inform\u00f3 la cartera sanitaria en un comunicado.<\/p>\n<p>Al d\u00eda de hoy en esta poblaci\u00f3n (de 3 a 11 a\u00f1os) el 80,3% inici\u00f3 su esquema y el 63,6% lo complet\u00f3.<\/p>\n<figure class=\"mb-3\"><img decoding=\"async\" src=\"https:\/\/www.telam.com.ar\/thumbs\/bluesteel\/advf\/imagenes\/2022\/01\/61e5af9712425_900.jpg\" alt=\"Foto Rubn Paratore\" width=\"100%\" height=\"100%\" \/><\/p>\n<div class=\"media-icons\"><\/div><figcaption>Foto Rub\u00e9n Paratore<\/figcaption><\/figure>\n<p>Con las vacunas disponibles, la falta de aplicaci\u00f3n de las dosis de refuerzos es un tema que preocupa a los especialistas de distintas \u00e1reas y tambi\u00e9n a las carteras sanitarias nacional y de las jurisdicciones.<\/p>\n<p>Durante el anuncio de la aplicaci\u00f3n de la segunda dosis, Vizzotti resalt\u00f3 la importancia de la primera dosis de refuerzo y remarc\u00f3 que \u00abtodav\u00eda hay 14 millones de personas que completaron su esquema inicial hace m\u00e1s de cuatro meses y no se lo aplicaron\u00bb.<\/p>\n<p>\u00abNecesitamos que esta poblaci\u00f3n se acerque a los vacunatorios. Hay que seguir estimulando la vacunaci\u00f3n, a pesar de la baja percepci\u00f3n de riesgo de la poblaci\u00f3n\u00bb, consider\u00f3 la ministra en abril, aunque la percepci\u00f3n del riesgo seguramente cambi\u00f3 en estas \u00faltimas semanas debido al aumento de casos.<\/p>\n<p>Por su parte, el contador y analista de datos Mart\u00edn Barrionuevo sostuvo que \u00aben los \u00faltimos seis meses se aplicaron 34.250.000 vacunas, lo que representa un 76% de los mayores de 3 a\u00f1os; en ese total hay personas con dos dosis y hay seguramente m\u00e1s de un 30 % de la poblaci\u00f3n que no se vacun\u00f3 en los \u00faltimos 180 d\u00edas\u00bb.<\/p>\n<p>\u00abSeg\u00fan distintos estudios los anticuerpos caen con el correr de los meses, por lo que es importante, frente al aumento de casos que estamos atravesando, que las personas se acerquen a vacunarse, completar esquemas o darse las dosis de refuerzo que corresponden\u00bb, a\u00f1adi\u00f3.<\/p>\n<blockquote class=\"\"><p>\u00abEn los \u00faltimos seis meses se aplicaron 34.250.000 vacunas, lo que representa un 76% de los mayores de 3 a\u00f1os; en ese total hay personas con dos dosis y hay seguramente m\u00e1s de un 30 % de la poblaci\u00f3n que no se vacun\u00f3 en los \u00faltimos 180 d\u00edas\u00bb<cite class=\"author\">Mart\u00edn Barrionuevo<\/cite><\/p><\/blockquote>\n<p>Conforme al \u00faltimo reporte del Ministerio de Salud, que se actualiza los domingos, la semana del 15 al 21 de mayo se notificaron 43.487 casos de coronavirus, lo que representa un 27,9% m\u00e1s de la semana anterior (33.989).<\/p>\n<p>Si bien hay un aumento de los reportes, esa cifra representaba una desaceleraci\u00f3n de los contagios respecto de la semana previa (del 8 al 14 de mayo), cuando los casos hab\u00edan crecido un 92,61% respecto de los siete d\u00edas previos (17.646 se hab\u00edan reportado entre el 1 y el 7).<\/p>\n","protected":false},"excerpt":{"rendered":"<p>\u00abNecesitamos que esta poblaci\u00f3n se acerque a los vacunatorios. Hay que seguir estimulando la vacunaci\u00f3n, a pesar de la baja percepci\u00f3n de riesgo de la poblaci\u00f3n\u00bb, hab\u00eda anticipado la ministra de Salud, Carla Vizzotti.<\/p>\n","protected":false},"author":3,"featured_media":0,"comment_status":"closed","ping_status":"closed","sticky":false,"template":"","format":"standard","meta":{"footnotes":""},"categories":[30],"tags":[],"class_list":["post-72802","post","type-post","status-publish","format-standard","hentry","category-salud"],"yoast_head":"<!-- This site is optimized with the Yoast SEO plugin v25.9 - https:\/\/yoast.com\/wordpress\/plugins\/seo\/ -->\n<title>Seis de cada diez argentinos no se aplicaron la dosis de refuerzo contra la Covid-19 - Noticias Radio Reflejos<\/title>\n<meta name=\"robots\" content=\"index, follow, max-snippet:-1, max-image-preview:large, max-video-preview:-1\" \/>\n<link rel=\"canonical\" href=\"https:\/\/www.noticiasradioreflejos.com.ar\/2021\/seis-de-cada-diez-argentinos-no-se-aplicaron-la-dosis-de-refuerzo-contra-la-covid-19\/\" \/>\n<meta property=\"og:locale\" content=\"es_ES\" \/>\n<meta property=\"og:type\" content=\"article\" \/>\n<meta property=\"og:title\" content=\"Seis de cada diez argentinos no se aplicaron la dosis de refuerzo contra la Covid-19 - Noticias Radio Reflejos\" \/>\n<meta property=\"og:description\" content=\"\u00abNecesitamos que esta poblaci\u00f3n se acerque a los vacunatorios. Hay que seguir estimulando la vacunaci\u00f3n, a pesar de la baja percepci\u00f3n de riesgo de la poblaci\u00f3n\u00bb, hab\u00eda anticipado la ministra de Salud, Carla Vizzotti.\" \/>\n<meta property=\"og:url\" content=\"https:\/\/www.noticiasradioreflejos.com.ar\/2021\/seis-de-cada-diez-argentinos-no-se-aplicaron-la-dosis-de-refuerzo-contra-la-covid-19\/\" \/>\n<meta property=\"og:site_name\" content=\"Noticias Radio Reflejos\" \/>\n<meta property=\"article:published_time\" content=\"2022-05-29T11:14:10+00:00\" \/>\n<meta property=\"og:image\" content=\"https:\/\/www.telam.com.ar\/thumbs\/bluesteel\/advf\/imagenes\/2022\/01\/61e8ab74c174e_900.jpg\" \/>\n<meta name=\"author\" content=\"Arnaldo Botto\" \/>\n<meta name=\"twitter:card\" content=\"summary_large_image\" \/>\n<script type=\"application\/ld+json\" class=\"yoast-schema-graph\">{\"@context\":\"https:\/\/schema.org\",\"@graph\":[{\"@type\":\"WebPage\",\"@id\":\"https:\/\/www.noticiasradioreflejos.com.ar\/2021\/seis-de-cada-diez-argentinos-no-se-aplicaron-la-dosis-de-refuerzo-contra-la-covid-19\/\",\"url\":\"https:\/\/www.noticiasradioreflejos.com.ar\/2021\/seis-de-cada-diez-argentinos-no-se-aplicaron-la-dosis-de-refuerzo-contra-la-covid-19\/\",\"name\":\"Seis de cada diez argentinos no se aplicaron la dosis de refuerzo contra la Covid-19 - Noticias Radio Reflejos\",\"isPartOf\":{\"@id\":\"https:\/\/www.noticiasradioreflejos.com.ar\/2021\/#website\"},\"primaryImageOfPage\":{\"@id\":\"https:\/\/www.noticiasradioreflejos.com.ar\/2021\/seis-de-cada-diez-argentinos-no-se-aplicaron-la-dosis-de-refuerzo-contra-la-covid-19\/#primaryimage\"},\"image\":{\"@id\":\"https:\/\/www.noticiasradioreflejos.com.ar\/2021\/seis-de-cada-diez-argentinos-no-se-aplicaron-la-dosis-de-refuerzo-contra-la-covid-19\/#primaryimage\"},\"thumbnailUrl\":\"https:\/\/www.telam.com.ar\/thumbs\/bluesteel\/advf\/imagenes\/2022\/01\/61e8ab74c174e_900.jpg\",\"datePublished\":\"2022-05-29T11:14:10+00:00\",\"author\":{\"@id\":\"https:\/\/www.noticiasradioreflejos.com.ar\/2021\/#\/schema\/person\/ad82545263dcc5ec0996818884fd5fb1\"},\"breadcrumb\":{\"@id\":\"https:\/\/www.noticiasradioreflejos.com.ar\/2021\/seis-de-cada-diez-argentinos-no-se-aplicaron-la-dosis-de-refuerzo-contra-la-covid-19\/#breadcrumb\"},\"inLanguage\":\"es\",\"potentialAction\":[{\"@type\":\"ReadAction\",\"target\":[\"https:\/\/www.noticiasradioreflejos.com.ar\/2021\/seis-de-cada-diez-argentinos-no-se-aplicaron-la-dosis-de-refuerzo-contra-la-covid-19\/\"]}]},{\"@type\":\"ImageObject\",\"inLanguage\":\"es\",\"@id\":\"https:\/\/www.noticiasradioreflejos.com.ar\/2021\/seis-de-cada-diez-argentinos-no-se-aplicaron-la-dosis-de-refuerzo-contra-la-covid-19\/#primaryimage\",\"url\":\"https:\/\/www.telam.com.ar\/thumbs\/bluesteel\/advf\/imagenes\/2022\/01\/61e8ab74c174e_900.jpg\",\"contentUrl\":\"https:\/\/www.telam.com.ar\/thumbs\/bluesteel\/advf\/imagenes\/2022\/01\/61e8ab74c174e_900.jpg\"},{\"@type\":\"BreadcrumbList\",\"@id\":\"https:\/\/www.noticiasradioreflejos.com.ar\/2021\/seis-de-cada-diez-argentinos-no-se-aplicaron-la-dosis-de-refuerzo-contra-la-covid-19\/#breadcrumb\",\"itemListElement\":[{\"@type\":\"ListItem\",\"position\":1,\"name\":\"Portada\",\"item\":\"https:\/\/www.noticiasradioreflejos.com.ar\/2021\/\"},{\"@type\":\"ListItem\",\"position\":2,\"name\":\"Seis de cada diez argentinos no se aplicaron la dosis de refuerzo contra la Covid-19\"}]},{\"@type\":\"WebSite\",\"@id\":\"https:\/\/www.noticiasradioreflejos.com.ar\/2021\/#website\",\"url\":\"https:\/\/www.noticiasradioreflejos.com.ar\/2021\/\",\"name\":\"Noticias Radio Reflejos\",\"description\":\"Las noticias de mi comarca\",\"potentialAction\":[{\"@type\":\"SearchAction\",\"target\":{\"@type\":\"EntryPoint\",\"urlTemplate\":\"https:\/\/www.noticiasradioreflejos.com.ar\/2021\/?s={search_term_string}\"},\"query-input\":{\"@type\":\"PropertyValueSpecification\",\"valueRequired\":true,\"valueName\":\"search_term_string\"}}],\"inLanguage\":\"es\"},{\"@type\":\"Person\",\"@id\":\"https:\/\/www.noticiasradioreflejos.com.ar\/2021\/#\/schema\/person\/ad82545263dcc5ec0996818884fd5fb1\",\"name\":\"Arnaldo Botto\",\"image\":{\"@type\":\"ImageObject\",\"inLanguage\":\"es\",\"@id\":\"https:\/\/www.noticiasradioreflejos.com.ar\/2021\/#\/schema\/person\/image\/\",\"url\":\"https:\/\/secure.gravatar.com\/avatar\/55cb5e37c1efa326397366e6974cb338056df65cb50e7d64d1cf314e87504837?s=96&d=mm&r=g\",\"contentUrl\":\"https:\/\/secure.gravatar.com\/avatar\/55cb5e37c1efa326397366e6974cb338056df65cb50e7d64d1cf314e87504837?s=96&d=mm&r=g\",\"caption\":\"Arnaldo Botto\"},\"url\":\"https:\/\/www.noticiasradioreflejos.com.ar\/2021\/author\/arnaldo\/\"}]}<\/script>\n<!-- \/ Yoast SEO plugin. -->","yoast_head_json":{"title":"Seis de cada diez argentinos no se aplicaron la dosis de refuerzo contra la Covid-19 - Noticias Radio Reflejos","robots":{"index":"index","follow":"follow","max-snippet":"max-snippet:-1","max-image-preview":"max-image-preview:large","max-video-preview":"max-video-preview:-1"},"canonical":"https:\/\/www.noticiasradioreflejos.com.ar\/2021\/seis-de-cada-diez-argentinos-no-se-aplicaron-la-dosis-de-refuerzo-contra-la-covid-19\/","og_locale":"es_ES","og_type":"article","og_title":"Seis de cada diez argentinos no se aplicaron la dosis de refuerzo contra la Covid-19 - Noticias Radio Reflejos","og_description":"\u00abNecesitamos que esta poblaci\u00f3n se acerque a los vacunatorios. Hay que seguir estimulando la vacunaci\u00f3n, a pesar de la baja percepci\u00f3n de riesgo de la poblaci\u00f3n\u00bb, hab\u00eda anticipado la ministra de Salud, Carla Vizzotti.","og_url":"https:\/\/www.noticiasradioreflejos.com.ar\/2021\/seis-de-cada-diez-argentinos-no-se-aplicaron-la-dosis-de-refuerzo-contra-la-covid-19\/","og_site_name":"Noticias Radio Reflejos","article_published_time":"2022-05-29T11:14:10+00:00","og_image":[{"url":"https:\/\/www.telam.com.ar\/thumbs\/bluesteel\/advf\/imagenes\/2022\/01\/61e8ab74c174e_900.jpg","type":"","width":"","height":""}],"author":"Arnaldo Botto","twitter_card":"summary_large_image","schema":{"@context":"https:\/\/schema.org","@graph":[{"@type":"WebPage","@id":"https:\/\/www.noticiasradioreflejos.com.ar\/2021\/seis-de-cada-diez-argentinos-no-se-aplicaron-la-dosis-de-refuerzo-contra-la-covid-19\/","url":"https:\/\/www.noticiasradioreflejos.com.ar\/2021\/seis-de-cada-diez-argentinos-no-se-aplicaron-la-dosis-de-refuerzo-contra-la-covid-19\/","name":"Seis de cada diez argentinos no se aplicaron la dosis de refuerzo contra la Covid-19 - Noticias Radio Reflejos","isPartOf":{"@id":"https:\/\/www.noticiasradioreflejos.com.ar\/2021\/#website"},"primaryImageOfPage":{"@id":"https:\/\/www.noticiasradioreflejos.com.ar\/2021\/seis-de-cada-diez-argentinos-no-se-aplicaron-la-dosis-de-refuerzo-contra-la-covid-19\/#primaryimage"},"image":{"@id":"https:\/\/www.noticiasradioreflejos.com.ar\/2021\/seis-de-cada-diez-argentinos-no-se-aplicaron-la-dosis-de-refuerzo-contra-la-covid-19\/#primaryimage"},"thumbnailUrl":"https:\/\/www.telam.com.ar\/thumbs\/bluesteel\/advf\/imagenes\/2022\/01\/61e8ab74c174e_900.jpg","datePublished":"2022-05-29T11:14:10+00:00","author":{"@id":"https:\/\/www.noticiasradioreflejos.com.ar\/2021\/#\/schema\/person\/ad82545263dcc5ec0996818884fd5fb1"},"breadcrumb":{"@id":"https:\/\/www.noticiasradioreflejos.com.ar\/2021\/seis-de-cada-diez-argentinos-no-se-aplicaron-la-dosis-de-refuerzo-contra-la-covid-19\/#breadcrumb"},"inLanguage":"es","potentialAction":[{"@type":"ReadAction","target":["https:\/\/www.noticiasradioreflejos.com.ar\/2021\/seis-de-cada-diez-argentinos-no-se-aplicaron-la-dosis-de-refuerzo-contra-la-covid-19\/"]}]},{"@type":"ImageObject","inLanguage":"es","@id":"https:\/\/www.noticiasradioreflejos.com.ar\/2021\/seis-de-cada-diez-argentinos-no-se-aplicaron-la-dosis-de-refuerzo-contra-la-covid-19\/#primaryimage","url":"https:\/\/www.telam.com.ar\/thumbs\/bluesteel\/advf\/imagenes\/2022\/01\/61e8ab74c174e_900.jpg","contentUrl":"https:\/\/www.telam.com.ar\/thumbs\/bluesteel\/advf\/imagenes\/2022\/01\/61e8ab74c174e_900.jpg"},{"@type":"BreadcrumbList","@id":"https:\/\/www.noticiasradioreflejos.com.ar\/2021\/seis-de-cada-diez-argentinos-no-se-aplicaron-la-dosis-de-refuerzo-contra-la-covid-19\/#breadcrumb","itemListElement":[{"@type":"ListItem","position":1,"name":"Portada","item":"https:\/\/www.noticiasradioreflejos.com.ar\/2021\/"},{"@type":"ListItem","position":2,"name":"Seis de cada diez argentinos no se aplicaron la dosis de refuerzo contra la Covid-19"}]},{"@type":"WebSite","@id":"https:\/\/www.noticiasradioreflejos.com.ar\/2021\/#website","url":"https:\/\/www.noticiasradioreflejos.com.ar\/2021\/","name":"Noticias Radio Reflejos","description":"Las noticias de mi comarca","potentialAction":[{"@type":"SearchAction","target":{"@type":"EntryPoint","urlTemplate":"https:\/\/www.noticiasradioreflejos.com.ar\/2021\/?s={search_term_string}"},"query-input":{"@type":"PropertyValueSpecification","valueRequired":true,"valueName":"search_term_string"}}],"inLanguage":"es"},{"@type":"Person","@id":"https:\/\/www.noticiasradioreflejos.com.ar\/2021\/#\/schema\/person\/ad82545263dcc5ec0996818884fd5fb1","name":"Arnaldo Botto","image":{"@type":"ImageObject","inLanguage":"es","@id":"https:\/\/www.noticiasradioreflejos.com.ar\/2021\/#\/schema\/person\/image\/","url":"https:\/\/secure.gravatar.com\/avatar\/55cb5e37c1efa326397366e6974cb338056df65cb50e7d64d1cf314e87504837?s=96&d=mm&r=g","contentUrl":"https:\/\/secure.gravatar.com\/avatar\/55cb5e37c1efa326397366e6974cb338056df65cb50e7d64d1cf314e87504837?s=96&d=mm&r=g","caption":"Arnaldo Botto"},"url":"https:\/\/www.noticiasradioreflejos.com.ar\/2021\/author\/arnaldo\/"}]}},"_links":{"self":[{"href":"https:\/\/www.noticiasradioreflejos.com.ar\/2021\/wp-json\/wp\/v2\/posts\/72802","targetHints":{"allow":["GET"]}}],"collection":[{"href":"https:\/\/www.noticiasradioreflejos.com.ar\/2021\/wp-json\/wp\/v2\/posts"}],"about":[{"href":"https:\/\/www.noticiasradioreflejos.com.ar\/2021\/wp-json\/wp\/v2\/types\/post"}],"author":[{"embeddable":true,"href":"https:\/\/www.noticiasradioreflejos.com.ar\/2021\/wp-json\/wp\/v2\/users\/3"}],"replies":[{"embeddable":true,"href":"https:\/\/www.noticiasradioreflejos.com.ar\/2021\/wp-json\/wp\/v2\/comments?post=72802"}],"version-history":[{"count":1,"href":"https:\/\/www.noticiasradioreflejos.com.ar\/2021\/wp-json\/wp\/v2\/posts\/72802\/revisions"}],"predecessor-version":[{"id":72804,"href":"https:\/\/www.noticiasradioreflejos.com.ar\/2021\/wp-json\/wp\/v2\/posts\/72802\/revisions\/72804"}],"wp:attachment":[{"href":"https:\/\/www.noticiasradioreflejos.com.ar\/2021\/wp-json\/wp\/v2\/media?parent=72802"}],"wp:term":[{"taxonomy":"category","embeddable":true,"href":"https:\/\/www.noticiasradioreflejos.com.ar\/2021\/wp-json\/wp\/v2\/categories?post=72802"},{"taxonomy":"post_tag","embeddable":true,"href":"https:\/\/www.noticiasradioreflejos.com.ar\/2021\/wp-json\/wp\/v2\/tags?post=72802"}],"curies":[{"name":"wp","href":"https:\/\/api.w.org\/{rel}","templated":true}]}}