{"id":72798,"date":"2022-05-29T11:09:49","date_gmt":"2022-05-29T11:09:49","guid":{"rendered":"http:\/\/www.noticiasradioreflejos.com.ar\/2021\/?p=72798"},"modified":"2022-05-29T11:11:13","modified_gmt":"2022-05-29T11:11:13","slug":"una-joven-en-moto-se-choca-contra-un-carro-estacionado","status":"publish","type":"post","link":"https:\/\/www.noticiasradioreflejos.com.ar\/2021\/una-joven-en-moto-se-choca-contra-un-carro-estacionado\/","title":{"rendered":"Una joven en moto se choca contra un carro estacionado."},"content":{"rendered":"<p>El hecho se produjo\u00a0 a las 23:06 en calle Las Heras al 2900 aproximadamente de la ciudad de\u00a0 Bah\u00eda Blanca.<!--more--><br \/>\n<a title=\"moto carro (2)\" href=\"https:\/\/www.flickr.com\/photos\/182279889@N02\/52106963221\/in\/dateposted-public\/\" data-flickr-embed=\"true\"><img loading=\"lazy\" decoding=\"async\" src=\"https:\/\/live.staticflickr.com\/65535\/52106963221_a536be196b_c.jpg\" alt=\"moto carro (2)\" width=\"800\" height=\"598\" \/><\/a><script async src=\"\/\/embedr.flickr.com\/assets\/client-code.js\" charset=\"utf-8\"><\/script><\/p>\n<p>En el lugar por causas que se desconocen una motociclista de 22 a\u00f1os termino impactando un carro de dos ejes, que se encontraba estacionado, sin luces o alg\u00fan elemento de se\u00f1alizado. Este fue demorado por personal de Tr\u00e1nsito Urbano .<\/p>\n<p>La femenina s\u00f3lo sufri\u00f3 un traumatismo en la rodilla izquierda, no debi\u00f3 ser trasladada por la ambulancia del servicio de emergencias SIEmPre, que se hizo presente en el lugar. Tambi\u00e9n trabajo Polic\u00eda y la guardia de Defensa Civil<\/p>\n<p><a title=\"moto carro (1)\" href=\"https:\/\/www.flickr.com\/photos\/182279889@N02\/52107475660\/in\/dateposted-public\/\" data-flickr-embed=\"true\"><img loading=\"lazy\" decoding=\"async\" src=\"https:\/\/live.staticflickr.com\/65535\/52107475660_19710da743_c.jpg\" alt=\"moto carro (1)\" width=\"800\" height=\"598\" \/><\/a><script async src=\"\/\/embedr.flickr.com\/assets\/client-code.js\" charset=\"utf-8\"><\/script><\/p>\n","protected":false},"excerpt":{"rendered":"<p>El hecho se produjo\u00a0 a las 23:06 en calle Las Heras al 2900 aproximadamente de la ciudad de\u00a0 Bah\u00eda Blanca.<\/p>\n","protected":false},"author":3,"featured_media":0,"comment_status":"closed","ping_status":"closed","sticky":false,"template":"","format":"standard","meta":{"footnotes":""},"categories":[29],"tags":[],"class_list":["post-72798","post","type-post","status-publish","format-standard","hentry","category-policiales"],"yoast_head":"<!-- This site is optimized with the Yoast SEO plugin v25.9 - https:\/\/yoast.com\/wordpress\/plugins\/seo\/ -->\n<title>Una joven en moto se choca contra un carro estacionado. - Noticias Radio Reflejos<\/title>\n<meta name=\"robots\" content=\"index, follow, max-snippet:-1, max-image-preview:large, max-video-preview:-1\" \/>\n<link rel=\"canonical\" href=\"https:\/\/www.noticiasradioreflejos.com.ar\/2021\/una-joven-en-moto-se-choca-contra-un-carro-estacionado\/\" \/>\n<meta property=\"og:locale\" content=\"es_ES\" \/>\n<meta property=\"og:type\" content=\"article\" \/>\n<meta property=\"og:title\" content=\"Una joven en moto se choca contra un carro estacionado. - Noticias Radio Reflejos\" \/>\n<meta property=\"og:description\" content=\"El hecho se produjo\u00a0 a las 23:06 en calle Las Heras al 2900 aproximadamente de la ciudad de\u00a0 Bah\u00eda Blanca.\" \/>\n<meta property=\"og:url\" content=\"https:\/\/www.noticiasradioreflejos.com.ar\/2021\/una-joven-en-moto-se-choca-contra-un-carro-estacionado\/\" \/>\n<meta property=\"og:site_name\" content=\"Noticias Radio Reflejos\" \/>\n<meta property=\"article:published_time\" content=\"2022-05-29T11:09:49+00:00\" \/>\n<meta property=\"article:modified_time\" content=\"2022-05-29T11:11:13+00:00\" \/>\n<meta property=\"og:image\" content=\"https:\/\/live.staticflickr.com\/65535\/52106963221_a536be196b_c.jpg\" \/>\n<meta name=\"author\" content=\"Arnaldo Botto\" \/>\n<meta name=\"twitter:card\" content=\"summary_large_image\" \/>\n<script type=\"application\/ld+json\" class=\"yoast-schema-graph\">{\"@context\":\"https:\/\/schema.org\",\"@graph\":[{\"@type\":\"WebPage\",\"@id\":\"https:\/\/www.noticiasradioreflejos.com.ar\/2021\/una-joven-en-moto-se-choca-contra-un-carro-estacionado\/\",\"url\":\"https:\/\/www.noticiasradioreflejos.com.ar\/2021\/una-joven-en-moto-se-choca-contra-un-carro-estacionado\/\",\"name\":\"Una joven en moto se choca contra un carro estacionado. - Noticias Radio Reflejos\",\"isPartOf\":{\"@id\":\"https:\/\/www.noticiasradioreflejos.com.ar\/2021\/#website\"},\"primaryImageOfPage\":{\"@id\":\"https:\/\/www.noticiasradioreflejos.com.ar\/2021\/una-joven-en-moto-se-choca-contra-un-carro-estacionado\/#primaryimage\"},\"image\":{\"@id\":\"https:\/\/www.noticiasradioreflejos.com.ar\/2021\/una-joven-en-moto-se-choca-contra-un-carro-estacionado\/#primaryimage\"},\"thumbnailUrl\":\"https:\/\/live.staticflickr.com\/65535\/52106963221_a536be196b_c.jpg\",\"datePublished\":\"2022-05-29T11:09:49+00:00\",\"dateModified\":\"2022-05-29T11:11:13+00:00\",\"author\":{\"@id\":\"https:\/\/www.noticiasradioreflejos.com.ar\/2021\/#\/schema\/person\/ad82545263dcc5ec0996818884fd5fb1\"},\"breadcrumb\":{\"@id\":\"https:\/\/www.noticiasradioreflejos.com.ar\/2021\/una-joven-en-moto-se-choca-contra-un-carro-estacionado\/#breadcrumb\"},\"inLanguage\":\"es\",\"potentialAction\":[{\"@type\":\"ReadAction\",\"target\":[\"https:\/\/www.noticiasradioreflejos.com.ar\/2021\/una-joven-en-moto-se-choca-contra-un-carro-estacionado\/\"]}]},{\"@type\":\"ImageObject\",\"inLanguage\":\"es\",\"@id\":\"https:\/\/www.noticiasradioreflejos.com.ar\/2021\/una-joven-en-moto-se-choca-contra-un-carro-estacionado\/#primaryimage\",\"url\":\"https:\/\/live.staticflickr.com\/65535\/52106963221_a536be196b_c.jpg\",\"contentUrl\":\"https:\/\/live.staticflickr.com\/65535\/52106963221_a536be196b_c.jpg\"},{\"@type\":\"BreadcrumbList\",\"@id\":\"https:\/\/www.noticiasradioreflejos.com.ar\/2021\/una-joven-en-moto-se-choca-contra-un-carro-estacionado\/#breadcrumb\",\"itemListElement\":[{\"@type\":\"ListItem\",\"position\":1,\"name\":\"Portada\",\"item\":\"https:\/\/www.noticiasradioreflejos.com.ar\/2021\/\"},{\"@type\":\"ListItem\",\"position\":2,\"name\":\"Una joven en moto se choca contra un carro estacionado.\"}]},{\"@type\":\"WebSite\",\"@id\":\"https:\/\/www.noticiasradioreflejos.com.ar\/2021\/#website\",\"url\":\"https:\/\/www.noticiasradioreflejos.com.ar\/2021\/\",\"name\":\"Noticias Radio Reflejos\",\"description\":\"Las noticias de mi comarca\",\"potentialAction\":[{\"@type\":\"SearchAction\",\"target\":{\"@type\":\"EntryPoint\",\"urlTemplate\":\"https:\/\/www.noticiasradioreflejos.com.ar\/2021\/?s={search_term_string}\"},\"query-input\":{\"@type\":\"PropertyValueSpecification\",\"valueRequired\":true,\"valueName\":\"search_term_string\"}}],\"inLanguage\":\"es\"},{\"@type\":\"Person\",\"@id\":\"https:\/\/www.noticiasradioreflejos.com.ar\/2021\/#\/schema\/person\/ad82545263dcc5ec0996818884fd5fb1\",\"name\":\"Arnaldo Botto\",\"image\":{\"@type\":\"ImageObject\",\"inLanguage\":\"es\",\"@id\":\"https:\/\/www.noticiasradioreflejos.com.ar\/2021\/#\/schema\/person\/image\/\",\"url\":\"https:\/\/secure.gravatar.com\/avatar\/55cb5e37c1efa326397366e6974cb338056df65cb50e7d64d1cf314e87504837?s=96&d=mm&r=g\",\"contentUrl\":\"https:\/\/secure.gravatar.com\/avatar\/55cb5e37c1efa326397366e6974cb338056df65cb50e7d64d1cf314e87504837?s=96&d=mm&r=g\",\"caption\":\"Arnaldo Botto\"},\"url\":\"https:\/\/www.noticiasradioreflejos.com.ar\/2021\/author\/arnaldo\/\"}]}<\/script>\n<!-- \/ Yoast SEO plugin. -->","yoast_head_json":{"title":"Una joven en moto se choca contra un carro estacionado. - Noticias Radio Reflejos","robots":{"index":"index","follow":"follow","max-snippet":"max-snippet:-1","max-image-preview":"max-image-preview:large","max-video-preview":"max-video-preview:-1"},"canonical":"https:\/\/www.noticiasradioreflejos.com.ar\/2021\/una-joven-en-moto-se-choca-contra-un-carro-estacionado\/","og_locale":"es_ES","og_type":"article","og_title":"Una joven en moto se choca contra un carro estacionado. - Noticias Radio Reflejos","og_description":"El hecho se produjo\u00a0 a las 23:06 en calle Las Heras al 2900 aproximadamente de la ciudad de\u00a0 Bah\u00eda Blanca.","og_url":"https:\/\/www.noticiasradioreflejos.com.ar\/2021\/una-joven-en-moto-se-choca-contra-un-carro-estacionado\/","og_site_name":"Noticias Radio Reflejos","article_published_time":"2022-05-29T11:09:49+00:00","article_modified_time":"2022-05-29T11:11:13+00:00","og_image":[{"url":"https:\/\/live.staticflickr.com\/65535\/52106963221_a536be196b_c.jpg","type":"","width":"","height":""}],"author":"Arnaldo Botto","twitter_card":"summary_large_image","schema":{"@context":"https:\/\/schema.org","@graph":[{"@type":"WebPage","@id":"https:\/\/www.noticiasradioreflejos.com.ar\/2021\/una-joven-en-moto-se-choca-contra-un-carro-estacionado\/","url":"https:\/\/www.noticiasradioreflejos.com.ar\/2021\/una-joven-en-moto-se-choca-contra-un-carro-estacionado\/","name":"Una joven en moto se choca contra un carro estacionado. - Noticias Radio Reflejos","isPartOf":{"@id":"https:\/\/www.noticiasradioreflejos.com.ar\/2021\/#website"},"primaryImageOfPage":{"@id":"https:\/\/www.noticiasradioreflejos.com.ar\/2021\/una-joven-en-moto-se-choca-contra-un-carro-estacionado\/#primaryimage"},"image":{"@id":"https:\/\/www.noticiasradioreflejos.com.ar\/2021\/una-joven-en-moto-se-choca-contra-un-carro-estacionado\/#primaryimage"},"thumbnailUrl":"https:\/\/live.staticflickr.com\/65535\/52106963221_a536be196b_c.jpg","datePublished":"2022-05-29T11:09:49+00:00","dateModified":"2022-05-29T11:11:13+00:00","author":{"@id":"https:\/\/www.noticiasradioreflejos.com.ar\/2021\/#\/schema\/person\/ad82545263dcc5ec0996818884fd5fb1"},"breadcrumb":{"@id":"https:\/\/www.noticiasradioreflejos.com.ar\/2021\/una-joven-en-moto-se-choca-contra-un-carro-estacionado\/#breadcrumb"},"inLanguage":"es","potentialAction":[{"@type":"ReadAction","target":["https:\/\/www.noticiasradioreflejos.com.ar\/2021\/una-joven-en-moto-se-choca-contra-un-carro-estacionado\/"]}]},{"@type":"ImageObject","inLanguage":"es","@id":"https:\/\/www.noticiasradioreflejos.com.ar\/2021\/una-joven-en-moto-se-choca-contra-un-carro-estacionado\/#primaryimage","url":"https:\/\/live.staticflickr.com\/65535\/52106963221_a536be196b_c.jpg","contentUrl":"https:\/\/live.staticflickr.com\/65535\/52106963221_a536be196b_c.jpg"},{"@type":"BreadcrumbList","@id":"https:\/\/www.noticiasradioreflejos.com.ar\/2021\/una-joven-en-moto-se-choca-contra-un-carro-estacionado\/#breadcrumb","itemListElement":[{"@type":"ListItem","position":1,"name":"Portada","item":"https:\/\/www.noticiasradioreflejos.com.ar\/2021\/"},{"@type":"ListItem","position":2,"name":"Una joven en moto se choca contra un carro estacionado."}]},{"@type":"WebSite","@id":"https:\/\/www.noticiasradioreflejos.com.ar\/2021\/#website","url":"https:\/\/www.noticiasradioreflejos.com.ar\/2021\/","name":"Noticias Radio Reflejos","description":"Las noticias de mi comarca","potentialAction":[{"@type":"SearchAction","target":{"@type":"EntryPoint","urlTemplate":"https:\/\/www.noticiasradioreflejos.com.ar\/2021\/?s={search_term_string}"},"query-input":{"@type":"PropertyValueSpecification","valueRequired":true,"valueName":"search_term_string"}}],"inLanguage":"es"},{"@type":"Person","@id":"https:\/\/www.noticiasradioreflejos.com.ar\/2021\/#\/schema\/person\/ad82545263dcc5ec0996818884fd5fb1","name":"Arnaldo Botto","image":{"@type":"ImageObject","inLanguage":"es","@id":"https:\/\/www.noticiasradioreflejos.com.ar\/2021\/#\/schema\/person\/image\/","url":"https:\/\/secure.gravatar.com\/avatar\/55cb5e37c1efa326397366e6974cb338056df65cb50e7d64d1cf314e87504837?s=96&d=mm&r=g","contentUrl":"https:\/\/secure.gravatar.com\/avatar\/55cb5e37c1efa326397366e6974cb338056df65cb50e7d64d1cf314e87504837?s=96&d=mm&r=g","caption":"Arnaldo Botto"},"url":"https:\/\/www.noticiasradioreflejos.com.ar\/2021\/author\/arnaldo\/"}]}},"_links":{"self":[{"href":"https:\/\/www.noticiasradioreflejos.com.ar\/2021\/wp-json\/wp\/v2\/posts\/72798","targetHints":{"allow":["GET"]}}],"collection":[{"href":"https:\/\/www.noticiasradioreflejos.com.ar\/2021\/wp-json\/wp\/v2\/posts"}],"about":[{"href":"https:\/\/www.noticiasradioreflejos.com.ar\/2021\/wp-json\/wp\/v2\/types\/post"}],"author":[{"embeddable":true,"href":"https:\/\/www.noticiasradioreflejos.com.ar\/2021\/wp-json\/wp\/v2\/users\/3"}],"replies":[{"embeddable":true,"href":"https:\/\/www.noticiasradioreflejos.com.ar\/2021\/wp-json\/wp\/v2\/comments?post=72798"}],"version-history":[{"count":2,"href":"https:\/\/www.noticiasradioreflejos.com.ar\/2021\/wp-json\/wp\/v2\/posts\/72798\/revisions"}],"predecessor-version":[{"id":72801,"href":"https:\/\/www.noticiasradioreflejos.com.ar\/2021\/wp-json\/wp\/v2\/posts\/72798\/revisions\/72801"}],"wp:attachment":[{"href":"https:\/\/www.noticiasradioreflejos.com.ar\/2021\/wp-json\/wp\/v2\/media?parent=72798"}],"wp:term":[{"taxonomy":"category","embeddable":true,"href":"https:\/\/www.noticiasradioreflejos.com.ar\/2021\/wp-json\/wp\/v2\/categories?post=72798"},{"taxonomy":"post_tag","embeddable":true,"href":"https:\/\/www.noticiasradioreflejos.com.ar\/2021\/wp-json\/wp\/v2\/tags?post=72798"}],"curies":[{"name":"wp","href":"https:\/\/api.w.org\/{rel}","templated":true}]}}