{"id":72795,"date":"2022-05-28T12:11:26","date_gmt":"2022-05-28T12:11:26","guid":{"rendered":"http:\/\/www.noticiasradioreflejos.com.ar\/2021\/?p=72795"},"modified":"2022-05-28T12:11:26","modified_gmt":"2022-05-28T12:11:26","slug":"por-primera-vez-las-pruebas-pisa-se-haran-en-modalidad-digital","status":"publish","type":"post","link":"https:\/\/www.noticiasradioreflejos.com.ar\/2021\/por-primera-vez-las-pruebas-pisa-se-haran-en-modalidad-digital\/","title":{"rendered":"Por primera vez, las pruebas PISA se har\u00e1n en modalidad digital"},"content":{"rendered":"<p>Las pruebas realizadas en todo el mundo por la Organizaci\u00f3n para la Cooperaci\u00f3n y el Desarrollo Econ\u00f3mico, se har\u00e1 este a\u00f1o en septiembre en casi 500 escuelas argentinas, a trav\u00e9s de un software que no requerir\u00e1 conexi\u00f3n a Internet.<!--more--><\/p>\n<figure class=\"mb-3\"><img decoding=\"async\" src=\"https:\/\/www.telam.com.ar\/thumbs\/bluesteel\/advf\/imagenes\/2022\/05\/6291666abc5a8_900.jpg\" alt=\"La prueba es para todos los alumnos de 15 aos para medir su rendimiento en matemticas ciencias y lectura Foto 123RF\" width=\"100%\" height=\"100%\" \/><\/p>\n<div class=\"media-icons\"><\/div><figcaption>La prueba es para todos los alumnos de 15 a\u00f1os para medir su rendimiento en matem\u00e1ticas, ciencias y lectura (Foto 123RF)<\/figcaption><\/figure>\n<p>Las pruebas PISA, la evaluaci\u00f3n educativa que realiza en todo el mundo la Organizaci\u00f3n para la Cooperaci\u00f3n y el Desarrollo Econ\u00f3mico (OCDE), se har\u00e1 este a\u00f1o por primera vez en formato digital a trav\u00e9s de un software espec\u00edfico que no requerir\u00e1 conexi\u00f3n a Internet, inform\u00f3 el Ministerio de Educaci\u00f3n<\/p>\n<p><strong>La secretaria de Educaci\u00f3n, Silvina Gvirtz<\/strong>, explic\u00f3 este viernes durante la 118\u00a0<strong>reuni\u00f3n del Consejo Federal de Educaci\u00f3n<\/strong>, los alcances de esta nueva modalidad que reemplazar\u00e1 al papel y l\u00e1p\u00ecz con el que se efectuaba hasta este a\u00f1o.<\/p>\n<p>\u00abLa prueba PISA Digital 2022 tendr\u00e1 lugar durante septiembre en casi 500 escuelas de todo el pa\u00eds\u00bb, destac\u00f3 la cartera educativa, y se realizar\u00e1 \u00abpor primera vez en computadora desde una plataforma digital\u00bb.<\/p>\n<h2 class=\"\">Sobre la prueba PISA<\/h2>\n<p>La prueba estandarizada se efect\u00faa a todos los\u00a0<strong>alumnos de 15 a\u00f1os para medir su rendimiento acad\u00e9mico en matem\u00e1ticas, ciencias y lectura.<\/strong><\/p>\n<p>El estudio se basa en el an\u00e1lisis del rendimiento de estudiantes que, desde el a\u00f1o 2000, se realizan cada tres a\u00f1os en diversos pa\u00edses pertenecientes o no a la OCDE.<\/p>\n<p><strong>La reuni\u00f3n del CFE fue encabezada por el ministro de Educaci\u00f3n, Jaime Perczyk, y all\u00ed se propuso adem\u00e1s un relanzamiento del Programa Nacional de Formaci\u00f3n Permanente \u00abNuestra Escuela\u00bb.<\/strong><\/p>\n<blockquote class=\"twitter-tweet\" data-width=\"500\" data-dnt=\"true\">\n<p lang=\"es\" dir=\"ltr\">El ministro <a href=\"https:\/\/twitter.com\/jaimeperczyk?ref_src=twsrc%5Etfw\">@jaimeperczyk<\/a> encabez\u00f3 la 118\u00b0 asamblea del Consejo Federal de Educaci\u00f3n, que cont\u00f3 con la participaci\u00f3n de las ministras y los ministros de las 24 jurisdicciones educativas.<a href=\"https:\/\/t.co\/PZgG9SX2yt\">https:\/\/t.co\/PZgG9SX2yt<\/a> <a href=\"https:\/\/t.co\/O2tp0CVFR1\">pic.twitter.com\/O2tp0CVFR1<\/a><\/p>\n<p>&mdash; Ministerio de Educaci\u00f3n de la Naci\u00f3n Argentina (@EducacionAR) <a href=\"https:\/\/twitter.com\/EducacionAR\/status\/1530320729836769280?ref_src=twsrc%5Etfw\">May 27, 2022<\/a><\/p><\/blockquote>\n<p><script async src=\"https:\/\/platform.twitter.com\/widgets.js\" charset=\"utf-8\"><\/script><\/p>\n<p><strong>\u00abNuestra Escuela\u00bb se tata de una iniciativa federal, universal y gratuita destinada a docentes\u00a0<\/strong>de gesti\u00f3n estatal, social, comunitaria y privada, de todos los niveles y modalidades de la educaci\u00f3n obligatoria y de la educaci\u00f3n superior, t\u00e9cnica y docente.<\/p>\n<p>Tambi\u00e9n se trataron las pautas para la regulaci\u00f3n de ingreso de estudiantes en la modalidad de educaci\u00f3n domiciliaria y hospitalaria (EDyH) frente a situaciones complejas, con el objetivo se escolarizar a los alumnos que por diferentes circunstancias no pueden asistir a clases en escuelas.<\/p>\n<p>Adem\u00e1s se present\u00f3 el estado de avance de la preimplementaci\u00f3n del\u00a0<strong>Sistema de Gesti\u00f3n Escolar (SINIDE-SGE).<\/strong><\/p>\n<p>Se tata de un dispositivo inform\u00e1tico que permite a los distintos actores que integran el sistema educativo gestionar de manera m\u00e1s eficiente las tareas asignadas al ciclo escolar, pudiendo acceder a datos para la toma de decisiones estrat\u00e9gicas y agilizando las tareas administrativas de los establecimientos.<\/p>\n","protected":false},"excerpt":{"rendered":"<p>Las pruebas realizadas en todo el mundo por la Organizaci\u00f3n para la Cooperaci\u00f3n y el Desarrollo Econ\u00f3mico, se har\u00e1 este a\u00f1o en septiembre en casi 500 escuelas argentinas, a trav\u00e9s de un software que no requerir\u00e1 conexi\u00f3n a Internet.<\/p>\n","protected":false},"author":3,"featured_media":0,"comment_status":"closed","ping_status":"closed","sticky":false,"template":"","format":"standard","meta":{"footnotes":""},"categories":[34],"tags":[],"class_list":["post-72795","post","type-post","status-publish","format-standard","hentry","category-educacion"],"yoast_head":"<!-- This site is optimized with the Yoast SEO plugin v25.9 - https:\/\/yoast.com\/wordpress\/plugins\/seo\/ -->\n<title>Por primera vez, las pruebas PISA se har\u00e1n en modalidad digital - Noticias Radio Reflejos<\/title>\n<meta name=\"robots\" content=\"index, follow, max-snippet:-1, max-image-preview:large, max-video-preview:-1\" \/>\n<link rel=\"canonical\" href=\"https:\/\/www.noticiasradioreflejos.com.ar\/2021\/por-primera-vez-las-pruebas-pisa-se-haran-en-modalidad-digital\/\" \/>\n<meta property=\"og:locale\" content=\"es_ES\" \/>\n<meta property=\"og:type\" content=\"article\" \/>\n<meta property=\"og:title\" content=\"Por primera vez, las pruebas PISA se har\u00e1n en modalidad digital - Noticias Radio Reflejos\" \/>\n<meta property=\"og:description\" content=\"Las pruebas realizadas en todo el mundo por la Organizaci\u00f3n para la Cooperaci\u00f3n y el Desarrollo Econ\u00f3mico, se har\u00e1 este a\u00f1o en septiembre en casi 500 escuelas argentinas, a trav\u00e9s de un software que no requerir\u00e1 conexi\u00f3n a Internet.\" \/>\n<meta property=\"og:url\" content=\"https:\/\/www.noticiasradioreflejos.com.ar\/2021\/por-primera-vez-las-pruebas-pisa-se-haran-en-modalidad-digital\/\" \/>\n<meta property=\"og:site_name\" content=\"Noticias Radio Reflejos\" \/>\n<meta property=\"article:published_time\" content=\"2022-05-28T12:11:26+00:00\" \/>\n<meta property=\"og:image\" content=\"https:\/\/www.telam.com.ar\/thumbs\/bluesteel\/advf\/imagenes\/2022\/05\/6291666abc5a8_900.jpg\" \/>\n<meta name=\"author\" content=\"Arnaldo Botto\" \/>\n<meta name=\"twitter:card\" content=\"summary_large_image\" \/>\n<script type=\"application\/ld+json\" class=\"yoast-schema-graph\">{\"@context\":\"https:\/\/schema.org\",\"@graph\":[{\"@type\":\"WebPage\",\"@id\":\"https:\/\/www.noticiasradioreflejos.com.ar\/2021\/por-primera-vez-las-pruebas-pisa-se-haran-en-modalidad-digital\/\",\"url\":\"https:\/\/www.noticiasradioreflejos.com.ar\/2021\/por-primera-vez-las-pruebas-pisa-se-haran-en-modalidad-digital\/\",\"name\":\"Por primera vez, las pruebas PISA se har\u00e1n en modalidad digital - Noticias Radio Reflejos\",\"isPartOf\":{\"@id\":\"https:\/\/www.noticiasradioreflejos.com.ar\/2021\/#website\"},\"primaryImageOfPage\":{\"@id\":\"https:\/\/www.noticiasradioreflejos.com.ar\/2021\/por-primera-vez-las-pruebas-pisa-se-haran-en-modalidad-digital\/#primaryimage\"},\"image\":{\"@id\":\"https:\/\/www.noticiasradioreflejos.com.ar\/2021\/por-primera-vez-las-pruebas-pisa-se-haran-en-modalidad-digital\/#primaryimage\"},\"thumbnailUrl\":\"https:\/\/www.telam.com.ar\/thumbs\/bluesteel\/advf\/imagenes\/2022\/05\/6291666abc5a8_900.jpg\",\"datePublished\":\"2022-05-28T12:11:26+00:00\",\"author\":{\"@id\":\"https:\/\/www.noticiasradioreflejos.com.ar\/2021\/#\/schema\/person\/ad82545263dcc5ec0996818884fd5fb1\"},\"breadcrumb\":{\"@id\":\"https:\/\/www.noticiasradioreflejos.com.ar\/2021\/por-primera-vez-las-pruebas-pisa-se-haran-en-modalidad-digital\/#breadcrumb\"},\"inLanguage\":\"es\",\"potentialAction\":[{\"@type\":\"ReadAction\",\"target\":[\"https:\/\/www.noticiasradioreflejos.com.ar\/2021\/por-primera-vez-las-pruebas-pisa-se-haran-en-modalidad-digital\/\"]}]},{\"@type\":\"ImageObject\",\"inLanguage\":\"es\",\"@id\":\"https:\/\/www.noticiasradioreflejos.com.ar\/2021\/por-primera-vez-las-pruebas-pisa-se-haran-en-modalidad-digital\/#primaryimage\",\"url\":\"https:\/\/www.telam.com.ar\/thumbs\/bluesteel\/advf\/imagenes\/2022\/05\/6291666abc5a8_900.jpg\",\"contentUrl\":\"https:\/\/www.telam.com.ar\/thumbs\/bluesteel\/advf\/imagenes\/2022\/05\/6291666abc5a8_900.jpg\"},{\"@type\":\"BreadcrumbList\",\"@id\":\"https:\/\/www.noticiasradioreflejos.com.ar\/2021\/por-primera-vez-las-pruebas-pisa-se-haran-en-modalidad-digital\/#breadcrumb\",\"itemListElement\":[{\"@type\":\"ListItem\",\"position\":1,\"name\":\"Portada\",\"item\":\"https:\/\/www.noticiasradioreflejos.com.ar\/2021\/\"},{\"@type\":\"ListItem\",\"position\":2,\"name\":\"Por primera vez, las pruebas PISA se har\u00e1n en modalidad digital\"}]},{\"@type\":\"WebSite\",\"@id\":\"https:\/\/www.noticiasradioreflejos.com.ar\/2021\/#website\",\"url\":\"https:\/\/www.noticiasradioreflejos.com.ar\/2021\/\",\"name\":\"Noticias Radio Reflejos\",\"description\":\"Las noticias de mi comarca\",\"potentialAction\":[{\"@type\":\"SearchAction\",\"target\":{\"@type\":\"EntryPoint\",\"urlTemplate\":\"https:\/\/www.noticiasradioreflejos.com.ar\/2021\/?s={search_term_string}\"},\"query-input\":{\"@type\":\"PropertyValueSpecification\",\"valueRequired\":true,\"valueName\":\"search_term_string\"}}],\"inLanguage\":\"es\"},{\"@type\":\"Person\",\"@id\":\"https:\/\/www.noticiasradioreflejos.com.ar\/2021\/#\/schema\/person\/ad82545263dcc5ec0996818884fd5fb1\",\"name\":\"Arnaldo Botto\",\"image\":{\"@type\":\"ImageObject\",\"inLanguage\":\"es\",\"@id\":\"https:\/\/www.noticiasradioreflejos.com.ar\/2021\/#\/schema\/person\/image\/\",\"url\":\"https:\/\/secure.gravatar.com\/avatar\/55cb5e37c1efa326397366e6974cb338056df65cb50e7d64d1cf314e87504837?s=96&d=mm&r=g\",\"contentUrl\":\"https:\/\/secure.gravatar.com\/avatar\/55cb5e37c1efa326397366e6974cb338056df65cb50e7d64d1cf314e87504837?s=96&d=mm&r=g\",\"caption\":\"Arnaldo Botto\"},\"url\":\"https:\/\/www.noticiasradioreflejos.com.ar\/2021\/author\/arnaldo\/\"}]}<\/script>\n<!-- \/ Yoast SEO plugin. -->","yoast_head_json":{"title":"Por primera vez, las pruebas PISA se har\u00e1n en modalidad digital - Noticias Radio Reflejos","robots":{"index":"index","follow":"follow","max-snippet":"max-snippet:-1","max-image-preview":"max-image-preview:large","max-video-preview":"max-video-preview:-1"},"canonical":"https:\/\/www.noticiasradioreflejos.com.ar\/2021\/por-primera-vez-las-pruebas-pisa-se-haran-en-modalidad-digital\/","og_locale":"es_ES","og_type":"article","og_title":"Por primera vez, las pruebas PISA se har\u00e1n en modalidad digital - Noticias Radio Reflejos","og_description":"Las pruebas realizadas en todo el mundo por la Organizaci\u00f3n para la Cooperaci\u00f3n y el Desarrollo Econ\u00f3mico, se har\u00e1 este a\u00f1o en septiembre en casi 500 escuelas argentinas, a trav\u00e9s de un software que no requerir\u00e1 conexi\u00f3n a Internet.","og_url":"https:\/\/www.noticiasradioreflejos.com.ar\/2021\/por-primera-vez-las-pruebas-pisa-se-haran-en-modalidad-digital\/","og_site_name":"Noticias Radio Reflejos","article_published_time":"2022-05-28T12:11:26+00:00","og_image":[{"url":"https:\/\/www.telam.com.ar\/thumbs\/bluesteel\/advf\/imagenes\/2022\/05\/6291666abc5a8_900.jpg","type":"","width":"","height":""}],"author":"Arnaldo Botto","twitter_card":"summary_large_image","schema":{"@context":"https:\/\/schema.org","@graph":[{"@type":"WebPage","@id":"https:\/\/www.noticiasradioreflejos.com.ar\/2021\/por-primera-vez-las-pruebas-pisa-se-haran-en-modalidad-digital\/","url":"https:\/\/www.noticiasradioreflejos.com.ar\/2021\/por-primera-vez-las-pruebas-pisa-se-haran-en-modalidad-digital\/","name":"Por primera vez, las pruebas PISA se har\u00e1n en modalidad digital - Noticias Radio Reflejos","isPartOf":{"@id":"https:\/\/www.noticiasradioreflejos.com.ar\/2021\/#website"},"primaryImageOfPage":{"@id":"https:\/\/www.noticiasradioreflejos.com.ar\/2021\/por-primera-vez-las-pruebas-pisa-se-haran-en-modalidad-digital\/#primaryimage"},"image":{"@id":"https:\/\/www.noticiasradioreflejos.com.ar\/2021\/por-primera-vez-las-pruebas-pisa-se-haran-en-modalidad-digital\/#primaryimage"},"thumbnailUrl":"https:\/\/www.telam.com.ar\/thumbs\/bluesteel\/advf\/imagenes\/2022\/05\/6291666abc5a8_900.jpg","datePublished":"2022-05-28T12:11:26+00:00","author":{"@id":"https:\/\/www.noticiasradioreflejos.com.ar\/2021\/#\/schema\/person\/ad82545263dcc5ec0996818884fd5fb1"},"breadcrumb":{"@id":"https:\/\/www.noticiasradioreflejos.com.ar\/2021\/por-primera-vez-las-pruebas-pisa-se-haran-en-modalidad-digital\/#breadcrumb"},"inLanguage":"es","potentialAction":[{"@type":"ReadAction","target":["https:\/\/www.noticiasradioreflejos.com.ar\/2021\/por-primera-vez-las-pruebas-pisa-se-haran-en-modalidad-digital\/"]}]},{"@type":"ImageObject","inLanguage":"es","@id":"https:\/\/www.noticiasradioreflejos.com.ar\/2021\/por-primera-vez-las-pruebas-pisa-se-haran-en-modalidad-digital\/#primaryimage","url":"https:\/\/www.telam.com.ar\/thumbs\/bluesteel\/advf\/imagenes\/2022\/05\/6291666abc5a8_900.jpg","contentUrl":"https:\/\/www.telam.com.ar\/thumbs\/bluesteel\/advf\/imagenes\/2022\/05\/6291666abc5a8_900.jpg"},{"@type":"BreadcrumbList","@id":"https:\/\/www.noticiasradioreflejos.com.ar\/2021\/por-primera-vez-las-pruebas-pisa-se-haran-en-modalidad-digital\/#breadcrumb","itemListElement":[{"@type":"ListItem","position":1,"name":"Portada","item":"https:\/\/www.noticiasradioreflejos.com.ar\/2021\/"},{"@type":"ListItem","position":2,"name":"Por primera vez, las pruebas PISA se har\u00e1n en modalidad digital"}]},{"@type":"WebSite","@id":"https:\/\/www.noticiasradioreflejos.com.ar\/2021\/#website","url":"https:\/\/www.noticiasradioreflejos.com.ar\/2021\/","name":"Noticias Radio Reflejos","description":"Las noticias de mi comarca","potentialAction":[{"@type":"SearchAction","target":{"@type":"EntryPoint","urlTemplate":"https:\/\/www.noticiasradioreflejos.com.ar\/2021\/?s={search_term_string}"},"query-input":{"@type":"PropertyValueSpecification","valueRequired":true,"valueName":"search_term_string"}}],"inLanguage":"es"},{"@type":"Person","@id":"https:\/\/www.noticiasradioreflejos.com.ar\/2021\/#\/schema\/person\/ad82545263dcc5ec0996818884fd5fb1","name":"Arnaldo Botto","image":{"@type":"ImageObject","inLanguage":"es","@id":"https:\/\/www.noticiasradioreflejos.com.ar\/2021\/#\/schema\/person\/image\/","url":"https:\/\/secure.gravatar.com\/avatar\/55cb5e37c1efa326397366e6974cb338056df65cb50e7d64d1cf314e87504837?s=96&d=mm&r=g","contentUrl":"https:\/\/secure.gravatar.com\/avatar\/55cb5e37c1efa326397366e6974cb338056df65cb50e7d64d1cf314e87504837?s=96&d=mm&r=g","caption":"Arnaldo Botto"},"url":"https:\/\/www.noticiasradioreflejos.com.ar\/2021\/author\/arnaldo\/"}]}},"_links":{"self":[{"href":"https:\/\/www.noticiasradioreflejos.com.ar\/2021\/wp-json\/wp\/v2\/posts\/72795","targetHints":{"allow":["GET"]}}],"collection":[{"href":"https:\/\/www.noticiasradioreflejos.com.ar\/2021\/wp-json\/wp\/v2\/posts"}],"about":[{"href":"https:\/\/www.noticiasradioreflejos.com.ar\/2021\/wp-json\/wp\/v2\/types\/post"}],"author":[{"embeddable":true,"href":"https:\/\/www.noticiasradioreflejos.com.ar\/2021\/wp-json\/wp\/v2\/users\/3"}],"replies":[{"embeddable":true,"href":"https:\/\/www.noticiasradioreflejos.com.ar\/2021\/wp-json\/wp\/v2\/comments?post=72795"}],"version-history":[{"count":1,"href":"https:\/\/www.noticiasradioreflejos.com.ar\/2021\/wp-json\/wp\/v2\/posts\/72795\/revisions"}],"predecessor-version":[{"id":72797,"href":"https:\/\/www.noticiasradioreflejos.com.ar\/2021\/wp-json\/wp\/v2\/posts\/72795\/revisions\/72797"}],"wp:attachment":[{"href":"https:\/\/www.noticiasradioreflejos.com.ar\/2021\/wp-json\/wp\/v2\/media?parent=72795"}],"wp:term":[{"taxonomy":"category","embeddable":true,"href":"https:\/\/www.noticiasradioreflejos.com.ar\/2021\/wp-json\/wp\/v2\/categories?post=72795"},{"taxonomy":"post_tag","embeddable":true,"href":"https:\/\/www.noticiasradioreflejos.com.ar\/2021\/wp-json\/wp\/v2\/tags?post=72795"}],"curies":[{"name":"wp","href":"https:\/\/api.w.org\/{rel}","templated":true}]}}