{"id":72746,"date":"2022-05-27T16:36:32","date_gmt":"2022-05-27T16:36:32","guid":{"rendered":"http:\/\/www.noticiasradioreflejos.com.ar\/2021\/?p=72746"},"modified":"2022-05-27T16:36:32","modified_gmt":"2022-05-27T16:36:32","slug":"encontraron-el-cuerpo-de-un-andinista-que-cayo-al-vacio-mientras-escalaba-un-cerro","status":"publish","type":"post","link":"https:\/\/www.noticiasradioreflejos.com.ar\/2021\/encontraron-el-cuerpo-de-un-andinista-que-cayo-al-vacio-mientras-escalaba-un-cerro\/","title":{"rendered":"Encontraron el cuerpo de un andinista que cay\u00f3 al vac\u00edo mientras escalaba un cerro"},"content":{"rendered":"<p>Se trata de Luis Villardel, quien cay\u00f3 al vaci\u00f3 mientras intentaba escalar el cerro Tolosa, en la localidad Las Cuevas. El operativo de b\u00fasqueda inici\u00f3 el jueves luego de que dos hombres que recorr\u00edan el lugar encontraron a un amigo de la v\u00edctima con principio de hipotermia.<!--more--><\/p>\n<div class=\"wrapper-editable-content\">\n<div>\n<div class=\"wrapper-editable-content\">\n<div>\n<div class=\"container-md\">\n<div class=\"row\">\n<div class=\"col-md-12 speak\">\n<div class=\"paragraph\">\n<figure class=\"mb-3\"><img decoding=\"async\" src=\"https:\/\/www.telam.com.ar\/thumbs\/bluesteel\/advf\/imagenes\/2020\/07\/5f19d2e7ebc39_900.jpg\" alt=\"El compaero de expedicin de Villardel dijo que cuando comenz el descenso logr dar con l pero ya haba fallecido\" width=\"100%\" height=\"100%\" \/><\/p>\n<div class=\"media-icons\"><\/div><figcaption>El compa\u00f1ero de expedici\u00f3n de Villardel dijo que cuando comenz\u00f3 el descenso logr\u00f3 dar con \u00e9l pero ya hab\u00eda fallecido.<\/figcaption><\/figure>\n<p>El cuerpo de un andinista de 34 a\u00f1os, que cay\u00f3 al vac\u00edo el pasado 21 de mayo mientras escalaba el cerro Tolosa, en la localidad mendocina de Las Cuevas, fue encontrado por personal de la Patrulla de Rescate.<\/p>\n<p>Se trata de\u00a0<strong>Luis Villardel<\/strong>, oriundo de Formosa, quien cay\u00f3 al vaci\u00f3 mientras intentaba escalar el cerro Tolosa, en la localidad ubicada a unos 200 kil\u00f3metros de la capital provincial, indicaron las fuentes.<\/p>\n<p>El operativo por parte del personal de la Patrulla de Rescate, de la polic\u00eda de Mendoza, comenz\u00f3 el jueves por la ma\u00f1ana y se extendi\u00f3 hasta la madrugada de este viernes.<\/p>\n<p>El equipo recorri\u00f3 la zona donde otros andinistas hab\u00edan indicado que se encontraba el cuerpo de Villardel tras caer al vac\u00edo del cerro Tolosa, a unos\u00a0<strong>5.300 metros de altura sobre el nivel del mar.<\/strong><\/p>\n<p>Una vez en el lugar el personal de Rescate traslad\u00f3 el cuerpo hasta el Cuerpo M\u00e9dico Forense (CMF) para la pericia correspondiente y posterior investigaci\u00f3n por parte de la fiscal\u00eda de jurisdicci\u00f3n.<\/p>\n<p>El hecho ocurri\u00f3 el s\u00e1bado pasado pero reci\u00e9n se conoci\u00f3 este martes tras el hallazgo de un amigo de la v\u00edctima, quien fue encontrado con principio de hipotermia por dos hombres que caminaban por el lugar.<\/p>\n<p>En su relato a la polic\u00eda,\u00a0<strong>el compa\u00f1ero de expedici\u00f3n de Villardel dijo que cuando comenz\u00f3 el descenso logr\u00f3 dar con \u00e9l pero ya hab\u00eda fallecido.<\/strong><\/p>\n<p>Una vez hecha la denuncia, el personal de la Patrulla de Rescate planific\u00f3 el operativo de acuerdo a la condici\u00f3n clim\u00e1tica del lugar, por lo que desplegaron el equipo el jueves y tras varias horas dieron con el cuerpo del andinista.<\/p>\n<\/div>\n<\/div>\n<\/div>\n<\/div>\n<\/div>\n<\/div>\n<\/div>\n<\/div>\n","protected":false},"excerpt":{"rendered":"<p>Se trata de Luis Villardel, quien cay\u00f3 al vaci\u00f3 mientras intentaba escalar el cerro Tolosa, en la localidad Las Cuevas. El operativo de b\u00fasqueda inici\u00f3 el jueves luego de que dos hombres que recorr\u00edan el lugar encontraron a un amigo de la v\u00edctima con principio de hipotermia.<\/p>\n","protected":false},"author":3,"featured_media":0,"comment_status":"closed","ping_status":"closed","sticky":false,"template":"","format":"standard","meta":{"footnotes":""},"categories":[29],"tags":[],"class_list":["post-72746","post","type-post","status-publish","format-standard","hentry","category-policiales"],"yoast_head":"<!-- This site is optimized with the Yoast SEO plugin v25.9 - https:\/\/yoast.com\/wordpress\/plugins\/seo\/ -->\n<title>Encontraron el cuerpo de un andinista que cay\u00f3 al vac\u00edo mientras escalaba un cerro - Noticias Radio Reflejos<\/title>\n<meta name=\"robots\" content=\"index, follow, max-snippet:-1, max-image-preview:large, max-video-preview:-1\" \/>\n<link rel=\"canonical\" href=\"https:\/\/www.noticiasradioreflejos.com.ar\/2021\/encontraron-el-cuerpo-de-un-andinista-que-cayo-al-vacio-mientras-escalaba-un-cerro\/\" \/>\n<meta property=\"og:locale\" content=\"es_ES\" \/>\n<meta property=\"og:type\" content=\"article\" \/>\n<meta property=\"og:title\" content=\"Encontraron el cuerpo de un andinista que cay\u00f3 al vac\u00edo mientras escalaba un cerro - Noticias Radio Reflejos\" \/>\n<meta property=\"og:description\" content=\"Se trata de Luis Villardel, quien cay\u00f3 al vaci\u00f3 mientras intentaba escalar el cerro Tolosa, en la localidad Las Cuevas. El operativo de b\u00fasqueda inici\u00f3 el jueves luego de que dos hombres que recorr\u00edan el lugar encontraron a un amigo de la v\u00edctima con principio de hipotermia.\" \/>\n<meta property=\"og:url\" content=\"https:\/\/www.noticiasradioreflejos.com.ar\/2021\/encontraron-el-cuerpo-de-un-andinista-que-cayo-al-vacio-mientras-escalaba-un-cerro\/\" \/>\n<meta property=\"og:site_name\" content=\"Noticias Radio Reflejos\" \/>\n<meta property=\"article:published_time\" content=\"2022-05-27T16:36:32+00:00\" \/>\n<meta property=\"og:image\" content=\"https:\/\/www.telam.com.ar\/thumbs\/bluesteel\/advf\/imagenes\/2020\/07\/5f19d2e7ebc39_900.jpg\" \/>\n<meta name=\"author\" content=\"Arnaldo Botto\" \/>\n<meta name=\"twitter:card\" content=\"summary_large_image\" \/>\n<script type=\"application\/ld+json\" class=\"yoast-schema-graph\">{\"@context\":\"https:\/\/schema.org\",\"@graph\":[{\"@type\":\"WebPage\",\"@id\":\"https:\/\/www.noticiasradioreflejos.com.ar\/2021\/encontraron-el-cuerpo-de-un-andinista-que-cayo-al-vacio-mientras-escalaba-un-cerro\/\",\"url\":\"https:\/\/www.noticiasradioreflejos.com.ar\/2021\/encontraron-el-cuerpo-de-un-andinista-que-cayo-al-vacio-mientras-escalaba-un-cerro\/\",\"name\":\"Encontraron el cuerpo de un andinista que cay\u00f3 al vac\u00edo mientras escalaba un cerro - Noticias Radio Reflejos\",\"isPartOf\":{\"@id\":\"https:\/\/www.noticiasradioreflejos.com.ar\/2021\/#website\"},\"primaryImageOfPage\":{\"@id\":\"https:\/\/www.noticiasradioreflejos.com.ar\/2021\/encontraron-el-cuerpo-de-un-andinista-que-cayo-al-vacio-mientras-escalaba-un-cerro\/#primaryimage\"},\"image\":{\"@id\":\"https:\/\/www.noticiasradioreflejos.com.ar\/2021\/encontraron-el-cuerpo-de-un-andinista-que-cayo-al-vacio-mientras-escalaba-un-cerro\/#primaryimage\"},\"thumbnailUrl\":\"https:\/\/www.telam.com.ar\/thumbs\/bluesteel\/advf\/imagenes\/2020\/07\/5f19d2e7ebc39_900.jpg\",\"datePublished\":\"2022-05-27T16:36:32+00:00\",\"author\":{\"@id\":\"https:\/\/www.noticiasradioreflejos.com.ar\/2021\/#\/schema\/person\/ad82545263dcc5ec0996818884fd5fb1\"},\"breadcrumb\":{\"@id\":\"https:\/\/www.noticiasradioreflejos.com.ar\/2021\/encontraron-el-cuerpo-de-un-andinista-que-cayo-al-vacio-mientras-escalaba-un-cerro\/#breadcrumb\"},\"inLanguage\":\"es\",\"potentialAction\":[{\"@type\":\"ReadAction\",\"target\":[\"https:\/\/www.noticiasradioreflejos.com.ar\/2021\/encontraron-el-cuerpo-de-un-andinista-que-cayo-al-vacio-mientras-escalaba-un-cerro\/\"]}]},{\"@type\":\"ImageObject\",\"inLanguage\":\"es\",\"@id\":\"https:\/\/www.noticiasradioreflejos.com.ar\/2021\/encontraron-el-cuerpo-de-un-andinista-que-cayo-al-vacio-mientras-escalaba-un-cerro\/#primaryimage\",\"url\":\"https:\/\/www.telam.com.ar\/thumbs\/bluesteel\/advf\/imagenes\/2020\/07\/5f19d2e7ebc39_900.jpg\",\"contentUrl\":\"https:\/\/www.telam.com.ar\/thumbs\/bluesteel\/advf\/imagenes\/2020\/07\/5f19d2e7ebc39_900.jpg\"},{\"@type\":\"BreadcrumbList\",\"@id\":\"https:\/\/www.noticiasradioreflejos.com.ar\/2021\/encontraron-el-cuerpo-de-un-andinista-que-cayo-al-vacio-mientras-escalaba-un-cerro\/#breadcrumb\",\"itemListElement\":[{\"@type\":\"ListItem\",\"position\":1,\"name\":\"Portada\",\"item\":\"https:\/\/www.noticiasradioreflejos.com.ar\/2021\/\"},{\"@type\":\"ListItem\",\"position\":2,\"name\":\"Encontraron el cuerpo de un andinista que cay\u00f3 al vac\u00edo mientras escalaba un cerro\"}]},{\"@type\":\"WebSite\",\"@id\":\"https:\/\/www.noticiasradioreflejos.com.ar\/2021\/#website\",\"url\":\"https:\/\/www.noticiasradioreflejos.com.ar\/2021\/\",\"name\":\"Noticias Radio Reflejos\",\"description\":\"Las noticias de mi comarca\",\"potentialAction\":[{\"@type\":\"SearchAction\",\"target\":{\"@type\":\"EntryPoint\",\"urlTemplate\":\"https:\/\/www.noticiasradioreflejos.com.ar\/2021\/?s={search_term_string}\"},\"query-input\":{\"@type\":\"PropertyValueSpecification\",\"valueRequired\":true,\"valueName\":\"search_term_string\"}}],\"inLanguage\":\"es\"},{\"@type\":\"Person\",\"@id\":\"https:\/\/www.noticiasradioreflejos.com.ar\/2021\/#\/schema\/person\/ad82545263dcc5ec0996818884fd5fb1\",\"name\":\"Arnaldo Botto\",\"image\":{\"@type\":\"ImageObject\",\"inLanguage\":\"es\",\"@id\":\"https:\/\/www.noticiasradioreflejos.com.ar\/2021\/#\/schema\/person\/image\/\",\"url\":\"https:\/\/secure.gravatar.com\/avatar\/55cb5e37c1efa326397366e6974cb338056df65cb50e7d64d1cf314e87504837?s=96&d=mm&r=g\",\"contentUrl\":\"https:\/\/secure.gravatar.com\/avatar\/55cb5e37c1efa326397366e6974cb338056df65cb50e7d64d1cf314e87504837?s=96&d=mm&r=g\",\"caption\":\"Arnaldo Botto\"},\"url\":\"https:\/\/www.noticiasradioreflejos.com.ar\/2021\/author\/arnaldo\/\"}]}<\/script>\n<!-- \/ Yoast SEO plugin. -->","yoast_head_json":{"title":"Encontraron el cuerpo de un andinista que cay\u00f3 al vac\u00edo mientras escalaba un cerro - Noticias Radio Reflejos","robots":{"index":"index","follow":"follow","max-snippet":"max-snippet:-1","max-image-preview":"max-image-preview:large","max-video-preview":"max-video-preview:-1"},"canonical":"https:\/\/www.noticiasradioreflejos.com.ar\/2021\/encontraron-el-cuerpo-de-un-andinista-que-cayo-al-vacio-mientras-escalaba-un-cerro\/","og_locale":"es_ES","og_type":"article","og_title":"Encontraron el cuerpo de un andinista que cay\u00f3 al vac\u00edo mientras escalaba un cerro - Noticias Radio Reflejos","og_description":"Se trata de Luis Villardel, quien cay\u00f3 al vaci\u00f3 mientras intentaba escalar el cerro Tolosa, en la localidad Las Cuevas. El operativo de b\u00fasqueda inici\u00f3 el jueves luego de que dos hombres que recorr\u00edan el lugar encontraron a un amigo de la v\u00edctima con principio de hipotermia.","og_url":"https:\/\/www.noticiasradioreflejos.com.ar\/2021\/encontraron-el-cuerpo-de-un-andinista-que-cayo-al-vacio-mientras-escalaba-un-cerro\/","og_site_name":"Noticias Radio Reflejos","article_published_time":"2022-05-27T16:36:32+00:00","og_image":[{"url":"https:\/\/www.telam.com.ar\/thumbs\/bluesteel\/advf\/imagenes\/2020\/07\/5f19d2e7ebc39_900.jpg","type":"","width":"","height":""}],"author":"Arnaldo Botto","twitter_card":"summary_large_image","schema":{"@context":"https:\/\/schema.org","@graph":[{"@type":"WebPage","@id":"https:\/\/www.noticiasradioreflejos.com.ar\/2021\/encontraron-el-cuerpo-de-un-andinista-que-cayo-al-vacio-mientras-escalaba-un-cerro\/","url":"https:\/\/www.noticiasradioreflejos.com.ar\/2021\/encontraron-el-cuerpo-de-un-andinista-que-cayo-al-vacio-mientras-escalaba-un-cerro\/","name":"Encontraron el cuerpo de un andinista que cay\u00f3 al vac\u00edo mientras escalaba un cerro - Noticias Radio Reflejos","isPartOf":{"@id":"https:\/\/www.noticiasradioreflejos.com.ar\/2021\/#website"},"primaryImageOfPage":{"@id":"https:\/\/www.noticiasradioreflejos.com.ar\/2021\/encontraron-el-cuerpo-de-un-andinista-que-cayo-al-vacio-mientras-escalaba-un-cerro\/#primaryimage"},"image":{"@id":"https:\/\/www.noticiasradioreflejos.com.ar\/2021\/encontraron-el-cuerpo-de-un-andinista-que-cayo-al-vacio-mientras-escalaba-un-cerro\/#primaryimage"},"thumbnailUrl":"https:\/\/www.telam.com.ar\/thumbs\/bluesteel\/advf\/imagenes\/2020\/07\/5f19d2e7ebc39_900.jpg","datePublished":"2022-05-27T16:36:32+00:00","author":{"@id":"https:\/\/www.noticiasradioreflejos.com.ar\/2021\/#\/schema\/person\/ad82545263dcc5ec0996818884fd5fb1"},"breadcrumb":{"@id":"https:\/\/www.noticiasradioreflejos.com.ar\/2021\/encontraron-el-cuerpo-de-un-andinista-que-cayo-al-vacio-mientras-escalaba-un-cerro\/#breadcrumb"},"inLanguage":"es","potentialAction":[{"@type":"ReadAction","target":["https:\/\/www.noticiasradioreflejos.com.ar\/2021\/encontraron-el-cuerpo-de-un-andinista-que-cayo-al-vacio-mientras-escalaba-un-cerro\/"]}]},{"@type":"ImageObject","inLanguage":"es","@id":"https:\/\/www.noticiasradioreflejos.com.ar\/2021\/encontraron-el-cuerpo-de-un-andinista-que-cayo-al-vacio-mientras-escalaba-un-cerro\/#primaryimage","url":"https:\/\/www.telam.com.ar\/thumbs\/bluesteel\/advf\/imagenes\/2020\/07\/5f19d2e7ebc39_900.jpg","contentUrl":"https:\/\/www.telam.com.ar\/thumbs\/bluesteel\/advf\/imagenes\/2020\/07\/5f19d2e7ebc39_900.jpg"},{"@type":"BreadcrumbList","@id":"https:\/\/www.noticiasradioreflejos.com.ar\/2021\/encontraron-el-cuerpo-de-un-andinista-que-cayo-al-vacio-mientras-escalaba-un-cerro\/#breadcrumb","itemListElement":[{"@type":"ListItem","position":1,"name":"Portada","item":"https:\/\/www.noticiasradioreflejos.com.ar\/2021\/"},{"@type":"ListItem","position":2,"name":"Encontraron el cuerpo de un andinista que cay\u00f3 al vac\u00edo mientras escalaba un cerro"}]},{"@type":"WebSite","@id":"https:\/\/www.noticiasradioreflejos.com.ar\/2021\/#website","url":"https:\/\/www.noticiasradioreflejos.com.ar\/2021\/","name":"Noticias Radio Reflejos","description":"Las noticias de mi comarca","potentialAction":[{"@type":"SearchAction","target":{"@type":"EntryPoint","urlTemplate":"https:\/\/www.noticiasradioreflejos.com.ar\/2021\/?s={search_term_string}"},"query-input":{"@type":"PropertyValueSpecification","valueRequired":true,"valueName":"search_term_string"}}],"inLanguage":"es"},{"@type":"Person","@id":"https:\/\/www.noticiasradioreflejos.com.ar\/2021\/#\/schema\/person\/ad82545263dcc5ec0996818884fd5fb1","name":"Arnaldo Botto","image":{"@type":"ImageObject","inLanguage":"es","@id":"https:\/\/www.noticiasradioreflejos.com.ar\/2021\/#\/schema\/person\/image\/","url":"https:\/\/secure.gravatar.com\/avatar\/55cb5e37c1efa326397366e6974cb338056df65cb50e7d64d1cf314e87504837?s=96&d=mm&r=g","contentUrl":"https:\/\/secure.gravatar.com\/avatar\/55cb5e37c1efa326397366e6974cb338056df65cb50e7d64d1cf314e87504837?s=96&d=mm&r=g","caption":"Arnaldo Botto"},"url":"https:\/\/www.noticiasradioreflejos.com.ar\/2021\/author\/arnaldo\/"}]}},"_links":{"self":[{"href":"https:\/\/www.noticiasradioreflejos.com.ar\/2021\/wp-json\/wp\/v2\/posts\/72746","targetHints":{"allow":["GET"]}}],"collection":[{"href":"https:\/\/www.noticiasradioreflejos.com.ar\/2021\/wp-json\/wp\/v2\/posts"}],"about":[{"href":"https:\/\/www.noticiasradioreflejos.com.ar\/2021\/wp-json\/wp\/v2\/types\/post"}],"author":[{"embeddable":true,"href":"https:\/\/www.noticiasradioreflejos.com.ar\/2021\/wp-json\/wp\/v2\/users\/3"}],"replies":[{"embeddable":true,"href":"https:\/\/www.noticiasradioreflejos.com.ar\/2021\/wp-json\/wp\/v2\/comments?post=72746"}],"version-history":[{"count":1,"href":"https:\/\/www.noticiasradioreflejos.com.ar\/2021\/wp-json\/wp\/v2\/posts\/72746\/revisions"}],"predecessor-version":[{"id":72748,"href":"https:\/\/www.noticiasradioreflejos.com.ar\/2021\/wp-json\/wp\/v2\/posts\/72746\/revisions\/72748"}],"wp:attachment":[{"href":"https:\/\/www.noticiasradioreflejos.com.ar\/2021\/wp-json\/wp\/v2\/media?parent=72746"}],"wp:term":[{"taxonomy":"category","embeddable":true,"href":"https:\/\/www.noticiasradioreflejos.com.ar\/2021\/wp-json\/wp\/v2\/categories?post=72746"},{"taxonomy":"post_tag","embeddable":true,"href":"https:\/\/www.noticiasradioreflejos.com.ar\/2021\/wp-json\/wp\/v2\/tags?post=72746"}],"curies":[{"name":"wp","href":"https:\/\/api.w.org\/{rel}","templated":true}]}}