{"id":72743,"date":"2022-05-27T16:33:13","date_gmt":"2022-05-27T16:33:13","guid":{"rendered":"http:\/\/www.noticiasradioreflejos.com.ar\/2021\/?p=72743"},"modified":"2022-05-27T16:33:13","modified_gmt":"2022-05-27T16:33:13","slug":"salud-evalua-un-segundo-caso-sospechoso-tras-confirmar-primer-contagio-en-argentina","status":"publish","type":"post","link":"https:\/\/www.noticiasradioreflejos.com.ar\/2021\/salud-evalua-un-segundo-caso-sospechoso-tras-confirmar-primer-contagio-en-argentina\/","title":{"rendered":"Salud eval\u00faa un segundo caso sospechoso tras confirmar primer contagio en Argentina"},"content":{"rendered":"<p>Se trata de un residente espa\u00f1ol que se encuentra en la Argentina. El primer reportado como posible positivo tambi\u00e9n ten\u00eda antecedentes de un viaje a Espa\u00f1a, donde estuvo entre el 28 de abril y el 16 de mayo.<br \/>\n<!--more--><\/p>\n<p>El Ministerio de Salud\u00a0anunci\u00f3 este viernes la aparici\u00f3n de\u00a0<strong>un nuevo caso sospechoso de viruela del mono<\/strong>\u00a0en un residente espa\u00f1ol que se encuentra de visita en la Argentina, y confirm\u00f3 como positivo el del hombre que desde hace unos d\u00edas se encuentra aislado y bajo tratamiento por esa enfermedad, de la cual ya\u00a0<strong>se reportaron m\u00e1s de 300 contagios en todo el mundo<\/strong>.<\/p>\n<p>La cartera sanitaria, a trav\u00e9s de un comunicado, asegur\u00f3 que\u00a0<strong>\u00abel resultado de la reacci\u00f3n de amplificaci\u00f3n por PCR del caso en cuesti\u00f3n es positivo\u00bb<\/strong>\u00a0y dijo que \u00aba su vez, la secuenciaci\u00f3n arroj\u00f3 alto porcentaje de homolog\u00eda con secuencias del clado de \u00c1frica Occidental\u00bb, en relaci\u00f3n al hombre que se encuentra aislado desde hace casi una semana.<\/p>\n<p>Asimismo,\u00a0<strong>\u00abse notific\u00f3 la aparici\u00f3n de un nuevo caso sospechoso de un residente en Espa\u00f1a que se encuentra de visita en nuestro pa\u00eds\u00bb<\/strong>\u00a0y precis\u00f3 que ese paciente est\u00e1 \u00aben la Provincia de Buenos Aires y que no tiene ning\u00fan nexo con el primer caso\u00bb.<\/p>\n<p>\u00abLa persona presenta lesiones ulcerosas sin otra sintomatolog\u00eda asociada\u00bb, indic\u00f3 el comunicado que puntualiz\u00f3 que ese paciente lleg\u00f3 al pa\u00eds el 25 de mayo, comenz\u00f3 sus s\u00edntomas este jueves y \u00abse encuentra en buen estado general, aislado, y recibiendo tratamiento sintom\u00e1tico\u00bb.<\/p>\n<p>Por otro lado, la cartera sanitaria dijo que sus contactos estrechos se encuentran en seguimiento cl\u00ednico y epidemiol\u00f3gico estricto y todos est\u00e1n asintom\u00e1ticos.<\/p>\n<p>Salud remarc\u00f3 que las muestras para diagn\u00f3stico etiol\u00f3gico se est\u00e1n analizando en el Servicio de Microscopia Electr\u00f3nica, Departamento de Virolog\u00eda, INEI- ANLIS Carlos G. Malbr\u00e1n.<\/p>\n<p>En tanto, el caso que\u00a0<strong>el pasado domingo se advirti\u00f3 como sospechoso<\/strong>, de\u00a0<strong>una persona que hab\u00eda viajado a Espa\u00f1a<\/strong>\u00a0entre el 28 de abril y el 16 de mayo fue confirmado como positivo y la \u00abreacci\u00f3n de amplificaci\u00f3n por PCR de la muestra tomada de alta probabilidad es positivo\u00bb, se a\u00f1adi\u00f3.<\/p>\n<figure class=\"mb-3\"><img decoding=\"async\" src=\"https:\/\/www.telam.com.ar\/thumbs\/bluesteel\/advf\/imagenes\/2022\/05\/628d6eeb92dd1_900.jpg\" alt=\"Viruela del mono Foto Gentileza ONUOMS\" width=\"100%\" height=\"100%\" \/><\/p>\n<div class=\"media-icons\"><\/div><figcaption>Viruela del mono. Foto Gentileza ONU\/OMS.<\/figcaption><\/figure>\n<p>Esto confirma \u00abla infecci\u00f3n con poxvirus pertenecientes al grupo eurasi\u00e1tico- africano del g\u00e9nero Orthopox\u00bb, si indic\u00f3 y agreg\u00f3 que la secuenciaci\u00f3n gen\u00f3mica bajo el m\u00e9todo Sanger, \u00abarroj\u00f3 un muy alto porcentaje de homolog\u00eda con secuencias de Monkeypox del clado de \u00c1frica occidental como todas las que se est\u00e1n encontrando en los nuevos casos de viruela s\u00edmica alrededor del mundo\u00bb.<\/p>\n<p>Por \u00faltimo, la cartera sanitaria asegur\u00f3 que \u00abel paciente se encuentra en buen estado, realizando tratamiento sintom\u00e1tico y sus contactos estrechos bajo control cl\u00ednico y epidemiol\u00f3gico sin presentar s\u00edntomas a la fecha\u00bb.<\/p>\n<p>La viruela del mono es un ortopoxvirus que causa una enfermedad con s\u00edntomas similares a los de la viruela, pero menos graves.<\/p>\n<p><strong>Si bien la viruela se erradic\u00f3 en 1980, la viruela del mono contin\u00faa ocurriendo en pa\u00edses de \u00c1frica central y occidental, donde es una enfermedad end\u00e9mica<\/strong>.<\/p>\n<p>Los s\u00edntomas son fiebre, una erupci\u00f3n caracter\u00edstica extensa y, por lo general, ganglios linf\u00e1ticos inflamados.<\/p>\n<p>El Ministerio inform\u00f3 que toda persona que presente s\u00edntomas compatibles (en especial erupciones) y antecedentes de viaje a zonas donde est\u00e1 habiendo casos y\/o supone alguna exposici\u00f3n de riesgo con casos sospechosos, probables o confirmados, deber\u00e1 tomar medidas de aislamiento social (no concurrir a escuela, trabajo y eventos sociales), implementar medidas de protecci\u00f3n respiratoria (uso adecuado de barbijo, ambientes ventilados y distancia de las otras personas) y realizar la consulta con el sistema de salud.<\/p>\n<p>El contacto cercano con personas infectadas es el factor de riesgo m\u00e1s importante para la infecci\u00f3n por el virus.<\/p>\n<h2 class=\"\">El primer caso<\/h2>\n<p>\u00abUn residente de provincia de Buenos Aires consult\u00f3 este domingo en un efector de salud de la Ciudad de Buenos Aires con s\u00edntomas compatibles con viruela s\u00edmica por cuanto presenta p\u00fastulas en distintas partes del cuerpo y fiebre\u00bb, dec\u00eda el comunicado de Salud, que reportaba que\u00a0<strong>estaba \u00aben buen estado general, asilado, y recibiendo tratamiento sintom\u00e1tico\u00bb<\/strong>.<\/p>\n<p>Para realizar el seguimiento e investigaci\u00f3n se realiz\u00f3 la toma de muestras para diagn\u00f3stico etiol\u00f3gico, que fueron derivadas para su an\u00e1lisis al Laboratorio del Instituto Malbr\u00e1n.<\/p>\n<p>A partir de esa sospecha, el Ministerio conform\u00f3 una mesa de trabajo con la provincia de Buenos Aires y CABA \u00abpara coordinar las acciones cl\u00ednicas, diagn\u00f3sticas y epidemiol\u00f3gicas, con el fin de confirmar o descartar el caso, dar adecuada atenci\u00f3n cl\u00ednica e implementar todas las medidas de control de foco para evitar una posible transmisi\u00f3n\u00bb.<\/p>\n","protected":false},"excerpt":{"rendered":"<p>Se trata de un residente espa\u00f1ol que se encuentra en la Argentina. El primer reportado como posible positivo tambi\u00e9n ten\u00eda antecedentes de un viaje a Espa\u00f1a, donde estuvo entre el 28 de abril y el 16 de mayo.<\/p>\n","protected":false},"author":3,"featured_media":0,"comment_status":"closed","ping_status":"closed","sticky":false,"template":"","format":"standard","meta":{"footnotes":""},"categories":[30],"tags":[],"class_list":["post-72743","post","type-post","status-publish","format-standard","hentry","category-salud"],"yoast_head":"<!-- This site is optimized with the Yoast SEO plugin v25.9 - https:\/\/yoast.com\/wordpress\/plugins\/seo\/ -->\n<title>Salud eval\u00faa un segundo caso sospechoso tras confirmar primer contagio en Argentina - Noticias Radio Reflejos<\/title>\n<meta name=\"robots\" content=\"index, follow, max-snippet:-1, max-image-preview:large, max-video-preview:-1\" \/>\n<link rel=\"canonical\" href=\"https:\/\/www.noticiasradioreflejos.com.ar\/2021\/salud-evalua-un-segundo-caso-sospechoso-tras-confirmar-primer-contagio-en-argentina\/\" \/>\n<meta property=\"og:locale\" content=\"es_ES\" \/>\n<meta property=\"og:type\" content=\"article\" \/>\n<meta property=\"og:title\" content=\"Salud eval\u00faa un segundo caso sospechoso tras confirmar primer contagio en Argentina - Noticias Radio Reflejos\" \/>\n<meta property=\"og:description\" content=\"Se trata de un residente espa\u00f1ol que se encuentra en la Argentina. El primer reportado como posible positivo tambi\u00e9n ten\u00eda antecedentes de un viaje a Espa\u00f1a, donde estuvo entre el 28 de abril y el 16 de mayo.\" \/>\n<meta property=\"og:url\" content=\"https:\/\/www.noticiasradioreflejos.com.ar\/2021\/salud-evalua-un-segundo-caso-sospechoso-tras-confirmar-primer-contagio-en-argentina\/\" \/>\n<meta property=\"og:site_name\" content=\"Noticias Radio Reflejos\" \/>\n<meta property=\"article:published_time\" content=\"2022-05-27T16:33:13+00:00\" \/>\n<meta property=\"og:image\" content=\"https:\/\/www.telam.com.ar\/thumbs\/bluesteel\/advf\/imagenes\/2022\/05\/628d6eeb92dd1_900.jpg\" \/>\n<meta name=\"author\" content=\"Arnaldo Botto\" \/>\n<meta name=\"twitter:card\" content=\"summary_large_image\" \/>\n<script type=\"application\/ld+json\" class=\"yoast-schema-graph\">{\"@context\":\"https:\/\/schema.org\",\"@graph\":[{\"@type\":\"WebPage\",\"@id\":\"https:\/\/www.noticiasradioreflejos.com.ar\/2021\/salud-evalua-un-segundo-caso-sospechoso-tras-confirmar-primer-contagio-en-argentina\/\",\"url\":\"https:\/\/www.noticiasradioreflejos.com.ar\/2021\/salud-evalua-un-segundo-caso-sospechoso-tras-confirmar-primer-contagio-en-argentina\/\",\"name\":\"Salud eval\u00faa un segundo caso sospechoso tras confirmar primer contagio en Argentina - Noticias Radio Reflejos\",\"isPartOf\":{\"@id\":\"https:\/\/www.noticiasradioreflejos.com.ar\/2021\/#website\"},\"primaryImageOfPage\":{\"@id\":\"https:\/\/www.noticiasradioreflejos.com.ar\/2021\/salud-evalua-un-segundo-caso-sospechoso-tras-confirmar-primer-contagio-en-argentina\/#primaryimage\"},\"image\":{\"@id\":\"https:\/\/www.noticiasradioreflejos.com.ar\/2021\/salud-evalua-un-segundo-caso-sospechoso-tras-confirmar-primer-contagio-en-argentina\/#primaryimage\"},\"thumbnailUrl\":\"https:\/\/www.telam.com.ar\/thumbs\/bluesteel\/advf\/imagenes\/2022\/05\/628d6eeb92dd1_900.jpg\",\"datePublished\":\"2022-05-27T16:33:13+00:00\",\"author\":{\"@id\":\"https:\/\/www.noticiasradioreflejos.com.ar\/2021\/#\/schema\/person\/ad82545263dcc5ec0996818884fd5fb1\"},\"breadcrumb\":{\"@id\":\"https:\/\/www.noticiasradioreflejos.com.ar\/2021\/salud-evalua-un-segundo-caso-sospechoso-tras-confirmar-primer-contagio-en-argentina\/#breadcrumb\"},\"inLanguage\":\"es\",\"potentialAction\":[{\"@type\":\"ReadAction\",\"target\":[\"https:\/\/www.noticiasradioreflejos.com.ar\/2021\/salud-evalua-un-segundo-caso-sospechoso-tras-confirmar-primer-contagio-en-argentina\/\"]}]},{\"@type\":\"ImageObject\",\"inLanguage\":\"es\",\"@id\":\"https:\/\/www.noticiasradioreflejos.com.ar\/2021\/salud-evalua-un-segundo-caso-sospechoso-tras-confirmar-primer-contagio-en-argentina\/#primaryimage\",\"url\":\"https:\/\/www.telam.com.ar\/thumbs\/bluesteel\/advf\/imagenes\/2022\/05\/628d6eeb92dd1_900.jpg\",\"contentUrl\":\"https:\/\/www.telam.com.ar\/thumbs\/bluesteel\/advf\/imagenes\/2022\/05\/628d6eeb92dd1_900.jpg\"},{\"@type\":\"BreadcrumbList\",\"@id\":\"https:\/\/www.noticiasradioreflejos.com.ar\/2021\/salud-evalua-un-segundo-caso-sospechoso-tras-confirmar-primer-contagio-en-argentina\/#breadcrumb\",\"itemListElement\":[{\"@type\":\"ListItem\",\"position\":1,\"name\":\"Portada\",\"item\":\"https:\/\/www.noticiasradioreflejos.com.ar\/2021\/\"},{\"@type\":\"ListItem\",\"position\":2,\"name\":\"Salud eval\u00faa un segundo caso sospechoso tras confirmar primer contagio en Argentina\"}]},{\"@type\":\"WebSite\",\"@id\":\"https:\/\/www.noticiasradioreflejos.com.ar\/2021\/#website\",\"url\":\"https:\/\/www.noticiasradioreflejos.com.ar\/2021\/\",\"name\":\"Noticias Radio Reflejos\",\"description\":\"Las noticias de mi comarca\",\"potentialAction\":[{\"@type\":\"SearchAction\",\"target\":{\"@type\":\"EntryPoint\",\"urlTemplate\":\"https:\/\/www.noticiasradioreflejos.com.ar\/2021\/?s={search_term_string}\"},\"query-input\":{\"@type\":\"PropertyValueSpecification\",\"valueRequired\":true,\"valueName\":\"search_term_string\"}}],\"inLanguage\":\"es\"},{\"@type\":\"Person\",\"@id\":\"https:\/\/www.noticiasradioreflejos.com.ar\/2021\/#\/schema\/person\/ad82545263dcc5ec0996818884fd5fb1\",\"name\":\"Arnaldo Botto\",\"image\":{\"@type\":\"ImageObject\",\"inLanguage\":\"es\",\"@id\":\"https:\/\/www.noticiasradioreflejos.com.ar\/2021\/#\/schema\/person\/image\/\",\"url\":\"https:\/\/secure.gravatar.com\/avatar\/55cb5e37c1efa326397366e6974cb338056df65cb50e7d64d1cf314e87504837?s=96&d=mm&r=g\",\"contentUrl\":\"https:\/\/secure.gravatar.com\/avatar\/55cb5e37c1efa326397366e6974cb338056df65cb50e7d64d1cf314e87504837?s=96&d=mm&r=g\",\"caption\":\"Arnaldo Botto\"},\"url\":\"https:\/\/www.noticiasradioreflejos.com.ar\/2021\/author\/arnaldo\/\"}]}<\/script>\n<!-- \/ Yoast SEO plugin. -->","yoast_head_json":{"title":"Salud eval\u00faa un segundo caso sospechoso tras confirmar primer contagio en Argentina - Noticias Radio Reflejos","robots":{"index":"index","follow":"follow","max-snippet":"max-snippet:-1","max-image-preview":"max-image-preview:large","max-video-preview":"max-video-preview:-1"},"canonical":"https:\/\/www.noticiasradioreflejos.com.ar\/2021\/salud-evalua-un-segundo-caso-sospechoso-tras-confirmar-primer-contagio-en-argentina\/","og_locale":"es_ES","og_type":"article","og_title":"Salud eval\u00faa un segundo caso sospechoso tras confirmar primer contagio en Argentina - Noticias Radio Reflejos","og_description":"Se trata de un residente espa\u00f1ol que se encuentra en la Argentina. El primer reportado como posible positivo tambi\u00e9n ten\u00eda antecedentes de un viaje a Espa\u00f1a, donde estuvo entre el 28 de abril y el 16 de mayo.","og_url":"https:\/\/www.noticiasradioreflejos.com.ar\/2021\/salud-evalua-un-segundo-caso-sospechoso-tras-confirmar-primer-contagio-en-argentina\/","og_site_name":"Noticias Radio Reflejos","article_published_time":"2022-05-27T16:33:13+00:00","og_image":[{"url":"https:\/\/www.telam.com.ar\/thumbs\/bluesteel\/advf\/imagenes\/2022\/05\/628d6eeb92dd1_900.jpg","type":"","width":"","height":""}],"author":"Arnaldo Botto","twitter_card":"summary_large_image","schema":{"@context":"https:\/\/schema.org","@graph":[{"@type":"WebPage","@id":"https:\/\/www.noticiasradioreflejos.com.ar\/2021\/salud-evalua-un-segundo-caso-sospechoso-tras-confirmar-primer-contagio-en-argentina\/","url":"https:\/\/www.noticiasradioreflejos.com.ar\/2021\/salud-evalua-un-segundo-caso-sospechoso-tras-confirmar-primer-contagio-en-argentina\/","name":"Salud eval\u00faa un segundo caso sospechoso tras confirmar primer contagio en Argentina - Noticias Radio Reflejos","isPartOf":{"@id":"https:\/\/www.noticiasradioreflejos.com.ar\/2021\/#website"},"primaryImageOfPage":{"@id":"https:\/\/www.noticiasradioreflejos.com.ar\/2021\/salud-evalua-un-segundo-caso-sospechoso-tras-confirmar-primer-contagio-en-argentina\/#primaryimage"},"image":{"@id":"https:\/\/www.noticiasradioreflejos.com.ar\/2021\/salud-evalua-un-segundo-caso-sospechoso-tras-confirmar-primer-contagio-en-argentina\/#primaryimage"},"thumbnailUrl":"https:\/\/www.telam.com.ar\/thumbs\/bluesteel\/advf\/imagenes\/2022\/05\/628d6eeb92dd1_900.jpg","datePublished":"2022-05-27T16:33:13+00:00","author":{"@id":"https:\/\/www.noticiasradioreflejos.com.ar\/2021\/#\/schema\/person\/ad82545263dcc5ec0996818884fd5fb1"},"breadcrumb":{"@id":"https:\/\/www.noticiasradioreflejos.com.ar\/2021\/salud-evalua-un-segundo-caso-sospechoso-tras-confirmar-primer-contagio-en-argentina\/#breadcrumb"},"inLanguage":"es","potentialAction":[{"@type":"ReadAction","target":["https:\/\/www.noticiasradioreflejos.com.ar\/2021\/salud-evalua-un-segundo-caso-sospechoso-tras-confirmar-primer-contagio-en-argentina\/"]}]},{"@type":"ImageObject","inLanguage":"es","@id":"https:\/\/www.noticiasradioreflejos.com.ar\/2021\/salud-evalua-un-segundo-caso-sospechoso-tras-confirmar-primer-contagio-en-argentina\/#primaryimage","url":"https:\/\/www.telam.com.ar\/thumbs\/bluesteel\/advf\/imagenes\/2022\/05\/628d6eeb92dd1_900.jpg","contentUrl":"https:\/\/www.telam.com.ar\/thumbs\/bluesteel\/advf\/imagenes\/2022\/05\/628d6eeb92dd1_900.jpg"},{"@type":"BreadcrumbList","@id":"https:\/\/www.noticiasradioreflejos.com.ar\/2021\/salud-evalua-un-segundo-caso-sospechoso-tras-confirmar-primer-contagio-en-argentina\/#breadcrumb","itemListElement":[{"@type":"ListItem","position":1,"name":"Portada","item":"https:\/\/www.noticiasradioreflejos.com.ar\/2021\/"},{"@type":"ListItem","position":2,"name":"Salud eval\u00faa un segundo caso sospechoso tras confirmar primer contagio en Argentina"}]},{"@type":"WebSite","@id":"https:\/\/www.noticiasradioreflejos.com.ar\/2021\/#website","url":"https:\/\/www.noticiasradioreflejos.com.ar\/2021\/","name":"Noticias Radio Reflejos","description":"Las noticias de mi comarca","potentialAction":[{"@type":"SearchAction","target":{"@type":"EntryPoint","urlTemplate":"https:\/\/www.noticiasradioreflejos.com.ar\/2021\/?s={search_term_string}"},"query-input":{"@type":"PropertyValueSpecification","valueRequired":true,"valueName":"search_term_string"}}],"inLanguage":"es"},{"@type":"Person","@id":"https:\/\/www.noticiasradioreflejos.com.ar\/2021\/#\/schema\/person\/ad82545263dcc5ec0996818884fd5fb1","name":"Arnaldo Botto","image":{"@type":"ImageObject","inLanguage":"es","@id":"https:\/\/www.noticiasradioreflejos.com.ar\/2021\/#\/schema\/person\/image\/","url":"https:\/\/secure.gravatar.com\/avatar\/55cb5e37c1efa326397366e6974cb338056df65cb50e7d64d1cf314e87504837?s=96&d=mm&r=g","contentUrl":"https:\/\/secure.gravatar.com\/avatar\/55cb5e37c1efa326397366e6974cb338056df65cb50e7d64d1cf314e87504837?s=96&d=mm&r=g","caption":"Arnaldo Botto"},"url":"https:\/\/www.noticiasradioreflejos.com.ar\/2021\/author\/arnaldo\/"}]}},"_links":{"self":[{"href":"https:\/\/www.noticiasradioreflejos.com.ar\/2021\/wp-json\/wp\/v2\/posts\/72743","targetHints":{"allow":["GET"]}}],"collection":[{"href":"https:\/\/www.noticiasradioreflejos.com.ar\/2021\/wp-json\/wp\/v2\/posts"}],"about":[{"href":"https:\/\/www.noticiasradioreflejos.com.ar\/2021\/wp-json\/wp\/v2\/types\/post"}],"author":[{"embeddable":true,"href":"https:\/\/www.noticiasradioreflejos.com.ar\/2021\/wp-json\/wp\/v2\/users\/3"}],"replies":[{"embeddable":true,"href":"https:\/\/www.noticiasradioreflejos.com.ar\/2021\/wp-json\/wp\/v2\/comments?post=72743"}],"version-history":[{"count":1,"href":"https:\/\/www.noticiasradioreflejos.com.ar\/2021\/wp-json\/wp\/v2\/posts\/72743\/revisions"}],"predecessor-version":[{"id":72745,"href":"https:\/\/www.noticiasradioreflejos.com.ar\/2021\/wp-json\/wp\/v2\/posts\/72743\/revisions\/72745"}],"wp:attachment":[{"href":"https:\/\/www.noticiasradioreflejos.com.ar\/2021\/wp-json\/wp\/v2\/media?parent=72743"}],"wp:term":[{"taxonomy":"category","embeddable":true,"href":"https:\/\/www.noticiasradioreflejos.com.ar\/2021\/wp-json\/wp\/v2\/categories?post=72743"},{"taxonomy":"post_tag","embeddable":true,"href":"https:\/\/www.noticiasradioreflejos.com.ar\/2021\/wp-json\/wp\/v2\/tags?post=72743"}],"curies":[{"name":"wp","href":"https:\/\/api.w.org\/{rel}","templated":true}]}}