{"id":72740,"date":"2022-05-27T15:02:03","date_gmt":"2022-05-27T15:02:03","guid":{"rendered":"http:\/\/www.noticiasradioreflejos.com.ar\/2021\/?p=72740"},"modified":"2022-05-27T15:02:03","modified_gmt":"2022-05-27T15:02:03","slug":"schwartzman-se-instalo-en-octavos-de-final-de-roland-garros","status":"publish","type":"post","link":"https:\/\/www.noticiasradioreflejos.com.ar\/2021\/schwartzman-se-instalo-en-octavos-de-final-de-roland-garros\/","title":{"rendered":"Schwartzman se instal\u00f3 en octavos de final de Roland Garros"},"content":{"rendered":"<p>El \u00abPeque\u00bb jug\u00f3 en un alt\u00edsimo nivel y venci\u00f3 en sets corridos al b\u00falgaro Dimitrov por 6-3, 6-1 y 6-2. El argentino continuar\u00e1 su camino en Par\u00eds ante el ganador del partido que disputar\u00e1n Djokovic y Bedene.<\/p>\n<div class=\"wrapper-editable-content\">\n<div class=\"wrapper-info-note\">\n<div class=\"col-md-12\">\n<div class=\"wrapper-author-social\">\n<div class=\"author-box mb-4\">\n<div class=\"image\"><\/div>\n<\/div>\n<\/div>\n<\/div>\n<\/div>\n<div>\n<div class=\"wrapper-editable-content\">\n<div>\n<div class=\"container-md\">\n<div class=\"row\">\n<div class=\"col-md-12 speak\">\n<div class=\"paragraph\">\n<figure class=\"mb-3\"><img decoding=\"async\" src=\"https:\/\/www.telam.com.ar\/thumbs\/bluesteel\/advf\/imagenes\/2022\/05\/6290be1ec807e_900.jpg\" alt=\"Schwartzman en octavos del certamen parisino Foto AFP\" width=\"100%\" height=\"100%\" \/><\/p>\n<div class=\"media-icons\"><\/div><figcaption>Schwartzman en octavos del certamen parisino \/ Foto: AFP<\/figcaption><\/figure>\n<p>El \u00abPeque\u00bb Schwartzman jug\u00f3 en un nivel alt\u00edsimo para instalarse en los octavos de final de Roland Garros, tras vencer en sets corridos al b\u00falgaro Grigor Dimitrov por 6-3, 6-1 y 6-2.<\/p>\n<p>El argentino, ubicado en el puesto 16 del ranking mundial de la ATP, emple\u00f3 dos horas y cuarto para doblegar al b\u00falgaro Dimitrov (20), un rival que siempre lo complic\u00f3 y de hecho est\u00e1 3-2 abajo en el historial luego de su victoria en el Grand Slam franc\u00e9s.<\/p>\n<p>El tenista porte\u00f1o, de 29 a\u00f1os, continuar\u00e1 su camino en Par\u00eds ante el ganador del partido que animar\u00e1n este viernes el n\u00famero uno del mundo y defensor del t\u00edtulo, el serbio Novak Djokovic (1), y el esloveno Aljaz Bedene (195).<\/p>\n<p>Schwartzman, quien hab\u00eda superado en las ronda previas al ruso Andrey Kuznetsov (228) en cuatro sets, y al espa\u00f1ol Jaume Munar (87), en cinco sets, mostr\u00f3 su mejor versi\u00f3n ante el b\u00falgaro, a quien no venc\u00eda desde la final de Estambul de 2016.<\/p>\n<p>El argentino comenz\u00f3 el partido con dos quiebres de servicio y se puso 3-0 arriba, con tiros profundos y siempre buscando dominar a su rival, as\u00ed se llev\u00f3 el set por 6-3.<\/p>\n<p>En el segundo parcial el dominio del \u00abPeque\u00bb fue abrumador y por eso no extra\u00f1\u00f3 el 6-1 con que lo defini\u00f3 y la aprobaci\u00f3n desde la platea de su entrenador Juan Ignacio Chela, quien lo aplaud\u00eda y alentaba a no bajar el ritmo.<\/p>\n<p>Schwartzman sigui\u00f3 concentrado y pese a quedar 2-0 abajo en el tercer set, se recuper\u00f3 tras ajustar su devoluci\u00f3n y con derechas profundas volvi\u00f3 a pasar al frente para llevarse el set por 6-2 y el partido.<\/p>\n<p>\u00abJugu\u00e9 en un nivel alt\u00edsimo, estoy muy contento. Las condiciones de la cancha, muy lenta, me favorecieron ante un rival que siempre me complica\u00bb, expres\u00f3 el \u00abPeque\u00bb en di\u00e1logo con la prensa ni bien termin\u00f3 el partido.<\/p>\n<p>Schwartzman, semifinalista de Roland Garros en 2020 y cuartofinalista en 2021 (en ambas ocasiones perdi\u00f3 con el espa\u00f1ol Rafael Nadal), es el \u00fanico argentino que sigue adelante en el Grand Slam franc\u00e9s sobre un total de 11 que ingresaron al cuadro principal.<\/p>\n<blockquote class=\"twitter-tweet\" data-width=\"500\" data-dnt=\"true\">\n<p lang=\"en\" dir=\"ltr\">That Friday feeling \ud83d\udcaf<a href=\"https:\/\/twitter.com\/dieschwartzman?ref_src=twsrc%5Etfw\">@dieschwartzman<\/a> books his place in the last 16 for the third consecutive year, defeating Dimitrov 6-3, 6-1, 6-2.<a href=\"https:\/\/twitter.com\/hashtag\/RolandGarros?src=hash&amp;ref_src=twsrc%5Etfw\">#RolandGarros<\/a> <a href=\"https:\/\/t.co\/9yi5g9nEOg\">pic.twitter.com\/9yi5g9nEOg<\/a><\/p>\n<p>&mdash; Roland-Garros (@rolandgarros) <a href=\"https:\/\/twitter.com\/rolandgarros\/status\/1530150667054194688?ref_src=twsrc%5Etfw\">May 27, 2022<\/a><\/p><\/blockquote>\n<p><script async src=\"https:\/\/platform.twitter.com\/widgets.js\" charset=\"utf-8\"><\/script><\/p>\n<\/div>\n<\/div>\n<\/div>\n<\/div>\n<\/div>\n<\/div>\n<\/div>\n<\/div>\n","protected":false},"excerpt":{"rendered":"<p>El \u00abPeque\u00bb jug\u00f3 en un alt\u00edsimo nivel y venci\u00f3 en sets corridos al b\u00falgaro Dimitrov por 6-3, 6-1 y 6-2. El argentino continuar\u00e1 su camino en Par\u00eds ante el ganador del partido que disputar\u00e1n Djokovic y Bedene. Schwartzman en octavos del certamen parisino \/ Foto: AFP El \u00abPeque\u00bb Schwartzman jug\u00f3 en un nivel alt\u00edsimo para [&hellip;]<\/p>\n","protected":false},"author":3,"featured_media":0,"comment_status":"closed","ping_status":"closed","sticky":false,"template":"","format":"standard","meta":{"footnotes":""},"categories":[27],"tags":[],"class_list":["post-72740","post","type-post","status-publish","format-standard","hentry","category-deportes"],"yoast_head":"<!-- This site is optimized with the Yoast SEO plugin v25.9 - https:\/\/yoast.com\/wordpress\/plugins\/seo\/ -->\n<title>Schwartzman se instal\u00f3 en octavos de final de Roland Garros - Noticias Radio Reflejos<\/title>\n<meta name=\"robots\" content=\"index, follow, max-snippet:-1, max-image-preview:large, max-video-preview:-1\" \/>\n<link rel=\"canonical\" href=\"https:\/\/www.noticiasradioreflejos.com.ar\/2021\/schwartzman-se-instalo-en-octavos-de-final-de-roland-garros\/\" \/>\n<meta property=\"og:locale\" content=\"es_ES\" \/>\n<meta property=\"og:type\" content=\"article\" \/>\n<meta property=\"og:title\" content=\"Schwartzman se instal\u00f3 en octavos de final de Roland Garros - Noticias Radio Reflejos\" \/>\n<meta property=\"og:description\" content=\"El \u00abPeque\u00bb jug\u00f3 en un alt\u00edsimo nivel y venci\u00f3 en sets corridos al b\u00falgaro Dimitrov por 6-3, 6-1 y 6-2. El argentino continuar\u00e1 su camino en Par\u00eds ante el ganador del partido que disputar\u00e1n Djokovic y Bedene. Schwartzman en octavos del certamen parisino \/ Foto: AFP El \u00abPeque\u00bb Schwartzman jug\u00f3 en un nivel alt\u00edsimo para [&hellip;]\" \/>\n<meta property=\"og:url\" content=\"https:\/\/www.noticiasradioreflejos.com.ar\/2021\/schwartzman-se-instalo-en-octavos-de-final-de-roland-garros\/\" \/>\n<meta property=\"og:site_name\" content=\"Noticias Radio Reflejos\" \/>\n<meta property=\"article:published_time\" content=\"2022-05-27T15:02:03+00:00\" \/>\n<meta property=\"og:image\" content=\"https:\/\/www.telam.com.ar\/thumbs\/bluesteel\/advf\/imagenes\/2022\/05\/6290be1ec807e_900.jpg\" \/>\n<meta name=\"author\" content=\"Arnaldo Botto\" \/>\n<meta name=\"twitter:card\" content=\"summary_large_image\" \/>\n<script type=\"application\/ld+json\" class=\"yoast-schema-graph\">{\"@context\":\"https:\/\/schema.org\",\"@graph\":[{\"@type\":\"WebPage\",\"@id\":\"https:\/\/www.noticiasradioreflejos.com.ar\/2021\/schwartzman-se-instalo-en-octavos-de-final-de-roland-garros\/\",\"url\":\"https:\/\/www.noticiasradioreflejos.com.ar\/2021\/schwartzman-se-instalo-en-octavos-de-final-de-roland-garros\/\",\"name\":\"Schwartzman se instal\u00f3 en octavos de final de Roland Garros - Noticias Radio Reflejos\",\"isPartOf\":{\"@id\":\"https:\/\/www.noticiasradioreflejos.com.ar\/2021\/#website\"},\"primaryImageOfPage\":{\"@id\":\"https:\/\/www.noticiasradioreflejos.com.ar\/2021\/schwartzman-se-instalo-en-octavos-de-final-de-roland-garros\/#primaryimage\"},\"image\":{\"@id\":\"https:\/\/www.noticiasradioreflejos.com.ar\/2021\/schwartzman-se-instalo-en-octavos-de-final-de-roland-garros\/#primaryimage\"},\"thumbnailUrl\":\"https:\/\/www.telam.com.ar\/thumbs\/bluesteel\/advf\/imagenes\/2022\/05\/6290be1ec807e_900.jpg\",\"datePublished\":\"2022-05-27T15:02:03+00:00\",\"author\":{\"@id\":\"https:\/\/www.noticiasradioreflejos.com.ar\/2021\/#\/schema\/person\/ad82545263dcc5ec0996818884fd5fb1\"},\"breadcrumb\":{\"@id\":\"https:\/\/www.noticiasradioreflejos.com.ar\/2021\/schwartzman-se-instalo-en-octavos-de-final-de-roland-garros\/#breadcrumb\"},\"inLanguage\":\"es\",\"potentialAction\":[{\"@type\":\"ReadAction\",\"target\":[\"https:\/\/www.noticiasradioreflejos.com.ar\/2021\/schwartzman-se-instalo-en-octavos-de-final-de-roland-garros\/\"]}]},{\"@type\":\"ImageObject\",\"inLanguage\":\"es\",\"@id\":\"https:\/\/www.noticiasradioreflejos.com.ar\/2021\/schwartzman-se-instalo-en-octavos-de-final-de-roland-garros\/#primaryimage\",\"url\":\"https:\/\/www.telam.com.ar\/thumbs\/bluesteel\/advf\/imagenes\/2022\/05\/6290be1ec807e_900.jpg\",\"contentUrl\":\"https:\/\/www.telam.com.ar\/thumbs\/bluesteel\/advf\/imagenes\/2022\/05\/6290be1ec807e_900.jpg\"},{\"@type\":\"BreadcrumbList\",\"@id\":\"https:\/\/www.noticiasradioreflejos.com.ar\/2021\/schwartzman-se-instalo-en-octavos-de-final-de-roland-garros\/#breadcrumb\",\"itemListElement\":[{\"@type\":\"ListItem\",\"position\":1,\"name\":\"Portada\",\"item\":\"https:\/\/www.noticiasradioreflejos.com.ar\/2021\/\"},{\"@type\":\"ListItem\",\"position\":2,\"name\":\"Schwartzman se instal\u00f3 en octavos de final de Roland Garros\"}]},{\"@type\":\"WebSite\",\"@id\":\"https:\/\/www.noticiasradioreflejos.com.ar\/2021\/#website\",\"url\":\"https:\/\/www.noticiasradioreflejos.com.ar\/2021\/\",\"name\":\"Noticias Radio Reflejos\",\"description\":\"Las noticias de mi comarca\",\"potentialAction\":[{\"@type\":\"SearchAction\",\"target\":{\"@type\":\"EntryPoint\",\"urlTemplate\":\"https:\/\/www.noticiasradioreflejos.com.ar\/2021\/?s={search_term_string}\"},\"query-input\":{\"@type\":\"PropertyValueSpecification\",\"valueRequired\":true,\"valueName\":\"search_term_string\"}}],\"inLanguage\":\"es\"},{\"@type\":\"Person\",\"@id\":\"https:\/\/www.noticiasradioreflejos.com.ar\/2021\/#\/schema\/person\/ad82545263dcc5ec0996818884fd5fb1\",\"name\":\"Arnaldo Botto\",\"image\":{\"@type\":\"ImageObject\",\"inLanguage\":\"es\",\"@id\":\"https:\/\/www.noticiasradioreflejos.com.ar\/2021\/#\/schema\/person\/image\/\",\"url\":\"https:\/\/secure.gravatar.com\/avatar\/55cb5e37c1efa326397366e6974cb338056df65cb50e7d64d1cf314e87504837?s=96&d=mm&r=g\",\"contentUrl\":\"https:\/\/secure.gravatar.com\/avatar\/55cb5e37c1efa326397366e6974cb338056df65cb50e7d64d1cf314e87504837?s=96&d=mm&r=g\",\"caption\":\"Arnaldo Botto\"},\"url\":\"https:\/\/www.noticiasradioreflejos.com.ar\/2021\/author\/arnaldo\/\"}]}<\/script>\n<!-- \/ Yoast SEO plugin. -->","yoast_head_json":{"title":"Schwartzman se instal\u00f3 en octavos de final de Roland Garros - Noticias Radio Reflejos","robots":{"index":"index","follow":"follow","max-snippet":"max-snippet:-1","max-image-preview":"max-image-preview:large","max-video-preview":"max-video-preview:-1"},"canonical":"https:\/\/www.noticiasradioreflejos.com.ar\/2021\/schwartzman-se-instalo-en-octavos-de-final-de-roland-garros\/","og_locale":"es_ES","og_type":"article","og_title":"Schwartzman se instal\u00f3 en octavos de final de Roland Garros - Noticias Radio Reflejos","og_description":"El \u00abPeque\u00bb jug\u00f3 en un alt\u00edsimo nivel y venci\u00f3 en sets corridos al b\u00falgaro Dimitrov por 6-3, 6-1 y 6-2. El argentino continuar\u00e1 su camino en Par\u00eds ante el ganador del partido que disputar\u00e1n Djokovic y Bedene. Schwartzman en octavos del certamen parisino \/ Foto: AFP El \u00abPeque\u00bb Schwartzman jug\u00f3 en un nivel alt\u00edsimo para [&hellip;]","og_url":"https:\/\/www.noticiasradioreflejos.com.ar\/2021\/schwartzman-se-instalo-en-octavos-de-final-de-roland-garros\/","og_site_name":"Noticias Radio Reflejos","article_published_time":"2022-05-27T15:02:03+00:00","og_image":[{"url":"https:\/\/www.telam.com.ar\/thumbs\/bluesteel\/advf\/imagenes\/2022\/05\/6290be1ec807e_900.jpg","type":"","width":"","height":""}],"author":"Arnaldo Botto","twitter_card":"summary_large_image","schema":{"@context":"https:\/\/schema.org","@graph":[{"@type":"WebPage","@id":"https:\/\/www.noticiasradioreflejos.com.ar\/2021\/schwartzman-se-instalo-en-octavos-de-final-de-roland-garros\/","url":"https:\/\/www.noticiasradioreflejos.com.ar\/2021\/schwartzman-se-instalo-en-octavos-de-final-de-roland-garros\/","name":"Schwartzman se instal\u00f3 en octavos de final de Roland Garros - Noticias Radio Reflejos","isPartOf":{"@id":"https:\/\/www.noticiasradioreflejos.com.ar\/2021\/#website"},"primaryImageOfPage":{"@id":"https:\/\/www.noticiasradioreflejos.com.ar\/2021\/schwartzman-se-instalo-en-octavos-de-final-de-roland-garros\/#primaryimage"},"image":{"@id":"https:\/\/www.noticiasradioreflejos.com.ar\/2021\/schwartzman-se-instalo-en-octavos-de-final-de-roland-garros\/#primaryimage"},"thumbnailUrl":"https:\/\/www.telam.com.ar\/thumbs\/bluesteel\/advf\/imagenes\/2022\/05\/6290be1ec807e_900.jpg","datePublished":"2022-05-27T15:02:03+00:00","author":{"@id":"https:\/\/www.noticiasradioreflejos.com.ar\/2021\/#\/schema\/person\/ad82545263dcc5ec0996818884fd5fb1"},"breadcrumb":{"@id":"https:\/\/www.noticiasradioreflejos.com.ar\/2021\/schwartzman-se-instalo-en-octavos-de-final-de-roland-garros\/#breadcrumb"},"inLanguage":"es","potentialAction":[{"@type":"ReadAction","target":["https:\/\/www.noticiasradioreflejos.com.ar\/2021\/schwartzman-se-instalo-en-octavos-de-final-de-roland-garros\/"]}]},{"@type":"ImageObject","inLanguage":"es","@id":"https:\/\/www.noticiasradioreflejos.com.ar\/2021\/schwartzman-se-instalo-en-octavos-de-final-de-roland-garros\/#primaryimage","url":"https:\/\/www.telam.com.ar\/thumbs\/bluesteel\/advf\/imagenes\/2022\/05\/6290be1ec807e_900.jpg","contentUrl":"https:\/\/www.telam.com.ar\/thumbs\/bluesteel\/advf\/imagenes\/2022\/05\/6290be1ec807e_900.jpg"},{"@type":"BreadcrumbList","@id":"https:\/\/www.noticiasradioreflejos.com.ar\/2021\/schwartzman-se-instalo-en-octavos-de-final-de-roland-garros\/#breadcrumb","itemListElement":[{"@type":"ListItem","position":1,"name":"Portada","item":"https:\/\/www.noticiasradioreflejos.com.ar\/2021\/"},{"@type":"ListItem","position":2,"name":"Schwartzman se instal\u00f3 en octavos de final de Roland Garros"}]},{"@type":"WebSite","@id":"https:\/\/www.noticiasradioreflejos.com.ar\/2021\/#website","url":"https:\/\/www.noticiasradioreflejos.com.ar\/2021\/","name":"Noticias Radio Reflejos","description":"Las noticias de mi comarca","potentialAction":[{"@type":"SearchAction","target":{"@type":"EntryPoint","urlTemplate":"https:\/\/www.noticiasradioreflejos.com.ar\/2021\/?s={search_term_string}"},"query-input":{"@type":"PropertyValueSpecification","valueRequired":true,"valueName":"search_term_string"}}],"inLanguage":"es"},{"@type":"Person","@id":"https:\/\/www.noticiasradioreflejos.com.ar\/2021\/#\/schema\/person\/ad82545263dcc5ec0996818884fd5fb1","name":"Arnaldo Botto","image":{"@type":"ImageObject","inLanguage":"es","@id":"https:\/\/www.noticiasradioreflejos.com.ar\/2021\/#\/schema\/person\/image\/","url":"https:\/\/secure.gravatar.com\/avatar\/55cb5e37c1efa326397366e6974cb338056df65cb50e7d64d1cf314e87504837?s=96&d=mm&r=g","contentUrl":"https:\/\/secure.gravatar.com\/avatar\/55cb5e37c1efa326397366e6974cb338056df65cb50e7d64d1cf314e87504837?s=96&d=mm&r=g","caption":"Arnaldo Botto"},"url":"https:\/\/www.noticiasradioreflejos.com.ar\/2021\/author\/arnaldo\/"}]}},"_links":{"self":[{"href":"https:\/\/www.noticiasradioreflejos.com.ar\/2021\/wp-json\/wp\/v2\/posts\/72740","targetHints":{"allow":["GET"]}}],"collection":[{"href":"https:\/\/www.noticiasradioreflejos.com.ar\/2021\/wp-json\/wp\/v2\/posts"}],"about":[{"href":"https:\/\/www.noticiasradioreflejos.com.ar\/2021\/wp-json\/wp\/v2\/types\/post"}],"author":[{"embeddable":true,"href":"https:\/\/www.noticiasradioreflejos.com.ar\/2021\/wp-json\/wp\/v2\/users\/3"}],"replies":[{"embeddable":true,"href":"https:\/\/www.noticiasradioreflejos.com.ar\/2021\/wp-json\/wp\/v2\/comments?post=72740"}],"version-history":[{"count":1,"href":"https:\/\/www.noticiasradioreflejos.com.ar\/2021\/wp-json\/wp\/v2\/posts\/72740\/revisions"}],"predecessor-version":[{"id":72742,"href":"https:\/\/www.noticiasradioreflejos.com.ar\/2021\/wp-json\/wp\/v2\/posts\/72740\/revisions\/72742"}],"wp:attachment":[{"href":"https:\/\/www.noticiasradioreflejos.com.ar\/2021\/wp-json\/wp\/v2\/media?parent=72740"}],"wp:term":[{"taxonomy":"category","embeddable":true,"href":"https:\/\/www.noticiasradioreflejos.com.ar\/2021\/wp-json\/wp\/v2\/categories?post=72740"},{"taxonomy":"post_tag","embeddable":true,"href":"https:\/\/www.noticiasradioreflejos.com.ar\/2021\/wp-json\/wp\/v2\/tags?post=72740"}],"curies":[{"name":"wp","href":"https:\/\/api.w.org\/{rel}","templated":true}]}}