{"id":72737,"date":"2022-05-27T14:50:51","date_gmt":"2022-05-27T14:50:51","guid":{"rendered":"http:\/\/www.noticiasradioreflejos.com.ar\/2021\/?p=72737"},"modified":"2022-05-27T14:53:35","modified_gmt":"2022-05-27T14:53:35","slug":"caso-lucas-gonzalez-elevaron-la-causa-a-juicio-oral-con-14-policias-de-la-ciudad-imputados","status":"publish","type":"post","link":"https:\/\/www.noticiasradioreflejos.com.ar\/2021\/caso-lucas-gonzalez-elevaron-la-causa-a-juicio-oral-con-14-policias-de-la-ciudad-imputados\/","title":{"rendered":"Caso Lucas Gonz\u00e1lez: elevaron la causa a juicio oral con 14 polic\u00edas de la Ciudad imputados"},"content":{"rendered":"<div class=\"section-2-col article-header\">\n<div class=\"col 2-col\">\n<p>La jueza rechaz\u00f3 los planteos que hab\u00edan presentado las defensas de los efectivos implicados. \u00abEstamos en condiciones de iniciar un juicio hist\u00f3rico, por la cantidad de involucrados y la perversidad de los encubridores\u00bb, afirm\u00f3 Gregorio Dalb\u00f3n, abogado de la familia Gonz\u00e1lez-<\/p>\n<\/div>\n<\/div>\n<p><!--more--><\/p>\n<div class=\"section-2-col article-main-image\">\n<div class=\"col 2-col\">\n<div class=\"article-main-media-image__container\">\n<div class=\"image-wrapper\">\n<figure>\n<figure class=\"object-fit-block--contain intrinsic-container intrinsic-container-3x2\"><img decoding=\"async\" class=\" \" src=\"https:\/\/images.pagina12.com.ar\/styles\/focal_3_2_960x640\/public\/2022-05\/541280-39325-lucas_0.jpeg?itok=4Hq9zzER\" alt=\"\" \/><\/figure>\n<\/figure>\n<\/div>\n<\/div>\n<\/div>\n<\/div>\n<div class=\"section-2-col article-main-content\">\n<div class=\"col 1-col\"><\/div>\n<div class=\"col 2-col\">\n<div class=\"article-main-content article-text \">\n<p>La jueza Paula Ver\u00f3nica Gonz\u00e1lez elev\u00f3 a\u00a0<b>juicio oral<\/b>\u00a0la causa por el\u00a0<b>crimen de Lucas Gonz\u00e1lez<\/b>, el adolescente de 17 a\u00f1os asesinado a balazos por polic\u00edas de la Ciudad en el barrio porte\u00f1o de Barracas. Por el caso, 14 efectivos de la fuerza porte\u00f1a fueron imputados por los delitos de \u00abhomicidio agravado\u00bb y \u00abencubrimiento\u00bb.<\/p>\n<p>La jueza, quien se encuentra a cargo del Juzgado Nacional en lo Criminal y Correccional 7, rechaz\u00f3 todos los planteos de oposici\u00f3n que hab\u00edan presentado las defensas de los polic\u00edas implicados y\u00a0<b>aval\u00f3 el requerimiento de elevaci\u00f3n a juicio<\/b><\/p>\n<div id=\"talkFireEvent\"><\/div>\n<p>presentado en marzo pasado por el\u00a0<b><a href=\"https:\/\/www.pagina12.com.ar\/410790-lucas-gonzalez-el-fiscal-pidio-elevar-a-juicio-a-14-policias\" target=\"_blank\" rel=\"noopener noreferrer\">fiscal\u00a0<\/a><\/b>de la causa, Leonel G\u00f3mez Barbella.<\/p>\n<p>La decisi\u00f3n alcanza a los polic\u00edas de la Ciudad Gabriel Alejandro Isassi, Juan Jos\u00e9 Nieva, Fabi\u00e1n Andr\u00e9s L\u00f3pez, H\u00e9ctor Claudio Cuevas, Roberto Orlando Inca, Juan Horario Romero, Fabi\u00e1n Alberto Du Santos, Daniel Alberto Santana, Ram\u00f3n Jes\u00fas Chocobar, Sebasti\u00e1n Jorge Baidon, Jonathan Alexis Mart\u00ednez, \u00c1ngel Dar\u00edo Ar\u00e9valos, Daniel Rub\u00e9n Espinosa y Rodolfo Alejandro Ozan.<\/p>\n<p>La medida fue confirmada a Go Noticias por\u00a0<b>Gregorio Dalb\u00f3n<\/b>, abogado de la familia de Lucas Gonz\u00e1lez, quien consider\u00f3 que se est\u00e1 \u00ab<b>en condiciones de iniciar un juicio hist\u00f3rico\u00bb, tanto \u00abpor la cantidad de involucrados y la perversidad de los encubridores\u00bb.<\/b><\/p>\n<p>Si bien Dalb\u00f3n se mostr\u00f3 conforme con la medida dispuesta por la magistrada, se\u00f1al\u00f3 que continuar\u00e1<b>\u00a0\u00abtrabajando para que los (polic\u00edas), que quedaron con falta de m\u00e9rito que manipularon el arma, Lorena Mi\u00f1o y Micaela Fari\u00f1a paguen por su evidente participaci\u00f3n en la presente causa\u00bb.<\/b><\/p>\n<p>\u00abLa familia solo espera justicia y r\u00e1pida.\u00a0<a href=\"https:\/\/www.pagina12.com.ar\/402917-la-madre-de-lucas-gonzalez-intento-suicidarse-conto-su-aboga\" target=\"_blank\" rel=\"noopener noreferrer\">Cintia\u00a0<\/a>(la madre de Lucas) no est\u00e1 bien a\u00fan, sigue con graves problemas psiqui\u00e1tricos. Pero la fuerza de H\u00e9ctor, su marido y de los padres y sobrevivientes es extraordinaria\u00bb, resalt\u00f3 el letrado.<\/p>\n<h2>El caso<\/h2>\n<p>El<b>\u00a0crimen de Lucas Gonz\u00e1lez<\/b>\u00a0ocurri\u00f3 el 17 de noviembre de 2021, cuando la v\u00edctima estaba junto a tres amigos a bordo de un auto en el que viajaban rumbo a sus casas, luego del entrenamiento en Barracas Central, club donde Lucas jugaba al f\u00fatbol y los otros tres, se hab\u00edan ido a probar.<\/p>\n<p>A las pocas cuadras, luego de parar en un quiosco a comprar jugo de naranja y unas galletitas, fueron interceptados por un veh\u00edculo sin patente y sin la baliza de la Polic\u00eda de la Ciudad, del cual\u00a0<b>bajaron tres efectivos armados y de civil, que no se identificaron.<\/b><\/p>\n<p>Los adolescentes<b>\u00a0creyeron que eran ladrones que quer\u00edan robarles el auto,<\/b>\u00a0por lo que escaparon del lugar. En ese momento, los polic\u00edas<b>\u00a0comenzaron a disparar contra el auto<\/b>. Uno de los balazos dio en la cabeza de Lucas, quien muri\u00f3 horas m\u00e1s tarde en el Hospital de El Cruce, en Florencio Varela.<\/p>\n<p>Poco despu\u00e9s del hecho, los superiores de los polic\u00edas que dispararon fueron al lugar del hecho y la Justicia sostiene que comenzaron las maniobras para desviar la atenci\u00f3n y proteger a quienes asesinaron al adolescente.<\/p>\n<\/div>\n<\/div>\n<\/div>\n","protected":false},"excerpt":{"rendered":"<p>La jueza rechaz\u00f3 los planteos que hab\u00edan presentado las defensas de los efectivos implicados. \u00abEstamos en condiciones de iniciar un juicio hist\u00f3rico, por la cantidad de involucrados y la perversidad de los encubridores\u00bb, afirm\u00f3 Gregorio Dalb\u00f3n, abogado de la familia Gonz\u00e1lez-<\/p>\n","protected":false},"author":3,"featured_media":0,"comment_status":"closed","ping_status":"closed","sticky":false,"template":"","format":"standard","meta":{"footnotes":""},"categories":[57],"tags":[],"class_list":["post-72737","post","type-post","status-publish","format-standard","hentry","category-judiciales"],"yoast_head":"<!-- This site is optimized with the Yoast SEO plugin v25.9 - https:\/\/yoast.com\/wordpress\/plugins\/seo\/ -->\n<title>Caso Lucas Gonz\u00e1lez: elevaron la causa a juicio oral con 14 polic\u00edas de la Ciudad imputados - Noticias Radio Reflejos<\/title>\n<meta name=\"robots\" content=\"index, follow, max-snippet:-1, max-image-preview:large, max-video-preview:-1\" \/>\n<link rel=\"canonical\" href=\"https:\/\/www.noticiasradioreflejos.com.ar\/2021\/caso-lucas-gonzalez-elevaron-la-causa-a-juicio-oral-con-14-policias-de-la-ciudad-imputados\/\" \/>\n<meta property=\"og:locale\" content=\"es_ES\" \/>\n<meta property=\"og:type\" content=\"article\" \/>\n<meta property=\"og:title\" content=\"Caso Lucas Gonz\u00e1lez: elevaron la causa a juicio oral con 14 polic\u00edas de la Ciudad imputados - Noticias Radio Reflejos\" \/>\n<meta property=\"og:description\" content=\"La jueza rechaz\u00f3 los planteos que hab\u00edan presentado las defensas de los efectivos implicados. \u00abEstamos en condiciones de iniciar un juicio hist\u00f3rico, por la cantidad de involucrados y la perversidad de los encubridores\u00bb, afirm\u00f3 Gregorio Dalb\u00f3n, abogado de la familia Gonz\u00e1lez-\" \/>\n<meta property=\"og:url\" content=\"https:\/\/www.noticiasradioreflejos.com.ar\/2021\/caso-lucas-gonzalez-elevaron-la-causa-a-juicio-oral-con-14-policias-de-la-ciudad-imputados\/\" \/>\n<meta property=\"og:site_name\" content=\"Noticias Radio Reflejos\" \/>\n<meta property=\"article:published_time\" content=\"2022-05-27T14:50:51+00:00\" \/>\n<meta property=\"article:modified_time\" content=\"2022-05-27T14:53:35+00:00\" \/>\n<meta property=\"og:image\" content=\"https:\/\/images.pagina12.com.ar\/styles\/focal_3_2_960x640\/public\/2022-05\/541280-39325-lucas_0.jpeg?itok=4Hq9zzER\" \/>\n<meta name=\"author\" content=\"Arnaldo Botto\" \/>\n<meta name=\"twitter:card\" content=\"summary_large_image\" \/>\n<script type=\"application\/ld+json\" class=\"yoast-schema-graph\">{\"@context\":\"https:\/\/schema.org\",\"@graph\":[{\"@type\":\"WebPage\",\"@id\":\"https:\/\/www.noticiasradioreflejos.com.ar\/2021\/caso-lucas-gonzalez-elevaron-la-causa-a-juicio-oral-con-14-policias-de-la-ciudad-imputados\/\",\"url\":\"https:\/\/www.noticiasradioreflejos.com.ar\/2021\/caso-lucas-gonzalez-elevaron-la-causa-a-juicio-oral-con-14-policias-de-la-ciudad-imputados\/\",\"name\":\"Caso Lucas Gonz\u00e1lez: elevaron la causa a juicio oral con 14 polic\u00edas de la Ciudad imputados - Noticias Radio Reflejos\",\"isPartOf\":{\"@id\":\"https:\/\/www.noticiasradioreflejos.com.ar\/2021\/#website\"},\"primaryImageOfPage\":{\"@id\":\"https:\/\/www.noticiasradioreflejos.com.ar\/2021\/caso-lucas-gonzalez-elevaron-la-causa-a-juicio-oral-con-14-policias-de-la-ciudad-imputados\/#primaryimage\"},\"image\":{\"@id\":\"https:\/\/www.noticiasradioreflejos.com.ar\/2021\/caso-lucas-gonzalez-elevaron-la-causa-a-juicio-oral-con-14-policias-de-la-ciudad-imputados\/#primaryimage\"},\"thumbnailUrl\":\"https:\/\/images.pagina12.com.ar\/styles\/focal_3_2_960x640\/public\/2022-05\/541280-39325-lucas_0.jpeg?itok=4Hq9zzER\",\"datePublished\":\"2022-05-27T14:50:51+00:00\",\"dateModified\":\"2022-05-27T14:53:35+00:00\",\"author\":{\"@id\":\"https:\/\/www.noticiasradioreflejos.com.ar\/2021\/#\/schema\/person\/ad82545263dcc5ec0996818884fd5fb1\"},\"breadcrumb\":{\"@id\":\"https:\/\/www.noticiasradioreflejos.com.ar\/2021\/caso-lucas-gonzalez-elevaron-la-causa-a-juicio-oral-con-14-policias-de-la-ciudad-imputados\/#breadcrumb\"},\"inLanguage\":\"es\",\"potentialAction\":[{\"@type\":\"ReadAction\",\"target\":[\"https:\/\/www.noticiasradioreflejos.com.ar\/2021\/caso-lucas-gonzalez-elevaron-la-causa-a-juicio-oral-con-14-policias-de-la-ciudad-imputados\/\"]}]},{\"@type\":\"ImageObject\",\"inLanguage\":\"es\",\"@id\":\"https:\/\/www.noticiasradioreflejos.com.ar\/2021\/caso-lucas-gonzalez-elevaron-la-causa-a-juicio-oral-con-14-policias-de-la-ciudad-imputados\/#primaryimage\",\"url\":\"https:\/\/images.pagina12.com.ar\/styles\/focal_3_2_960x640\/public\/2022-05\/541280-39325-lucas_0.jpeg?itok=4Hq9zzER\",\"contentUrl\":\"https:\/\/images.pagina12.com.ar\/styles\/focal_3_2_960x640\/public\/2022-05\/541280-39325-lucas_0.jpeg?itok=4Hq9zzER\"},{\"@type\":\"BreadcrumbList\",\"@id\":\"https:\/\/www.noticiasradioreflejos.com.ar\/2021\/caso-lucas-gonzalez-elevaron-la-causa-a-juicio-oral-con-14-policias-de-la-ciudad-imputados\/#breadcrumb\",\"itemListElement\":[{\"@type\":\"ListItem\",\"position\":1,\"name\":\"Portada\",\"item\":\"https:\/\/www.noticiasradioreflejos.com.ar\/2021\/\"},{\"@type\":\"ListItem\",\"position\":2,\"name\":\"Caso Lucas Gonz\u00e1lez: elevaron la causa a juicio oral con 14 polic\u00edas de la Ciudad imputados\"}]},{\"@type\":\"WebSite\",\"@id\":\"https:\/\/www.noticiasradioreflejos.com.ar\/2021\/#website\",\"url\":\"https:\/\/www.noticiasradioreflejos.com.ar\/2021\/\",\"name\":\"Noticias Radio Reflejos\",\"description\":\"Las noticias de mi comarca\",\"potentialAction\":[{\"@type\":\"SearchAction\",\"target\":{\"@type\":\"EntryPoint\",\"urlTemplate\":\"https:\/\/www.noticiasradioreflejos.com.ar\/2021\/?s={search_term_string}\"},\"query-input\":{\"@type\":\"PropertyValueSpecification\",\"valueRequired\":true,\"valueName\":\"search_term_string\"}}],\"inLanguage\":\"es\"},{\"@type\":\"Person\",\"@id\":\"https:\/\/www.noticiasradioreflejos.com.ar\/2021\/#\/schema\/person\/ad82545263dcc5ec0996818884fd5fb1\",\"name\":\"Arnaldo Botto\",\"image\":{\"@type\":\"ImageObject\",\"inLanguage\":\"es\",\"@id\":\"https:\/\/www.noticiasradioreflejos.com.ar\/2021\/#\/schema\/person\/image\/\",\"url\":\"https:\/\/secure.gravatar.com\/avatar\/55cb5e37c1efa326397366e6974cb338056df65cb50e7d64d1cf314e87504837?s=96&d=mm&r=g\",\"contentUrl\":\"https:\/\/secure.gravatar.com\/avatar\/55cb5e37c1efa326397366e6974cb338056df65cb50e7d64d1cf314e87504837?s=96&d=mm&r=g\",\"caption\":\"Arnaldo Botto\"},\"url\":\"https:\/\/www.noticiasradioreflejos.com.ar\/2021\/author\/arnaldo\/\"}]}<\/script>\n<!-- \/ Yoast SEO plugin. -->","yoast_head_json":{"title":"Caso Lucas Gonz\u00e1lez: elevaron la causa a juicio oral con 14 polic\u00edas de la Ciudad imputados - Noticias Radio Reflejos","robots":{"index":"index","follow":"follow","max-snippet":"max-snippet:-1","max-image-preview":"max-image-preview:large","max-video-preview":"max-video-preview:-1"},"canonical":"https:\/\/www.noticiasradioreflejos.com.ar\/2021\/caso-lucas-gonzalez-elevaron-la-causa-a-juicio-oral-con-14-policias-de-la-ciudad-imputados\/","og_locale":"es_ES","og_type":"article","og_title":"Caso Lucas Gonz\u00e1lez: elevaron la causa a juicio oral con 14 polic\u00edas de la Ciudad imputados - Noticias Radio Reflejos","og_description":"La jueza rechaz\u00f3 los planteos que hab\u00edan presentado las defensas de los efectivos implicados. \u00abEstamos en condiciones de iniciar un juicio hist\u00f3rico, por la cantidad de involucrados y la perversidad de los encubridores\u00bb, afirm\u00f3 Gregorio Dalb\u00f3n, abogado de la familia Gonz\u00e1lez-","og_url":"https:\/\/www.noticiasradioreflejos.com.ar\/2021\/caso-lucas-gonzalez-elevaron-la-causa-a-juicio-oral-con-14-policias-de-la-ciudad-imputados\/","og_site_name":"Noticias Radio Reflejos","article_published_time":"2022-05-27T14:50:51+00:00","article_modified_time":"2022-05-27T14:53:35+00:00","og_image":[{"url":"https:\/\/images.pagina12.com.ar\/styles\/focal_3_2_960x640\/public\/2022-05\/541280-39325-lucas_0.jpeg?itok=4Hq9zzER","type":"","width":"","height":""}],"author":"Arnaldo Botto","twitter_card":"summary_large_image","schema":{"@context":"https:\/\/schema.org","@graph":[{"@type":"WebPage","@id":"https:\/\/www.noticiasradioreflejos.com.ar\/2021\/caso-lucas-gonzalez-elevaron-la-causa-a-juicio-oral-con-14-policias-de-la-ciudad-imputados\/","url":"https:\/\/www.noticiasradioreflejos.com.ar\/2021\/caso-lucas-gonzalez-elevaron-la-causa-a-juicio-oral-con-14-policias-de-la-ciudad-imputados\/","name":"Caso Lucas Gonz\u00e1lez: elevaron la causa a juicio oral con 14 polic\u00edas de la Ciudad imputados - Noticias Radio Reflejos","isPartOf":{"@id":"https:\/\/www.noticiasradioreflejos.com.ar\/2021\/#website"},"primaryImageOfPage":{"@id":"https:\/\/www.noticiasradioreflejos.com.ar\/2021\/caso-lucas-gonzalez-elevaron-la-causa-a-juicio-oral-con-14-policias-de-la-ciudad-imputados\/#primaryimage"},"image":{"@id":"https:\/\/www.noticiasradioreflejos.com.ar\/2021\/caso-lucas-gonzalez-elevaron-la-causa-a-juicio-oral-con-14-policias-de-la-ciudad-imputados\/#primaryimage"},"thumbnailUrl":"https:\/\/images.pagina12.com.ar\/styles\/focal_3_2_960x640\/public\/2022-05\/541280-39325-lucas_0.jpeg?itok=4Hq9zzER","datePublished":"2022-05-27T14:50:51+00:00","dateModified":"2022-05-27T14:53:35+00:00","author":{"@id":"https:\/\/www.noticiasradioreflejos.com.ar\/2021\/#\/schema\/person\/ad82545263dcc5ec0996818884fd5fb1"},"breadcrumb":{"@id":"https:\/\/www.noticiasradioreflejos.com.ar\/2021\/caso-lucas-gonzalez-elevaron-la-causa-a-juicio-oral-con-14-policias-de-la-ciudad-imputados\/#breadcrumb"},"inLanguage":"es","potentialAction":[{"@type":"ReadAction","target":["https:\/\/www.noticiasradioreflejos.com.ar\/2021\/caso-lucas-gonzalez-elevaron-la-causa-a-juicio-oral-con-14-policias-de-la-ciudad-imputados\/"]}]},{"@type":"ImageObject","inLanguage":"es","@id":"https:\/\/www.noticiasradioreflejos.com.ar\/2021\/caso-lucas-gonzalez-elevaron-la-causa-a-juicio-oral-con-14-policias-de-la-ciudad-imputados\/#primaryimage","url":"https:\/\/images.pagina12.com.ar\/styles\/focal_3_2_960x640\/public\/2022-05\/541280-39325-lucas_0.jpeg?itok=4Hq9zzER","contentUrl":"https:\/\/images.pagina12.com.ar\/styles\/focal_3_2_960x640\/public\/2022-05\/541280-39325-lucas_0.jpeg?itok=4Hq9zzER"},{"@type":"BreadcrumbList","@id":"https:\/\/www.noticiasradioreflejos.com.ar\/2021\/caso-lucas-gonzalez-elevaron-la-causa-a-juicio-oral-con-14-policias-de-la-ciudad-imputados\/#breadcrumb","itemListElement":[{"@type":"ListItem","position":1,"name":"Portada","item":"https:\/\/www.noticiasradioreflejos.com.ar\/2021\/"},{"@type":"ListItem","position":2,"name":"Caso Lucas Gonz\u00e1lez: elevaron la causa a juicio oral con 14 polic\u00edas de la Ciudad imputados"}]},{"@type":"WebSite","@id":"https:\/\/www.noticiasradioreflejos.com.ar\/2021\/#website","url":"https:\/\/www.noticiasradioreflejos.com.ar\/2021\/","name":"Noticias Radio Reflejos","description":"Las noticias de mi comarca","potentialAction":[{"@type":"SearchAction","target":{"@type":"EntryPoint","urlTemplate":"https:\/\/www.noticiasradioreflejos.com.ar\/2021\/?s={search_term_string}"},"query-input":{"@type":"PropertyValueSpecification","valueRequired":true,"valueName":"search_term_string"}}],"inLanguage":"es"},{"@type":"Person","@id":"https:\/\/www.noticiasradioreflejos.com.ar\/2021\/#\/schema\/person\/ad82545263dcc5ec0996818884fd5fb1","name":"Arnaldo Botto","image":{"@type":"ImageObject","inLanguage":"es","@id":"https:\/\/www.noticiasradioreflejos.com.ar\/2021\/#\/schema\/person\/image\/","url":"https:\/\/secure.gravatar.com\/avatar\/55cb5e37c1efa326397366e6974cb338056df65cb50e7d64d1cf314e87504837?s=96&d=mm&r=g","contentUrl":"https:\/\/secure.gravatar.com\/avatar\/55cb5e37c1efa326397366e6974cb338056df65cb50e7d64d1cf314e87504837?s=96&d=mm&r=g","caption":"Arnaldo Botto"},"url":"https:\/\/www.noticiasradioreflejos.com.ar\/2021\/author\/arnaldo\/"}]}},"_links":{"self":[{"href":"https:\/\/www.noticiasradioreflejos.com.ar\/2021\/wp-json\/wp\/v2\/posts\/72737","targetHints":{"allow":["GET"]}}],"collection":[{"href":"https:\/\/www.noticiasradioreflejos.com.ar\/2021\/wp-json\/wp\/v2\/posts"}],"about":[{"href":"https:\/\/www.noticiasradioreflejos.com.ar\/2021\/wp-json\/wp\/v2\/types\/post"}],"author":[{"embeddable":true,"href":"https:\/\/www.noticiasradioreflejos.com.ar\/2021\/wp-json\/wp\/v2\/users\/3"}],"replies":[{"embeddable":true,"href":"https:\/\/www.noticiasradioreflejos.com.ar\/2021\/wp-json\/wp\/v2\/comments?post=72737"}],"version-history":[{"count":1,"href":"https:\/\/www.noticiasradioreflejos.com.ar\/2021\/wp-json\/wp\/v2\/posts\/72737\/revisions"}],"predecessor-version":[{"id":72738,"href":"https:\/\/www.noticiasradioreflejos.com.ar\/2021\/wp-json\/wp\/v2\/posts\/72737\/revisions\/72738"}],"wp:attachment":[{"href":"https:\/\/www.noticiasradioreflejos.com.ar\/2021\/wp-json\/wp\/v2\/media?parent=72737"}],"wp:term":[{"taxonomy":"category","embeddable":true,"href":"https:\/\/www.noticiasradioreflejos.com.ar\/2021\/wp-json\/wp\/v2\/categories?post=72737"},{"taxonomy":"post_tag","embeddable":true,"href":"https:\/\/www.noticiasradioreflejos.com.ar\/2021\/wp-json\/wp\/v2\/tags?post=72737"}],"curies":[{"name":"wp","href":"https:\/\/api.w.org\/{rel}","templated":true}]}}