{"id":72734,"date":"2022-05-27T11:54:43","date_gmt":"2022-05-27T11:54:43","guid":{"rendered":"http:\/\/www.noticiasradioreflejos.com.ar\/2021\/?p=72734"},"modified":"2022-05-27T11:54:43","modified_gmt":"2022-05-27T11:54:43","slug":"llego-el-frio-como-proteger-el-auto-de-las-bajas-temperaturas","status":"publish","type":"post","link":"https:\/\/www.noticiasradioreflejos.com.ar\/2021\/llego-el-frio-como-proteger-el-auto-de-las-bajas-temperaturas\/","title":{"rendered":"Lleg\u00f3 el fr\u00edo: c\u00f3mo proteger el auto de las bajas temperaturas"},"content":{"rendered":"<p>\u00bfEs un mito la necesidad de arrancar el veh\u00edculo antes de salir? Dos mec\u00e1nicos cuentan los cuidados necesarios para evitar problemas con las heladas.<!--more--><\/p>\n<div class=\"detail-gallery\">\n<div class=\"detail-gallery__slide-wrapper\">\n<div class=\"detail-gallery__slide\">\n<figure class=\"detail-gallery__figure\"><img loading=\"lazy\" decoding=\"async\" class=\"detail-gallery__figure-img img-fluid\" title=\"Lleg\u00f3 el fr\u00edo: c\u00f3mo proteger el auto de las bajas temperaturas | LM Neuquen\" src=\"https:\/\/media.lmneuquen.com\/p\/76b9097a05e4d05364f7ee755297fe2a\/adjuntos\/195\/imagenes\/007\/161\/0007161131\/770x0\/smart\/sfp-puesta-punto-frio-autos-taller-mecanico-10jpg.jpg\" alt=\"Lleg\u00f3 el fr\u00edo: c\u00f3mo proteger el auto de las bajas temperaturas\" width=\"1200\" height=\"675\" \/><figcaption class=\"detail-gallery__figure-caption\">\n<div class=\"credit-media with-content \"><span class=\"copyinterior\">Sebastian Fari\u00f1a Petersen<\/span><\/div>\n<\/figcaption><\/figure>\n<\/div>\n<div class=\"detail-gallery__nav\"><\/div>\n<\/div>\n<\/div>\n<section class=\"body-content\" data-twitter-link=\"https:\/\/twitter.com\/intent\/tweet?url=https:\/\/www.lmneuquen.com\/c914441&amp;v\u00eda=lmneuquen&amp;related=LM Neuquen&amp;text=\" data-td-script-src=\"https:\/\/www.lmneuquen.com\/js-custom\/195\/v2\/jquery-3.6.0.min-min-version-1621517491.js,https:\/\/www.lmneuquen.com\/js-custom\/195\/v2\/functions\/function-embeds-min-version-1622559975.js\">\u00bfEs necesario arrancar el auto antes para evitar los golpes de fr\u00edo? \u00bfEs importante cubrir los veh\u00edculo para prevenir las bajas temperaturas? Llegaron las primeras\u00a0<strong><a class=\"agrupador\" href=\"https:\/\/www.lmneuquen.com\/heladas-a28204\" rel=\"28204\">heladas<\/a><\/strong> y muchos vecinos dejan sus autom\u00f3viles en la calle y sin protecci\u00f3n en el invierno.<\/section>\n<section class=\"body-content\" data-twitter-link=\"https:\/\/twitter.com\/intent\/tweet?url=https:\/\/www.lmneuquen.com\/c914441&amp;v\u00eda=lmneuquen&amp;related=LM Neuquen&amp;text=\" data-td-script-src=\"https:\/\/www.lmneuquen.com\/js-custom\/195\/v2\/jquery-3.6.0.min-min-version-1621517491.js,https:\/\/www.lmneuquen.com\/js-custom\/195\/v2\/functions\/function-embeds-min-version-1622559975.js\">Seg\u00fan el reporte de la Autoridad Interjurisdiccional de Cuencas (AIC) se viene en el Alto Valle d\u00edas con m\u00e1ximas apenas por encima de los 10 grados y m\u00ednimas bajo cero, con heladas nocturnas prolongadas.<\/section>\n<section data-twitter-link=\"https:\/\/twitter.com\/intent\/tweet?url=https:\/\/www.lmneuquen.com\/c914441&amp;v\u00eda=lmneuquen&amp;related=LM Neuquen&amp;text=\" data-td-script-src=\"https:\/\/www.lmneuquen.com\/js-custom\/195\/v2\/jquery-3.6.0.min-min-version-1621517491.js,https:\/\/www.lmneuquen.com\/js-custom\/195\/v2\/functions\/function-embeds-min-version-1622559975.js\"><\/section>\n<section class=\"body-content\" data-twitter-link=\"https:\/\/twitter.com\/intent\/tweet?url=https:\/\/www.lmneuquen.com\/c914441&amp;v\u00eda=lmneuquen&amp;related=LM Neuquen&amp;text=\" data-td-script-src=\"https:\/\/www.lmneuquen.com\/js-custom\/195\/v2\/jquery-3.6.0.min-min-version-1621517491.js,https:\/\/www.lmneuquen.com\/js-custom\/195\/v2\/functions\/function-embeds-min-version-1622559975.js\"><b>P<\/b>ara conocer los cuidados necesarios a tener en cuento en los\u00a0<strong><a class=\"agrupador\" href=\"https:\/\/www.lmneuquen.com\/autos-a12508\" rel=\"12508\">autos<\/a><\/strong>\u00a0ante los primeros fr\u00edos intensos del oto\u00f1o y la llegada del\u00a0<strong><a class=\"agrupador\" href=\"https:\/\/www.lmneuquen.com\/invierno-a3058\" rel=\"3058\">invierno<\/a>.<\/strong><\/section>\n<section class=\"body-content\" data-twitter-link=\"https:\/\/twitter.com\/intent\/tweet?url=https:\/\/www.lmneuquen.com\/c914441&amp;v\u00eda=lmneuquen&amp;related=LM Neuquen&amp;text=\" data-td-script-src=\"https:\/\/www.lmneuquen.com\/js-custom\/195\/v2\/jquery-3.6.0.min-min-version-1621517491.js,https:\/\/www.lmneuquen.com\/js-custom\/195\/v2\/functions\/function-embeds-min-version-1622559975.js\"><strong>Javier D\u2019Atri y Alejandro Carrasco, mec\u00e1nicos<\/strong>, explicaron que es importante controlar los l\u00edquidos refrigerantes, al igual que en verano. \u00abSe deben cambiar todos los a\u00f1os, es importante que sea de buena calidad\u00bb, detallaron.<\/p>\n<div id=\"839543-Libre-725788402_wrap\" class=\"embed_cont type_imagen\" contenteditable=\"false\">\n<div id=\"839543-Libre-725788402_content\" class=\"embed_content\"><img decoding=\"async\" id=\"839543-Libre-725788402_embed\" src=\"https:\/\/media.lmneuquen.com\/p\/c31909882ee0b031072d1e84693106fd\/adjuntos\/195\/imagenes\/007\/161\/0007161134\/770x0\/smart\/sfp-puesta-punto-frio-autos-taller-mecanico-9jpg.jpg\" alt=\"Los filtros son importantes para evitar problemas durante el invierno.\" width=\"770\" height=\"\" \/><\/div>\n<div id=\"839543-Libre-725788402_epigrafe\" class=\"embed_epigrafe\">\n<p>Los filtros son importantes para evitar problemas durante el invierno.<\/p>\n<\/div>\n<div id=\"839543-Libre-725788402_copyright\" class=\"embed_copyright\">Sebastian Fari\u00f1a Petersen<\/div>\n<\/div>\n<p>Adem\u00e1s, los especialistas manifestaron que en caso de ser posibles es bueno dejar los veh\u00edculos bajo techo. En caso de que no se pueda, una opci\u00f3n es taparlo con una frazada o con un cart\u00f3n sobre el capot para que no sufra la bater\u00eda.<\/p>\n<p>\u00abEs un mito que hay que arrancarlos antes, a la ma\u00f1ana para salir, no hay que hacerlo. Era una pr\u00e1ctica con los autos antiguos pero no es necesario con los modelos modernos\u00bb, dijeron los mec\u00e1nicos.<\/p>\n<p>Adem\u00e1s, recomendaron mantener los services cada 10 mil kil\u00f3metros, controlar el estado de los filtros y revisar los trenes delanteros tanto para viajar como para el uso cotidiano.<\/p>\n<div id=\"839568-713446061_wrap\" class=\"embed_cont type_video\" contenteditable=\"false\">\n<div id=\"839568-713446061_content\" class=\"embed_content\">\n<div id=\"839568-713446061_embed\">\n<div id=\"mediaPlayer_839568-713446061\"><iframe loading=\"lazy\" id=\"iFrameResizer0\" src=\"https:\/\/www.lmneuquen.com\/services\/embed.php?idAdjunto=839568&amp;idAdjuntoTamano=&amp;width=100%25&amp;height=351&amp;tipo=video\" width=\"100%\" height=\"351\" frameborder=\"0\" scrolling=\"no\" allowfullscreen=\"allowfullscreen\" data-td-src-property=\"https:\/\/www.lmneuquen.com\/services\/embed.php?idAdjunto=839568&amp;idAdjuntoTamano=&amp;width=100%25&amp;height=351&amp;tipo=video\" data-mce-fragment=\"1\"><\/iframe><\/div>\n<\/div>\n<\/div>\n<\/div>\n<\/section>\n<div class=\"banner-wrapper\">\n<div class=\"banner-libre\"><\/div>\n<\/div>\n","protected":false},"excerpt":{"rendered":"<p>\u00bfEs un mito la necesidad de arrancar el veh\u00edculo antes de salir? Dos mec\u00e1nicos cuentan los cuidados necesarios para evitar problemas con las heladas.<\/p>\n","protected":false},"author":3,"featured_media":0,"comment_status":"closed","ping_status":"closed","sticky":false,"template":"","format":"standard","meta":{"footnotes":""},"categories":[46,26],"tags":[],"class_list":["post-72734","post","type-post","status-publish","format-standard","hentry","category-ciencia-y-tecnologia","category-sociedad"],"yoast_head":"<!-- This site is optimized with the Yoast SEO plugin v25.9 - https:\/\/yoast.com\/wordpress\/plugins\/seo\/ -->\n<title>Lleg\u00f3 el fr\u00edo: c\u00f3mo proteger el auto de las bajas temperaturas - Noticias Radio Reflejos<\/title>\n<meta name=\"robots\" content=\"index, follow, max-snippet:-1, max-image-preview:large, max-video-preview:-1\" \/>\n<link rel=\"canonical\" href=\"https:\/\/www.noticiasradioreflejos.com.ar\/2021\/llego-el-frio-como-proteger-el-auto-de-las-bajas-temperaturas\/\" \/>\n<meta property=\"og:locale\" content=\"es_ES\" \/>\n<meta property=\"og:type\" content=\"article\" \/>\n<meta property=\"og:title\" content=\"Lleg\u00f3 el fr\u00edo: c\u00f3mo proteger el auto de las bajas temperaturas - Noticias Radio Reflejos\" \/>\n<meta property=\"og:description\" content=\"\u00bfEs un mito la necesidad de arrancar el veh\u00edculo antes de salir? Dos mec\u00e1nicos cuentan los cuidados necesarios para evitar problemas con las heladas.\" \/>\n<meta property=\"og:url\" content=\"https:\/\/www.noticiasradioreflejos.com.ar\/2021\/llego-el-frio-como-proteger-el-auto-de-las-bajas-temperaturas\/\" \/>\n<meta property=\"og:site_name\" content=\"Noticias Radio Reflejos\" \/>\n<meta property=\"article:published_time\" content=\"2022-05-27T11:54:43+00:00\" \/>\n<meta property=\"og:image\" content=\"https:\/\/media.lmneuquen.com\/p\/76b9097a05e4d05364f7ee755297fe2a\/adjuntos\/195\/imagenes\/007\/161\/0007161131\/770x0\/smart\/sfp-puesta-punto-frio-autos-taller-mecanico-10jpg.jpg\" \/>\n<meta name=\"author\" content=\"Arnaldo Botto\" \/>\n<meta name=\"twitter:card\" content=\"summary_large_image\" \/>\n<script type=\"application\/ld+json\" class=\"yoast-schema-graph\">{\"@context\":\"https:\/\/schema.org\",\"@graph\":[{\"@type\":\"WebPage\",\"@id\":\"https:\/\/www.noticiasradioreflejos.com.ar\/2021\/llego-el-frio-como-proteger-el-auto-de-las-bajas-temperaturas\/\",\"url\":\"https:\/\/www.noticiasradioreflejos.com.ar\/2021\/llego-el-frio-como-proteger-el-auto-de-las-bajas-temperaturas\/\",\"name\":\"Lleg\u00f3 el fr\u00edo: c\u00f3mo proteger el auto de las bajas temperaturas - Noticias Radio Reflejos\",\"isPartOf\":{\"@id\":\"https:\/\/www.noticiasradioreflejos.com.ar\/2021\/#website\"},\"primaryImageOfPage\":{\"@id\":\"https:\/\/www.noticiasradioreflejos.com.ar\/2021\/llego-el-frio-como-proteger-el-auto-de-las-bajas-temperaturas\/#primaryimage\"},\"image\":{\"@id\":\"https:\/\/www.noticiasradioreflejos.com.ar\/2021\/llego-el-frio-como-proteger-el-auto-de-las-bajas-temperaturas\/#primaryimage\"},\"thumbnailUrl\":\"https:\/\/media.lmneuquen.com\/p\/76b9097a05e4d05364f7ee755297fe2a\/adjuntos\/195\/imagenes\/007\/161\/0007161131\/770x0\/smart\/sfp-puesta-punto-frio-autos-taller-mecanico-10jpg.jpg\",\"datePublished\":\"2022-05-27T11:54:43+00:00\",\"author\":{\"@id\":\"https:\/\/www.noticiasradioreflejos.com.ar\/2021\/#\/schema\/person\/ad82545263dcc5ec0996818884fd5fb1\"},\"breadcrumb\":{\"@id\":\"https:\/\/www.noticiasradioreflejos.com.ar\/2021\/llego-el-frio-como-proteger-el-auto-de-las-bajas-temperaturas\/#breadcrumb\"},\"inLanguage\":\"es\",\"potentialAction\":[{\"@type\":\"ReadAction\",\"target\":[\"https:\/\/www.noticiasradioreflejos.com.ar\/2021\/llego-el-frio-como-proteger-el-auto-de-las-bajas-temperaturas\/\"]}]},{\"@type\":\"ImageObject\",\"inLanguage\":\"es\",\"@id\":\"https:\/\/www.noticiasradioreflejos.com.ar\/2021\/llego-el-frio-como-proteger-el-auto-de-las-bajas-temperaturas\/#primaryimage\",\"url\":\"https:\/\/media.lmneuquen.com\/p\/76b9097a05e4d05364f7ee755297fe2a\/adjuntos\/195\/imagenes\/007\/161\/0007161131\/770x0\/smart\/sfp-puesta-punto-frio-autos-taller-mecanico-10jpg.jpg\",\"contentUrl\":\"https:\/\/media.lmneuquen.com\/p\/76b9097a05e4d05364f7ee755297fe2a\/adjuntos\/195\/imagenes\/007\/161\/0007161131\/770x0\/smart\/sfp-puesta-punto-frio-autos-taller-mecanico-10jpg.jpg\"},{\"@type\":\"BreadcrumbList\",\"@id\":\"https:\/\/www.noticiasradioreflejos.com.ar\/2021\/llego-el-frio-como-proteger-el-auto-de-las-bajas-temperaturas\/#breadcrumb\",\"itemListElement\":[{\"@type\":\"ListItem\",\"position\":1,\"name\":\"Portada\",\"item\":\"https:\/\/www.noticiasradioreflejos.com.ar\/2021\/\"},{\"@type\":\"ListItem\",\"position\":2,\"name\":\"Lleg\u00f3 el fr\u00edo: c\u00f3mo proteger el auto de las bajas temperaturas\"}]},{\"@type\":\"WebSite\",\"@id\":\"https:\/\/www.noticiasradioreflejos.com.ar\/2021\/#website\",\"url\":\"https:\/\/www.noticiasradioreflejos.com.ar\/2021\/\",\"name\":\"Noticias Radio Reflejos\",\"description\":\"Las noticias de mi comarca\",\"potentialAction\":[{\"@type\":\"SearchAction\",\"target\":{\"@type\":\"EntryPoint\",\"urlTemplate\":\"https:\/\/www.noticiasradioreflejos.com.ar\/2021\/?s={search_term_string}\"},\"query-input\":{\"@type\":\"PropertyValueSpecification\",\"valueRequired\":true,\"valueName\":\"search_term_string\"}}],\"inLanguage\":\"es\"},{\"@type\":\"Person\",\"@id\":\"https:\/\/www.noticiasradioreflejos.com.ar\/2021\/#\/schema\/person\/ad82545263dcc5ec0996818884fd5fb1\",\"name\":\"Arnaldo Botto\",\"image\":{\"@type\":\"ImageObject\",\"inLanguage\":\"es\",\"@id\":\"https:\/\/www.noticiasradioreflejos.com.ar\/2021\/#\/schema\/person\/image\/\",\"url\":\"https:\/\/secure.gravatar.com\/avatar\/55cb5e37c1efa326397366e6974cb338056df65cb50e7d64d1cf314e87504837?s=96&d=mm&r=g\",\"contentUrl\":\"https:\/\/secure.gravatar.com\/avatar\/55cb5e37c1efa326397366e6974cb338056df65cb50e7d64d1cf314e87504837?s=96&d=mm&r=g\",\"caption\":\"Arnaldo Botto\"},\"url\":\"https:\/\/www.noticiasradioreflejos.com.ar\/2021\/author\/arnaldo\/\"}]}<\/script>\n<!-- \/ Yoast SEO plugin. -->","yoast_head_json":{"title":"Lleg\u00f3 el fr\u00edo: c\u00f3mo proteger el auto de las bajas temperaturas - Noticias Radio Reflejos","robots":{"index":"index","follow":"follow","max-snippet":"max-snippet:-1","max-image-preview":"max-image-preview:large","max-video-preview":"max-video-preview:-1"},"canonical":"https:\/\/www.noticiasradioreflejos.com.ar\/2021\/llego-el-frio-como-proteger-el-auto-de-las-bajas-temperaturas\/","og_locale":"es_ES","og_type":"article","og_title":"Lleg\u00f3 el fr\u00edo: c\u00f3mo proteger el auto de las bajas temperaturas - Noticias Radio Reflejos","og_description":"\u00bfEs un mito la necesidad de arrancar el veh\u00edculo antes de salir? Dos mec\u00e1nicos cuentan los cuidados necesarios para evitar problemas con las heladas.","og_url":"https:\/\/www.noticiasradioreflejos.com.ar\/2021\/llego-el-frio-como-proteger-el-auto-de-las-bajas-temperaturas\/","og_site_name":"Noticias Radio Reflejos","article_published_time":"2022-05-27T11:54:43+00:00","og_image":[{"url":"https:\/\/media.lmneuquen.com\/p\/76b9097a05e4d05364f7ee755297fe2a\/adjuntos\/195\/imagenes\/007\/161\/0007161131\/770x0\/smart\/sfp-puesta-punto-frio-autos-taller-mecanico-10jpg.jpg","type":"","width":"","height":""}],"author":"Arnaldo Botto","twitter_card":"summary_large_image","schema":{"@context":"https:\/\/schema.org","@graph":[{"@type":"WebPage","@id":"https:\/\/www.noticiasradioreflejos.com.ar\/2021\/llego-el-frio-como-proteger-el-auto-de-las-bajas-temperaturas\/","url":"https:\/\/www.noticiasradioreflejos.com.ar\/2021\/llego-el-frio-como-proteger-el-auto-de-las-bajas-temperaturas\/","name":"Lleg\u00f3 el fr\u00edo: c\u00f3mo proteger el auto de las bajas temperaturas - Noticias Radio Reflejos","isPartOf":{"@id":"https:\/\/www.noticiasradioreflejos.com.ar\/2021\/#website"},"primaryImageOfPage":{"@id":"https:\/\/www.noticiasradioreflejos.com.ar\/2021\/llego-el-frio-como-proteger-el-auto-de-las-bajas-temperaturas\/#primaryimage"},"image":{"@id":"https:\/\/www.noticiasradioreflejos.com.ar\/2021\/llego-el-frio-como-proteger-el-auto-de-las-bajas-temperaturas\/#primaryimage"},"thumbnailUrl":"https:\/\/media.lmneuquen.com\/p\/76b9097a05e4d05364f7ee755297fe2a\/adjuntos\/195\/imagenes\/007\/161\/0007161131\/770x0\/smart\/sfp-puesta-punto-frio-autos-taller-mecanico-10jpg.jpg","datePublished":"2022-05-27T11:54:43+00:00","author":{"@id":"https:\/\/www.noticiasradioreflejos.com.ar\/2021\/#\/schema\/person\/ad82545263dcc5ec0996818884fd5fb1"},"breadcrumb":{"@id":"https:\/\/www.noticiasradioreflejos.com.ar\/2021\/llego-el-frio-como-proteger-el-auto-de-las-bajas-temperaturas\/#breadcrumb"},"inLanguage":"es","potentialAction":[{"@type":"ReadAction","target":["https:\/\/www.noticiasradioreflejos.com.ar\/2021\/llego-el-frio-como-proteger-el-auto-de-las-bajas-temperaturas\/"]}]},{"@type":"ImageObject","inLanguage":"es","@id":"https:\/\/www.noticiasradioreflejos.com.ar\/2021\/llego-el-frio-como-proteger-el-auto-de-las-bajas-temperaturas\/#primaryimage","url":"https:\/\/media.lmneuquen.com\/p\/76b9097a05e4d05364f7ee755297fe2a\/adjuntos\/195\/imagenes\/007\/161\/0007161131\/770x0\/smart\/sfp-puesta-punto-frio-autos-taller-mecanico-10jpg.jpg","contentUrl":"https:\/\/media.lmneuquen.com\/p\/76b9097a05e4d05364f7ee755297fe2a\/adjuntos\/195\/imagenes\/007\/161\/0007161131\/770x0\/smart\/sfp-puesta-punto-frio-autos-taller-mecanico-10jpg.jpg"},{"@type":"BreadcrumbList","@id":"https:\/\/www.noticiasradioreflejos.com.ar\/2021\/llego-el-frio-como-proteger-el-auto-de-las-bajas-temperaturas\/#breadcrumb","itemListElement":[{"@type":"ListItem","position":1,"name":"Portada","item":"https:\/\/www.noticiasradioreflejos.com.ar\/2021\/"},{"@type":"ListItem","position":2,"name":"Lleg\u00f3 el fr\u00edo: c\u00f3mo proteger el auto de las bajas temperaturas"}]},{"@type":"WebSite","@id":"https:\/\/www.noticiasradioreflejos.com.ar\/2021\/#website","url":"https:\/\/www.noticiasradioreflejos.com.ar\/2021\/","name":"Noticias Radio Reflejos","description":"Las noticias de mi comarca","potentialAction":[{"@type":"SearchAction","target":{"@type":"EntryPoint","urlTemplate":"https:\/\/www.noticiasradioreflejos.com.ar\/2021\/?s={search_term_string}"},"query-input":{"@type":"PropertyValueSpecification","valueRequired":true,"valueName":"search_term_string"}}],"inLanguage":"es"},{"@type":"Person","@id":"https:\/\/www.noticiasradioreflejos.com.ar\/2021\/#\/schema\/person\/ad82545263dcc5ec0996818884fd5fb1","name":"Arnaldo Botto","image":{"@type":"ImageObject","inLanguage":"es","@id":"https:\/\/www.noticiasradioreflejos.com.ar\/2021\/#\/schema\/person\/image\/","url":"https:\/\/secure.gravatar.com\/avatar\/55cb5e37c1efa326397366e6974cb338056df65cb50e7d64d1cf314e87504837?s=96&d=mm&r=g","contentUrl":"https:\/\/secure.gravatar.com\/avatar\/55cb5e37c1efa326397366e6974cb338056df65cb50e7d64d1cf314e87504837?s=96&d=mm&r=g","caption":"Arnaldo Botto"},"url":"https:\/\/www.noticiasradioreflejos.com.ar\/2021\/author\/arnaldo\/"}]}},"_links":{"self":[{"href":"https:\/\/www.noticiasradioreflejos.com.ar\/2021\/wp-json\/wp\/v2\/posts\/72734","targetHints":{"allow":["GET"]}}],"collection":[{"href":"https:\/\/www.noticiasradioreflejos.com.ar\/2021\/wp-json\/wp\/v2\/posts"}],"about":[{"href":"https:\/\/www.noticiasradioreflejos.com.ar\/2021\/wp-json\/wp\/v2\/types\/post"}],"author":[{"embeddable":true,"href":"https:\/\/www.noticiasradioreflejos.com.ar\/2021\/wp-json\/wp\/v2\/users\/3"}],"replies":[{"embeddable":true,"href":"https:\/\/www.noticiasradioreflejos.com.ar\/2021\/wp-json\/wp\/v2\/comments?post=72734"}],"version-history":[{"count":1,"href":"https:\/\/www.noticiasradioreflejos.com.ar\/2021\/wp-json\/wp\/v2\/posts\/72734\/revisions"}],"predecessor-version":[{"id":72736,"href":"https:\/\/www.noticiasradioreflejos.com.ar\/2021\/wp-json\/wp\/v2\/posts\/72734\/revisions\/72736"}],"wp:attachment":[{"href":"https:\/\/www.noticiasradioreflejos.com.ar\/2021\/wp-json\/wp\/v2\/media?parent=72734"}],"wp:term":[{"taxonomy":"category","embeddable":true,"href":"https:\/\/www.noticiasradioreflejos.com.ar\/2021\/wp-json\/wp\/v2\/categories?post=72734"},{"taxonomy":"post_tag","embeddable":true,"href":"https:\/\/www.noticiasradioreflejos.com.ar\/2021\/wp-json\/wp\/v2\/tags?post=72734"}],"curies":[{"name":"wp","href":"https:\/\/api.w.org\/{rel}","templated":true}]}}