{"id":72727,"date":"2022-05-27T11:29:16","date_gmt":"2022-05-27T11:29:16","guid":{"rendered":"http:\/\/www.noticiasradioreflejos.com.ar\/2021\/?p=72727"},"modified":"2022-05-27T11:29:57","modified_gmt":"2022-05-27T11:29:57","slug":"los-radicales-y-macri-temen-una-alianza-entre-rodriguez-larreta-y-martin-lousteau-para-2023","status":"publish","type":"post","link":"https:\/\/www.noticiasradioreflejos.com.ar\/2021\/los-radicales-y-macri-temen-una-alianza-entre-rodriguez-larreta-y-martin-lousteau-para-2023\/","title":{"rendered":"Los radicales y Macri temen una alianza entre Rodr\u00edguez Larreta y Mart\u00edn Lousteau para 2023"},"content":{"rendered":"<section class=\"news-body-hero\">\n<div class=\"news-hero-description\">Se profundizan las grietas entre \u00abpalomas\u00bb y \u00abhalcones\u00bb en el PRO. Los radicales eligen a su nueva Convenci\u00f3n: \u00bfcu\u00e1l ser\u00e1 el apellido \u00abpresidenciable\u00bb que lo encabezar\u00e1?<\/div>\n<div class=\"news-hero-author\"><\/div>\n<\/section>\n<p><!--more--><\/p>\n<section class=\"news-body-wrapper\">\n<div class=\"news-body-content air\">\n<div class=\"galeria news-body-image\">\n<div class=\"container\">\n<div class=\"slide-wrapper\" data-slide=\"0\">\n<div class=\"slide\">\n<p><img loading=\"lazy\" decoding=\"async\" title=\"Rodr\u00edguez Larreta y Lousteau compartieron un locro patri\u00f3tico que dio lugar a comentarios y sospechas\" src=\"https:\/\/media.a24.com\/p\/6d79c108f8654d36b6018977b1b4d925\/adjuntos\/296\/imagenes\/008\/997\/0008997522\/1200x675\/smart\/larreta-lousteau-25-mayopng.png\" alt=\"Rodr\u00edguez Larreta y Lousteau compartieron un locro patri\u00f3tico que dio lugar a comentarios y sospechas\" width=\"1200\" height=\"675\" \/><\/p>\n<div class=\"news-body-epigraph\">\n<p>Rodr\u00edguez Larreta y Lousteau compartieron un \u00ablocro patri\u00f3tico\u00bb que dio lugar a comentarios y sospechas<\/p>\n<\/div>\n<\/div>\n<div class=\"nav\"><\/div>\n<\/div>\n<\/div>\n<\/div>\n<article class=\"article-body first\">\n<div class=\"article-content\">\n<div class=\"news-body-paragraph\" data-twitter-link=\"\">\n<p>La grieta entre los \u201chalcones\u201d y las \u201cpalomas\u201d se profundiza en la oposici\u00f3n. La irrupci\u00f3n del ex presidente Mauricio Macri con declaraciones p\u00fablicas combativas, con las que pretendi\u00f3 posicionarse como presidenciable para 2023, fue la respuesta a la alianza que el jefe del gobierno porte\u00f1o, Horacio Rodr\u00edguez Larreta, insinu\u00f3 este mi\u00e9rcoles con el sector de la Uni\u00f3n C\u00edvica Radical (UCR) que lidera el senador Mart\u00edn Lousteau.<\/p>\n<p>&gt;Seg\u00fan pudo saber <strong>A24.com<\/strong>, el \u201clocro patri\u00f3tico\u201d que organiz\u00f3 Lousteau en Parque Norte para conmemorar la Revoluci\u00f3n de Mayo con Rodr\u00edguez Larreta como invitado especial caus\u00f3 fuertes comentarios en el sector duro del PRO. \u201cNosotros somos los \u00fanicos que podemos frenar al kirchnerismo\u201d, dijo Rodr\u00edguez Larreta en plural con Lousteau a su lado.<\/p>\n<\/div>\n<article class=\"article-body third-p\">\n<div class=\"article-content\">\n<div class=\"news-body-paragraph\" data-twitter-link=\"\">\n<p>Macri sospecha que Larreta podr\u00eda bendecir a Lousteau como uno de los precandidatos a jefe porte\u00f1o para sumar a buena parte del radicalismo a su proyecto presidencial de 2023. \u201cTodo es posible\u201d, se\u00f1alaron en su entorno \u00edntimo. \u201cPero todav\u00eda el PRO es m\u00e1s importante\u201d, aclararon.<\/p>\n<p>De ese modo, Rodr\u00edguez Larreta buscar\u00eda dividir el voto radical para las presidenciales y quitarle a apoyo a los precandidatos presidenciales de la UCR, Gerardo Morales y Facundo Manes. Uno de estos ser\u00e1 el precandidato radical para el gobierno nacional en 2023.<\/p>\n<p>En el entorno pol\u00edtico de Rodr\u00edguez Larreta lo niegan. \u201cLousteau es el candidato del radicalismo; el PRO tendr\u00e1 el suyo en la Ciudad\u201d, se\u00f1alaron a\u00a0<strong>A24.com<\/strong>. Suenan para ello la diputada Mar\u00eda Eugenia Vidal y los ministros Jorge Macri, de Gobierno; Fern\u00e1n Quir\u00f3s, de Salud, o Soledad Acu\u00f1a, de Educaci\u00f3n. \u201cNo veo esa posibilidad. Va a ir a una PASO, pero Horacio va a bendecir a un funcionario del PRO\u201d, se\u00f1alaron en el larretismo.<\/p>\n<h2>Lousteau quiere jugar en la Ciudad y en todo el pa\u00eds<\/h2>\n<p>En el radicalismo y en el entorno de Macri temen que Lousteau podr\u00eda apoyar a Larreta, y desestimar a Morales y a Manes en el caso de que el jefe de gobierno porte\u00f1o le de su apoyo para la Ciudad. Esto implicar\u00eda que la corriente Evoluci\u00f3n, de la UCR, podr\u00eda jugar para Larreta en todo el pa\u00eds, seg\u00fan aseguraron a A24.com fuentes del radicalismo.<\/p>\n<p>Esa corriente radical es fuerte en CABA, donde mandan Lousteau y el diputado Emiliano Yacobitti, que volvieron a acercarse al viejo padrino de ambos, Enrique \u201cCoti\u201d Nosiglia. Pero tambi\u00e9n es potente en C\u00f3rdoba con el diputado Rodrigo De Loredo; en Santa Fe con el diputado provincial Maximiliano Pullaro; en algunas zonas de la provincia de Buenos Aires y en otros distritos.<\/p>\n<p>\u201cPara Horacio puede ser mejor negocio un acuerdo con Lousteau que le agrega votos, que respaldar a alguien del PRO porque esos votos ya los tiene\u201d, se\u00f1al\u00f3 una fuente porte\u00f1a que conoce las negociaciones. Tambi\u00e9n podr\u00eda designar un candidato a vice radical, as\u00ed como los radicales podr\u00edan ofrecer su segundo lugar a un cuadro del PRO. \u00abDe lo contrario, con f\u00f3rmulas puras podr\u00eda haber fuga de votos en la general\u00bb, se\u00f1alaron a A24.com.<\/p>\n<h2>Patricia Bullrich, la otra \u00abhalcona\u00bb que toma distancia de Lousteau<\/h2>\n<p>De hecho, existe hace mucho tiempo una alianza entre Rodr\u00edguez Larreta, Lousteau, Yacobitti y Nosiglia. Acuerdo que causa escozor en Macri y en los \u201chalcones\u201d del PRO, como la presidenta del partido Patricia Bullrich. Estos \u00faltimos tambi\u00e9n desconf\u00edan de la intenci\u00f3n de Rodr\u00edguez Larreta de buscar acuerdos con sectores del peronismo no kirchnerista.<\/p>\n<p>El radicalismo de Lousteau representa una visi\u00f3n progresista y estatista de la pol\u00edtica y de la econom\u00eda. De all\u00ed que los \u201chalcones\u201d del PRO tilden peyorativamente a Larreta de \u201cpaloma\u201d. Esa discrepancia se profundiza d\u00eda a d\u00eda. Lousteau tiene a su primo Guillermo Laje como presidente del Banco Ciudad y a su amigo Jos\u00e9 Luis Giusti como ministro de Desarrollo Econ\u00f3mico del gobierno porte\u00f1o, entre otros cargos de fuerte poder.<\/p>\n<p>Adem\u00e1s, el senador y economista es un viejo amigo de la familia Rodr\u00edguez Larreta desde cuando era economista junior en el estudio de Alfonso Prat Gay, Pedro Lacoste y Javier Gonz\u00e1lez Fraga. Prat Gay estaba en Parque Norte durante el locro patri\u00f3tico que compartieron ambos y Gonz\u00e1lez Fraga fue invitado pero no asisti\u00f3.<\/p>\n<h2>La convenci\u00f3n de la UCR quiere \u00abmostrar unidad\u00bb pese a sus divisiones<\/h2>\n<p>En este contexto, pese a que Lousteau se muestra con un candidato presidencial ajeno a la UCR, la convenci\u00f3n nacional de la Uni\u00f3n C\u00edvica Radical (UCR) quiere mostrar \u00abunidad\u00bb hacia afuera del partido. Elegir\u00e1 hoy desde las 15 en La Plata a su nueva conducci\u00f3n en manos de Gast\u00f3n Manes en reemplazo de Jorge Sappia. La convenci\u00f3n es el \u00f3rgano colegiado del partido. Pero recobrar\u00e1 una simbolog\u00eda pol\u00edtica dentro de este cruce de sospechas.<\/p>\n<p>La designaci\u00f3n de Manes fue un pedido del diputado Facundo Manes en la interna radical. Morales lo acept\u00f3 para no enturbiar el panorama interno. El neurocirujano y precandidato presidencial busc\u00f3 equilibrar el poder partidario del gobernador de Jujuy, Gerardo Morales, que preside el comit\u00e9 nacional de la UCR, que es la conducci\u00f3n ejecutiva.<\/p>\n<p>\u201cManes y Morales son los candidatos consolidados para las presidenciales de 2023 y Morales corr\u00eda con ventajas porque preside el partido. Manes quer\u00eda tener el \u00f3rgano que define la pol\u00edtica de alianzas y el programa de gobierno\u201d, se\u00f1alaron a A24.com en la UCR. El acuerdo en favor de Gast\u00f3n Manes fue una muestra de unidad en el radicalismo.<\/p>\n<h2>La UCR hablar\u00e1 de alianzas: no a los libertarios, s\u00ed a los peronistas no K<\/h2>\n<p>Del acuerdo entre Manes y Morales se qued\u00f3 afuera Lousteau, l\u00edder de la tercer corriente radical. Sin embargo, sus hombres integrar\u00e1n la lista de las autoridades de la convenci\u00f3n. Ser\u00eda una lista de unidad.<\/p>\n<p>La reuni\u00f3n radical, que se har\u00e1 en el teatro Coliseo Podest\u00e1 de La Plata, ser\u00e1 estrictamente para renovar autoridades. Pero para salirse de ese acto puramente administrativo y justificar el traslado de 300 convencionales de todo el pa\u00eds hacia Buenos Aires habr\u00e1 declaraciones pol\u00edticas para condimentar el mitin. La pol\u00edtica de alianzas con miras a 2023 estar\u00e1 en la agenda. Pero no ser\u00e1n resoluciones porque eso corresponde legalmente en el a\u00f1o de elecciones.<\/p>\n<p>Seg\u00fan pudo saber A24.com, habr\u00e1 un pronunciamiento en favor de que la UCR deber\u00e1 integrar una alianza opositora \u00ablo m\u00e1s amplia posible\u00bb, pero con los libertarios como \u00fanico l\u00edmite: el tope es Javier Milei. En cambio, podr\u00eda haber un gui\u00f1o para dirigentes peronistas no kirchneristas, como Juan Schiaretti, gobernador de C\u00f3rdoba, y Juan Manuel Urtubey, ex gobernador de Salta, o los dirigentes del bloque que lidera Roberto Lavagna.<\/p>\n<h2>Milei todav\u00eda dialoga con Macri y Patricia Bullrich<\/h2>\n<p>En el rechazo a Milei, los radicales coinciden con Rodr\u00edguez Larreta. Otro motivo m\u00e1s para una alianza con Lousteau. En cambio, el jefe del gobierno porte\u00f1o podr\u00eda tolerar la incorporaci\u00f3n de Jos\u00e9 Luis Espert, de Avanza Libertad, hoy cerca de Juntos por el Cambio, aunque todav\u00eda con el veto de algunos radicales y la Coalici\u00f3n C\u00edvica. Espert nunca fue tan agresivo como Milei con Larreta, con quien rompi\u00f3 todos los puentes.<\/p>\n<p>Macri y Patricia Bullrich a\u00fan mantienen el di\u00e1logo abierto con Milei. \u201cPatricia quiere ser candidata a presidenta de todo el arco opositor, tanto las palomas como los halcones y por eso habla con Milei, Espert y Miguel Pichetto\u201d, se\u00f1alan en el entorno de la presidenta del PRO.<\/p>\n<p>La ex ministra de Seguridad de Macri tambi\u00e9n desconf\u00eda del ex presidente. Sin embargo, recluta dirigentes del viejo macrismo y maneja como posible ministro de Econom\u00eda a Carlos Melconian, ex macrista puro, quien prepara un plan econ\u00f3mico con la Fundaci\u00f3n Mediterr\u00e1nea. El propio Macri le dio luz verde a varios aliados suyos para que ayuden a Patricia Bullrich ante la avanzada de Larreta con el progresismo y el peronismo. Dante Sica, Jorge Faurie, Federico Angelini, Luciano Laspina y otros trabajan con la presidenta del PRO.<\/p>\n<h2>Macri se anot\u00f3 en las PASO del a\u00f1o pr\u00f3ximo<\/h2>\n<p>Sin embargo, el propio Macri mand\u00f3 se\u00f1ales este mi\u00e9rcoles de que no se jubil\u00f3 y que quiere participar de las PASO para las presidenciales, lo cual sigue poniendo nerviosos a Larreta y a Bullrich, que competir\u00e1n entre ellos. \u201cYo no estoy especulando, no le tengo miedo a una interna ni a una elecci\u00f3n\u201d, dijo el ex presidente.<\/p>\n<p>Se\u00f1al\u00f3 de que su relaci\u00f3n con su electorado del 41% \u201cno cambi\u00f3\u201d y dijo que en caso de no competir ser\u00e1 el gran elector. \u201cDar\u00e9 mi opini\u00f3n\u201d, se\u00f1al\u00f3. Macri se reservar\u00e1 su capacidad de inclinar la balanza de sus votantes. Pero ser\u00e1 a \u00faltimo momento de 2023.<\/p>\n<\/div>\n<\/div>\n<div class=\"news-body-author\">\n<figure class=\"news-body-author-avatar \"><img decoding=\"async\" src=\"https:\/\/media.a24.com\/p\/175c15e519735068b49dc4601dc33103\/adjuntos\/296\/autores\/008\/984\/0008984091\/mariano-obarriojpg.jpg\" alt=\"Mariano Obarrio\" width=\"114px\" height=\"114px\" \/><\/figure>\n<div class=\"news-body-author-content\">\n<div class=\"news-body-author-name\">Por\u00a0<a href=\"https:\/\/www.a24.com\/perfil\/mariano-obarrio\"><b>Mariano Obarrio<\/b><\/a><\/div>\n<\/div>\n<\/div>\n<\/article>\n<\/div>\n<\/article>\n<\/div>\n<\/section>\n","protected":false},"excerpt":{"rendered":"<p>Se profundizan las grietas entre \u00abpalomas\u00bb y \u00abhalcones\u00bb en el PRO. Los radicales eligen a su nueva Convenci\u00f3n: \u00bfcu\u00e1l ser\u00e1 el apellido \u00abpresidenciable\u00bb que lo encabezar\u00e1?<\/p>\n","protected":false},"author":3,"featured_media":0,"comment_status":"closed","ping_status":"closed","sticky":false,"template":"","format":"standard","meta":{"footnotes":""},"categories":[24],"tags":[],"class_list":["post-72727","post","type-post","status-publish","format-standard","hentry","category-politica"],"yoast_head":"<!-- This site is optimized with the Yoast SEO plugin v25.9 - https:\/\/yoast.com\/wordpress\/plugins\/seo\/ -->\n<title>Los radicales y Macri temen una alianza entre Rodr\u00edguez Larreta y Mart\u00edn Lousteau para 2023 - Noticias Radio Reflejos<\/title>\n<meta name=\"robots\" content=\"index, follow, max-snippet:-1, max-image-preview:large, max-video-preview:-1\" \/>\n<link rel=\"canonical\" href=\"https:\/\/www.noticiasradioreflejos.com.ar\/2021\/los-radicales-y-macri-temen-una-alianza-entre-rodriguez-larreta-y-martin-lousteau-para-2023\/\" \/>\n<meta property=\"og:locale\" content=\"es_ES\" \/>\n<meta property=\"og:type\" content=\"article\" \/>\n<meta property=\"og:title\" content=\"Los radicales y Macri temen una alianza entre Rodr\u00edguez Larreta y Mart\u00edn Lousteau para 2023 - Noticias Radio Reflejos\" \/>\n<meta property=\"og:description\" content=\"Se profundizan las grietas entre \u00abpalomas\u00bb y \u00abhalcones\u00bb en el PRO. Los radicales eligen a su nueva Convenci\u00f3n: \u00bfcu\u00e1l ser\u00e1 el apellido \u00abpresidenciable\u00bb que lo encabezar\u00e1?\" \/>\n<meta property=\"og:url\" content=\"https:\/\/www.noticiasradioreflejos.com.ar\/2021\/los-radicales-y-macri-temen-una-alianza-entre-rodriguez-larreta-y-martin-lousteau-para-2023\/\" \/>\n<meta property=\"og:site_name\" content=\"Noticias Radio Reflejos\" \/>\n<meta property=\"article:published_time\" content=\"2022-05-27T11:29:16+00:00\" \/>\n<meta property=\"article:modified_time\" content=\"2022-05-27T11:29:57+00:00\" \/>\n<meta property=\"og:image\" content=\"https:\/\/media.a24.com\/p\/6d79c108f8654d36b6018977b1b4d925\/adjuntos\/296\/imagenes\/008\/997\/0008997522\/1200x675\/smart\/larreta-lousteau-25-mayopng.png\" \/>\n<meta name=\"author\" content=\"Arnaldo Botto\" \/>\n<meta name=\"twitter:card\" content=\"summary_large_image\" \/>\n<script type=\"application\/ld+json\" class=\"yoast-schema-graph\">{\"@context\":\"https:\/\/schema.org\",\"@graph\":[{\"@type\":\"WebPage\",\"@id\":\"https:\/\/www.noticiasradioreflejos.com.ar\/2021\/los-radicales-y-macri-temen-una-alianza-entre-rodriguez-larreta-y-martin-lousteau-para-2023\/\",\"url\":\"https:\/\/www.noticiasradioreflejos.com.ar\/2021\/los-radicales-y-macri-temen-una-alianza-entre-rodriguez-larreta-y-martin-lousteau-para-2023\/\",\"name\":\"Los radicales y Macri temen una alianza entre Rodr\u00edguez Larreta y Mart\u00edn Lousteau para 2023 - Noticias Radio Reflejos\",\"isPartOf\":{\"@id\":\"https:\/\/www.noticiasradioreflejos.com.ar\/2021\/#website\"},\"primaryImageOfPage\":{\"@id\":\"https:\/\/www.noticiasradioreflejos.com.ar\/2021\/los-radicales-y-macri-temen-una-alianza-entre-rodriguez-larreta-y-martin-lousteau-para-2023\/#primaryimage\"},\"image\":{\"@id\":\"https:\/\/www.noticiasradioreflejos.com.ar\/2021\/los-radicales-y-macri-temen-una-alianza-entre-rodriguez-larreta-y-martin-lousteau-para-2023\/#primaryimage\"},\"thumbnailUrl\":\"https:\/\/media.a24.com\/p\/6d79c108f8654d36b6018977b1b4d925\/adjuntos\/296\/imagenes\/008\/997\/0008997522\/1200x675\/smart\/larreta-lousteau-25-mayopng.png\",\"datePublished\":\"2022-05-27T11:29:16+00:00\",\"dateModified\":\"2022-05-27T11:29:57+00:00\",\"author\":{\"@id\":\"https:\/\/www.noticiasradioreflejos.com.ar\/2021\/#\/schema\/person\/ad82545263dcc5ec0996818884fd5fb1\"},\"breadcrumb\":{\"@id\":\"https:\/\/www.noticiasradioreflejos.com.ar\/2021\/los-radicales-y-macri-temen-una-alianza-entre-rodriguez-larreta-y-martin-lousteau-para-2023\/#breadcrumb\"},\"inLanguage\":\"es\",\"potentialAction\":[{\"@type\":\"ReadAction\",\"target\":[\"https:\/\/www.noticiasradioreflejos.com.ar\/2021\/los-radicales-y-macri-temen-una-alianza-entre-rodriguez-larreta-y-martin-lousteau-para-2023\/\"]}]},{\"@type\":\"ImageObject\",\"inLanguage\":\"es\",\"@id\":\"https:\/\/www.noticiasradioreflejos.com.ar\/2021\/los-radicales-y-macri-temen-una-alianza-entre-rodriguez-larreta-y-martin-lousteau-para-2023\/#primaryimage\",\"url\":\"https:\/\/media.a24.com\/p\/6d79c108f8654d36b6018977b1b4d925\/adjuntos\/296\/imagenes\/008\/997\/0008997522\/1200x675\/smart\/larreta-lousteau-25-mayopng.png\",\"contentUrl\":\"https:\/\/media.a24.com\/p\/6d79c108f8654d36b6018977b1b4d925\/adjuntos\/296\/imagenes\/008\/997\/0008997522\/1200x675\/smart\/larreta-lousteau-25-mayopng.png\"},{\"@type\":\"BreadcrumbList\",\"@id\":\"https:\/\/www.noticiasradioreflejos.com.ar\/2021\/los-radicales-y-macri-temen-una-alianza-entre-rodriguez-larreta-y-martin-lousteau-para-2023\/#breadcrumb\",\"itemListElement\":[{\"@type\":\"ListItem\",\"position\":1,\"name\":\"Portada\",\"item\":\"https:\/\/www.noticiasradioreflejos.com.ar\/2021\/\"},{\"@type\":\"ListItem\",\"position\":2,\"name\":\"Los radicales y Macri temen una alianza entre Rodr\u00edguez Larreta y Mart\u00edn Lousteau para 2023\"}]},{\"@type\":\"WebSite\",\"@id\":\"https:\/\/www.noticiasradioreflejos.com.ar\/2021\/#website\",\"url\":\"https:\/\/www.noticiasradioreflejos.com.ar\/2021\/\",\"name\":\"Noticias Radio Reflejos\",\"description\":\"Las noticias de mi comarca\",\"potentialAction\":[{\"@type\":\"SearchAction\",\"target\":{\"@type\":\"EntryPoint\",\"urlTemplate\":\"https:\/\/www.noticiasradioreflejos.com.ar\/2021\/?s={search_term_string}\"},\"query-input\":{\"@type\":\"PropertyValueSpecification\",\"valueRequired\":true,\"valueName\":\"search_term_string\"}}],\"inLanguage\":\"es\"},{\"@type\":\"Person\",\"@id\":\"https:\/\/www.noticiasradioreflejos.com.ar\/2021\/#\/schema\/person\/ad82545263dcc5ec0996818884fd5fb1\",\"name\":\"Arnaldo Botto\",\"image\":{\"@type\":\"ImageObject\",\"inLanguage\":\"es\",\"@id\":\"https:\/\/www.noticiasradioreflejos.com.ar\/2021\/#\/schema\/person\/image\/\",\"url\":\"https:\/\/secure.gravatar.com\/avatar\/55cb5e37c1efa326397366e6974cb338056df65cb50e7d64d1cf314e87504837?s=96&d=mm&r=g\",\"contentUrl\":\"https:\/\/secure.gravatar.com\/avatar\/55cb5e37c1efa326397366e6974cb338056df65cb50e7d64d1cf314e87504837?s=96&d=mm&r=g\",\"caption\":\"Arnaldo Botto\"},\"url\":\"https:\/\/www.noticiasradioreflejos.com.ar\/2021\/author\/arnaldo\/\"}]}<\/script>\n<!-- \/ Yoast SEO plugin. -->","yoast_head_json":{"title":"Los radicales y Macri temen una alianza entre Rodr\u00edguez Larreta y Mart\u00edn Lousteau para 2023 - Noticias Radio Reflejos","robots":{"index":"index","follow":"follow","max-snippet":"max-snippet:-1","max-image-preview":"max-image-preview:large","max-video-preview":"max-video-preview:-1"},"canonical":"https:\/\/www.noticiasradioreflejos.com.ar\/2021\/los-radicales-y-macri-temen-una-alianza-entre-rodriguez-larreta-y-martin-lousteau-para-2023\/","og_locale":"es_ES","og_type":"article","og_title":"Los radicales y Macri temen una alianza entre Rodr\u00edguez Larreta y Mart\u00edn Lousteau para 2023 - Noticias Radio Reflejos","og_description":"Se profundizan las grietas entre \u00abpalomas\u00bb y \u00abhalcones\u00bb en el PRO. Los radicales eligen a su nueva Convenci\u00f3n: \u00bfcu\u00e1l ser\u00e1 el apellido \u00abpresidenciable\u00bb que lo encabezar\u00e1?","og_url":"https:\/\/www.noticiasradioreflejos.com.ar\/2021\/los-radicales-y-macri-temen-una-alianza-entre-rodriguez-larreta-y-martin-lousteau-para-2023\/","og_site_name":"Noticias Radio Reflejos","article_published_time":"2022-05-27T11:29:16+00:00","article_modified_time":"2022-05-27T11:29:57+00:00","og_image":[{"url":"https:\/\/media.a24.com\/p\/6d79c108f8654d36b6018977b1b4d925\/adjuntos\/296\/imagenes\/008\/997\/0008997522\/1200x675\/smart\/larreta-lousteau-25-mayopng.png","type":"","width":"","height":""}],"author":"Arnaldo Botto","twitter_card":"summary_large_image","schema":{"@context":"https:\/\/schema.org","@graph":[{"@type":"WebPage","@id":"https:\/\/www.noticiasradioreflejos.com.ar\/2021\/los-radicales-y-macri-temen-una-alianza-entre-rodriguez-larreta-y-martin-lousteau-para-2023\/","url":"https:\/\/www.noticiasradioreflejos.com.ar\/2021\/los-radicales-y-macri-temen-una-alianza-entre-rodriguez-larreta-y-martin-lousteau-para-2023\/","name":"Los radicales y Macri temen una alianza entre Rodr\u00edguez Larreta y Mart\u00edn Lousteau para 2023 - Noticias Radio Reflejos","isPartOf":{"@id":"https:\/\/www.noticiasradioreflejos.com.ar\/2021\/#website"},"primaryImageOfPage":{"@id":"https:\/\/www.noticiasradioreflejos.com.ar\/2021\/los-radicales-y-macri-temen-una-alianza-entre-rodriguez-larreta-y-martin-lousteau-para-2023\/#primaryimage"},"image":{"@id":"https:\/\/www.noticiasradioreflejos.com.ar\/2021\/los-radicales-y-macri-temen-una-alianza-entre-rodriguez-larreta-y-martin-lousteau-para-2023\/#primaryimage"},"thumbnailUrl":"https:\/\/media.a24.com\/p\/6d79c108f8654d36b6018977b1b4d925\/adjuntos\/296\/imagenes\/008\/997\/0008997522\/1200x675\/smart\/larreta-lousteau-25-mayopng.png","datePublished":"2022-05-27T11:29:16+00:00","dateModified":"2022-05-27T11:29:57+00:00","author":{"@id":"https:\/\/www.noticiasradioreflejos.com.ar\/2021\/#\/schema\/person\/ad82545263dcc5ec0996818884fd5fb1"},"breadcrumb":{"@id":"https:\/\/www.noticiasradioreflejos.com.ar\/2021\/los-radicales-y-macri-temen-una-alianza-entre-rodriguez-larreta-y-martin-lousteau-para-2023\/#breadcrumb"},"inLanguage":"es","potentialAction":[{"@type":"ReadAction","target":["https:\/\/www.noticiasradioreflejos.com.ar\/2021\/los-radicales-y-macri-temen-una-alianza-entre-rodriguez-larreta-y-martin-lousteau-para-2023\/"]}]},{"@type":"ImageObject","inLanguage":"es","@id":"https:\/\/www.noticiasradioreflejos.com.ar\/2021\/los-radicales-y-macri-temen-una-alianza-entre-rodriguez-larreta-y-martin-lousteau-para-2023\/#primaryimage","url":"https:\/\/media.a24.com\/p\/6d79c108f8654d36b6018977b1b4d925\/adjuntos\/296\/imagenes\/008\/997\/0008997522\/1200x675\/smart\/larreta-lousteau-25-mayopng.png","contentUrl":"https:\/\/media.a24.com\/p\/6d79c108f8654d36b6018977b1b4d925\/adjuntos\/296\/imagenes\/008\/997\/0008997522\/1200x675\/smart\/larreta-lousteau-25-mayopng.png"},{"@type":"BreadcrumbList","@id":"https:\/\/www.noticiasradioreflejos.com.ar\/2021\/los-radicales-y-macri-temen-una-alianza-entre-rodriguez-larreta-y-martin-lousteau-para-2023\/#breadcrumb","itemListElement":[{"@type":"ListItem","position":1,"name":"Portada","item":"https:\/\/www.noticiasradioreflejos.com.ar\/2021\/"},{"@type":"ListItem","position":2,"name":"Los radicales y Macri temen una alianza entre Rodr\u00edguez Larreta y Mart\u00edn Lousteau para 2023"}]},{"@type":"WebSite","@id":"https:\/\/www.noticiasradioreflejos.com.ar\/2021\/#website","url":"https:\/\/www.noticiasradioreflejos.com.ar\/2021\/","name":"Noticias Radio Reflejos","description":"Las noticias de mi comarca","potentialAction":[{"@type":"SearchAction","target":{"@type":"EntryPoint","urlTemplate":"https:\/\/www.noticiasradioreflejos.com.ar\/2021\/?s={search_term_string}"},"query-input":{"@type":"PropertyValueSpecification","valueRequired":true,"valueName":"search_term_string"}}],"inLanguage":"es"},{"@type":"Person","@id":"https:\/\/www.noticiasradioreflejos.com.ar\/2021\/#\/schema\/person\/ad82545263dcc5ec0996818884fd5fb1","name":"Arnaldo Botto","image":{"@type":"ImageObject","inLanguage":"es","@id":"https:\/\/www.noticiasradioreflejos.com.ar\/2021\/#\/schema\/person\/image\/","url":"https:\/\/secure.gravatar.com\/avatar\/55cb5e37c1efa326397366e6974cb338056df65cb50e7d64d1cf314e87504837?s=96&d=mm&r=g","contentUrl":"https:\/\/secure.gravatar.com\/avatar\/55cb5e37c1efa326397366e6974cb338056df65cb50e7d64d1cf314e87504837?s=96&d=mm&r=g","caption":"Arnaldo Botto"},"url":"https:\/\/www.noticiasradioreflejos.com.ar\/2021\/author\/arnaldo\/"}]}},"_links":{"self":[{"href":"https:\/\/www.noticiasradioreflejos.com.ar\/2021\/wp-json\/wp\/v2\/posts\/72727","targetHints":{"allow":["GET"]}}],"collection":[{"href":"https:\/\/www.noticiasradioreflejos.com.ar\/2021\/wp-json\/wp\/v2\/posts"}],"about":[{"href":"https:\/\/www.noticiasradioreflejos.com.ar\/2021\/wp-json\/wp\/v2\/types\/post"}],"author":[{"embeddable":true,"href":"https:\/\/www.noticiasradioreflejos.com.ar\/2021\/wp-json\/wp\/v2\/users\/3"}],"replies":[{"embeddable":true,"href":"https:\/\/www.noticiasradioreflejos.com.ar\/2021\/wp-json\/wp\/v2\/comments?post=72727"}],"version-history":[{"count":2,"href":"https:\/\/www.noticiasradioreflejos.com.ar\/2021\/wp-json\/wp\/v2\/posts\/72727\/revisions"}],"predecessor-version":[{"id":72730,"href":"https:\/\/www.noticiasradioreflejos.com.ar\/2021\/wp-json\/wp\/v2\/posts\/72727\/revisions\/72730"}],"wp:attachment":[{"href":"https:\/\/www.noticiasradioreflejos.com.ar\/2021\/wp-json\/wp\/v2\/media?parent=72727"}],"wp:term":[{"taxonomy":"category","embeddable":true,"href":"https:\/\/www.noticiasradioreflejos.com.ar\/2021\/wp-json\/wp\/v2\/categories?post=72727"},{"taxonomy":"post_tag","embeddable":true,"href":"https:\/\/www.noticiasradioreflejos.com.ar\/2021\/wp-json\/wp\/v2\/tags?post=72727"}],"curies":[{"name":"wp","href":"https:\/\/api.w.org\/{rel}","templated":true}]}}