{"id":72724,"date":"2022-05-27T11:11:52","date_gmt":"2022-05-27T11:11:52","guid":{"rendered":"http:\/\/www.noticiasradioreflejos.com.ar\/2021\/?p=72724"},"modified":"2022-05-27T11:11:52","modified_gmt":"2022-05-27T11:11:52","slug":"inscripcion-record-para-los-juegos-bonaerenses-2022","status":"publish","type":"post","link":"https:\/\/www.noticiasradioreflejos.com.ar\/2021\/inscripcion-record-para-los-juegos-bonaerenses-2022\/","title":{"rendered":"Inscripci\u00f3n r\u00e9cord para los juegos bonaerenses 2022"},"content":{"rendered":"<p>En 2021 un total de 105.000 personas se inscribieron en los Juegos Bonaerenses y se destac\u00f3 que este a\u00f1o ese n\u00famero \u00abfue triplicado\u00bb, con lo cual m\u00e1s de 300.000 personas participar\u00e1n del evento.<!--more--><\/p>\n<figure class=\"mb-3\"><img decoding=\"async\" src=\"https:\/\/www.telam.com.ar\/thumbs\/bluesteel\/advf\/imagenes\/2021\/11\/61869f36d4a39_900.jpg\" alt=\"El nmero de inscriptos para el evento fue triplicado\" width=\"100%\" height=\"100%\" \/><\/p>\n<div class=\"media-icons\"><\/div><figcaption>El n\u00famero de inscriptos para el evento fue triplicado.<\/figcaption><\/figure>\n<p>El subsecretario de Deportes de la provincia de Buenos Aires,\u00a0<strong>Javier Lovera, destac\u00f3 este jueves la \u00abinscripci\u00f3n r\u00e9cord\u00bb en los Juegos Bonaerenses 2022, manifest\u00f3 que se trata de \u00abun hito en los \u00faltimos 10 a\u00f1os\u201d<\/strong>\u00a0y expuso que el evento busca \u00abhacernos mejores como sociedad\u201d.<\/p>\n<p>En un comunicado, se record\u00f3 que en 2021 un total de 105.000 personas se inscribieron en los Juegos Bonaerenses y se destac\u00f3 que este a\u00f1o ese n\u00famero \u00abfue triplicado\u00bb, con lo cual m\u00e1s de 300.000 personas participar\u00e1n del evento.<\/p>\n<p><strong>Este 2022 se lleva a cabo la 31\u00b0 edici\u00f3n de Juegos Bonaerenses con competencias deportivas y culturales<\/strong>\u00a0en los 135 municipios en las que participan j\u00f3venes, adultos mayores, estudiantes universitarios, personas con discapacidad y personas trasplantadas.<\/p>\n<p>\u00abLa edici\u00f3n de este a\u00f1o, signada por el retorno completo a la presencialidad, super\u00f3 ampliamente la cantidad de inscriptos e inscriptas respecto al 2021&#8243; indic\u00f3 Lovera.<\/p>\n<p>\u201cSabemos que como sociedad no podemos prescindir del deporte y la cultura para ser mejores a lo largo del tiempo, para cohesionarnos y desarrollarnos humanamente. Nosotros venimos a hacer eso\u00bb, plante\u00f3 Lovera y dijo que\u00a0<strong>se busca \u00abque las pol\u00edticas deportivas sean lo m\u00e1s flexibles posible para que sean un hito para la comunidad<\/strong>\u00a0y que sean el objetivo para retomar la pr\u00e1ctica deportiva y las actividades culturales\u00bb.<\/p>\n<p>\u00abA lo largo del tiempo esto nos tiene que hacer mejores como sociedad\u201d, finaliz\u00f3 el funcionario provincial.<\/p>\n","protected":false},"excerpt":{"rendered":"<p>En 2021 un total de 105.000 personas se inscribieron en los Juegos Bonaerenses y se destac\u00f3 que este a\u00f1o ese n\u00famero \u00abfue triplicado\u00bb, con lo cual m\u00e1s de 300.000 personas participar\u00e1n del evento.<\/p>\n","protected":false},"author":3,"featured_media":0,"comment_status":"closed","ping_status":"closed","sticky":false,"template":"","format":"standard","meta":{"footnotes":""},"categories":[27,24],"tags":[],"class_list":["post-72724","post","type-post","status-publish","format-standard","hentry","category-deportes","category-politica"],"yoast_head":"<!-- This site is optimized with the Yoast SEO plugin v25.9 - https:\/\/yoast.com\/wordpress\/plugins\/seo\/ -->\n<title>Inscripci\u00f3n r\u00e9cord para los juegos bonaerenses 2022 - Noticias Radio Reflejos<\/title>\n<meta name=\"robots\" content=\"index, follow, max-snippet:-1, max-image-preview:large, max-video-preview:-1\" \/>\n<link rel=\"canonical\" href=\"https:\/\/www.noticiasradioreflejos.com.ar\/2021\/inscripcion-record-para-los-juegos-bonaerenses-2022\/\" \/>\n<meta property=\"og:locale\" content=\"es_ES\" \/>\n<meta property=\"og:type\" content=\"article\" \/>\n<meta property=\"og:title\" content=\"Inscripci\u00f3n r\u00e9cord para los juegos bonaerenses 2022 - Noticias Radio Reflejos\" \/>\n<meta property=\"og:description\" content=\"En 2021 un total de 105.000 personas se inscribieron en los Juegos Bonaerenses y se destac\u00f3 que este a\u00f1o ese n\u00famero \u00abfue triplicado\u00bb, con lo cual m\u00e1s de 300.000 personas participar\u00e1n del evento.\" \/>\n<meta property=\"og:url\" content=\"https:\/\/www.noticiasradioreflejos.com.ar\/2021\/inscripcion-record-para-los-juegos-bonaerenses-2022\/\" \/>\n<meta property=\"og:site_name\" content=\"Noticias Radio Reflejos\" \/>\n<meta property=\"article:published_time\" content=\"2022-05-27T11:11:52+00:00\" \/>\n<meta property=\"og:image\" content=\"https:\/\/www.telam.com.ar\/thumbs\/bluesteel\/advf\/imagenes\/2021\/11\/61869f36d4a39_900.jpg\" \/>\n<meta name=\"author\" content=\"Arnaldo Botto\" \/>\n<meta name=\"twitter:card\" content=\"summary_large_image\" \/>\n<script type=\"application\/ld+json\" class=\"yoast-schema-graph\">{\"@context\":\"https:\/\/schema.org\",\"@graph\":[{\"@type\":\"WebPage\",\"@id\":\"https:\/\/www.noticiasradioreflejos.com.ar\/2021\/inscripcion-record-para-los-juegos-bonaerenses-2022\/\",\"url\":\"https:\/\/www.noticiasradioreflejos.com.ar\/2021\/inscripcion-record-para-los-juegos-bonaerenses-2022\/\",\"name\":\"Inscripci\u00f3n r\u00e9cord para los juegos bonaerenses 2022 - Noticias Radio Reflejos\",\"isPartOf\":{\"@id\":\"https:\/\/www.noticiasradioreflejos.com.ar\/2021\/#website\"},\"primaryImageOfPage\":{\"@id\":\"https:\/\/www.noticiasradioreflejos.com.ar\/2021\/inscripcion-record-para-los-juegos-bonaerenses-2022\/#primaryimage\"},\"image\":{\"@id\":\"https:\/\/www.noticiasradioreflejos.com.ar\/2021\/inscripcion-record-para-los-juegos-bonaerenses-2022\/#primaryimage\"},\"thumbnailUrl\":\"https:\/\/www.telam.com.ar\/thumbs\/bluesteel\/advf\/imagenes\/2021\/11\/61869f36d4a39_900.jpg\",\"datePublished\":\"2022-05-27T11:11:52+00:00\",\"author\":{\"@id\":\"https:\/\/www.noticiasradioreflejos.com.ar\/2021\/#\/schema\/person\/ad82545263dcc5ec0996818884fd5fb1\"},\"breadcrumb\":{\"@id\":\"https:\/\/www.noticiasradioreflejos.com.ar\/2021\/inscripcion-record-para-los-juegos-bonaerenses-2022\/#breadcrumb\"},\"inLanguage\":\"es\",\"potentialAction\":[{\"@type\":\"ReadAction\",\"target\":[\"https:\/\/www.noticiasradioreflejos.com.ar\/2021\/inscripcion-record-para-los-juegos-bonaerenses-2022\/\"]}]},{\"@type\":\"ImageObject\",\"inLanguage\":\"es\",\"@id\":\"https:\/\/www.noticiasradioreflejos.com.ar\/2021\/inscripcion-record-para-los-juegos-bonaerenses-2022\/#primaryimage\",\"url\":\"https:\/\/www.telam.com.ar\/thumbs\/bluesteel\/advf\/imagenes\/2021\/11\/61869f36d4a39_900.jpg\",\"contentUrl\":\"https:\/\/www.telam.com.ar\/thumbs\/bluesteel\/advf\/imagenes\/2021\/11\/61869f36d4a39_900.jpg\"},{\"@type\":\"BreadcrumbList\",\"@id\":\"https:\/\/www.noticiasradioreflejos.com.ar\/2021\/inscripcion-record-para-los-juegos-bonaerenses-2022\/#breadcrumb\",\"itemListElement\":[{\"@type\":\"ListItem\",\"position\":1,\"name\":\"Portada\",\"item\":\"https:\/\/www.noticiasradioreflejos.com.ar\/2021\/\"},{\"@type\":\"ListItem\",\"position\":2,\"name\":\"Inscripci\u00f3n r\u00e9cord para los juegos bonaerenses 2022\"}]},{\"@type\":\"WebSite\",\"@id\":\"https:\/\/www.noticiasradioreflejos.com.ar\/2021\/#website\",\"url\":\"https:\/\/www.noticiasradioreflejos.com.ar\/2021\/\",\"name\":\"Noticias Radio Reflejos\",\"description\":\"Las noticias de mi comarca\",\"potentialAction\":[{\"@type\":\"SearchAction\",\"target\":{\"@type\":\"EntryPoint\",\"urlTemplate\":\"https:\/\/www.noticiasradioreflejos.com.ar\/2021\/?s={search_term_string}\"},\"query-input\":{\"@type\":\"PropertyValueSpecification\",\"valueRequired\":true,\"valueName\":\"search_term_string\"}}],\"inLanguage\":\"es\"},{\"@type\":\"Person\",\"@id\":\"https:\/\/www.noticiasradioreflejos.com.ar\/2021\/#\/schema\/person\/ad82545263dcc5ec0996818884fd5fb1\",\"name\":\"Arnaldo Botto\",\"image\":{\"@type\":\"ImageObject\",\"inLanguage\":\"es\",\"@id\":\"https:\/\/www.noticiasradioreflejos.com.ar\/2021\/#\/schema\/person\/image\/\",\"url\":\"https:\/\/secure.gravatar.com\/avatar\/55cb5e37c1efa326397366e6974cb338056df65cb50e7d64d1cf314e87504837?s=96&d=mm&r=g\",\"contentUrl\":\"https:\/\/secure.gravatar.com\/avatar\/55cb5e37c1efa326397366e6974cb338056df65cb50e7d64d1cf314e87504837?s=96&d=mm&r=g\",\"caption\":\"Arnaldo Botto\"},\"url\":\"https:\/\/www.noticiasradioreflejos.com.ar\/2021\/author\/arnaldo\/\"}]}<\/script>\n<!-- \/ Yoast SEO plugin. -->","yoast_head_json":{"title":"Inscripci\u00f3n r\u00e9cord para los juegos bonaerenses 2022 - Noticias Radio Reflejos","robots":{"index":"index","follow":"follow","max-snippet":"max-snippet:-1","max-image-preview":"max-image-preview:large","max-video-preview":"max-video-preview:-1"},"canonical":"https:\/\/www.noticiasradioreflejos.com.ar\/2021\/inscripcion-record-para-los-juegos-bonaerenses-2022\/","og_locale":"es_ES","og_type":"article","og_title":"Inscripci\u00f3n r\u00e9cord para los juegos bonaerenses 2022 - Noticias Radio Reflejos","og_description":"En 2021 un total de 105.000 personas se inscribieron en los Juegos Bonaerenses y se destac\u00f3 que este a\u00f1o ese n\u00famero \u00abfue triplicado\u00bb, con lo cual m\u00e1s de 300.000 personas participar\u00e1n del evento.","og_url":"https:\/\/www.noticiasradioreflejos.com.ar\/2021\/inscripcion-record-para-los-juegos-bonaerenses-2022\/","og_site_name":"Noticias Radio Reflejos","article_published_time":"2022-05-27T11:11:52+00:00","og_image":[{"url":"https:\/\/www.telam.com.ar\/thumbs\/bluesteel\/advf\/imagenes\/2021\/11\/61869f36d4a39_900.jpg","type":"","width":"","height":""}],"author":"Arnaldo Botto","twitter_card":"summary_large_image","schema":{"@context":"https:\/\/schema.org","@graph":[{"@type":"WebPage","@id":"https:\/\/www.noticiasradioreflejos.com.ar\/2021\/inscripcion-record-para-los-juegos-bonaerenses-2022\/","url":"https:\/\/www.noticiasradioreflejos.com.ar\/2021\/inscripcion-record-para-los-juegos-bonaerenses-2022\/","name":"Inscripci\u00f3n r\u00e9cord para los juegos bonaerenses 2022 - Noticias Radio Reflejos","isPartOf":{"@id":"https:\/\/www.noticiasradioreflejos.com.ar\/2021\/#website"},"primaryImageOfPage":{"@id":"https:\/\/www.noticiasradioreflejos.com.ar\/2021\/inscripcion-record-para-los-juegos-bonaerenses-2022\/#primaryimage"},"image":{"@id":"https:\/\/www.noticiasradioreflejos.com.ar\/2021\/inscripcion-record-para-los-juegos-bonaerenses-2022\/#primaryimage"},"thumbnailUrl":"https:\/\/www.telam.com.ar\/thumbs\/bluesteel\/advf\/imagenes\/2021\/11\/61869f36d4a39_900.jpg","datePublished":"2022-05-27T11:11:52+00:00","author":{"@id":"https:\/\/www.noticiasradioreflejos.com.ar\/2021\/#\/schema\/person\/ad82545263dcc5ec0996818884fd5fb1"},"breadcrumb":{"@id":"https:\/\/www.noticiasradioreflejos.com.ar\/2021\/inscripcion-record-para-los-juegos-bonaerenses-2022\/#breadcrumb"},"inLanguage":"es","potentialAction":[{"@type":"ReadAction","target":["https:\/\/www.noticiasradioreflejos.com.ar\/2021\/inscripcion-record-para-los-juegos-bonaerenses-2022\/"]}]},{"@type":"ImageObject","inLanguage":"es","@id":"https:\/\/www.noticiasradioreflejos.com.ar\/2021\/inscripcion-record-para-los-juegos-bonaerenses-2022\/#primaryimage","url":"https:\/\/www.telam.com.ar\/thumbs\/bluesteel\/advf\/imagenes\/2021\/11\/61869f36d4a39_900.jpg","contentUrl":"https:\/\/www.telam.com.ar\/thumbs\/bluesteel\/advf\/imagenes\/2021\/11\/61869f36d4a39_900.jpg"},{"@type":"BreadcrumbList","@id":"https:\/\/www.noticiasradioreflejos.com.ar\/2021\/inscripcion-record-para-los-juegos-bonaerenses-2022\/#breadcrumb","itemListElement":[{"@type":"ListItem","position":1,"name":"Portada","item":"https:\/\/www.noticiasradioreflejos.com.ar\/2021\/"},{"@type":"ListItem","position":2,"name":"Inscripci\u00f3n r\u00e9cord para los juegos bonaerenses 2022"}]},{"@type":"WebSite","@id":"https:\/\/www.noticiasradioreflejos.com.ar\/2021\/#website","url":"https:\/\/www.noticiasradioreflejos.com.ar\/2021\/","name":"Noticias Radio Reflejos","description":"Las noticias de mi comarca","potentialAction":[{"@type":"SearchAction","target":{"@type":"EntryPoint","urlTemplate":"https:\/\/www.noticiasradioreflejos.com.ar\/2021\/?s={search_term_string}"},"query-input":{"@type":"PropertyValueSpecification","valueRequired":true,"valueName":"search_term_string"}}],"inLanguage":"es"},{"@type":"Person","@id":"https:\/\/www.noticiasradioreflejos.com.ar\/2021\/#\/schema\/person\/ad82545263dcc5ec0996818884fd5fb1","name":"Arnaldo Botto","image":{"@type":"ImageObject","inLanguage":"es","@id":"https:\/\/www.noticiasradioreflejos.com.ar\/2021\/#\/schema\/person\/image\/","url":"https:\/\/secure.gravatar.com\/avatar\/55cb5e37c1efa326397366e6974cb338056df65cb50e7d64d1cf314e87504837?s=96&d=mm&r=g","contentUrl":"https:\/\/secure.gravatar.com\/avatar\/55cb5e37c1efa326397366e6974cb338056df65cb50e7d64d1cf314e87504837?s=96&d=mm&r=g","caption":"Arnaldo Botto"},"url":"https:\/\/www.noticiasradioreflejos.com.ar\/2021\/author\/arnaldo\/"}]}},"_links":{"self":[{"href":"https:\/\/www.noticiasradioreflejos.com.ar\/2021\/wp-json\/wp\/v2\/posts\/72724","targetHints":{"allow":["GET"]}}],"collection":[{"href":"https:\/\/www.noticiasradioreflejos.com.ar\/2021\/wp-json\/wp\/v2\/posts"}],"about":[{"href":"https:\/\/www.noticiasradioreflejos.com.ar\/2021\/wp-json\/wp\/v2\/types\/post"}],"author":[{"embeddable":true,"href":"https:\/\/www.noticiasradioreflejos.com.ar\/2021\/wp-json\/wp\/v2\/users\/3"}],"replies":[{"embeddable":true,"href":"https:\/\/www.noticiasradioreflejos.com.ar\/2021\/wp-json\/wp\/v2\/comments?post=72724"}],"version-history":[{"count":1,"href":"https:\/\/www.noticiasradioreflejos.com.ar\/2021\/wp-json\/wp\/v2\/posts\/72724\/revisions"}],"predecessor-version":[{"id":72726,"href":"https:\/\/www.noticiasradioreflejos.com.ar\/2021\/wp-json\/wp\/v2\/posts\/72724\/revisions\/72726"}],"wp:attachment":[{"href":"https:\/\/www.noticiasradioreflejos.com.ar\/2021\/wp-json\/wp\/v2\/media?parent=72724"}],"wp:term":[{"taxonomy":"category","embeddable":true,"href":"https:\/\/www.noticiasradioreflejos.com.ar\/2021\/wp-json\/wp\/v2\/categories?post=72724"},{"taxonomy":"post_tag","embeddable":true,"href":"https:\/\/www.noticiasradioreflejos.com.ar\/2021\/wp-json\/wp\/v2\/tags?post=72724"}],"curies":[{"name":"wp","href":"https:\/\/api.w.org\/{rel}","templated":true}]}}