{"id":72712,"date":"2022-05-26T20:39:54","date_gmt":"2022-05-26T20:39:54","guid":{"rendered":"http:\/\/www.noticiasradioreflejos.com.ar\/2021\/?p=72712"},"modified":"2022-05-26T20:39:54","modified_gmt":"2022-05-26T20:39:54","slug":"gran-parte-del-centro-y-sur-del-pais-con-temperaturas-bajo-cero","status":"publish","type":"post","link":"https:\/\/www.noticiasradioreflejos.com.ar\/2021\/gran-parte-del-centro-y-sur-del-pais-con-temperaturas-bajo-cero\/","title":{"rendered":"Gran parte del centro y sur del pa\u00eds, con temperaturas bajo cero"},"content":{"rendered":"<p>Los lugares donde se registraron los fr\u00edos m\u00e1s intensos fueron Chapelco, Esquel, San Carlos de Bariloche y la zona de Perito Moreno.<!--more--><\/p>\n<figure class=\"mb-3\"><img decoding=\"async\" src=\"https:\/\/www.telam.com.ar\/thumbs\/bluesteel\/advf\/imagenes\/2022\/05\/628f982da59a9_900.jpg\" alt=\"La maana de este jueves comenz con fros intensos en varias provincias de la Argentina donde se registraron 152C en Maquinchao y 103C en Esquel en las primeras horas del da\" width=\"100%\" height=\"100%\" \/><\/p>\n<div class=\"media-icons\"><\/div><figcaption>La ma\u00f1ana de este jueves comenz\u00f3 con fr\u00edos intensos en varias provincias de la Argentina, donde se registraron -15.2\u00baC en Maquinchao y -10,3\u00baC en Esquel en las primeras horas del d\u00eda.<\/figcaption><\/figure>\n<p>Gran parte del<strong>\u00a0centro y sur del pa\u00eds<\/strong>\u00a0registraban<strong>\u00a0este jueves temperaturas inferiores a cero grados<\/strong>\u00a0cent\u00edgrados, con la localidad de\u00a0<strong>Maquinchao<\/strong>, al sur de\u00a0<strong>R\u00edo Negro<\/strong>, en el podio de las marcas m\u00e1s bajas con\u00a0<strong>-15.2\u00baC<\/strong>, seg\u00fan datos del\u00a0<strong>Servicio Meteorol\u00f3gico Nacional\u00a0<\/strong>(SMN).<\/p>\n<p>La ma\u00f1ana de este jueves comenz\u00f3 con fr\u00edos intensos en varias provincias de la Argentina, donde se registraro<strong>n -15.2\u00baC<\/strong>\u00a0en\u00a0<strong>Maquinchao<\/strong>\u00a0y<strong>\u00a0-10,3\u00baC en Esquel<\/strong>\u00a0en las primeras horas del d\u00eda.<\/p>\n<p>Luego, los<strong>\u00a0lugares<\/strong>\u00a0que registraron los\u00a0<strong>fr\u00edos m\u00e1s intensos<\/strong>\u00a0fueron<strong>\u00a0Chapelco<\/strong>\u00a0en<strong>\u00a0Neuqu\u00e9<\/strong>n (-6.6\u00baC),<strong>\u00a0Esquel<\/strong>\u00a0en<strong>\u00a0Chubu<\/strong>t (-5.8\u00baC), la ciudad rionegrina de<strong>\u00a0San Carlos de Bariloche en R\u00edo Negro<\/strong>\u00a0(-5.3\u00baC con una sensaci\u00f3n t\u00e9rmica de -9.4 \u00baC) y la zona de<strong>\u00a0Perito Moreno\u00a0<\/strong>en<strong>\u00a0Santa Cruz<\/strong>\u00a0(-5.2\u00baC y sensaci\u00f3n t\u00e9rmica de -7.8 \u00baC), seg\u00fan la \u00faltima actualizaci\u00f3n de las 10 de la ma\u00f1ana del SMN.<\/p>\n<p>En el resto de la<strong>\u00a0Patagonia<\/strong>, el ranking continuaba con las ciudades de<strong>\u00a0Puerto Madryn<\/strong>\u00a0(-4.4\u00baC) y\u00a0<strong>Trelew<\/strong>\u00a0(-3.7\u00baC) en\u00a0<strong>Chubut<\/strong>, y<strong>\u00a0El Bols\u00f3n<\/strong>\u00a0en R\u00edo Negro (-2.4\u00baC).<\/p>\n<blockquote class=\"twitter-tweet\" data-width=\"500\" data-dnt=\"true\">\n<p lang=\"es\" dir=\"ltr\">\u00a1Qu\u00e9 <a href=\"https:\/\/twitter.com\/hashtag\/fr%C3%ADo?src=hash&amp;ref_src=twsrc%5Etfw\">#fr\u00edo<\/a>!\ud83e\udd76La ma\u00f1ana del jueves comenz\u00f3 g\u00e9lida en varias provincias de la <a href=\"https:\/\/twitter.com\/hashtag\/Argentina?src=hash&amp;ref_src=twsrc%5Etfw\">#Argentina<\/a>. En el centro y sur del pa\u00eds, las <a href=\"https:\/\/twitter.com\/hashtag\/temperaturas?src=hash&amp;ref_src=twsrc%5Etfw\">#temperaturas<\/a> est\u00e1n por debajo de 0\u00b0C en forma local. <\/p>\n<p>\ud83c\udf21\ufe0f\ud83d\udccaEn Maquinchao, R\u00edo Negro, la <a href=\"https:\/\/twitter.com\/hashtag\/temperatura?src=hash&amp;ref_src=twsrc%5Etfw\">#temperatura<\/a> fue inferior a -14\u00b0C. <a href=\"https:\/\/t.co\/HR4LGtOd3P\">https:\/\/t.co\/HR4LGtOd3P<\/a> <a href=\"https:\/\/t.co\/uozysshMAE\">pic.twitter.com\/uozysshMAE<\/a><\/p>\n<p>&mdash; SMN Argentina (@SMN_Argentina) <a href=\"https:\/\/twitter.com\/SMN_Argentina\/status\/1529793371618803713?ref_src=twsrc%5Etfw\">May 26, 2022<\/a><\/p><\/blockquote>\n<p><script async src=\"https:\/\/platform.twitter.com\/widgets.js\" charset=\"utf-8\"><\/script><\/p>\n<p>Asimismo, se bati\u00f3 el<strong>\u00a0r\u00e9cord hist\u00f3rico de fr\u00edo de 1961 para mayo<\/strong>\u00a0en la ciudad de<strong>\u00a0Puerto Madryn<\/strong>\u00a0que lleg\u00f3 a los<strong>\u00a0-8,6\u00baC<\/strong>\u00a0de temperatura m\u00ednima en las primeras horas de la ma\u00f1ana.<\/p>\n<p>En el<strong>\u00a0centro del pa\u00eds<\/strong>, las temperaturas m\u00e1s bajas se dieron en la<strong>\u00a0provincia de Buenos\u00a0<\/strong>Aires en las localidades de\u00a0<strong>Coronel Pringles<\/strong>\u00a0con -3.7\u00b0C,\u00a0<strong>Sierra de La Ventana<\/strong>\u00a0con -3.7\u00b0C,\u00a0<strong>Coronel Suarez<\/strong>\u00a0con -3.1\u00b0C y<strong>\u00a0Monte Hermoso<\/strong>\u00a0con -2.3\u00b0C.<\/p>\n<p>A su vez, se registraron -4\u00b0C en las zonas de Uspallata y el Paso Cristo Redentor, en Mendoza, al tiempo que en La Pampa el term\u00f3metro marc\u00f3 -1,2\u00b0C en las localidades de Lihuel Calel y Bernasconi.<\/p>\n<p>Por su parte, la<strong>\u00a0Base Marambio\u00a0<\/strong>en la Ant\u00e1rtida registraba una temperatura d<strong>e -16.4\u00baC\u00a0<\/strong>con una sensaci\u00f3n t\u00e9rmica de -30.1 \u00baC, al tiempo que la base Belgrano II marc\u00f3 -11.2\u00baC y sensaci\u00f3n t\u00e9rmica de -19 \u00baC.<\/p>\n<p>En tanto, las\u00a0<strong>temperaturas m\u00e1s elevadas\u00a0<\/strong>se produjeron en la ciudad de<strong>\u00a0Formosa (20.1\u00baC)<\/strong>, en Puerto Iguaz\u00fa (Misiones) con 19.6\u00baC y en San Ram\u00f3n de La Nueva Or\u00e1n, en Salta, con 18.8\u00baC.<\/p>\n","protected":false},"excerpt":{"rendered":"<p>Los lugares donde se registraron los fr\u00edos m\u00e1s intensos fueron Chapelco, Esquel, San Carlos de Bariloche y la zona de Perito Moreno.<\/p>\n","protected":false},"author":3,"featured_media":0,"comment_status":"closed","ping_status":"closed","sticky":false,"template":"","format":"standard","meta":{"footnotes":""},"categories":[46,26],"tags":[],"class_list":["post-72712","post","type-post","status-publish","format-standard","hentry","category-ciencia-y-tecnologia","category-sociedad"],"yoast_head":"<!-- This site is optimized with the Yoast SEO plugin v25.9 - https:\/\/yoast.com\/wordpress\/plugins\/seo\/ -->\n<title>Gran parte del centro y sur del pa\u00eds, con temperaturas bajo cero - Noticias Radio Reflejos<\/title>\n<meta name=\"robots\" content=\"index, follow, max-snippet:-1, max-image-preview:large, max-video-preview:-1\" \/>\n<link rel=\"canonical\" href=\"https:\/\/www.noticiasradioreflejos.com.ar\/2021\/gran-parte-del-centro-y-sur-del-pais-con-temperaturas-bajo-cero\/\" \/>\n<meta property=\"og:locale\" content=\"es_ES\" \/>\n<meta property=\"og:type\" content=\"article\" \/>\n<meta property=\"og:title\" content=\"Gran parte del centro y sur del pa\u00eds, con temperaturas bajo cero - Noticias Radio Reflejos\" \/>\n<meta property=\"og:description\" content=\"Los lugares donde se registraron los fr\u00edos m\u00e1s intensos fueron Chapelco, Esquel, San Carlos de Bariloche y la zona de Perito Moreno.\" \/>\n<meta property=\"og:url\" content=\"https:\/\/www.noticiasradioreflejos.com.ar\/2021\/gran-parte-del-centro-y-sur-del-pais-con-temperaturas-bajo-cero\/\" \/>\n<meta property=\"og:site_name\" content=\"Noticias Radio Reflejos\" \/>\n<meta property=\"article:published_time\" content=\"2022-05-26T20:39:54+00:00\" \/>\n<meta property=\"og:image\" content=\"https:\/\/www.telam.com.ar\/thumbs\/bluesteel\/advf\/imagenes\/2022\/05\/628f982da59a9_900.jpg\" \/>\n<meta name=\"author\" content=\"Arnaldo Botto\" \/>\n<meta name=\"twitter:card\" content=\"summary_large_image\" \/>\n<script type=\"application\/ld+json\" class=\"yoast-schema-graph\">{\"@context\":\"https:\/\/schema.org\",\"@graph\":[{\"@type\":\"WebPage\",\"@id\":\"https:\/\/www.noticiasradioreflejos.com.ar\/2021\/gran-parte-del-centro-y-sur-del-pais-con-temperaturas-bajo-cero\/\",\"url\":\"https:\/\/www.noticiasradioreflejos.com.ar\/2021\/gran-parte-del-centro-y-sur-del-pais-con-temperaturas-bajo-cero\/\",\"name\":\"Gran parte del centro y sur del pa\u00eds, con temperaturas bajo cero - Noticias Radio Reflejos\",\"isPartOf\":{\"@id\":\"https:\/\/www.noticiasradioreflejos.com.ar\/2021\/#website\"},\"primaryImageOfPage\":{\"@id\":\"https:\/\/www.noticiasradioreflejos.com.ar\/2021\/gran-parte-del-centro-y-sur-del-pais-con-temperaturas-bajo-cero\/#primaryimage\"},\"image\":{\"@id\":\"https:\/\/www.noticiasradioreflejos.com.ar\/2021\/gran-parte-del-centro-y-sur-del-pais-con-temperaturas-bajo-cero\/#primaryimage\"},\"thumbnailUrl\":\"https:\/\/www.telam.com.ar\/thumbs\/bluesteel\/advf\/imagenes\/2022\/05\/628f982da59a9_900.jpg\",\"datePublished\":\"2022-05-26T20:39:54+00:00\",\"author\":{\"@id\":\"https:\/\/www.noticiasradioreflejos.com.ar\/2021\/#\/schema\/person\/ad82545263dcc5ec0996818884fd5fb1\"},\"breadcrumb\":{\"@id\":\"https:\/\/www.noticiasradioreflejos.com.ar\/2021\/gran-parte-del-centro-y-sur-del-pais-con-temperaturas-bajo-cero\/#breadcrumb\"},\"inLanguage\":\"es\",\"potentialAction\":[{\"@type\":\"ReadAction\",\"target\":[\"https:\/\/www.noticiasradioreflejos.com.ar\/2021\/gran-parte-del-centro-y-sur-del-pais-con-temperaturas-bajo-cero\/\"]}]},{\"@type\":\"ImageObject\",\"inLanguage\":\"es\",\"@id\":\"https:\/\/www.noticiasradioreflejos.com.ar\/2021\/gran-parte-del-centro-y-sur-del-pais-con-temperaturas-bajo-cero\/#primaryimage\",\"url\":\"https:\/\/www.telam.com.ar\/thumbs\/bluesteel\/advf\/imagenes\/2022\/05\/628f982da59a9_900.jpg\",\"contentUrl\":\"https:\/\/www.telam.com.ar\/thumbs\/bluesteel\/advf\/imagenes\/2022\/05\/628f982da59a9_900.jpg\"},{\"@type\":\"BreadcrumbList\",\"@id\":\"https:\/\/www.noticiasradioreflejos.com.ar\/2021\/gran-parte-del-centro-y-sur-del-pais-con-temperaturas-bajo-cero\/#breadcrumb\",\"itemListElement\":[{\"@type\":\"ListItem\",\"position\":1,\"name\":\"Portada\",\"item\":\"https:\/\/www.noticiasradioreflejos.com.ar\/2021\/\"},{\"@type\":\"ListItem\",\"position\":2,\"name\":\"Gran parte del centro y sur del pa\u00eds, con temperaturas bajo cero\"}]},{\"@type\":\"WebSite\",\"@id\":\"https:\/\/www.noticiasradioreflejos.com.ar\/2021\/#website\",\"url\":\"https:\/\/www.noticiasradioreflejos.com.ar\/2021\/\",\"name\":\"Noticias Radio Reflejos\",\"description\":\"Las noticias de mi comarca\",\"potentialAction\":[{\"@type\":\"SearchAction\",\"target\":{\"@type\":\"EntryPoint\",\"urlTemplate\":\"https:\/\/www.noticiasradioreflejos.com.ar\/2021\/?s={search_term_string}\"},\"query-input\":{\"@type\":\"PropertyValueSpecification\",\"valueRequired\":true,\"valueName\":\"search_term_string\"}}],\"inLanguage\":\"es\"},{\"@type\":\"Person\",\"@id\":\"https:\/\/www.noticiasradioreflejos.com.ar\/2021\/#\/schema\/person\/ad82545263dcc5ec0996818884fd5fb1\",\"name\":\"Arnaldo Botto\",\"image\":{\"@type\":\"ImageObject\",\"inLanguage\":\"es\",\"@id\":\"https:\/\/www.noticiasradioreflejos.com.ar\/2021\/#\/schema\/person\/image\/\",\"url\":\"https:\/\/secure.gravatar.com\/avatar\/55cb5e37c1efa326397366e6974cb338056df65cb50e7d64d1cf314e87504837?s=96&d=mm&r=g\",\"contentUrl\":\"https:\/\/secure.gravatar.com\/avatar\/55cb5e37c1efa326397366e6974cb338056df65cb50e7d64d1cf314e87504837?s=96&d=mm&r=g\",\"caption\":\"Arnaldo Botto\"},\"url\":\"https:\/\/www.noticiasradioreflejos.com.ar\/2021\/author\/arnaldo\/\"}]}<\/script>\n<!-- \/ Yoast SEO plugin. -->","yoast_head_json":{"title":"Gran parte del centro y sur del pa\u00eds, con temperaturas bajo cero - Noticias Radio Reflejos","robots":{"index":"index","follow":"follow","max-snippet":"max-snippet:-1","max-image-preview":"max-image-preview:large","max-video-preview":"max-video-preview:-1"},"canonical":"https:\/\/www.noticiasradioreflejos.com.ar\/2021\/gran-parte-del-centro-y-sur-del-pais-con-temperaturas-bajo-cero\/","og_locale":"es_ES","og_type":"article","og_title":"Gran parte del centro y sur del pa\u00eds, con temperaturas bajo cero - Noticias Radio Reflejos","og_description":"Los lugares donde se registraron los fr\u00edos m\u00e1s intensos fueron Chapelco, Esquel, San Carlos de Bariloche y la zona de Perito Moreno.","og_url":"https:\/\/www.noticiasradioreflejos.com.ar\/2021\/gran-parte-del-centro-y-sur-del-pais-con-temperaturas-bajo-cero\/","og_site_name":"Noticias Radio Reflejos","article_published_time":"2022-05-26T20:39:54+00:00","og_image":[{"url":"https:\/\/www.telam.com.ar\/thumbs\/bluesteel\/advf\/imagenes\/2022\/05\/628f982da59a9_900.jpg","type":"","width":"","height":""}],"author":"Arnaldo Botto","twitter_card":"summary_large_image","schema":{"@context":"https:\/\/schema.org","@graph":[{"@type":"WebPage","@id":"https:\/\/www.noticiasradioreflejos.com.ar\/2021\/gran-parte-del-centro-y-sur-del-pais-con-temperaturas-bajo-cero\/","url":"https:\/\/www.noticiasradioreflejos.com.ar\/2021\/gran-parte-del-centro-y-sur-del-pais-con-temperaturas-bajo-cero\/","name":"Gran parte del centro y sur del pa\u00eds, con temperaturas bajo cero - Noticias Radio Reflejos","isPartOf":{"@id":"https:\/\/www.noticiasradioreflejos.com.ar\/2021\/#website"},"primaryImageOfPage":{"@id":"https:\/\/www.noticiasradioreflejos.com.ar\/2021\/gran-parte-del-centro-y-sur-del-pais-con-temperaturas-bajo-cero\/#primaryimage"},"image":{"@id":"https:\/\/www.noticiasradioreflejos.com.ar\/2021\/gran-parte-del-centro-y-sur-del-pais-con-temperaturas-bajo-cero\/#primaryimage"},"thumbnailUrl":"https:\/\/www.telam.com.ar\/thumbs\/bluesteel\/advf\/imagenes\/2022\/05\/628f982da59a9_900.jpg","datePublished":"2022-05-26T20:39:54+00:00","author":{"@id":"https:\/\/www.noticiasradioreflejos.com.ar\/2021\/#\/schema\/person\/ad82545263dcc5ec0996818884fd5fb1"},"breadcrumb":{"@id":"https:\/\/www.noticiasradioreflejos.com.ar\/2021\/gran-parte-del-centro-y-sur-del-pais-con-temperaturas-bajo-cero\/#breadcrumb"},"inLanguage":"es","potentialAction":[{"@type":"ReadAction","target":["https:\/\/www.noticiasradioreflejos.com.ar\/2021\/gran-parte-del-centro-y-sur-del-pais-con-temperaturas-bajo-cero\/"]}]},{"@type":"ImageObject","inLanguage":"es","@id":"https:\/\/www.noticiasradioreflejos.com.ar\/2021\/gran-parte-del-centro-y-sur-del-pais-con-temperaturas-bajo-cero\/#primaryimage","url":"https:\/\/www.telam.com.ar\/thumbs\/bluesteel\/advf\/imagenes\/2022\/05\/628f982da59a9_900.jpg","contentUrl":"https:\/\/www.telam.com.ar\/thumbs\/bluesteel\/advf\/imagenes\/2022\/05\/628f982da59a9_900.jpg"},{"@type":"BreadcrumbList","@id":"https:\/\/www.noticiasradioreflejos.com.ar\/2021\/gran-parte-del-centro-y-sur-del-pais-con-temperaturas-bajo-cero\/#breadcrumb","itemListElement":[{"@type":"ListItem","position":1,"name":"Portada","item":"https:\/\/www.noticiasradioreflejos.com.ar\/2021\/"},{"@type":"ListItem","position":2,"name":"Gran parte del centro y sur del pa\u00eds, con temperaturas bajo cero"}]},{"@type":"WebSite","@id":"https:\/\/www.noticiasradioreflejos.com.ar\/2021\/#website","url":"https:\/\/www.noticiasradioreflejos.com.ar\/2021\/","name":"Noticias Radio Reflejos","description":"Las noticias de mi comarca","potentialAction":[{"@type":"SearchAction","target":{"@type":"EntryPoint","urlTemplate":"https:\/\/www.noticiasradioreflejos.com.ar\/2021\/?s={search_term_string}"},"query-input":{"@type":"PropertyValueSpecification","valueRequired":true,"valueName":"search_term_string"}}],"inLanguage":"es"},{"@type":"Person","@id":"https:\/\/www.noticiasradioreflejos.com.ar\/2021\/#\/schema\/person\/ad82545263dcc5ec0996818884fd5fb1","name":"Arnaldo Botto","image":{"@type":"ImageObject","inLanguage":"es","@id":"https:\/\/www.noticiasradioreflejos.com.ar\/2021\/#\/schema\/person\/image\/","url":"https:\/\/secure.gravatar.com\/avatar\/55cb5e37c1efa326397366e6974cb338056df65cb50e7d64d1cf314e87504837?s=96&d=mm&r=g","contentUrl":"https:\/\/secure.gravatar.com\/avatar\/55cb5e37c1efa326397366e6974cb338056df65cb50e7d64d1cf314e87504837?s=96&d=mm&r=g","caption":"Arnaldo Botto"},"url":"https:\/\/www.noticiasradioreflejos.com.ar\/2021\/author\/arnaldo\/"}]}},"_links":{"self":[{"href":"https:\/\/www.noticiasradioreflejos.com.ar\/2021\/wp-json\/wp\/v2\/posts\/72712","targetHints":{"allow":["GET"]}}],"collection":[{"href":"https:\/\/www.noticiasradioreflejos.com.ar\/2021\/wp-json\/wp\/v2\/posts"}],"about":[{"href":"https:\/\/www.noticiasradioreflejos.com.ar\/2021\/wp-json\/wp\/v2\/types\/post"}],"author":[{"embeddable":true,"href":"https:\/\/www.noticiasradioreflejos.com.ar\/2021\/wp-json\/wp\/v2\/users\/3"}],"replies":[{"embeddable":true,"href":"https:\/\/www.noticiasradioreflejos.com.ar\/2021\/wp-json\/wp\/v2\/comments?post=72712"}],"version-history":[{"count":1,"href":"https:\/\/www.noticiasradioreflejos.com.ar\/2021\/wp-json\/wp\/v2\/posts\/72712\/revisions"}],"predecessor-version":[{"id":72713,"href":"https:\/\/www.noticiasradioreflejos.com.ar\/2021\/wp-json\/wp\/v2\/posts\/72712\/revisions\/72713"}],"wp:attachment":[{"href":"https:\/\/www.noticiasradioreflejos.com.ar\/2021\/wp-json\/wp\/v2\/media?parent=72712"}],"wp:term":[{"taxonomy":"category","embeddable":true,"href":"https:\/\/www.noticiasradioreflejos.com.ar\/2021\/wp-json\/wp\/v2\/categories?post=72712"},{"taxonomy":"post_tag","embeddable":true,"href":"https:\/\/www.noticiasradioreflejos.com.ar\/2021\/wp-json\/wp\/v2\/tags?post=72712"}],"curies":[{"name":"wp","href":"https:\/\/api.w.org\/{rel}","templated":true}]}}