{"id":72709,"date":"2022-05-26T20:36:49","date_gmt":"2022-05-26T20:36:49","guid":{"rendered":"http:\/\/www.noticiasradioreflejos.com.ar\/2021\/?p=72709"},"modified":"2022-05-26T20:36:49","modified_gmt":"2022-05-26T20:36:49","slug":"el-empleo-privado-supero-el-nivel-de-la-prepandemia-en-el-77-de-los-distritos-del-pais","status":"publish","type":"post","link":"https:\/\/www.noticiasradioreflejos.com.ar\/2021\/el-empleo-privado-supero-el-nivel-de-la-prepandemia-en-el-77-de-los-distritos-del-pais\/","title":{"rendered":"El empleo privado super\u00f3 el nivel de la prepandemia en el 77% de los distritos del pa\u00eds"},"content":{"rendered":"<p>Se crearon 71.000 puestos de trabajo adicionales gracias al impulso de la producci\u00f3n industrial, la construcci\u00f3n y los servicios, seg\u00fan inform\u00f3 el coordinador del Plan Argentina Productiva, Daniel Schteingart. El podio de mayor crecimiento laboral lo ocupan Malvinas Argentinas, Rosario y C\u00f3rdoba Capital.<!--more--><\/p>\n<figure class=\"mb-3\"><img decoding=\"async\" src=\"https:\/\/www.telam.com.ar\/thumbs\/bluesteel\/advf\/imagenes\/2021\/09\/61393db12b856_900.jpg\" alt=\"Foto Ral Ferrari\" width=\"100%\" height=\"100%\" \/><\/p>\n<div class=\"media-icons\"><\/div><figcaption>Foto: Ra\u00fal Ferrari<\/figcaption><\/figure>\n<p>El coordinador del Plan Argentina Productiva,\u00a0<strong>Daniel Schteingart<\/strong>, asegur\u00f3 este jueves que\u00a0<strong>el 77% de los departamentos de las provincias argentina tiene m\u00e1s empleo privado registrado que antes de que comience la pandemia de Covid-19<\/strong>\u00a0en marzo de 2020, impulsados por el incremento en la producci\u00f3n industrial, la construcci\u00f3n y los servicios.<\/p>\n<p>A trav\u00e9s de su cuenta oficial en la red social Twitter, el tambi\u00e9n director del Centro de Estudios para la Producci\u00f3n XXI (CEP XXI) asegur\u00f3 que este incremento se tradujo en la\u00a0<strong>creaci\u00f3n de 71.000 puestos de trabajo adicionales a los existentes en la prepandemia.<\/strong><\/p>\n<p>Seg\u00fan Schteingart, el distrito donde m\u00e1s creci\u00f3 el empleo fue en el de\u00a0<strong>Malvinas Argentinas<\/strong>, en la provincia de Buenos Aires, donde se crearon 4.353 puestos formales privados, lo que signific\u00f3 un incremento del 6,8% respecto a los registros de hace dos a\u00f1os.<\/p>\n<figure class=\"mb-3\"><img decoding=\"async\" src=\"https:\/\/www.telam.com.ar\/thumbs\/bluesteel\/advf\/imagenes\/2022\/05\/6273acbf980dd_900.jpg\" alt=\"Telam SE\" width=\"100%\" height=\"100%\" \/><\/p>\n<div class=\"media-icons\"><\/div><figcaption><\/figcaption><\/figure>\n<p>Esta mejora radic\u00f3 en los progresos de la industria y log\u00edstica.<\/p>\n<p>El segundo con mejor desempe\u00f1o fue\u00a0<strong>Rosario<\/strong>, con 4.202 puestos m\u00e1s explicados por una mayor actividad en la industria metalmec\u00e1nica, automotriz, del caucho, pl\u00e1sticos y alimentos.<\/p>\n<p>Cierra el podio\u00a0<strong>C\u00f3rdoba Capital\u00a0<\/strong>con 4.154 trabajos nuevos, tambi\u00e9n impulsados por los rubros de la industria, construcci\u00f3n, salud y software.<\/p>\n<figure class=\"mb-3\"><img decoding=\"async\" src=\"https:\/\/www.telam.com.ar\/thumbs\/bluesteel\/advf\/imagenes\/2022\/01\/61d75b98d390e_900.jpg\" alt=\"Telam SE\" width=\"100%\" height=\"100%\" \/><\/p>\n<div class=\"media-icons\"><\/div><figcaption><\/figcaption><\/figure>\n<p>Los restantes departamentos o partidos que mostraron importantes alzas fueron Pilar (Buenos Aires, con 3.379 puestos); Resistencia (Chaco, 2.505); Escobar (Buenos Aires, 2.495); Santa Fe (Santa Fe, 2.390); y Florencio Varela (Buenos Aires, 2.280).<\/p>\n<p>Tambi\u00e9n tuvieron incrementos considerables San Nicol\u00e1s (Buenos Aires, 2.181); Tigre (Buenos Aires, 2.163); Posadas (Misiones, 2.148); Jos\u00e9 C. Paz (Buenos Aires, 2.076); Castellanos (Santa Fe, 1.885); San Justo (C\u00f3rdoba, 1.817); y Paran\u00e1 (Entre R\u00edos, 1.719).<\/p>\n","protected":false},"excerpt":{"rendered":"<p>Se crearon 71.000 puestos de trabajo adicionales gracias al impulso de la producci\u00f3n industrial, la construcci\u00f3n y los servicios, seg\u00fan inform\u00f3 el coordinador del Plan Argentina Productiva, Daniel Schteingart. El podio de mayor crecimiento laboral lo ocupan Malvinas Argentinas, Rosario y C\u00f3rdoba Capital.<\/p>\n","protected":false},"author":3,"featured_media":0,"comment_status":"closed","ping_status":"closed","sticky":false,"template":"","format":"standard","meta":{"footnotes":""},"categories":[36,24],"tags":[],"class_list":["post-72709","post","type-post","status-publish","format-standard","hentry","category-economia","category-politica"],"yoast_head":"<!-- This site is optimized with the Yoast SEO plugin v25.9 - https:\/\/yoast.com\/wordpress\/plugins\/seo\/ -->\n<title>El empleo privado super\u00f3 el nivel de la prepandemia en el 77% de los distritos del pa\u00eds - Noticias Radio Reflejos<\/title>\n<meta name=\"robots\" content=\"index, follow, max-snippet:-1, max-image-preview:large, max-video-preview:-1\" \/>\n<link rel=\"canonical\" href=\"https:\/\/www.noticiasradioreflejos.com.ar\/2021\/el-empleo-privado-supero-el-nivel-de-la-prepandemia-en-el-77-de-los-distritos-del-pais\/\" \/>\n<meta property=\"og:locale\" content=\"es_ES\" \/>\n<meta property=\"og:type\" content=\"article\" \/>\n<meta property=\"og:title\" content=\"El empleo privado super\u00f3 el nivel de la prepandemia en el 77% de los distritos del pa\u00eds - Noticias Radio Reflejos\" \/>\n<meta property=\"og:description\" content=\"Se crearon 71.000 puestos de trabajo adicionales gracias al impulso de la producci\u00f3n industrial, la construcci\u00f3n y los servicios, seg\u00fan inform\u00f3 el coordinador del Plan Argentina Productiva, Daniel Schteingart. El podio de mayor crecimiento laboral lo ocupan Malvinas Argentinas, Rosario y C\u00f3rdoba Capital.\" \/>\n<meta property=\"og:url\" content=\"https:\/\/www.noticiasradioreflejos.com.ar\/2021\/el-empleo-privado-supero-el-nivel-de-la-prepandemia-en-el-77-de-los-distritos-del-pais\/\" \/>\n<meta property=\"og:site_name\" content=\"Noticias Radio Reflejos\" \/>\n<meta property=\"article:published_time\" content=\"2022-05-26T20:36:49+00:00\" \/>\n<meta property=\"og:image\" content=\"https:\/\/www.telam.com.ar\/thumbs\/bluesteel\/advf\/imagenes\/2021\/09\/61393db12b856_900.jpg\" \/>\n<meta name=\"author\" content=\"Arnaldo Botto\" \/>\n<meta name=\"twitter:card\" content=\"summary_large_image\" \/>\n<script type=\"application\/ld+json\" class=\"yoast-schema-graph\">{\"@context\":\"https:\/\/schema.org\",\"@graph\":[{\"@type\":\"WebPage\",\"@id\":\"https:\/\/www.noticiasradioreflejos.com.ar\/2021\/el-empleo-privado-supero-el-nivel-de-la-prepandemia-en-el-77-de-los-distritos-del-pais\/\",\"url\":\"https:\/\/www.noticiasradioreflejos.com.ar\/2021\/el-empleo-privado-supero-el-nivel-de-la-prepandemia-en-el-77-de-los-distritos-del-pais\/\",\"name\":\"El empleo privado super\u00f3 el nivel de la prepandemia en el 77% de los distritos del pa\u00eds - Noticias Radio Reflejos\",\"isPartOf\":{\"@id\":\"https:\/\/www.noticiasradioreflejos.com.ar\/2021\/#website\"},\"primaryImageOfPage\":{\"@id\":\"https:\/\/www.noticiasradioreflejos.com.ar\/2021\/el-empleo-privado-supero-el-nivel-de-la-prepandemia-en-el-77-de-los-distritos-del-pais\/#primaryimage\"},\"image\":{\"@id\":\"https:\/\/www.noticiasradioreflejos.com.ar\/2021\/el-empleo-privado-supero-el-nivel-de-la-prepandemia-en-el-77-de-los-distritos-del-pais\/#primaryimage\"},\"thumbnailUrl\":\"https:\/\/www.telam.com.ar\/thumbs\/bluesteel\/advf\/imagenes\/2021\/09\/61393db12b856_900.jpg\",\"datePublished\":\"2022-05-26T20:36:49+00:00\",\"author\":{\"@id\":\"https:\/\/www.noticiasradioreflejos.com.ar\/2021\/#\/schema\/person\/ad82545263dcc5ec0996818884fd5fb1\"},\"breadcrumb\":{\"@id\":\"https:\/\/www.noticiasradioreflejos.com.ar\/2021\/el-empleo-privado-supero-el-nivel-de-la-prepandemia-en-el-77-de-los-distritos-del-pais\/#breadcrumb\"},\"inLanguage\":\"es\",\"potentialAction\":[{\"@type\":\"ReadAction\",\"target\":[\"https:\/\/www.noticiasradioreflejos.com.ar\/2021\/el-empleo-privado-supero-el-nivel-de-la-prepandemia-en-el-77-de-los-distritos-del-pais\/\"]}]},{\"@type\":\"ImageObject\",\"inLanguage\":\"es\",\"@id\":\"https:\/\/www.noticiasradioreflejos.com.ar\/2021\/el-empleo-privado-supero-el-nivel-de-la-prepandemia-en-el-77-de-los-distritos-del-pais\/#primaryimage\",\"url\":\"https:\/\/www.telam.com.ar\/thumbs\/bluesteel\/advf\/imagenes\/2021\/09\/61393db12b856_900.jpg\",\"contentUrl\":\"https:\/\/www.telam.com.ar\/thumbs\/bluesteel\/advf\/imagenes\/2021\/09\/61393db12b856_900.jpg\"},{\"@type\":\"BreadcrumbList\",\"@id\":\"https:\/\/www.noticiasradioreflejos.com.ar\/2021\/el-empleo-privado-supero-el-nivel-de-la-prepandemia-en-el-77-de-los-distritos-del-pais\/#breadcrumb\",\"itemListElement\":[{\"@type\":\"ListItem\",\"position\":1,\"name\":\"Portada\",\"item\":\"https:\/\/www.noticiasradioreflejos.com.ar\/2021\/\"},{\"@type\":\"ListItem\",\"position\":2,\"name\":\"El empleo privado super\u00f3 el nivel de la prepandemia en el 77% de los distritos del pa\u00eds\"}]},{\"@type\":\"WebSite\",\"@id\":\"https:\/\/www.noticiasradioreflejos.com.ar\/2021\/#website\",\"url\":\"https:\/\/www.noticiasradioreflejos.com.ar\/2021\/\",\"name\":\"Noticias Radio Reflejos\",\"description\":\"Las noticias de mi comarca\",\"potentialAction\":[{\"@type\":\"SearchAction\",\"target\":{\"@type\":\"EntryPoint\",\"urlTemplate\":\"https:\/\/www.noticiasradioreflejos.com.ar\/2021\/?s={search_term_string}\"},\"query-input\":{\"@type\":\"PropertyValueSpecification\",\"valueRequired\":true,\"valueName\":\"search_term_string\"}}],\"inLanguage\":\"es\"},{\"@type\":\"Person\",\"@id\":\"https:\/\/www.noticiasradioreflejos.com.ar\/2021\/#\/schema\/person\/ad82545263dcc5ec0996818884fd5fb1\",\"name\":\"Arnaldo Botto\",\"image\":{\"@type\":\"ImageObject\",\"inLanguage\":\"es\",\"@id\":\"https:\/\/www.noticiasradioreflejos.com.ar\/2021\/#\/schema\/person\/image\/\",\"url\":\"https:\/\/secure.gravatar.com\/avatar\/55cb5e37c1efa326397366e6974cb338056df65cb50e7d64d1cf314e87504837?s=96&d=mm&r=g\",\"contentUrl\":\"https:\/\/secure.gravatar.com\/avatar\/55cb5e37c1efa326397366e6974cb338056df65cb50e7d64d1cf314e87504837?s=96&d=mm&r=g\",\"caption\":\"Arnaldo Botto\"},\"url\":\"https:\/\/www.noticiasradioreflejos.com.ar\/2021\/author\/arnaldo\/\"}]}<\/script>\n<!-- \/ Yoast SEO plugin. -->","yoast_head_json":{"title":"El empleo privado super\u00f3 el nivel de la prepandemia en el 77% de los distritos del pa\u00eds - Noticias Radio Reflejos","robots":{"index":"index","follow":"follow","max-snippet":"max-snippet:-1","max-image-preview":"max-image-preview:large","max-video-preview":"max-video-preview:-1"},"canonical":"https:\/\/www.noticiasradioreflejos.com.ar\/2021\/el-empleo-privado-supero-el-nivel-de-la-prepandemia-en-el-77-de-los-distritos-del-pais\/","og_locale":"es_ES","og_type":"article","og_title":"El empleo privado super\u00f3 el nivel de la prepandemia en el 77% de los distritos del pa\u00eds - Noticias Radio Reflejos","og_description":"Se crearon 71.000 puestos de trabajo adicionales gracias al impulso de la producci\u00f3n industrial, la construcci\u00f3n y los servicios, seg\u00fan inform\u00f3 el coordinador del Plan Argentina Productiva, Daniel Schteingart. El podio de mayor crecimiento laboral lo ocupan Malvinas Argentinas, Rosario y C\u00f3rdoba Capital.","og_url":"https:\/\/www.noticiasradioreflejos.com.ar\/2021\/el-empleo-privado-supero-el-nivel-de-la-prepandemia-en-el-77-de-los-distritos-del-pais\/","og_site_name":"Noticias Radio Reflejos","article_published_time":"2022-05-26T20:36:49+00:00","og_image":[{"url":"https:\/\/www.telam.com.ar\/thumbs\/bluesteel\/advf\/imagenes\/2021\/09\/61393db12b856_900.jpg","type":"","width":"","height":""}],"author":"Arnaldo Botto","twitter_card":"summary_large_image","schema":{"@context":"https:\/\/schema.org","@graph":[{"@type":"WebPage","@id":"https:\/\/www.noticiasradioreflejos.com.ar\/2021\/el-empleo-privado-supero-el-nivel-de-la-prepandemia-en-el-77-de-los-distritos-del-pais\/","url":"https:\/\/www.noticiasradioreflejos.com.ar\/2021\/el-empleo-privado-supero-el-nivel-de-la-prepandemia-en-el-77-de-los-distritos-del-pais\/","name":"El empleo privado super\u00f3 el nivel de la prepandemia en el 77% de los distritos del pa\u00eds - Noticias Radio Reflejos","isPartOf":{"@id":"https:\/\/www.noticiasradioreflejos.com.ar\/2021\/#website"},"primaryImageOfPage":{"@id":"https:\/\/www.noticiasradioreflejos.com.ar\/2021\/el-empleo-privado-supero-el-nivel-de-la-prepandemia-en-el-77-de-los-distritos-del-pais\/#primaryimage"},"image":{"@id":"https:\/\/www.noticiasradioreflejos.com.ar\/2021\/el-empleo-privado-supero-el-nivel-de-la-prepandemia-en-el-77-de-los-distritos-del-pais\/#primaryimage"},"thumbnailUrl":"https:\/\/www.telam.com.ar\/thumbs\/bluesteel\/advf\/imagenes\/2021\/09\/61393db12b856_900.jpg","datePublished":"2022-05-26T20:36:49+00:00","author":{"@id":"https:\/\/www.noticiasradioreflejos.com.ar\/2021\/#\/schema\/person\/ad82545263dcc5ec0996818884fd5fb1"},"breadcrumb":{"@id":"https:\/\/www.noticiasradioreflejos.com.ar\/2021\/el-empleo-privado-supero-el-nivel-de-la-prepandemia-en-el-77-de-los-distritos-del-pais\/#breadcrumb"},"inLanguage":"es","potentialAction":[{"@type":"ReadAction","target":["https:\/\/www.noticiasradioreflejos.com.ar\/2021\/el-empleo-privado-supero-el-nivel-de-la-prepandemia-en-el-77-de-los-distritos-del-pais\/"]}]},{"@type":"ImageObject","inLanguage":"es","@id":"https:\/\/www.noticiasradioreflejos.com.ar\/2021\/el-empleo-privado-supero-el-nivel-de-la-prepandemia-en-el-77-de-los-distritos-del-pais\/#primaryimage","url":"https:\/\/www.telam.com.ar\/thumbs\/bluesteel\/advf\/imagenes\/2021\/09\/61393db12b856_900.jpg","contentUrl":"https:\/\/www.telam.com.ar\/thumbs\/bluesteel\/advf\/imagenes\/2021\/09\/61393db12b856_900.jpg"},{"@type":"BreadcrumbList","@id":"https:\/\/www.noticiasradioreflejos.com.ar\/2021\/el-empleo-privado-supero-el-nivel-de-la-prepandemia-en-el-77-de-los-distritos-del-pais\/#breadcrumb","itemListElement":[{"@type":"ListItem","position":1,"name":"Portada","item":"https:\/\/www.noticiasradioreflejos.com.ar\/2021\/"},{"@type":"ListItem","position":2,"name":"El empleo privado super\u00f3 el nivel de la prepandemia en el 77% de los distritos del pa\u00eds"}]},{"@type":"WebSite","@id":"https:\/\/www.noticiasradioreflejos.com.ar\/2021\/#website","url":"https:\/\/www.noticiasradioreflejos.com.ar\/2021\/","name":"Noticias Radio Reflejos","description":"Las noticias de mi comarca","potentialAction":[{"@type":"SearchAction","target":{"@type":"EntryPoint","urlTemplate":"https:\/\/www.noticiasradioreflejos.com.ar\/2021\/?s={search_term_string}"},"query-input":{"@type":"PropertyValueSpecification","valueRequired":true,"valueName":"search_term_string"}}],"inLanguage":"es"},{"@type":"Person","@id":"https:\/\/www.noticiasradioreflejos.com.ar\/2021\/#\/schema\/person\/ad82545263dcc5ec0996818884fd5fb1","name":"Arnaldo Botto","image":{"@type":"ImageObject","inLanguage":"es","@id":"https:\/\/www.noticiasradioreflejos.com.ar\/2021\/#\/schema\/person\/image\/","url":"https:\/\/secure.gravatar.com\/avatar\/55cb5e37c1efa326397366e6974cb338056df65cb50e7d64d1cf314e87504837?s=96&d=mm&r=g","contentUrl":"https:\/\/secure.gravatar.com\/avatar\/55cb5e37c1efa326397366e6974cb338056df65cb50e7d64d1cf314e87504837?s=96&d=mm&r=g","caption":"Arnaldo Botto"},"url":"https:\/\/www.noticiasradioreflejos.com.ar\/2021\/author\/arnaldo\/"}]}},"_links":{"self":[{"href":"https:\/\/www.noticiasradioreflejos.com.ar\/2021\/wp-json\/wp\/v2\/posts\/72709","targetHints":{"allow":["GET"]}}],"collection":[{"href":"https:\/\/www.noticiasradioreflejos.com.ar\/2021\/wp-json\/wp\/v2\/posts"}],"about":[{"href":"https:\/\/www.noticiasradioreflejos.com.ar\/2021\/wp-json\/wp\/v2\/types\/post"}],"author":[{"embeddable":true,"href":"https:\/\/www.noticiasradioreflejos.com.ar\/2021\/wp-json\/wp\/v2\/users\/3"}],"replies":[{"embeddable":true,"href":"https:\/\/www.noticiasradioreflejos.com.ar\/2021\/wp-json\/wp\/v2\/comments?post=72709"}],"version-history":[{"count":1,"href":"https:\/\/www.noticiasradioreflejos.com.ar\/2021\/wp-json\/wp\/v2\/posts\/72709\/revisions"}],"predecessor-version":[{"id":72711,"href":"https:\/\/www.noticiasradioreflejos.com.ar\/2021\/wp-json\/wp\/v2\/posts\/72709\/revisions\/72711"}],"wp:attachment":[{"href":"https:\/\/www.noticiasradioreflejos.com.ar\/2021\/wp-json\/wp\/v2\/media?parent=72709"}],"wp:term":[{"taxonomy":"category","embeddable":true,"href":"https:\/\/www.noticiasradioreflejos.com.ar\/2021\/wp-json\/wp\/v2\/categories?post=72709"},{"taxonomy":"post_tag","embeddable":true,"href":"https:\/\/www.noticiasradioreflejos.com.ar\/2021\/wp-json\/wp\/v2\/tags?post=72709"}],"curies":[{"name":"wp","href":"https:\/\/api.w.org\/{rel}","templated":true}]}}