{"id":72707,"date":"2022-05-26T20:33:38","date_gmt":"2022-05-26T20:33:38","guid":{"rendered":"http:\/\/www.noticiasradioreflejos.com.ar\/2021\/?p=72707"},"modified":"2022-05-26T20:33:38","modified_gmt":"2022-05-26T20:33:38","slug":"cuotas-y-abundancia-de-productos-los-ejes-del-hot-sale-que-arranca-el-lunes","status":"publish","type":"post","link":"https:\/\/www.noticiasradioreflejos.com.ar\/2021\/cuotas-y-abundancia-de-productos-los-ejes-del-hot-sale-que-arranca-el-lunes\/","title":{"rendered":"Cuotas y abundancia de productos, los ejes del Hot Sale que arranca el lunes"},"content":{"rendered":"<p>De cara a una nueva edici\u00f3n del evento de ventas v\u00eda comercio electr\u00f3nico, las empresas despliegan diferentes estrategias para atraer a los consumidores. Los planes de pago y los descuentos especiales se vuelven el centro de esta jornada.<!--more--><\/p>\n<figure class=\"mb-3\"><img decoding=\"async\" src=\"https:\/\/www.telam.com.ar\/thumbs\/bluesteel\/advf\/imagenes\/2020\/07\/5f1ffb8186c0a_900.jpg\" alt=\"Este lunes se lanza una nueva edicin del Hot Sale\" width=\"100%\" height=\"100%\" \/><\/p>\n<div class=\"media-icons\"><\/div><figcaption>Este lunes se lanza una nueva edici\u00f3n del Hot Sale.<\/figcaption><\/figure>\n<p>Los planes de pago y la abundancia de productos incluidos en el cat\u00e1logo de la nueva edici\u00f3n del Hot Sale, el evento de referencia de descuentos especiales para el comercio electr\u00f3nico que comenzar\u00e1 el pr\u00f3ximo lunes, son los principales ejes de convocatoria de las m\u00e1s de 1.100 empresas que participar\u00e1n en el mismo, seg\u00fan distintos especialistas.<\/p>\n<p>Las tiendas en l\u00ednea \u00abse est\u00e1n apalancando mucho en la financiaci\u00f3n y en el cat\u00e1logo para explotar al m\u00e1ximo la ocasi\u00f3n distingui\u00e9ndose los plazos m\u00e1s largos de financiaci\u00f3n a cero inter\u00e9s como la opci\u00f3n m\u00e1s atractiva para los consumidores en un contexto de creciente inflaci\u00f3n\u00bb, indic\u00f3 el responsable en Argentina de la firma Avenida+, Salvador Calogero.<\/p>\n<p>Tambi\u00e9n la consultora Ipsos, en un relevamiento entre consumidores, detect\u00f3 que para el 45% de los encuestados que tienen previsto hacer compras en Hot Sale \u00ablas cuotas sin inter\u00e9s o el financiamiento disponible ser\u00e1 la principal motivaci\u00f3n para realizar operaciones\u00bb.<\/p>\n<p><strong>\u00abLa variedad en los m\u00e9todos de pago (33%), la variedad y disponibilidad de art\u00edculos (33%); el tiempo de entrega (26%), los beneficios a clientes (27%), los procesos de devoluci\u00f3n (27%) completan la lista de lo que m\u00e1s se tendr\u00e1 en cuenta antes de realizar las compra<\/strong>s\u00bb, seg\u00fan el estudio hecho en conjunto entre Ipsos y Google.<\/p>\n<p>\u00abLos consumidores har\u00e1n cada vez m\u00e1s compras planeadas, y buscan tener m\u00e1s control sobre sus finanzas\u00bb, se\u00f1al\u00f3 la directora Comercial de la Industria de Retail para Google Argentina, Evangelina Suarez.<\/p>\n<div class=\"twitter-tweet twitter-tweet-rendered\"><iframe id=\"twitter-widget-0\" class=\"\" title=\"Twitter Tweet\" src=\"https:\/\/platform.twitter.com\/embed\/Tweet.html?creatorScreenName=agenciatelam&amp;dnt=false&amp;embedId=twitter-widget-0&amp;features=eyJ0ZndfZXhwZXJpbWVudHNfY29va2llX2V4cGlyYXRpb24iOnsiYnVja2V0IjoxMjA5NjAwLCJ2ZXJzaW9uIjpudWxsfSwidGZ3X3NlbnNpdGl2ZV9tZWRpYV9pbnRlcnN0aXRpYWxfMTM5NjMiOnsiYnVja2V0IjoiaW50ZXJzdGl0aWFsIiwidmVyc2lvbiI6bnVsbH0sInRmd190d2VldF9yZXN1bHRfbWlncmF0aW9uXzEzOTc5Ijp7ImJ1Y2tldCI6InR3ZWV0X3Jlc3VsdCIsInZlcnNpb24iOm51bGx9fQ%3D%3D&amp;frame=false&amp;hideCard=false&amp;hideThread=false&amp;id=1529825683253473281&amp;lang=es&amp;origin=https%3A%2F%2Fwww.telam.com.ar%2Fnotas%2F202205%2F593703-hot-sale-ventas-comercio-electronico-mercado.html&amp;sessionId=35a3a1b32e6ad792e4bf2be05e0492816a33550e&amp;siteScreenName=agenciatelam&amp;theme=light&amp;widgetsVersion=c8fe9736dd6fb%3A1649830956492&amp;width=550px\" frameborder=\"0\" scrolling=\"no\" allowfullscreen=\"allowfullscreen\" data-tweet-id=\"1529825683253473281\"><\/iframe><\/div>\n<p>Por su parte, desde la Plataforma Tiendanube, con m\u00e1s de 45.000 tiendas en el pa\u00eds, estimaron que en total el Hot Sale 2022 alcanzar\u00e1 los $3.000 millones (82% m\u00e1s que en el mismo evento del a\u00f1o pasado), con m\u00e1s de 300.000 \u00f3rdenes de compra, con 1,1 millones de productos vendidos.<\/p>\n<p>Seg\u00fan el relevamiento de Ipsos-Google, el 65% de quienes dijeron que har\u00e1n compras en el Hot Sale de este a\u00f1o tiene entre 18 y 34 a\u00f1os, y 8 de cada 10 priorizan la investigaci\u00f3n previa al evento.<\/p>\n<p>Durante el Hot Sale, el 35% de los consumidores tienen pensado comprar principalmente dispositivos electr\u00f3nicos; el 31% indumentaria y calzado; 16% productos dentro de la categor\u00eda Hogar; 15% en Belleza y cuidado personal, 14% Viajes y 11% dijeron que comprar\u00e1n art\u00edculos del rubro Beb\u00e9s y ni\u00f1os.<\/p>\n<p>El director institucional de la C\u00e1mara Argentina de Comercio Electr\u00f3nico (CACE), Gustavo Sambucetti, remarc\u00f3 en di\u00e1logo con T\u00e9lam, que la \u00abcompetencia fuerte se concentrar\u00e1 en estos tres d\u00edas\u00bb entre los vendedores electr\u00f3nicos que ven en estos eventos la oportunidad de vender m\u00e1s pero especialmente fuera de su zona de influencia.<\/p>\n<p>En la misma l\u00ednea, el titular de la asociaci\u00f3n argentina de consultoras, agencias y productoras del ecosistema digital Interact, Federico Viciano, destac\u00f3 la importancia de \u00abtrabajar el pre Hot ale con mayor presencia de marcas, generar m\u00e1s tr\u00e1fico, adecuar la comunicaci\u00f3n e implementar descuentos directamente en los productos\u00bb as\u00ed como \u00abhacer una inversi\u00f3n extra para pauta online, contar con suficiente stock, atenci\u00f3n on line inmediata, sumar opciones de env\u00edos y retiro\u00bb.<\/p>\n<p>En tanto, desde Nubity, el responsable en Argentina, Juan Ozino Caligaris, se\u00f1al\u00f3 el valor de<strong>\u00a0\u00abestar alineados con los equipos de desarrollo de las aplicaciones del cliente y equipos de marketing, adem\u00e1s de tomar y planificar tareas de antemano\u00bb.<\/strong><\/p>\n<p>Por \u00faltimo, desde la firma Solucionet, Ilanit Kejsefman, advirti\u00f3 que \u00abla improvisaci\u00f3n puede afectar en gran medida la performance -de la tienda- durante la acci\u00f3n\u00bb.<\/p>\n","protected":false},"excerpt":{"rendered":"<p>De cara a una nueva edici\u00f3n del evento de ventas v\u00eda comercio electr\u00f3nico, las empresas despliegan diferentes estrategias para atraer a los consumidores. Los planes de pago y los descuentos especiales se vuelven el centro de esta jornada.<\/p>\n","protected":false},"author":3,"featured_media":0,"comment_status":"closed","ping_status":"closed","sticky":false,"template":"","format":"standard","meta":{"footnotes":""},"categories":[36,26],"tags":[],"class_list":["post-72707","post","type-post","status-publish","format-standard","hentry","category-economia","category-sociedad"],"yoast_head":"<!-- This site is optimized with the Yoast SEO plugin v25.9 - https:\/\/yoast.com\/wordpress\/plugins\/seo\/ -->\n<title>Cuotas y abundancia de productos, los ejes del Hot Sale que arranca el lunes - Noticias Radio Reflejos<\/title>\n<meta name=\"robots\" content=\"index, follow, max-snippet:-1, max-image-preview:large, max-video-preview:-1\" \/>\n<link rel=\"canonical\" href=\"https:\/\/www.noticiasradioreflejos.com.ar\/2021\/cuotas-y-abundancia-de-productos-los-ejes-del-hot-sale-que-arranca-el-lunes\/\" \/>\n<meta property=\"og:locale\" content=\"es_ES\" \/>\n<meta property=\"og:type\" content=\"article\" \/>\n<meta property=\"og:title\" content=\"Cuotas y abundancia de productos, los ejes del Hot Sale que arranca el lunes - Noticias Radio Reflejos\" \/>\n<meta property=\"og:description\" content=\"De cara a una nueva edici\u00f3n del evento de ventas v\u00eda comercio electr\u00f3nico, las empresas despliegan diferentes estrategias para atraer a los consumidores. Los planes de pago y los descuentos especiales se vuelven el centro de esta jornada.\" \/>\n<meta property=\"og:url\" content=\"https:\/\/www.noticiasradioreflejos.com.ar\/2021\/cuotas-y-abundancia-de-productos-los-ejes-del-hot-sale-que-arranca-el-lunes\/\" \/>\n<meta property=\"og:site_name\" content=\"Noticias Radio Reflejos\" \/>\n<meta property=\"article:published_time\" content=\"2022-05-26T20:33:38+00:00\" \/>\n<meta property=\"og:image\" content=\"https:\/\/www.telam.com.ar\/thumbs\/bluesteel\/advf\/imagenes\/2020\/07\/5f1ffb8186c0a_900.jpg\" \/>\n<meta name=\"author\" content=\"Arnaldo Botto\" \/>\n<meta name=\"twitter:card\" content=\"summary_large_image\" \/>\n<script type=\"application\/ld+json\" class=\"yoast-schema-graph\">{\"@context\":\"https:\/\/schema.org\",\"@graph\":[{\"@type\":\"WebPage\",\"@id\":\"https:\/\/www.noticiasradioreflejos.com.ar\/2021\/cuotas-y-abundancia-de-productos-los-ejes-del-hot-sale-que-arranca-el-lunes\/\",\"url\":\"https:\/\/www.noticiasradioreflejos.com.ar\/2021\/cuotas-y-abundancia-de-productos-los-ejes-del-hot-sale-que-arranca-el-lunes\/\",\"name\":\"Cuotas y abundancia de productos, los ejes del Hot Sale que arranca el lunes - Noticias Radio Reflejos\",\"isPartOf\":{\"@id\":\"https:\/\/www.noticiasradioreflejos.com.ar\/2021\/#website\"},\"primaryImageOfPage\":{\"@id\":\"https:\/\/www.noticiasradioreflejos.com.ar\/2021\/cuotas-y-abundancia-de-productos-los-ejes-del-hot-sale-que-arranca-el-lunes\/#primaryimage\"},\"image\":{\"@id\":\"https:\/\/www.noticiasradioreflejos.com.ar\/2021\/cuotas-y-abundancia-de-productos-los-ejes-del-hot-sale-que-arranca-el-lunes\/#primaryimage\"},\"thumbnailUrl\":\"https:\/\/www.telam.com.ar\/thumbs\/bluesteel\/advf\/imagenes\/2020\/07\/5f1ffb8186c0a_900.jpg\",\"datePublished\":\"2022-05-26T20:33:38+00:00\",\"author\":{\"@id\":\"https:\/\/www.noticiasradioreflejos.com.ar\/2021\/#\/schema\/person\/ad82545263dcc5ec0996818884fd5fb1\"},\"breadcrumb\":{\"@id\":\"https:\/\/www.noticiasradioreflejos.com.ar\/2021\/cuotas-y-abundancia-de-productos-los-ejes-del-hot-sale-que-arranca-el-lunes\/#breadcrumb\"},\"inLanguage\":\"es\",\"potentialAction\":[{\"@type\":\"ReadAction\",\"target\":[\"https:\/\/www.noticiasradioreflejos.com.ar\/2021\/cuotas-y-abundancia-de-productos-los-ejes-del-hot-sale-que-arranca-el-lunes\/\"]}]},{\"@type\":\"ImageObject\",\"inLanguage\":\"es\",\"@id\":\"https:\/\/www.noticiasradioreflejos.com.ar\/2021\/cuotas-y-abundancia-de-productos-los-ejes-del-hot-sale-que-arranca-el-lunes\/#primaryimage\",\"url\":\"https:\/\/www.telam.com.ar\/thumbs\/bluesteel\/advf\/imagenes\/2020\/07\/5f1ffb8186c0a_900.jpg\",\"contentUrl\":\"https:\/\/www.telam.com.ar\/thumbs\/bluesteel\/advf\/imagenes\/2020\/07\/5f1ffb8186c0a_900.jpg\"},{\"@type\":\"BreadcrumbList\",\"@id\":\"https:\/\/www.noticiasradioreflejos.com.ar\/2021\/cuotas-y-abundancia-de-productos-los-ejes-del-hot-sale-que-arranca-el-lunes\/#breadcrumb\",\"itemListElement\":[{\"@type\":\"ListItem\",\"position\":1,\"name\":\"Portada\",\"item\":\"https:\/\/www.noticiasradioreflejos.com.ar\/2021\/\"},{\"@type\":\"ListItem\",\"position\":2,\"name\":\"Cuotas y abundancia de productos, los ejes del Hot Sale que arranca el lunes\"}]},{\"@type\":\"WebSite\",\"@id\":\"https:\/\/www.noticiasradioreflejos.com.ar\/2021\/#website\",\"url\":\"https:\/\/www.noticiasradioreflejos.com.ar\/2021\/\",\"name\":\"Noticias Radio Reflejos\",\"description\":\"Las noticias de mi comarca\",\"potentialAction\":[{\"@type\":\"SearchAction\",\"target\":{\"@type\":\"EntryPoint\",\"urlTemplate\":\"https:\/\/www.noticiasradioreflejos.com.ar\/2021\/?s={search_term_string}\"},\"query-input\":{\"@type\":\"PropertyValueSpecification\",\"valueRequired\":true,\"valueName\":\"search_term_string\"}}],\"inLanguage\":\"es\"},{\"@type\":\"Person\",\"@id\":\"https:\/\/www.noticiasradioreflejos.com.ar\/2021\/#\/schema\/person\/ad82545263dcc5ec0996818884fd5fb1\",\"name\":\"Arnaldo Botto\",\"image\":{\"@type\":\"ImageObject\",\"inLanguage\":\"es\",\"@id\":\"https:\/\/www.noticiasradioreflejos.com.ar\/2021\/#\/schema\/person\/image\/\",\"url\":\"https:\/\/secure.gravatar.com\/avatar\/55cb5e37c1efa326397366e6974cb338056df65cb50e7d64d1cf314e87504837?s=96&d=mm&r=g\",\"contentUrl\":\"https:\/\/secure.gravatar.com\/avatar\/55cb5e37c1efa326397366e6974cb338056df65cb50e7d64d1cf314e87504837?s=96&d=mm&r=g\",\"caption\":\"Arnaldo Botto\"},\"url\":\"https:\/\/www.noticiasradioreflejos.com.ar\/2021\/author\/arnaldo\/\"}]}<\/script>\n<!-- \/ Yoast SEO plugin. -->","yoast_head_json":{"title":"Cuotas y abundancia de productos, los ejes del Hot Sale que arranca el lunes - Noticias Radio Reflejos","robots":{"index":"index","follow":"follow","max-snippet":"max-snippet:-1","max-image-preview":"max-image-preview:large","max-video-preview":"max-video-preview:-1"},"canonical":"https:\/\/www.noticiasradioreflejos.com.ar\/2021\/cuotas-y-abundancia-de-productos-los-ejes-del-hot-sale-que-arranca-el-lunes\/","og_locale":"es_ES","og_type":"article","og_title":"Cuotas y abundancia de productos, los ejes del Hot Sale que arranca el lunes - Noticias Radio Reflejos","og_description":"De cara a una nueva edici\u00f3n del evento de ventas v\u00eda comercio electr\u00f3nico, las empresas despliegan diferentes estrategias para atraer a los consumidores. Los planes de pago y los descuentos especiales se vuelven el centro de esta jornada.","og_url":"https:\/\/www.noticiasradioreflejos.com.ar\/2021\/cuotas-y-abundancia-de-productos-los-ejes-del-hot-sale-que-arranca-el-lunes\/","og_site_name":"Noticias Radio Reflejos","article_published_time":"2022-05-26T20:33:38+00:00","og_image":[{"url":"https:\/\/www.telam.com.ar\/thumbs\/bluesteel\/advf\/imagenes\/2020\/07\/5f1ffb8186c0a_900.jpg","type":"","width":"","height":""}],"author":"Arnaldo Botto","twitter_card":"summary_large_image","schema":{"@context":"https:\/\/schema.org","@graph":[{"@type":"WebPage","@id":"https:\/\/www.noticiasradioreflejos.com.ar\/2021\/cuotas-y-abundancia-de-productos-los-ejes-del-hot-sale-que-arranca-el-lunes\/","url":"https:\/\/www.noticiasradioreflejos.com.ar\/2021\/cuotas-y-abundancia-de-productos-los-ejes-del-hot-sale-que-arranca-el-lunes\/","name":"Cuotas y abundancia de productos, los ejes del Hot Sale que arranca el lunes - Noticias Radio Reflejos","isPartOf":{"@id":"https:\/\/www.noticiasradioreflejos.com.ar\/2021\/#website"},"primaryImageOfPage":{"@id":"https:\/\/www.noticiasradioreflejos.com.ar\/2021\/cuotas-y-abundancia-de-productos-los-ejes-del-hot-sale-que-arranca-el-lunes\/#primaryimage"},"image":{"@id":"https:\/\/www.noticiasradioreflejos.com.ar\/2021\/cuotas-y-abundancia-de-productos-los-ejes-del-hot-sale-que-arranca-el-lunes\/#primaryimage"},"thumbnailUrl":"https:\/\/www.telam.com.ar\/thumbs\/bluesteel\/advf\/imagenes\/2020\/07\/5f1ffb8186c0a_900.jpg","datePublished":"2022-05-26T20:33:38+00:00","author":{"@id":"https:\/\/www.noticiasradioreflejos.com.ar\/2021\/#\/schema\/person\/ad82545263dcc5ec0996818884fd5fb1"},"breadcrumb":{"@id":"https:\/\/www.noticiasradioreflejos.com.ar\/2021\/cuotas-y-abundancia-de-productos-los-ejes-del-hot-sale-que-arranca-el-lunes\/#breadcrumb"},"inLanguage":"es","potentialAction":[{"@type":"ReadAction","target":["https:\/\/www.noticiasradioreflejos.com.ar\/2021\/cuotas-y-abundancia-de-productos-los-ejes-del-hot-sale-que-arranca-el-lunes\/"]}]},{"@type":"ImageObject","inLanguage":"es","@id":"https:\/\/www.noticiasradioreflejos.com.ar\/2021\/cuotas-y-abundancia-de-productos-los-ejes-del-hot-sale-que-arranca-el-lunes\/#primaryimage","url":"https:\/\/www.telam.com.ar\/thumbs\/bluesteel\/advf\/imagenes\/2020\/07\/5f1ffb8186c0a_900.jpg","contentUrl":"https:\/\/www.telam.com.ar\/thumbs\/bluesteel\/advf\/imagenes\/2020\/07\/5f1ffb8186c0a_900.jpg"},{"@type":"BreadcrumbList","@id":"https:\/\/www.noticiasradioreflejos.com.ar\/2021\/cuotas-y-abundancia-de-productos-los-ejes-del-hot-sale-que-arranca-el-lunes\/#breadcrumb","itemListElement":[{"@type":"ListItem","position":1,"name":"Portada","item":"https:\/\/www.noticiasradioreflejos.com.ar\/2021\/"},{"@type":"ListItem","position":2,"name":"Cuotas y abundancia de productos, los ejes del Hot Sale que arranca el lunes"}]},{"@type":"WebSite","@id":"https:\/\/www.noticiasradioreflejos.com.ar\/2021\/#website","url":"https:\/\/www.noticiasradioreflejos.com.ar\/2021\/","name":"Noticias Radio Reflejos","description":"Las noticias de mi comarca","potentialAction":[{"@type":"SearchAction","target":{"@type":"EntryPoint","urlTemplate":"https:\/\/www.noticiasradioreflejos.com.ar\/2021\/?s={search_term_string}"},"query-input":{"@type":"PropertyValueSpecification","valueRequired":true,"valueName":"search_term_string"}}],"inLanguage":"es"},{"@type":"Person","@id":"https:\/\/www.noticiasradioreflejos.com.ar\/2021\/#\/schema\/person\/ad82545263dcc5ec0996818884fd5fb1","name":"Arnaldo Botto","image":{"@type":"ImageObject","inLanguage":"es","@id":"https:\/\/www.noticiasradioreflejos.com.ar\/2021\/#\/schema\/person\/image\/","url":"https:\/\/secure.gravatar.com\/avatar\/55cb5e37c1efa326397366e6974cb338056df65cb50e7d64d1cf314e87504837?s=96&d=mm&r=g","contentUrl":"https:\/\/secure.gravatar.com\/avatar\/55cb5e37c1efa326397366e6974cb338056df65cb50e7d64d1cf314e87504837?s=96&d=mm&r=g","caption":"Arnaldo Botto"},"url":"https:\/\/www.noticiasradioreflejos.com.ar\/2021\/author\/arnaldo\/"}]}},"_links":{"self":[{"href":"https:\/\/www.noticiasradioreflejos.com.ar\/2021\/wp-json\/wp\/v2\/posts\/72707","targetHints":{"allow":["GET"]}}],"collection":[{"href":"https:\/\/www.noticiasradioreflejos.com.ar\/2021\/wp-json\/wp\/v2\/posts"}],"about":[{"href":"https:\/\/www.noticiasradioreflejos.com.ar\/2021\/wp-json\/wp\/v2\/types\/post"}],"author":[{"embeddable":true,"href":"https:\/\/www.noticiasradioreflejos.com.ar\/2021\/wp-json\/wp\/v2\/users\/3"}],"replies":[{"embeddable":true,"href":"https:\/\/www.noticiasradioreflejos.com.ar\/2021\/wp-json\/wp\/v2\/comments?post=72707"}],"version-history":[{"count":1,"href":"https:\/\/www.noticiasradioreflejos.com.ar\/2021\/wp-json\/wp\/v2\/posts\/72707\/revisions"}],"predecessor-version":[{"id":72708,"href":"https:\/\/www.noticiasradioreflejos.com.ar\/2021\/wp-json\/wp\/v2\/posts\/72707\/revisions\/72708"}],"wp:attachment":[{"href":"https:\/\/www.noticiasradioreflejos.com.ar\/2021\/wp-json\/wp\/v2\/media?parent=72707"}],"wp:term":[{"taxonomy":"category","embeddable":true,"href":"https:\/\/www.noticiasradioreflejos.com.ar\/2021\/wp-json\/wp\/v2\/categories?post=72707"},{"taxonomy":"post_tag","embeddable":true,"href":"https:\/\/www.noticiasradioreflejos.com.ar\/2021\/wp-json\/wp\/v2\/tags?post=72707"}],"curies":[{"name":"wp","href":"https:\/\/api.w.org\/{rel}","templated":true}]}}