{"id":72701,"date":"2022-05-26T20:25:34","date_gmt":"2022-05-26T20:25:34","guid":{"rendered":"http:\/\/www.noticiasradioreflejos.com.ar\/2021\/?p=72701"},"modified":"2022-05-26T20:25:34","modified_gmt":"2022-05-26T20:25:34","slug":"se-viene-una-jornada-de-ni-una-menos-en-el-teatro-rodolfo-funke","status":"publish","type":"post","link":"https:\/\/www.noticiasradioreflejos.com.ar\/2021\/se-viene-una-jornada-de-ni-una-menos-en-el-teatro-rodolfo-funke\/","title":{"rendered":"Se viene una jornada de \u201cNi una menos\u201d en el Teatro Rodolfo Funke"},"content":{"rendered":"<p>En el marco de \u201cNi Una Menos\u201d, la Subsecretar\u00eda de Juventudes, Pol\u00edticas de Genero y Diversidades, junto a la Subsecretar\u00eda de Cultura invitan el pr\u00f3ximo viernes 3 de junio a las 20hs a conmemorar el d\u00eda, con una serie de actividades en el Teatro Rodolfo Funke. <!--more--><\/p>\n<p>A partir de las 20hs, se presentar\u00e1 la Delegada de la Sexta Secci\u00f3n de la Direcci\u00f3n operativa del Comit\u00e9 Nacional contra la Trata de Personas, Evangelina Castro quien brindar\u00e1 una charla sobre la tem\u00e1tica. Luego se presentar\u00e1 el cortometraje \u201cNo estas sola\u201d ideado por ambas \u00e1reas municipales, con el objetivo de reflexionar e identificar sobre distintas situaciones de violencia de g\u00e9nero. <\/p>\n<p>El film escrito y dirigido por Julieta Braun, producido junto a Ciancia Producciones, y con las actuaciones de Cintia Caporicci, Joselito Torres, Tita Musso, Ruben Panzitta, Mari Muller, junto a un gran electo; promete llamar a la reflexi\u00f3n colectiva sobre los distintos comportamientos de los individuos. <\/p>\n","protected":false},"excerpt":{"rendered":"<p>En el marco de \u201cNi Una Menos\u201d, la Subsecretar\u00eda de Juventudes, Pol\u00edticas de Genero y Diversidades, junto a la Subsecretar\u00eda de Cultura invitan el pr\u00f3ximo viernes 3 de junio a las 20hs a conmemorar el d\u00eda, con una serie de actividades en el Teatro Rodolfo Funke.<\/p>\n","protected":false},"author":3,"featured_media":0,"comment_status":"closed","ping_status":"closed","sticky":false,"template":"","format":"standard","meta":{"footnotes":""},"categories":[35,28],"tags":[],"class_list":["post-72701","post","type-post","status-publish","format-standard","hentry","category-cultura","category-municipales"],"yoast_head":"<!-- This site is optimized with the Yoast SEO plugin v25.9 - https:\/\/yoast.com\/wordpress\/plugins\/seo\/ -->\n<title>Se viene una jornada de \u201cNi una menos\u201d en el Teatro Rodolfo Funke - Noticias Radio Reflejos<\/title>\n<meta name=\"robots\" content=\"index, follow, max-snippet:-1, max-image-preview:large, max-video-preview:-1\" \/>\n<link rel=\"canonical\" href=\"https:\/\/www.noticiasradioreflejos.com.ar\/2021\/se-viene-una-jornada-de-ni-una-menos-en-el-teatro-rodolfo-funke\/\" \/>\n<meta property=\"og:locale\" content=\"es_ES\" \/>\n<meta property=\"og:type\" content=\"article\" \/>\n<meta property=\"og:title\" content=\"Se viene una jornada de \u201cNi una menos\u201d en el Teatro Rodolfo Funke - Noticias Radio Reflejos\" \/>\n<meta property=\"og:description\" content=\"En el marco de \u201cNi Una Menos\u201d, la Subsecretar\u00eda de Juventudes, Pol\u00edticas de Genero y Diversidades, junto a la Subsecretar\u00eda de Cultura invitan el pr\u00f3ximo viernes 3 de junio a las 20hs a conmemorar el d\u00eda, con una serie de actividades en el Teatro Rodolfo Funke.\" \/>\n<meta property=\"og:url\" content=\"https:\/\/www.noticiasradioreflejos.com.ar\/2021\/se-viene-una-jornada-de-ni-una-menos-en-el-teatro-rodolfo-funke\/\" \/>\n<meta property=\"og:site_name\" content=\"Noticias Radio Reflejos\" \/>\n<meta property=\"article:published_time\" content=\"2022-05-26T20:25:34+00:00\" \/>\n<meta property=\"og:image\" content=\"https:\/\/www.noticiasradioreflejos.com.ar\/2021\/wp-content\/uploads\/2021\/07\/logosol300x200.png\" \/>\n\t<meta property=\"og:image:width\" content=\"300\" \/>\n\t<meta property=\"og:image:height\" content=\"200\" \/>\n\t<meta property=\"og:image:type\" content=\"image\/png\" \/>\n<meta name=\"author\" content=\"Arnaldo Botto\" \/>\n<meta name=\"twitter:card\" content=\"summary_large_image\" \/>\n<script type=\"application\/ld+json\" class=\"yoast-schema-graph\">{\"@context\":\"https:\/\/schema.org\",\"@graph\":[{\"@type\":\"WebPage\",\"@id\":\"https:\/\/www.noticiasradioreflejos.com.ar\/2021\/se-viene-una-jornada-de-ni-una-menos-en-el-teatro-rodolfo-funke\/\",\"url\":\"https:\/\/www.noticiasradioreflejos.com.ar\/2021\/se-viene-una-jornada-de-ni-una-menos-en-el-teatro-rodolfo-funke\/\",\"name\":\"Se viene una jornada de \u201cNi una menos\u201d en el Teatro Rodolfo Funke - Noticias Radio Reflejos\",\"isPartOf\":{\"@id\":\"https:\/\/www.noticiasradioreflejos.com.ar\/2021\/#website\"},\"datePublished\":\"2022-05-26T20:25:34+00:00\",\"author\":{\"@id\":\"https:\/\/www.noticiasradioreflejos.com.ar\/2021\/#\/schema\/person\/ad82545263dcc5ec0996818884fd5fb1\"},\"breadcrumb\":{\"@id\":\"https:\/\/www.noticiasradioreflejos.com.ar\/2021\/se-viene-una-jornada-de-ni-una-menos-en-el-teatro-rodolfo-funke\/#breadcrumb\"},\"inLanguage\":\"es\",\"potentialAction\":[{\"@type\":\"ReadAction\",\"target\":[\"https:\/\/www.noticiasradioreflejos.com.ar\/2021\/se-viene-una-jornada-de-ni-una-menos-en-el-teatro-rodolfo-funke\/\"]}]},{\"@type\":\"BreadcrumbList\",\"@id\":\"https:\/\/www.noticiasradioreflejos.com.ar\/2021\/se-viene-una-jornada-de-ni-una-menos-en-el-teatro-rodolfo-funke\/#breadcrumb\",\"itemListElement\":[{\"@type\":\"ListItem\",\"position\":1,\"name\":\"Portada\",\"item\":\"https:\/\/www.noticiasradioreflejos.com.ar\/2021\/\"},{\"@type\":\"ListItem\",\"position\":2,\"name\":\"Se viene una jornada de \u201cNi una menos\u201d en el Teatro Rodolfo Funke\"}]},{\"@type\":\"WebSite\",\"@id\":\"https:\/\/www.noticiasradioreflejos.com.ar\/2021\/#website\",\"url\":\"https:\/\/www.noticiasradioreflejos.com.ar\/2021\/\",\"name\":\"Noticias Radio Reflejos\",\"description\":\"Las noticias de mi comarca\",\"potentialAction\":[{\"@type\":\"SearchAction\",\"target\":{\"@type\":\"EntryPoint\",\"urlTemplate\":\"https:\/\/www.noticiasradioreflejos.com.ar\/2021\/?s={search_term_string}\"},\"query-input\":{\"@type\":\"PropertyValueSpecification\",\"valueRequired\":true,\"valueName\":\"search_term_string\"}}],\"inLanguage\":\"es\"},{\"@type\":\"Person\",\"@id\":\"https:\/\/www.noticiasradioreflejos.com.ar\/2021\/#\/schema\/person\/ad82545263dcc5ec0996818884fd5fb1\",\"name\":\"Arnaldo Botto\",\"image\":{\"@type\":\"ImageObject\",\"inLanguage\":\"es\",\"@id\":\"https:\/\/www.noticiasradioreflejos.com.ar\/2021\/#\/schema\/person\/image\/\",\"url\":\"https:\/\/secure.gravatar.com\/avatar\/55cb5e37c1efa326397366e6974cb338056df65cb50e7d64d1cf314e87504837?s=96&d=mm&r=g\",\"contentUrl\":\"https:\/\/secure.gravatar.com\/avatar\/55cb5e37c1efa326397366e6974cb338056df65cb50e7d64d1cf314e87504837?s=96&d=mm&r=g\",\"caption\":\"Arnaldo Botto\"},\"url\":\"https:\/\/www.noticiasradioreflejos.com.ar\/2021\/author\/arnaldo\/\"}]}<\/script>\n<!-- \/ Yoast SEO plugin. -->","yoast_head_json":{"title":"Se viene una jornada de \u201cNi una menos\u201d en el Teatro Rodolfo Funke - Noticias Radio Reflejos","robots":{"index":"index","follow":"follow","max-snippet":"max-snippet:-1","max-image-preview":"max-image-preview:large","max-video-preview":"max-video-preview:-1"},"canonical":"https:\/\/www.noticiasradioreflejos.com.ar\/2021\/se-viene-una-jornada-de-ni-una-menos-en-el-teatro-rodolfo-funke\/","og_locale":"es_ES","og_type":"article","og_title":"Se viene una jornada de \u201cNi una menos\u201d en el Teatro Rodolfo Funke - Noticias Radio Reflejos","og_description":"En el marco de \u201cNi Una Menos\u201d, la Subsecretar\u00eda de Juventudes, Pol\u00edticas de Genero y Diversidades, junto a la Subsecretar\u00eda de Cultura invitan el pr\u00f3ximo viernes 3 de junio a las 20hs a conmemorar el d\u00eda, con una serie de actividades en el Teatro Rodolfo Funke.","og_url":"https:\/\/www.noticiasradioreflejos.com.ar\/2021\/se-viene-una-jornada-de-ni-una-menos-en-el-teatro-rodolfo-funke\/","og_site_name":"Noticias Radio Reflejos","article_published_time":"2022-05-26T20:25:34+00:00","og_image":[{"width":300,"height":200,"url":"https:\/\/www.noticiasradioreflejos.com.ar\/2021\/wp-content\/uploads\/2021\/07\/logosol300x200.png","type":"image\/png"}],"author":"Arnaldo Botto","twitter_card":"summary_large_image","schema":{"@context":"https:\/\/schema.org","@graph":[{"@type":"WebPage","@id":"https:\/\/www.noticiasradioreflejos.com.ar\/2021\/se-viene-una-jornada-de-ni-una-menos-en-el-teatro-rodolfo-funke\/","url":"https:\/\/www.noticiasradioreflejos.com.ar\/2021\/se-viene-una-jornada-de-ni-una-menos-en-el-teatro-rodolfo-funke\/","name":"Se viene una jornada de \u201cNi una menos\u201d en el Teatro Rodolfo Funke - Noticias Radio Reflejos","isPartOf":{"@id":"https:\/\/www.noticiasradioreflejos.com.ar\/2021\/#website"},"datePublished":"2022-05-26T20:25:34+00:00","author":{"@id":"https:\/\/www.noticiasradioreflejos.com.ar\/2021\/#\/schema\/person\/ad82545263dcc5ec0996818884fd5fb1"},"breadcrumb":{"@id":"https:\/\/www.noticiasradioreflejos.com.ar\/2021\/se-viene-una-jornada-de-ni-una-menos-en-el-teatro-rodolfo-funke\/#breadcrumb"},"inLanguage":"es","potentialAction":[{"@type":"ReadAction","target":["https:\/\/www.noticiasradioreflejos.com.ar\/2021\/se-viene-una-jornada-de-ni-una-menos-en-el-teatro-rodolfo-funke\/"]}]},{"@type":"BreadcrumbList","@id":"https:\/\/www.noticiasradioreflejos.com.ar\/2021\/se-viene-una-jornada-de-ni-una-menos-en-el-teatro-rodolfo-funke\/#breadcrumb","itemListElement":[{"@type":"ListItem","position":1,"name":"Portada","item":"https:\/\/www.noticiasradioreflejos.com.ar\/2021\/"},{"@type":"ListItem","position":2,"name":"Se viene una jornada de \u201cNi una menos\u201d en el Teatro Rodolfo Funke"}]},{"@type":"WebSite","@id":"https:\/\/www.noticiasradioreflejos.com.ar\/2021\/#website","url":"https:\/\/www.noticiasradioreflejos.com.ar\/2021\/","name":"Noticias Radio Reflejos","description":"Las noticias de mi comarca","potentialAction":[{"@type":"SearchAction","target":{"@type":"EntryPoint","urlTemplate":"https:\/\/www.noticiasradioreflejos.com.ar\/2021\/?s={search_term_string}"},"query-input":{"@type":"PropertyValueSpecification","valueRequired":true,"valueName":"search_term_string"}}],"inLanguage":"es"},{"@type":"Person","@id":"https:\/\/www.noticiasradioreflejos.com.ar\/2021\/#\/schema\/person\/ad82545263dcc5ec0996818884fd5fb1","name":"Arnaldo Botto","image":{"@type":"ImageObject","inLanguage":"es","@id":"https:\/\/www.noticiasradioreflejos.com.ar\/2021\/#\/schema\/person\/image\/","url":"https:\/\/secure.gravatar.com\/avatar\/55cb5e37c1efa326397366e6974cb338056df65cb50e7d64d1cf314e87504837?s=96&d=mm&r=g","contentUrl":"https:\/\/secure.gravatar.com\/avatar\/55cb5e37c1efa326397366e6974cb338056df65cb50e7d64d1cf314e87504837?s=96&d=mm&r=g","caption":"Arnaldo Botto"},"url":"https:\/\/www.noticiasradioreflejos.com.ar\/2021\/author\/arnaldo\/"}]}},"_links":{"self":[{"href":"https:\/\/www.noticiasradioreflejos.com.ar\/2021\/wp-json\/wp\/v2\/posts\/72701","targetHints":{"allow":["GET"]}}],"collection":[{"href":"https:\/\/www.noticiasradioreflejos.com.ar\/2021\/wp-json\/wp\/v2\/posts"}],"about":[{"href":"https:\/\/www.noticiasradioreflejos.com.ar\/2021\/wp-json\/wp\/v2\/types\/post"}],"author":[{"embeddable":true,"href":"https:\/\/www.noticiasradioreflejos.com.ar\/2021\/wp-json\/wp\/v2\/users\/3"}],"replies":[{"embeddable":true,"href":"https:\/\/www.noticiasradioreflejos.com.ar\/2021\/wp-json\/wp\/v2\/comments?post=72701"}],"version-history":[{"count":1,"href":"https:\/\/www.noticiasradioreflejos.com.ar\/2021\/wp-json\/wp\/v2\/posts\/72701\/revisions"}],"predecessor-version":[{"id":72703,"href":"https:\/\/www.noticiasradioreflejos.com.ar\/2021\/wp-json\/wp\/v2\/posts\/72701\/revisions\/72703"}],"wp:attachment":[{"href":"https:\/\/www.noticiasradioreflejos.com.ar\/2021\/wp-json\/wp\/v2\/media?parent=72701"}],"wp:term":[{"taxonomy":"category","embeddable":true,"href":"https:\/\/www.noticiasradioreflejos.com.ar\/2021\/wp-json\/wp\/v2\/categories?post=72701"},{"taxonomy":"post_tag","embeddable":true,"href":"https:\/\/www.noticiasradioreflejos.com.ar\/2021\/wp-json\/wp\/v2\/tags?post=72701"}],"curies":[{"name":"wp","href":"https:\/\/api.w.org\/{rel}","templated":true}]}}