{"id":72696,"date":"2022-05-26T20:21:29","date_gmt":"2022-05-26T20:21:29","guid":{"rendered":"http:\/\/www.noticiasradioreflejos.com.ar\/2021\/?p=72696"},"modified":"2022-05-26T20:21:29","modified_gmt":"2022-05-26T20:21:29","slug":"honorable-concejo-deliberante-informe-de-sesion-extraordinaria","status":"publish","type":"post","link":"https:\/\/www.noticiasradioreflejos.com.ar\/2021\/honorable-concejo-deliberante-informe-de-sesion-extraordinaria\/","title":{"rendered":"Honorable Concejo Deliberante: Informe de sesi\u00f3n extraordinaria"},"content":{"rendered":"<p>El Honorable Concejo Deliberante comparte el informe de sesi\u00f3n extraordinaria por el d\u00eda 24 de mayo.<!--more--><\/p>\n<p>INFORME SESI\u00d3N EXTRAORDINARIA DEL D\u00cdA 24 DE MAYO DE 2022<\/p>\n<p>El  martes 24 del corriente, se realiz\u00f3 una Sesi\u00f3n Extraordinaria convocada por Decreto N\u00ba 16\/22 para tratar los siguientes temas:<\/p>\n<p>Expte. N\u00ba 7457\/22: &#8211; N.P. \u2013 Consejo Municipal de las Mujeres Tornquist: ref. Proyecto Jornada de Acci\u00f3n para la Salud de las Mujeres. Solicita sea declarado de Inter\u00e9s Municipal.<br \/>\n Resoluci\u00f3n  N\u00b0 21\/22: Distinguir a los  grupos de teatro independiente Kanterix y Tempestad por su labor cultural en el Distrito de Tornquist, fomentando el disfrute art\u00edstico como as\u00ed tambi\u00e9n la contenci\u00f3n de j\u00f3venes y adultos de nuestro Distrito..- <\/p>\n<p>EXPTE. N\u00ba 7457\/22: &#8211; N.P. \u2013 Consejo Municipal de las Mujeres Tornquist: ref. Proyecto Jornada de Acci\u00f3n para la Salud de las Mujeres. Solicita sea declarado de Inter\u00e9s Municipal.<br \/>\nSe aprueba por unanimidad la Resoluci\u00f3n  N\u00ba 31\/22 por la que se declara de Inter\u00e9s Municipal la Jornada a llevarse a cabo el d\u00eda 28 de mayo de 2022 en el marco del \u201cD\u00eda Internacional de Acci\u00f3n por la Salud de las Mujeres\u201d convocada por el Consejo Municipal de las Mujeres de Tornquist, Biblioteca Popular Mariano Moreno y Centro de D\u00eda Tornquist.<br \/>\nLa misma se realizar\u00e1 en  las instalaciones de la Biblioteca Popular Mariano Moreno, a partir de las 10 hasta las 15.30 hs., donde se propone propiciar un encuentro comunitario para reflexionar y compartir ideas  acerca del derecho a la salud de las mujeres y ni\u00f1as para poder hacer realidad que el derecho a la salud de las mismas  sea garantizado sin ninguna restricci\u00f3n.<br \/>\nSe solicita enviar copia de la presente al Consejo Municipal de las Mujeres de Tornquist, Biblioteca Popular Mariano Moreno y Centro de D\u00eda Tornquist.<\/p>\n<p>Posteriormente se dio lectura a la Resoluci\u00f3n  N\u00b0 21\/22, por la que se distingue a los  grupos de teatro independiente Kanterix y Tempestad por su labor cultural en el Distrito de Tornquist.<br \/>\nLos Concejales Marcela Gim\u00e9nez y Luis Castro hicieron entrega de un presente a la se\u00f1ora Andrea Camus, Directora de los grupos de teatro independiente Kanterix y Tempestad. <\/p>\n<p>Palabras de Andrea Camus:<br \/>\n\u201cBueno, puntualmente agradecerles a todos los integrantes del Concejo Deliberante por este reconocimiento. Es un mimo a muchos a\u00f1os de trabajo, de esfuerzo, que est\u00e1n hoy en mi persona, pero aquellas personas que est\u00e1n all\u00e1, y muchos que no est\u00e1n hoy aqu\u00ed presentes son los verdaderos responsables porque yo sola con mi voluntad, mis deseos y mis ganas no puedo hacer nada. Y bueno, estos veinticinco a\u00f1os vinieron con mucho trabajo, con mucho esfuerzo, pero tambi\u00e9n con muchos sue\u00f1os por cumplir. Estamos empezando otra etapa que nos pone absolutamente felices, as\u00ed que e bueno, eso, agradecer. Y hay dos frases que siempre nos caracterizaron, que lo hemos puesto como, en los programas que hacemos, como grupo, una que es de Alberto Adellach, un autor que, no es cierto Eli, vos sab\u00e9s, fue muy importante en nuestra trayectoria porque fue nuestra Medalla de Oro en los Juegos Bonaerenses, y \u00e9l dice que solo un esfuerzo denodado puede lograr que un sue\u00f1o se haga realidad. Bueno, en nosotros hubo mucho esfuerzo, muchas ganas, mucho surfear olas y ac\u00e1 estamos. As\u00ed que bueno, muchas gracias a todos, y muchas gracias especialmente a nuestra comunidad, que siempre, siempre, siempre nos apoy\u00f3, con su presencia, con todo lo que nosotros necesitamos, asique fundamentalmente a m\u00ed pueblo Tornquist, much\u00edsimas, much\u00edsimas gracias\u201d.<\/p>\n<p>Concejal Marcela Gim\u00e9nez:<br \/>\n\u201cEn principio, bueno, felicitar a Andrea, Ludmila, que se han puesto al hombro esta actividad tan importante, y a todas las familias que componen esta gran familia, voy a ser redundante, del grupo de Teatro Kanterix y Tempestad. Sabemos que el teatro es una de las grandes manifestaciones art\u00edsticas, el teatro es arte, el teatro convive con varias disciplinas art\u00edsticas, las bellas artes, la literatura. Cuando uno ve teatro ve m\u00fasica, ve escenograf\u00eda, ve literatura. Y cuando el tel\u00f3n del teatro se abre para mostrar la verdad que transcurre a nuestros ojos, delante de nuestros ojos la vida propia, la vida misma. Y esto no ocurre por arte de magia, ocurre por personas comprometidas como esta gran familia de Kanterix y Tempestad, con personas como Andrea y Ludmila, que llevan adelante esta tarea. Que  lo han hecho en forma independiente durante muchos a\u00f1os, de estos 25 a\u00f1os de trayectoria. Y la verdad que no quedan m\u00e1s palabras de agradecimiento, porque contienen a nuestros ni\u00f1os, a nuestros j\u00f3venes, y cuando los ni\u00f1os son peque\u00f1os el arte tambi\u00e9n forma parte de la constituci\u00f3n subjetiva de la persona, y eso no es un detalle menor, de all\u00ed parten todas nuestras emociones, y las biograf\u00edas que transcurrimos como personas. La verdad que nos queda decirles gracias por contenerlos, gracias por contener a nuestros j\u00f3venes, gracias por ense\u00f1arles el arte, porque el arte se siente, se aprende y se ense\u00f1a,  y gracias por contener a nuestros adultos, por brindarles un lugar donde puedan expresarse, donde puedan manifestarse, y la verdad que por personas como ellas y esta gran comunidad, la cultura y el arte nunca pero nunca va a ser olvidada. As\u00ed que muchas gracias\u201d.<\/p>\n<p>Concejal Elisabet Nori:<br \/>\n\u201cBueno, yo voy a hacer alusi\u00f3n tambi\u00e9n, en principio al otro Expediente que hoy aprobamos, en referencia a la jornada de acci\u00f3n de salud por las mujeres, que lo considero de fundamental importancia ya que el tema si bien en los \u00faltimos, en las \u00faltimas d\u00e9cadas, se ha tomado m\u00e1s conciencia acerca de esta tem\u00e1tica, es necesario que ahondemos en este tema, que lo profundicemos, que lo trabajemos entre todos, y que sigamos avanzando. Y bueno, y c\u00f3mo no referirme hoy a esta, a este mimo, como dijo Andrea, que le otorgamos, y con, m\u00e1s que justificada raz\u00f3n, a los grupos Kanterix y Tempestad. Y ac\u00e1 voy a ser autorreferencial, ya que yo soy una ex Tempestad, y mis hijos son ex Kanterix, Y con ellos la verdad que hemos transitado toda la familia gran cantidad de a\u00f1os y como dijo Andrea, de pasar por muchas pruebas, de horas y horas de trabajo, porque lo que, las cosas que no se ven, dir\u00eda un periodista que estaba ac\u00e1, hab\u00eda muchas cosas que no se ve\u00edan, y puedo dar fe de ello. Nosotros hemos estado, voy a contar algunas cosas, dos, tres de la ma\u00f1ana ensayando, hac\u00edamos nuestro propio vestuario, nuestra propia escenograf\u00eda. \u00a1Si habremos pintado telones! \u00a1Si habremos confeccionado un mont\u00f3n de artefactos y utensilios que necesit\u00e1bamos! Las obras que hicimos, inolvidables,  los cuentos que hicimos infantiles, recreados en un escenario y utilizando toda la capacidad del teatro, cosa que yo nunca m\u00e1s vi en ninguna puesta en escena, de verdad eran un lujo. Los viajes que hac\u00edamos en el colectivo, que hemos, fuimos a otras localidades, no solamente del Distrito de Tornquist sino de otros distritos. Viaj\u00e1bamos con toda la familia, tambi\u00e9n lo quiero destacar, por eso es una gran familia, yo viajaba con mi familia, bueno, Andrea, Ludmila era chiquita, y hab\u00edamos varios que ten\u00edamos ni\u00f1os peque\u00f1os y viaj\u00e1bamos con toda la familia. Recuerdo que mi marido era el asador del grupo, hac\u00edamos el asado cada vez que \u00edbamos a alg\u00fan lugar: Bueno, tantos recuerdos que tengo, a veces que protest\u00e1bamos porque los jurados no eran, no estaban siendo del todo  objetivos, por decirlo de manera decorosa, y bueno, la verdad que, no s\u00e9, innumerables recuerdos que tengo, que est\u00e1n gravados no solamente en mi memoria, sino en mi coraz\u00f3n. Y mis hijos que han obtenido, bueno, la Medalla de Oro, que muchos de ac\u00e1 se acuerdan, y mi hija que obtuvo Revelaci\u00f3n Femenina en el a\u00f1o 2005. La verdad, tantos logros que se obtuvieron, tantos premios, pero los premios que se obtuvieron fueron fruto, de verdad lo digo, fruto real del esfuerzo de todo el equipo, pero que realmente ten\u00edamos un motor ah\u00ed atr\u00e1s que ven\u00eda as\u00ed digamos galopando, que era Andrea Camus, que ella era la que insist\u00eda y estaba ah\u00ed permanentemente. Y la verdad que bueno, debo decir que pas\u00e9 unos a\u00f1os hermos\u00edsimos, y por eso a todo, a todo el que veo le recomiendo que haga teatro, porque es algo hermoso, es terap\u00e9utico, y en realidad m\u00e1s palabras no tengo para decir porque es, es m\u00e1s lo que yo siento por dentro que lo que puedo expresar con las palabras, la verdad. As\u00ed que bueno, mis felicitaciones a los grupos Kanterix y Tempestad, que sea por much\u00edsimos a\u00f1os m\u00e1s de \u00e9xitos, y de esfuerzo y de presentaciones y de pr\u00e1ctica, de pr\u00e1ctica esencial del arte, y bueno, y con esto quiero finalizar diciendo que el arte as\u00ed como la educaci\u00f3n dije el otro d\u00eda que libera, el arte no solo libera sino que el arte sana. Nada m\u00e1s se\u00f1ora Presidente\u201d.<\/p>\n<p>Concejal Luis Castro:<br \/>\n\u201cBueno, primero saludar a toda la gente de, a los j\u00f3venes y tan j\u00f3venes del grupo Kanterix y Tempestad. Y agradecerles y felicitarlos por el trabajo que vienen realizando hace 25 a\u00f1os. Seguramente mi opini\u00f3n debe ser la m\u00e1s subjetiva de este Recinto, pero bueno, felicitarlos y nada. Que estos 25 a\u00f1os tienen que ser, estos j\u00f3venes 25 a\u00f1os tienen que ser  el punta pie yo dir\u00eda inicial, porque   son apenas 25 a\u00f1os para estar dentro de 25 a\u00f1os ac\u00e1 de vuelta, haciendo reconocimiento pero por 50 a\u00f1os de labor cultural. Seguramente la Directora (risas), Andrea ya est\u00e9 m\u00e1s grande, pero vamos a hacer reconocimiento. Seguramente no estemos nosotros pero s\u00ed va a estar este Cuerpo, y bueno, volver a reconocer el trabajo cultural, pero no solo cultural, social, que vienen realizando y comunitario, en el Distrito de Tornquist. Y justamente, hoy cumplen 25 a\u00f1os, y seguramente cumplan 30 y cumplan 40, y cumplan 50, porque lo que hacen lo hacen sin pedir nada a cambio, de forma independiente, y con pasi\u00f3n sobre todas las cosas. Cuando uno hace las cosas con pasi\u00f3n, no se terminan nunca, y perduran, y crecen y se suma gente. As\u00ed que felicitarlos y ojal\u00e1 sigan por m\u00e1s\u201d.<\/p>\n<p>Concejal Bruno Zacconi:<br \/>\n\u201cBueno, yo la verdad no pensaba hablar mucho, porque obviamente sobraban las palabras de gente que vivi\u00f3 lo magn\u00edfico que ha sido el trabajo. Pero pensaba lo importante que es valorar la cultura, y cuando la cultura la mantienen vivos los ciudadanos y ciudadanas del Distrito. Hace pocos d\u00edas ten\u00edamos los 35 a\u00f1os de la Escuela Folcl\u00f3rica, hoy tenemos los 25 a\u00f1os, este reconocimiento por los 25 a\u00f1os del grupo de teatro que comanda Andrea fundamentalmente. Y yo creo que tenemos que rescatar esto, \u00bfno?, lo importante que es que el estado est\u00e9 ah\u00ed, para sostener a todos estos grupos, para que sigan manteniendo viva la cultura, porque una cultura viva es un pueblo que crece, es un pueblo que avanza, y un pueblo que va pensando en el futuro y adem\u00e1s con un trabajo social muy fuerte y eso hace bien a todo el conjunto social. As\u00ed que nada m\u00e1s se\u00f1ora Presidente, y felicitar a todos quienes est\u00e1n aqu\u00ed presentes. Muchas gracias\u201d.<\/p>\n<p>HONORABLE CONCEJO DELIBERANTE<\/p>\n","protected":false},"excerpt":{"rendered":"<p>El Honorable Concejo Deliberante comparte el informe de sesi\u00f3n extraordinaria por el d\u00eda 24 de mayo.<\/p>\n","protected":false},"author":3,"featured_media":0,"comment_status":"closed","ping_status":"closed","sticky":false,"template":"","format":"standard","meta":{"footnotes":""},"categories":[1],"tags":[],"class_list":["post-72696","post","type-post","status-publish","format-standard","hentry","category-sin-categoria"],"yoast_head":"<!-- This site is optimized with the Yoast SEO plugin v25.9 - https:\/\/yoast.com\/wordpress\/plugins\/seo\/ -->\n<title>Honorable Concejo Deliberante: Informe de sesi\u00f3n extraordinaria - Noticias Radio Reflejos<\/title>\n<meta name=\"robots\" content=\"index, follow, max-snippet:-1, max-image-preview:large, max-video-preview:-1\" \/>\n<link rel=\"canonical\" href=\"https:\/\/www.noticiasradioreflejos.com.ar\/2021\/honorable-concejo-deliberante-informe-de-sesion-extraordinaria\/\" \/>\n<meta property=\"og:locale\" content=\"es_ES\" \/>\n<meta property=\"og:type\" content=\"article\" \/>\n<meta property=\"og:title\" content=\"Honorable Concejo Deliberante: Informe de sesi\u00f3n extraordinaria - Noticias Radio Reflejos\" \/>\n<meta property=\"og:description\" content=\"El Honorable Concejo Deliberante comparte el informe de sesi\u00f3n extraordinaria por el d\u00eda 24 de mayo.\" \/>\n<meta property=\"og:url\" content=\"https:\/\/www.noticiasradioreflejos.com.ar\/2021\/honorable-concejo-deliberante-informe-de-sesion-extraordinaria\/\" \/>\n<meta property=\"og:site_name\" content=\"Noticias Radio Reflejos\" \/>\n<meta property=\"article:published_time\" content=\"2022-05-26T20:21:29+00:00\" \/>\n<meta property=\"og:image\" content=\"https:\/\/www.noticiasradioreflejos.com.ar\/2021\/wp-content\/uploads\/2021\/07\/logosol300x200.png\" \/>\n\t<meta property=\"og:image:width\" content=\"300\" \/>\n\t<meta property=\"og:image:height\" content=\"200\" \/>\n\t<meta property=\"og:image:type\" content=\"image\/png\" \/>\n<meta name=\"author\" content=\"Arnaldo Botto\" \/>\n<meta name=\"twitter:card\" content=\"summary_large_image\" \/>\n<script type=\"application\/ld+json\" class=\"yoast-schema-graph\">{\"@context\":\"https:\/\/schema.org\",\"@graph\":[{\"@type\":\"WebPage\",\"@id\":\"https:\/\/www.noticiasradioreflejos.com.ar\/2021\/honorable-concejo-deliberante-informe-de-sesion-extraordinaria\/\",\"url\":\"https:\/\/www.noticiasradioreflejos.com.ar\/2021\/honorable-concejo-deliberante-informe-de-sesion-extraordinaria\/\",\"name\":\"Honorable Concejo Deliberante: Informe de sesi\u00f3n extraordinaria - Noticias Radio Reflejos\",\"isPartOf\":{\"@id\":\"https:\/\/www.noticiasradioreflejos.com.ar\/2021\/#website\"},\"datePublished\":\"2022-05-26T20:21:29+00:00\",\"author\":{\"@id\":\"https:\/\/www.noticiasradioreflejos.com.ar\/2021\/#\/schema\/person\/ad82545263dcc5ec0996818884fd5fb1\"},\"breadcrumb\":{\"@id\":\"https:\/\/www.noticiasradioreflejos.com.ar\/2021\/honorable-concejo-deliberante-informe-de-sesion-extraordinaria\/#breadcrumb\"},\"inLanguage\":\"es\",\"potentialAction\":[{\"@type\":\"ReadAction\",\"target\":[\"https:\/\/www.noticiasradioreflejos.com.ar\/2021\/honorable-concejo-deliberante-informe-de-sesion-extraordinaria\/\"]}]},{\"@type\":\"BreadcrumbList\",\"@id\":\"https:\/\/www.noticiasradioreflejos.com.ar\/2021\/honorable-concejo-deliberante-informe-de-sesion-extraordinaria\/#breadcrumb\",\"itemListElement\":[{\"@type\":\"ListItem\",\"position\":1,\"name\":\"Portada\",\"item\":\"https:\/\/www.noticiasradioreflejos.com.ar\/2021\/\"},{\"@type\":\"ListItem\",\"position\":2,\"name\":\"Honorable Concejo Deliberante: Informe de sesi\u00f3n extraordinaria\"}]},{\"@type\":\"WebSite\",\"@id\":\"https:\/\/www.noticiasradioreflejos.com.ar\/2021\/#website\",\"url\":\"https:\/\/www.noticiasradioreflejos.com.ar\/2021\/\",\"name\":\"Noticias Radio Reflejos\",\"description\":\"Las noticias de mi comarca\",\"potentialAction\":[{\"@type\":\"SearchAction\",\"target\":{\"@type\":\"EntryPoint\",\"urlTemplate\":\"https:\/\/www.noticiasradioreflejos.com.ar\/2021\/?s={search_term_string}\"},\"query-input\":{\"@type\":\"PropertyValueSpecification\",\"valueRequired\":true,\"valueName\":\"search_term_string\"}}],\"inLanguage\":\"es\"},{\"@type\":\"Person\",\"@id\":\"https:\/\/www.noticiasradioreflejos.com.ar\/2021\/#\/schema\/person\/ad82545263dcc5ec0996818884fd5fb1\",\"name\":\"Arnaldo Botto\",\"image\":{\"@type\":\"ImageObject\",\"inLanguage\":\"es\",\"@id\":\"https:\/\/www.noticiasradioreflejos.com.ar\/2021\/#\/schema\/person\/image\/\",\"url\":\"https:\/\/secure.gravatar.com\/avatar\/55cb5e37c1efa326397366e6974cb338056df65cb50e7d64d1cf314e87504837?s=96&d=mm&r=g\",\"contentUrl\":\"https:\/\/secure.gravatar.com\/avatar\/55cb5e37c1efa326397366e6974cb338056df65cb50e7d64d1cf314e87504837?s=96&d=mm&r=g\",\"caption\":\"Arnaldo Botto\"},\"url\":\"https:\/\/www.noticiasradioreflejos.com.ar\/2021\/author\/arnaldo\/\"}]}<\/script>\n<!-- \/ Yoast SEO plugin. -->","yoast_head_json":{"title":"Honorable Concejo Deliberante: Informe de sesi\u00f3n extraordinaria - Noticias Radio Reflejos","robots":{"index":"index","follow":"follow","max-snippet":"max-snippet:-1","max-image-preview":"max-image-preview:large","max-video-preview":"max-video-preview:-1"},"canonical":"https:\/\/www.noticiasradioreflejos.com.ar\/2021\/honorable-concejo-deliberante-informe-de-sesion-extraordinaria\/","og_locale":"es_ES","og_type":"article","og_title":"Honorable Concejo Deliberante: Informe de sesi\u00f3n extraordinaria - Noticias Radio Reflejos","og_description":"El Honorable Concejo Deliberante comparte el informe de sesi\u00f3n extraordinaria por el d\u00eda 24 de mayo.","og_url":"https:\/\/www.noticiasradioreflejos.com.ar\/2021\/honorable-concejo-deliberante-informe-de-sesion-extraordinaria\/","og_site_name":"Noticias Radio Reflejos","article_published_time":"2022-05-26T20:21:29+00:00","og_image":[{"width":300,"height":200,"url":"https:\/\/www.noticiasradioreflejos.com.ar\/2021\/wp-content\/uploads\/2021\/07\/logosol300x200.png","type":"image\/png"}],"author":"Arnaldo Botto","twitter_card":"summary_large_image","schema":{"@context":"https:\/\/schema.org","@graph":[{"@type":"WebPage","@id":"https:\/\/www.noticiasradioreflejos.com.ar\/2021\/honorable-concejo-deliberante-informe-de-sesion-extraordinaria\/","url":"https:\/\/www.noticiasradioreflejos.com.ar\/2021\/honorable-concejo-deliberante-informe-de-sesion-extraordinaria\/","name":"Honorable Concejo Deliberante: Informe de sesi\u00f3n extraordinaria - Noticias Radio Reflejos","isPartOf":{"@id":"https:\/\/www.noticiasradioreflejos.com.ar\/2021\/#website"},"datePublished":"2022-05-26T20:21:29+00:00","author":{"@id":"https:\/\/www.noticiasradioreflejos.com.ar\/2021\/#\/schema\/person\/ad82545263dcc5ec0996818884fd5fb1"},"breadcrumb":{"@id":"https:\/\/www.noticiasradioreflejos.com.ar\/2021\/honorable-concejo-deliberante-informe-de-sesion-extraordinaria\/#breadcrumb"},"inLanguage":"es","potentialAction":[{"@type":"ReadAction","target":["https:\/\/www.noticiasradioreflejos.com.ar\/2021\/honorable-concejo-deliberante-informe-de-sesion-extraordinaria\/"]}]},{"@type":"BreadcrumbList","@id":"https:\/\/www.noticiasradioreflejos.com.ar\/2021\/honorable-concejo-deliberante-informe-de-sesion-extraordinaria\/#breadcrumb","itemListElement":[{"@type":"ListItem","position":1,"name":"Portada","item":"https:\/\/www.noticiasradioreflejos.com.ar\/2021\/"},{"@type":"ListItem","position":2,"name":"Honorable Concejo Deliberante: Informe de sesi\u00f3n extraordinaria"}]},{"@type":"WebSite","@id":"https:\/\/www.noticiasradioreflejos.com.ar\/2021\/#website","url":"https:\/\/www.noticiasradioreflejos.com.ar\/2021\/","name":"Noticias Radio Reflejos","description":"Las noticias de mi comarca","potentialAction":[{"@type":"SearchAction","target":{"@type":"EntryPoint","urlTemplate":"https:\/\/www.noticiasradioreflejos.com.ar\/2021\/?s={search_term_string}"},"query-input":{"@type":"PropertyValueSpecification","valueRequired":true,"valueName":"search_term_string"}}],"inLanguage":"es"},{"@type":"Person","@id":"https:\/\/www.noticiasradioreflejos.com.ar\/2021\/#\/schema\/person\/ad82545263dcc5ec0996818884fd5fb1","name":"Arnaldo Botto","image":{"@type":"ImageObject","inLanguage":"es","@id":"https:\/\/www.noticiasradioreflejos.com.ar\/2021\/#\/schema\/person\/image\/","url":"https:\/\/secure.gravatar.com\/avatar\/55cb5e37c1efa326397366e6974cb338056df65cb50e7d64d1cf314e87504837?s=96&d=mm&r=g","contentUrl":"https:\/\/secure.gravatar.com\/avatar\/55cb5e37c1efa326397366e6974cb338056df65cb50e7d64d1cf314e87504837?s=96&d=mm&r=g","caption":"Arnaldo Botto"},"url":"https:\/\/www.noticiasradioreflejos.com.ar\/2021\/author\/arnaldo\/"}]}},"_links":{"self":[{"href":"https:\/\/www.noticiasradioreflejos.com.ar\/2021\/wp-json\/wp\/v2\/posts\/72696","targetHints":{"allow":["GET"]}}],"collection":[{"href":"https:\/\/www.noticiasradioreflejos.com.ar\/2021\/wp-json\/wp\/v2\/posts"}],"about":[{"href":"https:\/\/www.noticiasradioreflejos.com.ar\/2021\/wp-json\/wp\/v2\/types\/post"}],"author":[{"embeddable":true,"href":"https:\/\/www.noticiasradioreflejos.com.ar\/2021\/wp-json\/wp\/v2\/users\/3"}],"replies":[{"embeddable":true,"href":"https:\/\/www.noticiasradioreflejos.com.ar\/2021\/wp-json\/wp\/v2\/comments?post=72696"}],"version-history":[{"count":1,"href":"https:\/\/www.noticiasradioreflejos.com.ar\/2021\/wp-json\/wp\/v2\/posts\/72696\/revisions"}],"predecessor-version":[{"id":72698,"href":"https:\/\/www.noticiasradioreflejos.com.ar\/2021\/wp-json\/wp\/v2\/posts\/72696\/revisions\/72698"}],"wp:attachment":[{"href":"https:\/\/www.noticiasradioreflejos.com.ar\/2021\/wp-json\/wp\/v2\/media?parent=72696"}],"wp:term":[{"taxonomy":"category","embeddable":true,"href":"https:\/\/www.noticiasradioreflejos.com.ar\/2021\/wp-json\/wp\/v2\/categories?post=72696"},{"taxonomy":"post_tag","embeddable":true,"href":"https:\/\/www.noticiasradioreflejos.com.ar\/2021\/wp-json\/wp\/v2\/tags?post=72696"}],"curies":[{"name":"wp","href":"https:\/\/api.w.org\/{rel}","templated":true}]}}