{"id":72671,"date":"2022-05-26T17:18:39","date_gmt":"2022-05-26T17:18:39","guid":{"rendered":"http:\/\/www.noticiasradioreflejos.com.ar\/2021\/?p=72671"},"modified":"2022-05-26T17:21:00","modified_gmt":"2022-05-26T17:21:00","slug":"nueve-jugadoras-del-club-ventana-a-la-seleccion-del-sudoeste-de-hockey","status":"publish","type":"post","link":"https:\/\/www.noticiasradioreflejos.com.ar\/2021\/nueve-jugadoras-del-club-ventana-a-la-seleccion-del-sudoeste-de-hockey\/","title":{"rendered":"Nueve jugadoras del Club Ventana a la selecci\u00f3n del Sudoeste de hockey"},"content":{"rendered":"<p>As\u00ed lo confirm\u00f3<strong> Nahuel Iannello<\/strong>, docente y coordinador de la instituci\u00f3n. \u201cLe metemos mucha cabeza al presente, pero el objetivo de m\u00e1xima que tenemos todos es concretar la cancha de sint\u00e9tico\u201d afirm\u00f3.<!--more--><\/p>\n<p><a title=\"CAV Hockey (8)\" href=\"https:\/\/www.flickr.com\/photos\/182279889@N02\/52101208659\/in\/dateposted-public\/\" data-flickr-embed=\"true\"><img loading=\"lazy\" decoding=\"async\" class=\"aligncenter\" src=\"https:\/\/live.staticflickr.com\/65535\/52101208659_d937ff80b9_c.jpg\" alt=\"CAV Hockey (8)\" width=\"544\" height=\"544\" \/><\/a><script async src=\"\/\/embedr.flickr.com\/assets\/client-code.js\" charset=\"utf-8\"><\/script><\/p>\n<p>En el <strong>Club Atl\u00e9tico Ventana<\/strong> inflan el pecho de orgullo y no es para menos. Nueve de sus jugadoras fueron confirmadas para ser parte del seleccionado del Sudoeste, lo que representa un espaldarazo al trabajo que d\u00eda a d\u00eda realizan con pasi\u00f3n.<\/p>\n<p>Al respecto, el profesor <strong>Nahuel Iannello<\/strong> detall\u00f3: \u201ctenemos dos jugadoras de Sub 14, tres jugadoras en Sub 16. En ambos casos viajan dos equipos, uno proyecci\u00f3n y otro como seleccionado A. En paralelo se termin\u00f3 el proceso de primera divisi\u00f3n donde quedaron cuatro jugadoras, y en sub 19 el proceso est\u00e1 abierto y ah\u00ed tambi\u00e9n tenemos chicas\u201d.<\/p>\n<p>Y de la mano con esto, pensando en un futuro cercano y la gran oportunidad de tener una cancha propia de sint\u00e9tico, el coach afirm\u00f3 que \u201cle metemos mucha cabeza al presente, pero es el objetivo de m\u00e1xima que tenemos todos. Una cancha de sint\u00e9tico no solo beneficiar\u00eda a las chicas, sino que tambi\u00e9n ser\u00eda un boom tur\u00edstico. Cualquier torneo bonaerense o incluso de la Confederaci\u00f3n Argentina podr\u00eda realizarse ac\u00e1\u201d.<\/p>\n<p>&nbsp;<\/p>\n<p><a title=\"CAV Hockey (7)\" href=\"https:\/\/www.flickr.com\/photos\/182279889@N02\/52100999943\/in\/dateposted-public\/\" data-flickr-embed=\"true\"><img loading=\"lazy\" decoding=\"async\" class=\"aligncenter\" src=\"https:\/\/live.staticflickr.com\/65535\/52100999943_8aaa820572_c.jpg\" alt=\"CAV Hockey (7)\" width=\"800\" height=\"800\" \/><\/a><script async src=\"\/\/embedr.flickr.com\/assets\/client-code.js\" charset=\"utf-8\"><\/script><\/p>\n<p>Cerrando esa idea, asegur\u00f3 que \u201ces una alegr\u00eda saber que las chicas siguen compitiendo, y que no es solo una buena camada o un buen momento de las chicas, sino que son parte estable de los procesos de selecci\u00f3n\u201d.<\/p>\n<p>D\u00e1ndole un marco hist\u00f3rico, Nahuel recapitul\u00f3 acerca de que \u201chace m\u00e1s de una d\u00e9cada comenz\u00f3 Marce Gonz\u00e1lez en lo que era el predio de La Hoya con unos palitos. Se comenz\u00f3 a crecer poco a poco, ingresando luego a la Federaci\u00f3n del Sudoeste, y con mucho esfuerzo se fueron cosechando logros\u201d.<\/p>\n<p>Llev\u00e1ndolo al presente, mencion\u00f3 que \u201choy por hoy estamos con una escuelita de formaci\u00f3n mixta que entrena los martes y los viernes. Los tres meses de invierno tratamos de llevarlos al play\u00f3n. Desde los 12, 13 a\u00f1os, comienzan a competir. Tenemos menores de 14, menores de 16 y primera\u201d.<\/p>\n<p><a title=\"CAV Hockey (1)\" href=\"https:\/\/www.flickr.com\/photos\/182279889@N02\/52100969831\/in\/dateposted-public\/\" data-flickr-embed=\"true\"><img loading=\"lazy\" decoding=\"async\" src=\"https:\/\/live.staticflickr.com\/65535\/52100969831_350d5874ba_c.jpg\" alt=\"CAV Hockey (1)\" width=\"800\" height=\"800\" \/><\/a><script async src=\"\/\/embedr.flickr.com\/assets\/client-code.js\" charset=\"utf-8\"><\/script><\/p>\n<p>Al mismo tiempo remarc\u00f3 que \u201cbuscando que se compita en todas las categor\u00edas, este a\u00f1o hicimos una fusi\u00f3n solo para eso con el Club Alumni de Coronel Pringles. La verdad est\u00e1 saliendo todo mucho mejor de lo que esper\u00e1bamos\u201d.<\/p>\n<p>Y en ese aspecto profundiz\u00f3: \u201cse articula mucho las planificaciones. Cuando se pudo se hicieron entrenamientos juntos, pero hoy la realidad es que nos juntamos solo los fines de semana. Quiz\u00e1s en los comienzos en los primeros dos o tres partidos nos cost\u00f3 un poco m\u00e1s, pero ya est\u00e1 todo bien aceitado. La idea es que este a\u00f1o se aumente la matr\u00edcula de ambos clubes y en 2023, pese a que nos llevamos de maravillas, cada instituci\u00f3n pueda competir individualmente\u201d.<\/p>\n<p>&nbsp;<\/p>\n<p><iframe loading=\"lazy\" src=\"https:\/\/w.soundcloud.com\/player\/?url=https%3A\/\/api.soundcloud.com\/tracks\/1275698683&amp;color=%23ff5500&amp;auto_play=false&amp;hide_related=false&amp;show_comments=true&amp;show_user=true&amp;show_reposts=false&amp;show_teaser=true\" width=\"100%\" height=\"166\" frameborder=\"no\" scrolling=\"no\"><\/iframe><\/p>\n<div style=\"font-size: 10px; color: #cccccc; line-break: anywhere; word-break: normal; overflow: hidden; white-space: nowrap; text-overflow: ellipsis; font-family: Interstate,Lucida Grande,Lucida Sans Unicode,Lucida Sans,Garuda,Verdana,Tahoma,sans-serif; font-weight: 100;\"><a style=\"color: #cccccc; text-decoration: none;\" title=\"fmreflejos 103.7\" href=\"https:\/\/soundcloud.com\/fmreflejos-103-7\" target=\"_blank\" rel=\"noopener\">fmreflejos 103.7<\/a> \u00b7 <a style=\"color: #cccccc; text-decoration: none;\" title=\"Nahuel Iannello\" href=\"https:\/\/soundcloud.com\/fmreflejos-103-7\/nahuel-iannello\" target=\"_blank\" rel=\"noopener\">Nahuel Iannello<\/a><\/div>\n<p><a title=\"CAV Hockey (3)\" href=\"https:\/\/www.flickr.com\/photos\/182279889@N02\/52101000018\/in\/dateposted-public\/\" data-flickr-embed=\"true\"><img loading=\"lazy\" decoding=\"async\" src=\"https:\/\/live.staticflickr.com\/65535\/52101000018_b265dd1d50_c.jpg\" alt=\"CAV Hockey (3)\" width=\"800\" height=\"800\" \/><\/a><script async src=\"\/\/embedr.flickr.com\/assets\/client-code.js\" charset=\"utf-8\"><\/script><\/p>\n<p><a title=\"CAV Hockey (2)\" href=\"https:\/\/www.flickr.com\/photos\/182279889@N02\/52100969936\/in\/dateposted-public\/\" data-flickr-embed=\"true\"><img loading=\"lazy\" decoding=\"async\" src=\"https:\/\/live.staticflickr.com\/65535\/52100969936_f57bd4395d_c.jpg\" alt=\"CAV Hockey (2)\" width=\"800\" height=\"800\" \/><\/a><script async src=\"\/\/embedr.flickr.com\/assets\/client-code.js\" charset=\"utf-8\"><\/script><\/p>\n<p><a data-flickr-embed=\"true\" href=\"https:\/\/www.flickr.com\/photos\/182279889@N02\/52101473465\/in\/dateposted-public\/\" title=\"CAV Hockey (5)\"><img loading=\"lazy\" decoding=\"async\" src=\"https:\/\/live.staticflickr.com\/65535\/52101473465_f51a3800ce_c.jpg\" width=\"800\" height=\"800\" alt=\"CAV Hockey (5)\"><\/a><script async src=\"\/\/embedr.flickr.com\/assets\/client-code.js\" charset=\"utf-8\"><\/script><\/p>\n","protected":false},"excerpt":{"rendered":"<p>As\u00ed lo confirm\u00f3 Nahuel Iannello, docente y coordinador de la instituci\u00f3n. \u201cLe metemos mucha cabeza al presente, pero el objetivo de m\u00e1xima que tenemos todos es concretar la cancha de sint\u00e9tico\u201d afirm\u00f3.<\/p>\n","protected":false},"author":3,"featured_media":0,"comment_status":"closed","ping_status":"closed","sticky":false,"template":"","format":"standard","meta":{"footnotes":""},"categories":[27],"tags":[48],"class_list":["post-72671","post","type-post","status-publish","format-standard","hentry","category-deportes","tag-destacada"],"yoast_head":"<!-- This site is optimized with the Yoast SEO plugin v25.9 - https:\/\/yoast.com\/wordpress\/plugins\/seo\/ -->\n<title>Nueve jugadoras del Club Ventana a la selecci\u00f3n del Sudoeste de hockey - Noticias Radio Reflejos<\/title>\n<meta name=\"robots\" content=\"index, follow, max-snippet:-1, max-image-preview:large, max-video-preview:-1\" \/>\n<link rel=\"canonical\" href=\"https:\/\/www.noticiasradioreflejos.com.ar\/2021\/nueve-jugadoras-del-club-ventana-a-la-seleccion-del-sudoeste-de-hockey\/\" \/>\n<meta property=\"og:locale\" content=\"es_ES\" \/>\n<meta property=\"og:type\" content=\"article\" \/>\n<meta property=\"og:title\" content=\"Nueve jugadoras del Club Ventana a la selecci\u00f3n del Sudoeste de hockey - Noticias Radio Reflejos\" \/>\n<meta property=\"og:description\" content=\"As\u00ed lo confirm\u00f3 Nahuel Iannello, docente y coordinador de la instituci\u00f3n. \u201cLe metemos mucha cabeza al presente, pero el objetivo de m\u00e1xima que tenemos todos es concretar la cancha de sint\u00e9tico\u201d afirm\u00f3.\" \/>\n<meta property=\"og:url\" content=\"https:\/\/www.noticiasradioreflejos.com.ar\/2021\/nueve-jugadoras-del-club-ventana-a-la-seleccion-del-sudoeste-de-hockey\/\" \/>\n<meta property=\"og:site_name\" content=\"Noticias Radio Reflejos\" \/>\n<meta property=\"article:published_time\" content=\"2022-05-26T17:18:39+00:00\" \/>\n<meta property=\"article:modified_time\" content=\"2022-05-26T17:21:00+00:00\" \/>\n<meta property=\"og:image\" content=\"https:\/\/live.staticflickr.com\/65535\/52101208659_d937ff80b9_c.jpg\" \/>\n<meta name=\"author\" content=\"Arnaldo Botto\" \/>\n<meta name=\"twitter:card\" content=\"summary_large_image\" \/>\n<script type=\"application\/ld+json\" class=\"yoast-schema-graph\">{\"@context\":\"https:\/\/schema.org\",\"@graph\":[{\"@type\":\"WebPage\",\"@id\":\"https:\/\/www.noticiasradioreflejos.com.ar\/2021\/nueve-jugadoras-del-club-ventana-a-la-seleccion-del-sudoeste-de-hockey\/\",\"url\":\"https:\/\/www.noticiasradioreflejos.com.ar\/2021\/nueve-jugadoras-del-club-ventana-a-la-seleccion-del-sudoeste-de-hockey\/\",\"name\":\"Nueve jugadoras del Club Ventana a la selecci\u00f3n del Sudoeste de hockey - Noticias Radio Reflejos\",\"isPartOf\":{\"@id\":\"https:\/\/www.noticiasradioreflejos.com.ar\/2021\/#website\"},\"primaryImageOfPage\":{\"@id\":\"https:\/\/www.noticiasradioreflejos.com.ar\/2021\/nueve-jugadoras-del-club-ventana-a-la-seleccion-del-sudoeste-de-hockey\/#primaryimage\"},\"image\":{\"@id\":\"https:\/\/www.noticiasradioreflejos.com.ar\/2021\/nueve-jugadoras-del-club-ventana-a-la-seleccion-del-sudoeste-de-hockey\/#primaryimage\"},\"thumbnailUrl\":\"https:\/\/live.staticflickr.com\/65535\/52101208659_d937ff80b9_c.jpg\",\"datePublished\":\"2022-05-26T17:18:39+00:00\",\"dateModified\":\"2022-05-26T17:21:00+00:00\",\"author\":{\"@id\":\"https:\/\/www.noticiasradioreflejos.com.ar\/2021\/#\/schema\/person\/ad82545263dcc5ec0996818884fd5fb1\"},\"breadcrumb\":{\"@id\":\"https:\/\/www.noticiasradioreflejos.com.ar\/2021\/nueve-jugadoras-del-club-ventana-a-la-seleccion-del-sudoeste-de-hockey\/#breadcrumb\"},\"inLanguage\":\"es\",\"potentialAction\":[{\"@type\":\"ReadAction\",\"target\":[\"https:\/\/www.noticiasradioreflejos.com.ar\/2021\/nueve-jugadoras-del-club-ventana-a-la-seleccion-del-sudoeste-de-hockey\/\"]}]},{\"@type\":\"ImageObject\",\"inLanguage\":\"es\",\"@id\":\"https:\/\/www.noticiasradioreflejos.com.ar\/2021\/nueve-jugadoras-del-club-ventana-a-la-seleccion-del-sudoeste-de-hockey\/#primaryimage\",\"url\":\"https:\/\/live.staticflickr.com\/65535\/52101208659_d937ff80b9_c.jpg\",\"contentUrl\":\"https:\/\/live.staticflickr.com\/65535\/52101208659_d937ff80b9_c.jpg\"},{\"@type\":\"BreadcrumbList\",\"@id\":\"https:\/\/www.noticiasradioreflejos.com.ar\/2021\/nueve-jugadoras-del-club-ventana-a-la-seleccion-del-sudoeste-de-hockey\/#breadcrumb\",\"itemListElement\":[{\"@type\":\"ListItem\",\"position\":1,\"name\":\"Portada\",\"item\":\"https:\/\/www.noticiasradioreflejos.com.ar\/2021\/\"},{\"@type\":\"ListItem\",\"position\":2,\"name\":\"Nueve jugadoras del Club Ventana a la selecci\u00f3n del Sudoeste de hockey\"}]},{\"@type\":\"WebSite\",\"@id\":\"https:\/\/www.noticiasradioreflejos.com.ar\/2021\/#website\",\"url\":\"https:\/\/www.noticiasradioreflejos.com.ar\/2021\/\",\"name\":\"Noticias Radio Reflejos\",\"description\":\"Las noticias de mi comarca\",\"potentialAction\":[{\"@type\":\"SearchAction\",\"target\":{\"@type\":\"EntryPoint\",\"urlTemplate\":\"https:\/\/www.noticiasradioreflejos.com.ar\/2021\/?s={search_term_string}\"},\"query-input\":{\"@type\":\"PropertyValueSpecification\",\"valueRequired\":true,\"valueName\":\"search_term_string\"}}],\"inLanguage\":\"es\"},{\"@type\":\"Person\",\"@id\":\"https:\/\/www.noticiasradioreflejos.com.ar\/2021\/#\/schema\/person\/ad82545263dcc5ec0996818884fd5fb1\",\"name\":\"Arnaldo Botto\",\"image\":{\"@type\":\"ImageObject\",\"inLanguage\":\"es\",\"@id\":\"https:\/\/www.noticiasradioreflejos.com.ar\/2021\/#\/schema\/person\/image\/\",\"url\":\"https:\/\/secure.gravatar.com\/avatar\/55cb5e37c1efa326397366e6974cb338056df65cb50e7d64d1cf314e87504837?s=96&d=mm&r=g\",\"contentUrl\":\"https:\/\/secure.gravatar.com\/avatar\/55cb5e37c1efa326397366e6974cb338056df65cb50e7d64d1cf314e87504837?s=96&d=mm&r=g\",\"caption\":\"Arnaldo Botto\"},\"url\":\"https:\/\/www.noticiasradioreflejos.com.ar\/2021\/author\/arnaldo\/\"}]}<\/script>\n<!-- \/ Yoast SEO plugin. -->","yoast_head_json":{"title":"Nueve jugadoras del Club Ventana a la selecci\u00f3n del Sudoeste de hockey - Noticias Radio Reflejos","robots":{"index":"index","follow":"follow","max-snippet":"max-snippet:-1","max-image-preview":"max-image-preview:large","max-video-preview":"max-video-preview:-1"},"canonical":"https:\/\/www.noticiasradioreflejos.com.ar\/2021\/nueve-jugadoras-del-club-ventana-a-la-seleccion-del-sudoeste-de-hockey\/","og_locale":"es_ES","og_type":"article","og_title":"Nueve jugadoras del Club Ventana a la selecci\u00f3n del Sudoeste de hockey - Noticias Radio Reflejos","og_description":"As\u00ed lo confirm\u00f3 Nahuel Iannello, docente y coordinador de la instituci\u00f3n. \u201cLe metemos mucha cabeza al presente, pero el objetivo de m\u00e1xima que tenemos todos es concretar la cancha de sint\u00e9tico\u201d afirm\u00f3.","og_url":"https:\/\/www.noticiasradioreflejos.com.ar\/2021\/nueve-jugadoras-del-club-ventana-a-la-seleccion-del-sudoeste-de-hockey\/","og_site_name":"Noticias Radio Reflejos","article_published_time":"2022-05-26T17:18:39+00:00","article_modified_time":"2022-05-26T17:21:00+00:00","og_image":[{"url":"https:\/\/live.staticflickr.com\/65535\/52101208659_d937ff80b9_c.jpg","type":"","width":"","height":""}],"author":"Arnaldo Botto","twitter_card":"summary_large_image","schema":{"@context":"https:\/\/schema.org","@graph":[{"@type":"WebPage","@id":"https:\/\/www.noticiasradioreflejos.com.ar\/2021\/nueve-jugadoras-del-club-ventana-a-la-seleccion-del-sudoeste-de-hockey\/","url":"https:\/\/www.noticiasradioreflejos.com.ar\/2021\/nueve-jugadoras-del-club-ventana-a-la-seleccion-del-sudoeste-de-hockey\/","name":"Nueve jugadoras del Club Ventana a la selecci\u00f3n del Sudoeste de hockey - Noticias Radio Reflejos","isPartOf":{"@id":"https:\/\/www.noticiasradioreflejos.com.ar\/2021\/#website"},"primaryImageOfPage":{"@id":"https:\/\/www.noticiasradioreflejos.com.ar\/2021\/nueve-jugadoras-del-club-ventana-a-la-seleccion-del-sudoeste-de-hockey\/#primaryimage"},"image":{"@id":"https:\/\/www.noticiasradioreflejos.com.ar\/2021\/nueve-jugadoras-del-club-ventana-a-la-seleccion-del-sudoeste-de-hockey\/#primaryimage"},"thumbnailUrl":"https:\/\/live.staticflickr.com\/65535\/52101208659_d937ff80b9_c.jpg","datePublished":"2022-05-26T17:18:39+00:00","dateModified":"2022-05-26T17:21:00+00:00","author":{"@id":"https:\/\/www.noticiasradioreflejos.com.ar\/2021\/#\/schema\/person\/ad82545263dcc5ec0996818884fd5fb1"},"breadcrumb":{"@id":"https:\/\/www.noticiasradioreflejos.com.ar\/2021\/nueve-jugadoras-del-club-ventana-a-la-seleccion-del-sudoeste-de-hockey\/#breadcrumb"},"inLanguage":"es","potentialAction":[{"@type":"ReadAction","target":["https:\/\/www.noticiasradioreflejos.com.ar\/2021\/nueve-jugadoras-del-club-ventana-a-la-seleccion-del-sudoeste-de-hockey\/"]}]},{"@type":"ImageObject","inLanguage":"es","@id":"https:\/\/www.noticiasradioreflejos.com.ar\/2021\/nueve-jugadoras-del-club-ventana-a-la-seleccion-del-sudoeste-de-hockey\/#primaryimage","url":"https:\/\/live.staticflickr.com\/65535\/52101208659_d937ff80b9_c.jpg","contentUrl":"https:\/\/live.staticflickr.com\/65535\/52101208659_d937ff80b9_c.jpg"},{"@type":"BreadcrumbList","@id":"https:\/\/www.noticiasradioreflejos.com.ar\/2021\/nueve-jugadoras-del-club-ventana-a-la-seleccion-del-sudoeste-de-hockey\/#breadcrumb","itemListElement":[{"@type":"ListItem","position":1,"name":"Portada","item":"https:\/\/www.noticiasradioreflejos.com.ar\/2021\/"},{"@type":"ListItem","position":2,"name":"Nueve jugadoras del Club Ventana a la selecci\u00f3n del Sudoeste de hockey"}]},{"@type":"WebSite","@id":"https:\/\/www.noticiasradioreflejos.com.ar\/2021\/#website","url":"https:\/\/www.noticiasradioreflejos.com.ar\/2021\/","name":"Noticias Radio Reflejos","description":"Las noticias de mi comarca","potentialAction":[{"@type":"SearchAction","target":{"@type":"EntryPoint","urlTemplate":"https:\/\/www.noticiasradioreflejos.com.ar\/2021\/?s={search_term_string}"},"query-input":{"@type":"PropertyValueSpecification","valueRequired":true,"valueName":"search_term_string"}}],"inLanguage":"es"},{"@type":"Person","@id":"https:\/\/www.noticiasradioreflejos.com.ar\/2021\/#\/schema\/person\/ad82545263dcc5ec0996818884fd5fb1","name":"Arnaldo Botto","image":{"@type":"ImageObject","inLanguage":"es","@id":"https:\/\/www.noticiasradioreflejos.com.ar\/2021\/#\/schema\/person\/image\/","url":"https:\/\/secure.gravatar.com\/avatar\/55cb5e37c1efa326397366e6974cb338056df65cb50e7d64d1cf314e87504837?s=96&d=mm&r=g","contentUrl":"https:\/\/secure.gravatar.com\/avatar\/55cb5e37c1efa326397366e6974cb338056df65cb50e7d64d1cf314e87504837?s=96&d=mm&r=g","caption":"Arnaldo Botto"},"url":"https:\/\/www.noticiasradioreflejos.com.ar\/2021\/author\/arnaldo\/"}]}},"_links":{"self":[{"href":"https:\/\/www.noticiasradioreflejos.com.ar\/2021\/wp-json\/wp\/v2\/posts\/72671","targetHints":{"allow":["GET"]}}],"collection":[{"href":"https:\/\/www.noticiasradioreflejos.com.ar\/2021\/wp-json\/wp\/v2\/posts"}],"about":[{"href":"https:\/\/www.noticiasradioreflejos.com.ar\/2021\/wp-json\/wp\/v2\/types\/post"}],"author":[{"embeddable":true,"href":"https:\/\/www.noticiasradioreflejos.com.ar\/2021\/wp-json\/wp\/v2\/users\/3"}],"replies":[{"embeddable":true,"href":"https:\/\/www.noticiasradioreflejos.com.ar\/2021\/wp-json\/wp\/v2\/comments?post=72671"}],"version-history":[{"count":3,"href":"https:\/\/www.noticiasradioreflejos.com.ar\/2021\/wp-json\/wp\/v2\/posts\/72671\/revisions"}],"predecessor-version":[{"id":72680,"href":"https:\/\/www.noticiasradioreflejos.com.ar\/2021\/wp-json\/wp\/v2\/posts\/72671\/revisions\/72680"}],"wp:attachment":[{"href":"https:\/\/www.noticiasradioreflejos.com.ar\/2021\/wp-json\/wp\/v2\/media?parent=72671"}],"wp:term":[{"taxonomy":"category","embeddable":true,"href":"https:\/\/www.noticiasradioreflejos.com.ar\/2021\/wp-json\/wp\/v2\/categories?post=72671"},{"taxonomy":"post_tag","embeddable":true,"href":"https:\/\/www.noticiasradioreflejos.com.ar\/2021\/wp-json\/wp\/v2\/tags?post=72671"}],"curies":[{"name":"wp","href":"https:\/\/api.w.org\/{rel}","templated":true}]}}