{"id":72652,"date":"2022-05-26T11:42:35","date_gmt":"2022-05-26T11:42:35","guid":{"rendered":"http:\/\/www.noticiasradioreflejos.com.ar\/2021\/?p=72652"},"modified":"2022-05-26T11:42:35","modified_gmt":"2022-05-26T11:42:35","slug":"gilda-maradona-rodrigo-o-gardel-los-santos-populares-y-las-historias-de-quienes-aseguran-que-hacen-milagros","status":"publish","type":"post","link":"https:\/\/www.noticiasradioreflejos.com.ar\/2021\/gilda-maradona-rodrigo-o-gardel-los-santos-populares-y-las-historias-de-quienes-aseguran-que-hacen-milagros\/","title":{"rendered":"Gilda, Maradona, Rodrigo o Gardel: los santos populares y las historias de quienes aseguran que \u201chacen milagros\u201d"},"content":{"rendered":"<header class=\"article-header-wrapper\">\n<div class=\"article-header\">\n<h1 class=\"article-headline\"><\/h1>\n<p class=\"article-subheadline\">Cientos depositan en ellos su fe. El testimonio en primera persona de los que le rinden culto a fen\u00f3menos que empezaron en una cancha o en un escenario y terminaron teniendo santuarios a los que cientos peregrinan para agradecer, pedir ayuda o respuestas. En contra de toda l\u00f3gica, a contramano de religiones y sin m\u00e1s pruebas que sus propias historias, ellos se encomiendan a estrellas de la m\u00fasica o el deporte.<\/p>\n<\/div>\n<\/header>\n<p><!--more--><\/p>\n<article class=\"article\">\n<div class=\"nd-body-article\">\n<div class=\"visual__image\"><img loading=\"lazy\" decoding=\"async\" class=\"\" src=\"https:\/\/cloudfront-us-east-1.images.arcpublishing.com\/infobae\/NRXJW6FHJZEN7OW2Q5LSSDFKPA.png\" sizes=\"auto, (min-width: 800px) 50vw, 90vw\" srcset=\"https:\/\/www.infobae.com\/new-resizer\/zgQ3Ll51UAH9gp7EyN1bcxuWOZg=\/992x606\/filters:format(webp):quality(85)\/cloudfront-us-east-1.images.arcpublishing.com\/infobae\/NRXJW6FHJZEN7OW2Q5LSSDFKPA.png 992w\" alt=\"En una caja de luz un improvisado altar con fotos de &quot;Santa Gilda&quot;, rodeada de flores, velas y esmalte\" width=\"1072\" height=\"642\" \/>En una caja de luz un improvisado altar con fotos de \u00abSanta Gilda\u00bb, rodeada de flores, velas y esmalte<\/div>\n<p class=\"paragraph\">No son santos, pero tienen santuarios. No son santos, pero dicen que hacen milagros. No son santos, pero les rezan. No son santos, pero hay oraciones, estatuas, estampitas. No son santos, pero est\u00e1n los que creen.<\/p>\n<p class=\"paragraph\">\u201cYo no creo en Dios, pero creo en Rodrigo\u201d, dice Silvia Quipildor, 36 a\u00f1os, de Gonzalez Cat\u00e1n, mam\u00e1 de un nene y tres nenas, vendedora de ropa. Cuando lo dice no hay reparos, aclaraciones, mucho menos dudas.\u00a0<mark class=\"hl_yellow\">Est\u00e1 convencida de que\u00a0<\/mark><a href=\"https:\/\/www.infobae.com\/teleshow\/2022\/05\/24\/un-mes-antes-de-morir-el-potro-rodrigo-celebraba-sus-27-de-miami-a-olivos-y-un-parate-en-medio-de-la-voragine\/\" target=\"_blank\" rel=\"noopener\"><mark class=\"hl_yellow\"><b>Rodrigo Bueno, \u201cEl Potro\u201d<\/b>,<\/mark><\/a><mark class=\"hl_yellow\">\u00a0muerto en un accidente a los 27 el 24 de junio del 2000, cordob\u00e9s, cantante de cuarteto, salv\u00f3 a su hija.<\/mark><\/p>\n<p class=\"paragraph\">Alejandro Ver\u00f3n tiene 53, es rosarino, periodista, fundador en 1998 junto con Hern\u00e1n Armez y H\u00e9ctor Campomar de la\u00a0<b>iglesia maradoniana \u201cLa mano de D10S\u201d.<\/b>\u00a0\u201cMe negar\u00e1s tres veces antes de que cante el gallo\u201d, cita las palabras de Jes\u00fas a Pedro, para explicar las que a ellos les dijo el relator uruguayo Walter Hugo:\u00a0<mark class=\"hl_yellow\">\u201cUstedes no se dan cuenta de a d\u00f3nde van a llegar, porque Diego no tiene fronteras\u201d. Habla de\u00a0<\/mark><a href=\"https:\/\/www.infobae.com\/deportes\/2022\/05\/11\/la-mano-derecha-de-bilardo-y-maradona-cuenta-todos-sus-secretos-la-unica-orden-que-diego-le-daba-a-messi-y-que-decia-de-la-pulga-en-la-intimidad\/\" target=\"_blank\" rel=\"noopener\"><mark class=\"hl_yellow\"><b>Diego Armando Maradona<\/b>,<\/mark><\/a><mark class=\"hl_yellow\">\u00a0de Fiorito, el mejor en una cancha de f\u00fatbol.<\/mark><\/p>\n<p class=\"paragraph\">En una casa de Pascanas, departamento de Uni\u00f3n, C\u00f3rdoba, un 7 de septiembre de 1995, Rub\u00e9n Cuesta tiene la mirada clavada en un televisor de tubo. En la pantalla un hombre sostiene un chupete y cuenta frente a un micr\u00f3fono que se lo trae a\u00a0<a href=\"https:\/\/www.infobae.com\/teleshow\/infoshow\/2020\/09\/07\/a-24-anos-de-su-muerte-las-mujeres-que-marcaron-la-vida-de-gilda\/\" target=\"_blank\" rel=\"noopener\"><b>Gilda<\/b><\/a>, para agradecerle por salvar a su beb\u00e9. Entonces Rub\u00e9n , 67 a\u00f1os, mec\u00e1nico, abuelo de nueve nietos, se arrodilla frente al aparato, abre una revista Tele-Clic con una nota vieja de la cantante tropical y con l\u00e1grimas surc\u00e1ndole las mejillas, se pone a rezar.<mark class=\"hl_yellow\">\u00a0\u201cSalv\u00e1 a mi nieta. Llevame a m\u00ed\u201d,\u00a0<\/mark>le dice.<\/p>\n<p class=\"paragraph\">Edith Beraldi, 57 a\u00f1os, de Wilde, mam\u00e1 de dos nenes, graf\u00f3loga, da doble vuelta de llave y empuja la puerta negra de hierro que separa la calle 33 en el cementerio de la Chacarita, de una escalera caracol circular y de los ata\u00fades de\u00a0<a href=\"https:\/\/www.infobae.com\/cultura\/2021\/12\/11\/a-131-anos-de-su-nacimiento-el-amor-por-carlos-gardel-sigue-vigente-en-las-nuevas-generaciones-de-gardelianos\/\" target=\"_blank\" rel=\"noopener\"><b>Carlos Gardel\u00a0<\/b><\/a>y su mam\u00e1, Berta Gardes. Apenas da un paso en la sombra, encuentra una carta. La levanta, la lee. \u201cLe ped\u00edan que le haga un mal a un pol\u00edtico\u201d, cuenta. Se la pone en el bolsillo. M\u00e1s tarde va a quemarla. \u201cYo guardo todo lo que llega, pero esto no.\u00a0<mark class=\"hl_yellow\">Gardel no est\u00e1 para estas cosas<\/mark>\u201d, agrega.<\/p>\n<p class=\"paragraph\"><mark class=\"hl_yellow\">Todos est\u00e1n cruzados por una creencia, la de que \u00eddolos populares tienen poderes, los escuchan y son capaces de hacer \u201cmilagros\u201d. En contra de toda l\u00f3gica, a contramano de religiones y sin m\u00e1s pruebas que sus propias historias, ellos se encomiendan a estrellas de la m\u00fasica o el deporte.<\/mark><\/p>\n<p class=\"paragraph\"><b>Rodrigo Alejandro Bueno, un breve camino al cielo<\/b><\/p>\n<p class=\"paragraph\">El cuerpo el\u00e1stico, la voz arrugada, los movimientos el\u00e9ctricos, el pelo azul, los ojos de un hambre voraz, se terminaron demasiado pronto. Ocurri\u00f3 mientras muchos dorm\u00edan y otros tantos se desvelaban en fiestas y discotecas, la madrugada del s\u00e1bado 24 de junio del 2000.<\/p>\n<p class=\"paragraph\">Una sola vez vio Silvia Quipildor de cerca a Rodrigo. Ten\u00eda 15 a\u00f1os, fue en un show en La Bomba Tropical de Isidro Casanova y esa madrugada, lo pudo tocar. Apenas unas semanas despu\u00e9s fue su cu\u00f1ado el que entr\u00f3 a su habitaci\u00f3n, la sac\u00f3 de la cama y la llev\u00f3 hasta el televisor del comedor, donde el canal Cr\u00f3nica hablaba de un accidente en la autopista a la altura de Berazategui.<\/p>\n<div class=\"visual__image\"><img loading=\"lazy\" decoding=\"async\" class=\"\" src=\"https:\/\/cloudfront-us-east-1.images.arcpublishing.com\/infobae\/CQAOWPEW4ZB35JSYOEVAWI7ZMU.jpeg\" sizes=\"auto, (min-width: 800px) 50vw, 90vw\" srcset=\"https:\/\/www.infobae.com\/new-resizer\/X4Ogh_qvpXim_Nh32M5O28uMjrI=\/420x315\/filters:format(webp):quality(85)\/cloudfront-us-east-1.images.arcpublishing.com\/infobae\/CQAOWPEW4ZB35JSYOEVAWI7ZMU.jpeg 420w,https:\/\/www.infobae.com\/new-resizer\/dJA4eRp9NgwK2aZjb16l7XRimMc=\/768x576\/filters:format(webp):quality(85)\/cloudfront-us-east-1.images.arcpublishing.com\/infobae\/CQAOWPEW4ZB35JSYOEVAWI7ZMU.jpeg 768w,https:\/\/www.infobae.com\/new-resizer\/5SqT-tzFNjVnxH6NFh1b93CZfk4=\/992x744\/filters:format(webp):quality(85)\/cloudfront-us-east-1.images.arcpublishing.com\/infobae\/CQAOWPEW4ZB35JSYOEVAWI7ZMU.jpeg 992w,https:\/\/www.infobae.com\/new-resizer\/5xeq4YAdyZhlu7vXAR2azON5GFw=\/1200x900\/filters:format(webp):quality(85)\/cloudfront-us-east-1.images.arcpublishing.com\/infobae\/CQAOWPEW4ZB35JSYOEVAWI7ZMU.jpeg 1200w,https:\/\/www.infobae.com\/new-resizer\/RQW87GMGsm_APN0AcVNUBxTdePY=\/1440x1080\/filters:format(webp):quality(85)\/cloudfront-us-east-1.images.arcpublishing.com\/infobae\/CQAOWPEW4ZB35JSYOEVAWI7ZMU.jpeg 1440w\" alt=\"&quot;Prohibido olvidar&quot;, la frase que Rodrigo hizo popular en vida y que hoy es leitmotiv de todos los que lo recuerdan\" width=\"640\" height=\"480\" \/>\u00abProhibido olvidar\u00bb, la frase que Rodrigo hizo popular en vida y que hoy es leitmotiv de todos los que lo recuerdan<\/div>\n<p class=\"paragraph\"><mark class=\"hl_yellow\">\u201cRomp\u00ed en llanto, no me pod\u00eda calmar, vino mi hermana a acompa\u00f1arme y yo no pod\u00eda dejar de mirar esa pantalla rogando que todo fuera una pesadilla\u201d, recuerda esa noche en la que muri\u00f3 a los 27, el hombre, el joven, el pap\u00e1 de Ramiro, el hijo de Beatriz, el hermano de Ulises, el ex de Patricia, el cuartetero, el seductor, el irreverente y naci\u00f3 -para ella y para muchos otros- algo m\u00e1<\/mark>s.<\/p>\n<p class=\"paragraph\">Cuando Silvia qued\u00f3 embarazada de su primer hijo le dijeron que el beb\u00e9 ten\u00eda fecha para fines de mayo. Ella les dijo \u201cmi hijo va a nacer el 24, como Rodrigo\u201d y Rodrigo Alejandro, como le puso, lleg\u00f3 el 24 de mayo de 2003. \u201cMuchos no lo pueden creer\u201d, comenta y se sonr\u00ede, con la picard\u00eda del que gan\u00f3 una apuesta poco probable y ahora tiene raz\u00f3n.<\/p>\n<div class=\"visual__image\"><img loading=\"lazy\" decoding=\"async\" class=\"\" src=\"https:\/\/cloudfront-us-east-1.images.arcpublishing.com\/infobae\/B5PYACDMLBHYNGSWG3DTAHFWNA.jpeg\" sizes=\"auto, (min-width: 800px) 50vw, 90vw\" srcset=\"https:\/\/www.infobae.com\/new-resizer\/kfchShxSmfMiaTOC9uFfAWZ9ELM=\/420x315\/filters:format(webp):quality(85)\/cloudfront-us-east-1.images.arcpublishing.com\/infobae\/B5PYACDMLBHYNGSWG3DTAHFWNA.jpeg 420w,https:\/\/www.infobae.com\/new-resizer\/bE5PAcwRt79egUgaFd-TZ6NS0cs=\/768x576\/filters:format(webp):quality(85)\/cloudfront-us-east-1.images.arcpublishing.com\/infobae\/B5PYACDMLBHYNGSWG3DTAHFWNA.jpeg 768w,https:\/\/www.infobae.com\/new-resizer\/C7tNJB1G1AI4sxZ65XtUElNZdYs=\/992x744\/filters:format(webp):quality(85)\/cloudfront-us-east-1.images.arcpublishing.com\/infobae\/B5PYACDMLBHYNGSWG3DTAHFWNA.jpeg 992w,https:\/\/www.infobae.com\/new-resizer\/h6Kzx2SXgf9Cfz4qQjCAuFvOlJY=\/1200x900\/filters:format(webp):quality(85)\/cloudfront-us-east-1.images.arcpublishing.com\/infobae\/B5PYACDMLBHYNGSWG3DTAHFWNA.jpeg 1200w,https:\/\/www.infobae.com\/new-resizer\/urYTd2NzQTe5WDH4epi7aJeypPY=\/1440x1080\/filters:format(webp):quality(85)\/cloudfront-us-east-1.images.arcpublishing.com\/infobae\/B5PYACDMLBHYNGSWG3DTAHFWNA.jpeg 1440w\" alt=\"Silvia y su hijo, Rodrigo Alejandro, en el santuario de Rodrigo en el kil\u00f3metro 25 de la autopista Buenos Aires-La Plata, a la altura de Berazategui\" width=\"640\" height=\"480\" \/>Silvia y su hijo, Rodrigo Alejandro, en el santuario de Rodrigo en el kil\u00f3metro 25 de la autopista Buenos Aires-La Plata, a la altura de Berazategui<\/div>\n<p class=\"paragraph\">Hab\u00eda pasado muy poco tiempo del accidente cuando a la vera de la autopista Buenos Aires-La Plata, a la altura del kil\u00f3metro 25, empez\u00f3 a formarse un improvisado santuario. Durante mucho tiempo una media sombra negra sobre una calle lateral, marc\u00f3 el lugar. Ah\u00ed Rodrigo dej\u00f3 se ser un cantante popular, para empezar a ser la raz\u00f3n por la que cientos de personas peregrinaban desde diferentes puntos del pa\u00eds cada 24 de mayo y 24 de junio.<\/p>\n<p class=\"paragraph\">El 25 de julio de 2003, sin embargo, el santuario sufri\u00f3 el primer ataque de un grupo an\u00f3nimo que prendi\u00f3 fuego una estatua del cordob\u00e9s. En 2006 volvi\u00f3 a ocurrir, esta vez se robaron adem\u00e1s un busto de<b>\u00a0Fernando Olmedo<\/b>, hijo del capoc\u00f3mico\u00a0<b>Alberto Olmedo<\/b>, que muri\u00f3 en el mismo accidente. En 2008 la escena se repiti\u00f3:\u00a0<b>se rompieron cruces, se pisaron velas, se arrancaron p\u00f3sters, se quebraron estatuas, para luego prender fuego.<\/b><\/p>\n<div class=\"visual__image\"><img loading=\"lazy\" decoding=\"async\" class=\"\" src=\"https:\/\/cloudfront-us-east-1.images.arcpublishing.com\/infobae\/RRZ2SKJPO5DQ3DOPOSSCWIOZA4.png\" sizes=\"auto, (min-width: 800px) 50vw, 90vw\" srcset=\"https:\/\/www.infobae.com\/new-resizer\/oYhjGFc5rNnKNGnZLUAi7JcWOp0=\/420x280\/filters:format(webp):quality(85)\/cloudfront-us-east-1.images.arcpublishing.com\/infobae\/RRZ2SKJPO5DQ3DOPOSSCWIOZA4.png 420w,https:\/\/www.infobae.com\/new-resizer\/Z64YBxJ948YBODqKdgY9Pdmo5oY=\/768x512\/filters:format(webp):quality(85)\/cloudfront-us-east-1.images.arcpublishing.com\/infobae\/RRZ2SKJPO5DQ3DOPOSSCWIOZA4.png 768w,https:\/\/www.infobae.com\/new-resizer\/Mi9xh69TS2NE-ZV65MzLQiNwG4E=\/992x661\/filters:format(webp):quality(85)\/cloudfront-us-east-1.images.arcpublishing.com\/infobae\/RRZ2SKJPO5DQ3DOPOSSCWIOZA4.png 992w,https:\/\/www.infobae.com\/new-resizer\/49Q-TV5ddvVlVmoFoGes9C1WsxA=\/1200x800\/filters:format(webp):quality(85)\/cloudfront-us-east-1.images.arcpublishing.com\/infobae\/RRZ2SKJPO5DQ3DOPOSSCWIOZA4.png 1200w,https:\/\/www.infobae.com\/new-resizer\/kmifVP98ek0acWsWKX1WOJv_H-k=\/1440x960\/filters:format(webp):quality(85)\/cloudfront-us-east-1.images.arcpublishing.com\/infobae\/RRZ2SKJPO5DQ3DOPOSSCWIOZA4.png 1440w\" alt=\"Silvia con una camiseta de Belgrano de C\u00f3rdoba, el club del que &quot;El Potro&quot; era fan\u00e1tico\" width=\"1278\" height=\"880\" \/>Silvia con una camiseta de Belgrano de C\u00f3rdoba, el club del que \u00abEl Potro\u00bb era fan\u00e1tico<\/div>\n<p class=\"paragraph\">Tres capillas levant\u00f3 Yolanda Barreto, una chaque\u00f1a de 54 a\u00f1os, que se convirti\u00f3 en la cuidadora del lugar. Fue Yolanda la que decidi\u00f3 echar de ah\u00ed a los puesteros que vend\u00edan recuerdos de Rodrigo, acus\u00e1ndolos de \u201clucrar\u201d, como si eso hubiera sido alguna vez impedimento para santos y religiones. Hoy no son pocos los que se quejan de que \u201cya no hay d\u00f3nde conseguir recuerdos\u201d.<\/p>\n<p class=\"paragraph\">Por eso y por otras cosas Silvia prefiere no ir al santuario y elige en cambio ir al c<mark class=\"hl_yellow\">ementerio de Las Praderas, en Esteban Echeverr\u00eda. Ah\u00ed es donde est\u00e1 el cuerpo y es donde aunque muchos no lo saben, los s\u00e1bados entre las 10 y las 13, se abre el acceso a un espacio con paredes de cristal donde se puede ver el f\u00e9retro. \u201cLa familia lo \u00fanico que pidi\u00f3 es que no circulen fotos\u201d, le conf\u00eda la comerciante de 37 a\u00f1os a\u00a0<b>Infobae.<\/b><\/mark><\/p>\n<p class=\"paragraph\">A lo largo de los a\u00f1os Silvia escuch\u00f3 muchas historias de gente que aseguraba que\u00a0<b>Rodrigo los ayudaba, los escuchaba, les cumpl\u00eda.\u00a0<\/b>Tres a\u00f1os atr\u00e1s, ella tambi\u00e9n lo supo:<\/p>\n<p class=\"paragraph\">-Hace tres a\u00f1os mi nena empez\u00f3 con dolores en la panza, no se encontraba lo que ten\u00eda. Se le hizo una peritonitis, le revent\u00f3 el ap\u00e9ndice arriba de la ambulancia y en ese momento empec\u00e9 a rezarle.<\/p>\n<p class=\"paragraph\"><b>-\u00bfVos cre\u00e9s que \u00e9l la salv\u00f3?<\/b><\/p>\n<p class=\"paragraph\"><mark class=\"hl_yellow\">-Mir\u00e1, yo no creo en Dios, pero creo en Rodrigo<\/mark>. Para m\u00ed el Dios en el que todos creen nunca estuvo. Pero cuando yo a Rodrigo le ped\u00ed, \u00e9l me respondi\u00f3.<\/p>\n<p class=\"paragraph\"><b>Diego Armando Maradona, el Dios imperfecto<\/b><\/p>\n<p class=\"paragraph\">Incalculable.\u00a0<b>Diego Armando Maradona\u00a0<\/b>es incalculable. \u00bfCu\u00e1ntos fan\u00e1ticos? \u00bfCu\u00e1ntas mujeres? \u00bfCu\u00e1ntas noches? \u00bfCu\u00e1ntas canciones? \u00bfCu\u00e1ntos jueguitos? \u00bfCu\u00e1ntas frases? \u00bfCu\u00e1nto amor?. Incalculable.<\/p>\n<p class=\"paragraph\">El 30 de octubre de 1998 a las tres de la ma\u00f1ana Hern\u00e1n Armez disc\u00f3 con una sonrisa el n\u00famero de su amigo Alejandro Ver\u00f3n. \u201cEn esa \u00e9poca no estaban los celulares, cuando sonaba el tel\u00e9fono a esa hora lo primero que dec\u00edas era \u2018\u00bfdonde lo velan?\u2019, no hab\u00eda otra cosa\u201d, dice Alejandro, antes de ponerse repasar la conversaci\u00f3n:<\/p>\n<p class=\"paragraph\"><b>-Feliz Navidad.<\/b><\/p>\n<p class=\"paragraph\">-\u00bfQu\u00e9?<\/p>\n<p class=\"paragraph\"><b>-Feliz Navidad<\/b>&#8211; le repitieron del otro lado del tel\u00e9fono.<\/p>\n<p class=\"paragraph\">-Hern\u00e1n, me levanto a las siete de la ma\u00f1ana para ir a trabajar- Y le cort\u00f3 sin pedir explicaciones.<\/p>\n<div class=\"visual__image\"><img loading=\"lazy\" decoding=\"async\" class=\"\" src=\"https:\/\/cloudfront-us-east-1.images.arcpublishing.com\/infobae\/I44KMP4HGBBP7ILZBEMMUUUD4I.jpeg\" sizes=\"auto, (min-width: 800px) 50vw, 90vw\" srcset=\"https:\/\/www.infobae.com\/new-resizer\/y59iWMogWFt7rnkE2JFQuGJ5emk=\/420x420\/filters:format(webp):quality(85)\/cloudfront-us-east-1.images.arcpublishing.com\/infobae\/I44KMP4HGBBP7ILZBEMMUUUD4I.jpeg 420w,https:\/\/www.infobae.com\/new-resizer\/sJMhnzVLrAx1cSozCO9JlAlQmKI=\/768x768\/filters:format(webp):quality(85)\/cloudfront-us-east-1.images.arcpublishing.com\/infobae\/I44KMP4HGBBP7ILZBEMMUUUD4I.jpeg 768w,https:\/\/www.infobae.com\/new-resizer\/hGsx9jchulYT6jPsAQs77tq5tEk=\/992x992\/filters:format(webp):quality(85)\/cloudfront-us-east-1.images.arcpublishing.com\/infobae\/I44KMP4HGBBP7ILZBEMMUUUD4I.jpeg 992w,https:\/\/www.infobae.com\/new-resizer\/rrhn1PNtJOOrIznYjcAmuomNBcU=\/1200x1200\/filters:format(webp):quality(85)\/cloudfront-us-east-1.images.arcpublishing.com\/infobae\/I44KMP4HGBBP7ILZBEMMUUUD4I.jpeg 1200w,https:\/\/www.infobae.com\/new-resizer\/bd9quBeB7cI1GGkLfFH_Jt3Nz8Q=\/1440x1440\/filters:format(webp):quality(85)\/cloudfront-us-east-1.images.arcpublishing.com\/infobae\/I44KMP4HGBBP7ILZBEMMUUUD4I.jpeg 1440w\" alt=\"La iglesia maradoniana  envi\u00f3 500 carnets para fan\u00e1ticos escoceses que le rinden culto a Maradona\" width=\"1080\" height=\"1080\" \/>La iglesia maradoniana envi\u00f3 500 carnets para fan\u00e1ticos escoceses que le rinden culto a Maradona<\/div>\n<p class=\"paragraph\">Ese d\u00eda era el cumplea\u00f1os n\u00famero 38 de Diego Armando Maradona y ese a\u00f1o en Francia acababa de jugarse el primer Mundial sin \u00e9l. Pero de eso Alejandro cay\u00f3 en la cuenta reci\u00e9n al otro d\u00eda, cuando se juntaron a tomar una cerveza.<\/p>\n<p class=\"paragraph\">En la mesa eran tres, Alejandro, Hern\u00e1n y H\u00e9ctor Campomar, buscando ese d\u00eda la mejor forma de\u00a0<b>hacerle un homenaje a Diego<\/b>.\u00a0<mark class=\"hl_yellow\">\u201cFue una broma de amigos, una situaci\u00f3n que no pens\u00e1bamos que iba a terminar as\u00ed\u201d, admite hoy a la distancia Ver\u00f3n, que esa tarde iba a convertirse en uno de los fundadores de la iglesia maradoniana \u201cLa mano de D10S\u201d.<\/mark><\/p>\n<p class=\"paragraph\"><b>\u201cSi cada iglesia tiene su Dios, el Dios del f\u00fatbol es Diego\u201d<\/b>, tir\u00f3 Hern\u00e1n ese d\u00eda sobre la mesa del bar, y aunque Alejandro pens\u00f3 que la idea pod\u00eda molestar a alguien y vot\u00f3 en contra, sus dos compa\u00f1eros levantaron las manos, convencidos de que Maradona pod\u00eda ser una religi\u00f3n.<\/p>\n<div class=\"visual__image\"><img loading=\"lazy\" decoding=\"async\" class=\"\" src=\"https:\/\/cloudfront-us-east-1.images.arcpublishing.com\/infobae\/GPAMKRYNDJDDRFRURFJJWBVGPQ.jpeg\" sizes=\"auto, (min-width: 800px) 50vw, 90vw\" srcset=\"https:\/\/www.infobae.com\/new-resizer\/eaS7-9UUXR2jN2m9Kdy3F_Hdquk=\/420x280\/filters:format(webp):quality(85)\/cloudfront-us-east-1.images.arcpublishing.com\/infobae\/GPAMKRYNDJDDRFRURFJJWBVGPQ.jpeg 420w,https:\/\/www.infobae.com\/new-resizer\/CucfQkCMP9bYssRTNcfmlmXrWfY=\/768x512\/filters:format(webp):quality(85)\/cloudfront-us-east-1.images.arcpublishing.com\/infobae\/GPAMKRYNDJDDRFRURFJJWBVGPQ.jpeg 768w,https:\/\/www.infobae.com\/new-resizer\/-FxVal2GmLM935lJSlR_UWOVoGY=\/992x661\/filters:format(webp):quality(85)\/cloudfront-us-east-1.images.arcpublishing.com\/infobae\/GPAMKRYNDJDDRFRURFJJWBVGPQ.jpeg 992w,https:\/\/www.infobae.com\/new-resizer\/YqjV7bf_cJ53T7S2WbUiJ-Bt_cI=\/1200x800\/filters:format(webp):quality(85)\/cloudfront-us-east-1.images.arcpublishing.com\/infobae\/GPAMKRYNDJDDRFRURFJJWBVGPQ.jpeg 1200w,https:\/\/www.infobae.com\/new-resizer\/MbmWlo6LrJl-8qreW1QBaKzgJzA=\/1440x960\/filters:format(webp):quality(85)\/cloudfront-us-east-1.images.arcpublishing.com\/infobae\/GPAMKRYNDJDDRFRURFJJWBVGPQ.jpeg 1440w\" alt=\"Un altar maradoniano en Rosario. Pelota con espinas, copa del mundo y  la camiseta de la iglesia con la firma del 10\" width=\"760\" height=\"498\" \/>Un altar maradoniano en Rosario. Pelota con espinas, copa del mundo y la camiseta de la iglesia con la firma del 10<\/div>\n<p class=\"paragraph\">Cada vez m\u00e1s gente empez\u00f3 a sumarse y tambi\u00e9n estuvieron los que no entendieron. \u201cHay p\u00e1ginas de Estados Unidos que conjugan a las distintas iglesias y no entienden que esto es folclore, que yo tengo dos dioses, uno del coraz\u00f3n y otro de la raz\u00f3n\u201d, dice, y para explicarse mejor -como va a hacerlo a lo largo de toda la charla con\u00a0<b>Infobae<\/b>&#8211; recurre a una frase de Maradona, como a un vers\u00edculo de La Biblia:\u00a0<b>\u201cYo nunca quise ser ejemplo de nadie\u201d.<\/b><\/p>\n<p class=\"paragraph\">S\u00f3lo en el grupo de Facebook la Iglesia Maradoniana \u201cLa Mano de D10s\u201d tiene 190 mil seguidores.<\/p>\n<p class=\"paragraph\">-En ese \u00e1mbito la cantidad de historias, fotos, tatuajes, gente que cuenta que Diego le dio una mano y nadie nunca se enter\u00f3, es incontable- deja saber, Alejandro.<\/p>\n<p class=\"paragraph\"><b>-\u00bfY hablan de milagros?<\/b><\/p>\n<p class=\"paragraph\"><mark class=\"hl_yellow\">-Si te dijera de sanaci\u00f3n te miento, pero la gente tiene la estampita de \u00e9l en la billetera. Se le prenden velas, se le rinde homenaje, la gente nos manda im\u00e1genes suyas en el cielo, con t\u00fanicas, como si fuera un Diego m\u00edstico.<\/mark><\/p>\n<div class=\"visual__image\"><img loading=\"lazy\" decoding=\"async\" class=\"\" src=\"https:\/\/cloudfront-us-east-1.images.arcpublishing.com\/infobae\/ND2HKIRNUJD7JLLDPVJHMCVMQU.jpeg\" sizes=\"auto, (min-width: 800px) 50vw, 90vw\" srcset=\"https:\/\/www.infobae.com\/new-resizer\/H3bOVXvczZ1wAFdW1nUGV1VLRFg=\/420x560\/filters:format(webp):quality(85)\/cloudfront-us-east-1.images.arcpublishing.com\/infobae\/ND2HKIRNUJD7JLLDPVJHMCVMQU.jpeg 420w,https:\/\/www.infobae.com\/new-resizer\/ib4lDI43pze9YOFhrLMuJuDzwhQ=\/768x1024\/filters:format(webp):quality(85)\/cloudfront-us-east-1.images.arcpublishing.com\/infobae\/ND2HKIRNUJD7JLLDPVJHMCVMQU.jpeg 768w,https:\/\/www.infobae.com\/new-resizer\/kG9SdR2kVW88E_8nGvAQGys7-ss=\/992x1323\/filters:format(webp):quality(85)\/cloudfront-us-east-1.images.arcpublishing.com\/infobae\/ND2HKIRNUJD7JLLDPVJHMCVMQU.jpeg 992w,https:\/\/www.infobae.com\/new-resizer\/qx1YRSXgaUtSm366K0huxUIUX5I=\/1200x1600\/filters:format(webp):quality(85)\/cloudfront-us-east-1.images.arcpublishing.com\/infobae\/ND2HKIRNUJD7JLLDPVJHMCVMQU.jpeg 1200w\" alt=\"Lionel Messi con el libro que en 2007 escribi\u00f3 Jos\u00e9 A. Caldeira sobre la iglesia maradoniana\" width=\"540\" height=\"720\" \/>Lionel Messi con el libro que en 2007 escribi\u00f3 Jos\u00e9 A. Caldeira sobre la iglesia maradoniana<\/div>\n<p class=\"paragraph\"><b>A Maradona se le empez\u00f3 a decir \u201cDios\u201d mucho antes de su muerte<\/b>, ocurrida el 25 de noviembre de 2020. El partido contra Inglaterra del 22 de junio de 1986 en M\u00e9xico, donde le dijo a los periodistas que el primero de los goles \u201cfue un poco con la cabeza y un poco con la mano de Dios\u201d, puede que algo haya tenido que ver. Porque la mano era suya. Pero en todo caso ese fue apenas el principio.<\/p>\n<p class=\"paragraph\">La idea de los rosarios empez\u00f3 a crecer y el diario Ol\u00e9 les dedic\u00f3 tres p\u00e1ginas, donde figuraban adem\u00e1s de la historia, los 10 mandamientos maradonianos. A eso se sum\u00f3 una aparici\u00f3n de 35 minutos en el programa de televisi\u00f3n Caiga Quien Caiga. La casilla de mails empez\u00f3 a llenarse de menajes, pedidos de afiliaci\u00f3n y oraciones, entre otras,\u00a0<b>\u201cel credo maradoniano\u201d\u00a0<\/b>y el\u00a0<b>\u201cDios te salve pelota\u201d.<\/b><\/p>\n<div class=\"visual__image\"><img loading=\"lazy\" decoding=\"async\" class=\"\" src=\"https:\/\/cloudfront-us-east-1.images.arcpublishing.com\/infobae\/JESF3APIHNBRND5EVXHSZSXIEE.png\" sizes=\"auto, (min-width: 800px) 50vw, 90vw\" srcset=\"https:\/\/www.infobae.com\/new-resizer\/8rbe3ICnmZAlxmVMuXBmBmT2Hoo=\/420x280\/filters:format(webp):quality(85)\/cloudfront-us-east-1.images.arcpublishing.com\/infobae\/JESF3APIHNBRND5EVXHSZSXIEE.png 420w,https:\/\/www.infobae.com\/new-resizer\/xK8G7pT7O3y7_phoqWNoq5dNVPY=\/768x512\/filters:format(webp):quality(85)\/cloudfront-us-east-1.images.arcpublishing.com\/infobae\/JESF3APIHNBRND5EVXHSZSXIEE.png 768w,https:\/\/www.infobae.com\/new-resizer\/5UaKO4ut3Q75uGnSNW9m3KFPNGM=\/992x661\/filters:format(webp):quality(85)\/cloudfront-us-east-1.images.arcpublishing.com\/infobae\/JESF3APIHNBRND5EVXHSZSXIEE.png 992w,https:\/\/www.infobae.com\/new-resizer\/ymbqqt17jacGefwbYU1kwI1cbGA=\/1200x800\/filters:format(webp):quality(85)\/cloudfront-us-east-1.images.arcpublishing.com\/infobae\/JESF3APIHNBRND5EVXHSZSXIEE.png 1200w,https:\/\/www.infobae.com\/new-resizer\/qbIo52vf4FEJUWBbTiio4lSl5po=\/1440x960\/filters:format(webp):quality(85)\/cloudfront-us-east-1.images.arcpublishing.com\/infobae\/JESF3APIHNBRND5EVXHSZSXIEE.png 1440w\" alt=\"Una de las dos fotos que Alejandro Ver\u00f3n conserva junto a Diego\" width=\"1592\" height=\"1130\" \/>Una de las dos fotos que Alejandro Ver\u00f3n conserva junto a Diego<\/div>\n<p class=\"paragraph\">Alejandro tiene hoy un ritual personal. Cada vez que le toca ir a ver a Newell\u00b4s entra por la parte del estadio cubierto. Es ah\u00ed donde vio por primera vez al 10, en el a\u00f1o 1993. Ese d\u00eda estaba acreditado y pudo hacer fotos a poca distancia. \u201cHace tres o cuatro partidos me pas\u00f3 de entrar ah\u00ed y verlo a \u00e9l\u201d, conf\u00eda. \u201cLo tom\u00e9 como un ritual, a los que van conmigo les pido pido que me dejen solo. Ah\u00ed me encuentro con \u00e9l y charlamos un rato\u201d.<\/p>\n<p class=\"paragraph\">Alejandro dice que tiene m\u00e1s momentos vividos con Diego que fotos con \u00e9l. Cuando habla, cuando lo recuerda, la voz le tambalea al borde del fuera de juego. \u201cC\u00f3mo no me voy a largar a llorar cuando a mitad del velorio viene Dalma, se pone a llorar con vos, te abraza y te dice:\u00a0<b>\u2018Mi viejo los amaba a ustedes. Lo \u00fanico que les pido es que no paren\u2019<\/b>. \u00bfC\u00f3mo haces para parar despu\u00e9s de eso? Yo llor\u00e9 a Diego mas que a mi vieja y me da bronca y no me da bronca decirlo. Y mi vieja es la persona que m\u00e1s amo en el mundo.<\/p>\n<p class=\"paragraph\"><b>Miriam Alejandra Bianchi, \u201cSanta Gilda\u201d<\/b><\/p>\n<p class=\"paragraph\">Este a\u00f1o se van a cumplir 26 de la muerte de\u00a0<b>Gilda<\/b>, como se conoci\u00f3 a Miriam Alejandra Bianchi, nombre que muchos no supieron hasta despu\u00e9s del accidente del micro en el que muri\u00f3 el 7 de septiembre de 1996, a la altura de Ceibas, provincia de Entre R\u00edos.<\/p>\n<p class=\"paragraph\"><mark class=\"hl_yellow\">Es quiz\u00e1s la figura popular a la que m\u00e1s milagros se le atribuyen. Su imagen ya fue vista, por ejemplo, en la tradicional peregrinaci\u00f3n a San Cayetano, patrono del trabajo. Hay incluso quienes aseguran que poni\u00e9ndole su m\u00fasica a los enfermos, \u00e9stos experimentan instant\u00e1neamente mejor\u00edas que superan el entendimiento y los pron\u00f3sticos m\u00e9dicos.<\/mark><\/p>\n<div class=\"visual__image\"><img loading=\"lazy\" decoding=\"async\" class=\"\" src=\"https:\/\/cloudfront-us-east-1.images.arcpublishing.com\/infobae\/TD4QGXURJBEV3DTDNHKKWULB54.jpeg\" sizes=\"auto, (min-width: 800px) 50vw, 90vw\" srcset=\"https:\/\/www.infobae.com\/new-resizer\/EPZy5kpzcVVcs4QEvHU_AkuM-YQ=\/420x315\/filters:format(webp):quality(85)\/cloudfront-us-east-1.images.arcpublishing.com\/infobae\/TD4QGXURJBEV3DTDNHKKWULB54.jpeg 420w,https:\/\/www.infobae.com\/new-resizer\/_UoaG1Gga4qPf63AnJE1i0ycFfQ=\/768x576\/filters:format(webp):quality(85)\/cloudfront-us-east-1.images.arcpublishing.com\/infobae\/TD4QGXURJBEV3DTDNHKKWULB54.jpeg 768w,https:\/\/www.infobae.com\/new-resizer\/p9WiTVAatluPFAzpcL97y5N_dLM=\/992x744\/filters:format(webp):quality(85)\/cloudfront-us-east-1.images.arcpublishing.com\/infobae\/TD4QGXURJBEV3DTDNHKKWULB54.jpeg 992w,https:\/\/www.infobae.com\/new-resizer\/Ad1m7_0uD9quqNVHP4FYpag6prA=\/1200x900\/filters:format(webp):quality(85)\/cloudfront-us-east-1.images.arcpublishing.com\/infobae\/TD4QGXURJBEV3DTDNHKKWULB54.jpeg 1200w,https:\/\/www.infobae.com\/new-resizer\/rDjc6crXjdnLSsjjIKFK6BTp9lY=\/1440x1080\/filters:format(webp):quality(85)\/cloudfront-us-east-1.images.arcpublishing.com\/infobae\/TD4QGXURJBEV3DTDNHKKWULB54.jpeg 1440w\" alt=\"Lionel Messi con el libro que en 2007 escribi\u00f3 Jos\u00e9 A. Caldeira sobre la iglesia maradoniana\" width=\"1600\" height=\"1200\" \/>Lionel Messi con el libro que en 2007 escribi\u00f3 Jos\u00e9 A. Caldeira sobre la iglesia maradoniana<\/div>\n<p class=\"paragraph\">Rub\u00e9n Cuesta es mec\u00e1nico de autos y tractores en Pascanas, en el departamento cordob\u00e9s de Uni\u00f3n.\u00a0<mark class=\"hl_yellow\">No cre\u00eda en Gilda m\u00e1s de lo que se cree en una cantante tropical, hasta que los m\u00e9dicos dijeron que su primera nieta,<b>\u00a0Agostina, no ten\u00eda cura.<\/b><\/mark><\/p>\n<p class=\"paragraph\">\u201cNaci\u00f3 bien y de un d\u00eda para el otro todo le hac\u00eda mal. Com\u00eda un vasito de yogurt, un postrecito, y empezaba a vomitar. La llevamos a todos lados y todav\u00eda no ten\u00eda dos a\u00f1itos. Terminamos en una curandera, la estaban por llevar a Cuba, pero nada ayudaba\u201d, recuerda.<\/p>\n<p class=\"paragraph\">Fue entonces que durante la tarde del 7 de septiembre del 2000 su hija le pidi\u00f3 que no le dijera nada a su se\u00f1ora, pero que Agostina \u201cno se sab\u00eda si zafaba\u201d.\u00a0<b>\u201cLa radiograf\u00eda mostraba dos pulmones totalmente negros\u201d.\u00a0<\/b>Rub\u00e9n busc\u00f3 refugio en el televisor. Cuando lo prendi\u00f3 lo primero que vio fue una imagen que entonces no lo sab\u00eda, pero iba a marcarlo para siempre.<\/p>\n<div class=\"visual__image\"><img loading=\"lazy\" decoding=\"async\" class=\"\" src=\"https:\/\/cloudfront-us-east-1.images.arcpublishing.com\/infobae\/BKY2KLW4F5F2PEFEJN327Y4PCI.jpeg\" sizes=\"auto, (min-width: 800px) 50vw, 90vw\" srcset=\"https:\/\/www.infobae.com\/new-resizer\/d2OQreUeGwF3Tss4JH6xTC6qMGY=\/420x315\/filters:format(webp):quality(85)\/cloudfront-us-east-1.images.arcpublishing.com\/infobae\/BKY2KLW4F5F2PEFEJN327Y4PCI.jpeg 420w,https:\/\/www.infobae.com\/new-resizer\/r_A074SDZJfX0jtMAcMmVG24zKc=\/768x576\/filters:format(webp):quality(85)\/cloudfront-us-east-1.images.arcpublishing.com\/infobae\/BKY2KLW4F5F2PEFEJN327Y4PCI.jpeg 768w,https:\/\/www.infobae.com\/new-resizer\/_hL2RWYkwGW0Dw6-ALEXNFaPMU4=\/992x744\/filters:format(webp):quality(85)\/cloudfront-us-east-1.images.arcpublishing.com\/infobae\/BKY2KLW4F5F2PEFEJN327Y4PCI.jpeg 992w,https:\/\/www.infobae.com\/new-resizer\/UjFGPKiXOmqwtv_FXIxiuKr_rTM=\/1200x900\/filters:format(webp):quality(85)\/cloudfront-us-east-1.images.arcpublishing.com\/infobae\/BKY2KLW4F5F2PEFEJN327Y4PCI.jpeg 1200w,https:\/\/www.infobae.com\/new-resizer\/Il4GRnyJf76gimziGpNgeEoozC0=\/1440x1080\/filters:format(webp):quality(85)\/cloudfront-us-east-1.images.arcpublishing.com\/infobae\/BKY2KLW4F5F2PEFEJN327Y4PCI.jpeg 1440w\" alt=\"Uno de los cientos de carteles y banderas que en el santuario hablan de los milagros de &quot;Santa Gilda&quot;\" width=\"1600\" height=\"1200\" \/>Uno de los cientos de carteles y banderas que en el santuario hablan de los milagros de \u00abSanta Gilda\u00bb<\/div>\n<p class=\"paragraph\">En la pantalla una c\u00e1mara de Cr\u00f3nica TV mostraba a s\u00f3lo cuatro a\u00f1os de la muerte de Gilda, a los que ya iban al santuario al costado de la ruta 12 para pedirle y a agradecerle. Entre estos \u00faltimos\u00a0<b>un hombre con un chupete en la mano aseguraba que la cantante hab\u00eda salvado a su hijo.<\/b>\u00a0Por alguna raz\u00f3n Rub\u00e9n le crey\u00f3.<\/p>\n<p class=\"paragraph\">El mec\u00e1nico busc\u00f3 una revista Tele Clic, la abri\u00f3 en la doble p\u00e1gina donde hab\u00eda una nota con una foto de ella y\u00a0<b>empez\u00f3 a rezar<\/b>. Reproduce en la charla con<b>\u00a0Infobae\u00a0<\/b>lo que dijo ese d\u00eda en el living de su casa:\u00a0<mark class=\"hl_yellow\">\u201cSalv\u00e1 a mi nieta, ll\u00e9vame a m\u00ed. Si me cumpl\u00eds te prometo que todos los domingos te prendo una vela y en brazos te la llevo a verte\u201d.<\/mark><\/p>\n<p class=\"paragraph\">\u201c<b>A los cinco d\u00edas mi nieta estaba bien, se dio vuelta todo<\/b>. El doctor sac\u00f3 de nuevo la radiograf\u00eda, la miraba para todos lados. En el consultorio mi hija y mi yerno se codeaban, no sab\u00edan qu\u00e9 pasaba. En la placa se ve\u00edan los pulmones sanos, le dieron ese mismo d\u00eda el alta. El m\u00e9dico les dijo: \u2018Hay una capilla en el hospital, vayan y agradezcan, porque esto es cosa del m\u00e1s all\u00e1\u201d.<\/p>\n<p class=\"paragraph\">No iba a ser la \u00fanica vez que Rub\u00e9n iba a pedirle a Gilda. Ni la \u00fanica, asegura, que los m\u00e9dicos no iban a encontrar una explicaci\u00f3n.<\/p>\n<div class=\"visual__image\"><img loading=\"lazy\" decoding=\"async\" class=\"\" src=\"https:\/\/cloudfront-us-east-1.images.arcpublishing.com\/infobae\/ZEWXY6TPABASBOWAUZGAHOEAAM.jpeg\" sizes=\"auto, (min-width: 800px) 50vw, 90vw\" srcset=\"https:\/\/www.infobae.com\/new-resizer\/m7HDihKEwP0dM2rJa0QPnMbJFE0=\/420x315\/filters:format(webp):quality(85)\/cloudfront-us-east-1.images.arcpublishing.com\/infobae\/ZEWXY6TPABASBOWAUZGAHOEAAM.jpeg 420w,https:\/\/www.infobae.com\/new-resizer\/6oVmaPVE-k15NnQ9urwfmU117JI=\/768x576\/filters:format(webp):quality(85)\/cloudfront-us-east-1.images.arcpublishing.com\/infobae\/ZEWXY6TPABASBOWAUZGAHOEAAM.jpeg 768w,https:\/\/www.infobae.com\/new-resizer\/_2YkXGdt-L2KvU1Yxol_GbiK8ho=\/992x744\/filters:format(webp):quality(85)\/cloudfront-us-east-1.images.arcpublishing.com\/infobae\/ZEWXY6TPABASBOWAUZGAHOEAAM.jpeg 992w,https:\/\/www.infobae.com\/new-resizer\/xJkaQa56HhyErw7wApOyJrkTVqY=\/1200x900\/filters:format(webp):quality(85)\/cloudfront-us-east-1.images.arcpublishing.com\/infobae\/ZEWXY6TPABASBOWAUZGAHOEAAM.jpeg 1200w,https:\/\/www.infobae.com\/new-resizer\/dnRbKg68KuCc5bCGoGoHf-98OPQ=\/1440x1080\/filters:format(webp):quality(85)\/cloudfront-us-east-1.images.arcpublishing.com\/infobae\/ZEWXY6TPABASBOWAUZGAHOEAAM.jpeg 1440w\" alt=\"Rub\u00e9n Cuesta en el santuario de la cantante en Ceibas, Entre R\u00edos, a la vera de la Ruta 12 donde ocurri\u00f3 el accidente\" width=\"1600\" height=\"1200\" \/>Rub\u00e9n Cuesta en el santuario de la cantante en Ceibas, Entre R\u00edos, a la vera de la Ruta 12 donde ocurri\u00f3 el accidente<\/div>\n<p class=\"paragraph\">Rub\u00e9n tiene en su taller de Pacanas\u00a0<b>dos posters colgados, uno es del Gauchito Gil, al que le pide por trabajo, y el otro es de Gilda, a la que le pide por salud.<\/b>\u00a0Trabaja ah\u00ed, a los 67 a\u00f1os, de 14 a 21 todos los d\u00edas y cada tanto agarra su auto, prende la radio y empieza a manejar con la mirada puesta en direcci\u00f3n a Ceibas, Entre R\u00edos. Seis horas despu\u00e9s se encuentra con Carlos Maza y su esposa, Rita Monz\u00f3n, la pareja que<mark class=\"hl_yellow\">\u00a0compr\u00f3 un terreno y levant\u00f3 ah\u00ed, en el lugar del accidente, el santuario.<\/mark><\/p>\n<p class=\"paragraph\">Aseguran que de todas las maneras que se pueden sumar las medidas del terreno, el resultado tendr\u00e1 el n\u00famero siete y esa no es, ni para Rub\u00e9n, ni para Carlos, ni para Rita, ni para muchos m\u00e1s, una casualidad. \u201cFue un d\u00eda siete, a las siete, el carro de bomberos era n\u00famero 27 y el de la polic\u00eda 17. Cuando la llevan a la morgue el pabell\u00f3n era n\u00famero 7 y la bolsa donde la pusieron n\u00famero 47\u2026\u201d, enumera Rub\u00e9n.<\/p>\n<p class=\"paragraph\">Despu\u00e9s de Agostina, que hoy tiene 25 a\u00f1os, la hija de Rub\u00e9n tuvo otra nena a la que bautiz\u00f3 Johana Gilda y que tiene 18. En medio su hijo tambi\u00e9n fue pap\u00e1 de Angelina, sin embargo, las cosas, otra vez, no se dieron f\u00e1cil.<\/p>\n<div class=\"visual__image\"><img loading=\"lazy\" decoding=\"async\" class=\"\" src=\"https:\/\/cloudfront-us-east-1.images.arcpublishing.com\/infobae\/APWO2STI3BDDTNTYI64VOB4TWQ.png\" sizes=\"auto, (min-width: 800px) 50vw, 90vw\" srcset=\"https:\/\/www.infobae.com\/new-resizer\/ggzI7jLlQTJInV_j1a9Lcc_tkN4=\/992x606\/filters:format(webp):quality(85)\/cloudfront-us-east-1.images.arcpublishing.com\/infobae\/APWO2STI3BDDTNTYI64VOB4TWQ.png 992w\" alt=\"Carlos Maza y Rita Monz\u00f3n compraron un terreno donde se levant\u00f3 el santuario de Gilda. All\u00ed est\u00e1n, entre otras cosas, los restos del micro en el que viajaba cuando se accident\u00f3\" width=\"1752\" height=\"1076\" \/>Carlos Maza y Rita Monz\u00f3n compraron un terreno donde se levant\u00f3 el santuario de Gilda. All\u00ed est\u00e1n, entre otras cosas, los restos del micro en el que viajaba cuando se accident\u00f3<\/div>\n<p class=\"paragraph\">\u201cMe viene un d\u00eda llorando dici\u00e9ndome que ten\u00eda a la nena muerta. El lunes se la iban a sacar, hab\u00eda salido mal la ecograf\u00eda cuando ya la estaban esperando\u201d, revive la noticia y tambi\u00e9n la que entonces fue su respuesta: \u201cTu hija va a estar bien\u201d. Esta vez, el mec\u00e1nico de Pascanas, sab\u00eda exactamente lo que iba a hacer.<\/p>\n<p class=\"paragraph\">Rub\u00e9n se subi\u00f3 al auto y\u00a0<mark class=\"hl_yellow\">viaj\u00f3 al santuario a pedirle a su santa.<\/mark>\u00a0Volvi\u00f3 y le pidi\u00f3 a su hijo que el lunes cuando viajaran hasta Villa Mar\u00eda, a poco m\u00e1s de una hora de la ciudad, pidieran una nueva ecograf\u00eda y no hablaran de los resultados de la anterior. \u00c9l los acompa\u00f1\u00f3.<\/p>\n<p class=\"paragraph\">\u201cMi hijo la ten\u00eda agarrada de la mano a mi nuera y cuando apareci\u00f3 la imagen ten\u00eda todos los signos vitales. Reci\u00e9n ah\u00ed le mostraron al m\u00e9dico los resultados de la semana anterior y no lo pod\u00eda creer. Otra vez\u201d, relata Rub\u00e9n, como si estuviera viendo nuevamente la escena. \u201cHace 20 d\u00edas Angelina cumpli\u00f3 16 a\u00f1os\u201d, agrega.<\/p>\n<p class=\"paragraph\"><b>Carlos Gardel, el que cada d\u00eda canta mejor<\/b><\/p>\n<p class=\"paragraph\">Uno de los primeros recuerdos que Edith Beraldi tiene de\u00a0<b>Carlos Gardel<\/b>, es el de ella sentada en los hombros de su pap\u00e1, estir\u00e1ndose para dejar entre los dedos de la estatua que hay en el mausoleo, un cigarro encendido.<\/p>\n<p class=\"paragraph\">Durante a\u00f1os Edith viaj\u00f3 desde su casa en Wilde hasta el cementerio de la Chacarita, llevando un escobill\u00f3n. Muchas de esas veces r<b>ecuerda haber limpiado un polvillo indescifrable que te\u00f1\u00eda de un holl\u00edn renegrido el mausoleo.<\/b>\u00a0No lograba saber de d\u00f3nde ven\u00eda, ni tampoco por qu\u00e9 se empecinaba con la esquina de las calles 6 y 33, donde descansan los restos de Carlos Gardel y su mam\u00e1, Berta Gardes.<\/p>\n<div class=\"visual__image\"><img loading=\"lazy\" decoding=\"async\" class=\"\" src=\"https:\/\/cloudfront-us-east-1.images.arcpublishing.com\/infobae\/5SUBHW3QQVEILB7TYI7YDXRPOI.jpeg\" sizes=\"auto, (min-width: 800px) 50vw, 90vw\" srcset=\"https:\/\/www.infobae.com\/new-resizer\/Xs-TXcR8rZawH7jhoWxbc8jjqMw=\/420x315\/filters:format(webp):quality(85)\/cloudfront-us-east-1.images.arcpublishing.com\/infobae\/5SUBHW3QQVEILB7TYI7YDXRPOI.jpeg 420w,https:\/\/www.infobae.com\/new-resizer\/wioFRe9iPjDh3NFaqHu0_VdAdp0=\/768x576\/filters:format(webp):quality(85)\/cloudfront-us-east-1.images.arcpublishing.com\/infobae\/5SUBHW3QQVEILB7TYI7YDXRPOI.jpeg 768w,https:\/\/www.infobae.com\/new-resizer\/O36XZbmP0kFVQxiq3zWwI9lJXDQ=\/992x744\/filters:format(webp):quality(85)\/cloudfront-us-east-1.images.arcpublishing.com\/infobae\/5SUBHW3QQVEILB7TYI7YDXRPOI.jpeg 992w,https:\/\/www.infobae.com\/new-resizer\/OZKf1yYjdJ5-y3e6bpevhkS8bQI=\/1200x900\/filters:format(webp):quality(85)\/cloudfront-us-east-1.images.arcpublishing.com\/infobae\/5SUBHW3QQVEILB7TYI7YDXRPOI.jpeg 1200w,https:\/\/www.infobae.com\/new-resizer\/_asOv5kczG9FFqjzgVI01QzGpNM=\/1440x1080\/filters:format(webp):quality(85)\/cloudfront-us-east-1.images.arcpublishing.com\/infobae\/5SUBHW3QQVEILB7TYI7YDXRPOI.jpeg 1440w\" alt=\"La intersecci\u00f3n de las calles 6 y 33 en el cementerio de la Chacarita donde se encuentra el mausoleo de Carlos Gardel\" width=\"2048\" height=\"1536\" \/>La intersecci\u00f3n de las calles 6 y 33 en el cementerio de la Chacarita donde se encuentra el mausoleo de Carlos Gardel<\/div>\n<p class=\"paragraph\"><mark class=\"hl_yellow\">\u201cYo no sab\u00eda lo que era. La gente ven\u00eda de visita, lo pisaba, yo no sab\u00eda hasta que en 2015 muri\u00f3 mi mam\u00e1 y me dieron sus cenizas\u201d, reconoce. Entonces supo que el \u00faltimo deseo de cientos de personas hab\u00eda sido -y sigue siendo- descansar para toda la eternidad con el cantante del que a\u00fan se discute si es argentino, franc\u00e9s o uruguayo.<\/mark><\/p>\n<p class=\"paragraph\">\u201cAhora cuando lo veo me persigno y le digo: \u2018Gardeliano o gardeliana, disculpe pero lo tengo que limpiar\u2019\u201d, comparte Edith con\u00a0<b>Infobae<\/b>\u00a0y cuenta que por esta costumbre es que hoy existe un proyecto para hacer un cinerario en el mausoleo, donde la gente pueda dejar las cenizas y que ella no tenga que barrerla.<\/p>\n<p class=\"paragraph\">Carlos Gardel muri\u00f3 el 24 de junio de 1935 en el choque de dos aviones que estaban a punto de despegar sobre la pista del aeropuerto Olaya Herrera, en aquel momento Aer\u00f3dromo \u201cLas Payas\u201d, de la ciudad de Medell\u00edn, en Colombia. Tambi\u00e9n murieron en el accidente\u00a0<b>Alfredo Le Pera<\/b>, su guitarrista\u00a0<b>Guillermo Barbieri<\/b>\u00a0y su secretario\u00a0<b>Corpas Moreno<\/b>, entre un total de 17 personas que fallecieron ese d\u00eda.<\/p>\n<div class=\"visual__image\"><img loading=\"lazy\" decoding=\"async\" class=\"\" src=\"https:\/\/cloudfront-us-east-1.images.arcpublishing.com\/infobae\/KJ4ECEDEDJHMHAIYWLANHXHDIQ.jpeg\" sizes=\"auto, (min-width: 800px) 50vw, 90vw\" srcset=\"https:\/\/www.infobae.com\/new-resizer\/qhl8PHphb8thQJM44T9HmAthYtE=\/420x560\/filters:format(webp):quality(85)\/cloudfront-us-east-1.images.arcpublishing.com\/infobae\/KJ4ECEDEDJHMHAIYWLANHXHDIQ.jpeg 420w,https:\/\/www.infobae.com\/new-resizer\/ZNt_ckkqtEefhvqufAx3c0sYQ0Q=\/768x1024\/filters:format(webp):quality(85)\/cloudfront-us-east-1.images.arcpublishing.com\/infobae\/KJ4ECEDEDJHMHAIYWLANHXHDIQ.jpeg 768w,https:\/\/www.infobae.com\/new-resizer\/D6L209Opd1qorG4sSAUsf9qRsh8=\/992x1323\/filters:format(webp):quality(85)\/cloudfront-us-east-1.images.arcpublishing.com\/infobae\/KJ4ECEDEDJHMHAIYWLANHXHDIQ.jpeg 992w,https:\/\/www.infobae.com\/new-resizer\/2mdCf_TdMiMPoyRYIcmZas7qXc0=\/1200x1600\/filters:format(webp):quality(85)\/cloudfront-us-east-1.images.arcpublishing.com\/infobae\/KJ4ECEDEDJHMHAIYWLANHXHDIQ.jpeg 1200w\" alt=\"Una costumbre gardeliana: dejar entre los dedos de la estatua del zorzal un cigarrillo encendido\" width=\"1536\" height=\"2048\" \/>Una costumbre gardeliana: dejar entre los dedos de la estatua del zorzal un cigarrillo encendido<\/div>\n<p class=\"paragraph\"><b>El cuerpo fue enterrado en Medell\u00edn hasta que Armando Defino, garante de la \u00faltima voluntad de Gardel, logr\u00f3 la repatriaci\u00f3n.<\/b>\u00a0El f\u00e9retro viaj\u00f3 en lomo de burro, en carreta, en tren y en barco. Pas\u00f3 por varias poblaciones colombianas, por Panam\u00e1, se lo vel\u00f3 en Estados Unidos y finalmente lleg\u00f3 a la Argentina en 1936.<\/p>\n<p class=\"paragraph\">El funeral de Gardel fue multitudinario y se hizo en el estadio Luna Park. Se lo llev\u00f3 por avenida Corrientes hasta la b\u00f3veda de la Chacarita, de la que Edith es una de las dos \u00fanicas dos personas que tienen llave. La otra es el presidente de la Fundaci\u00f3n Internacional Carlos Gardel, en la que desde hace tres a\u00f1os, tras recorrer incontables veces los 25 kil\u00f3metros que separan su casa del mausoleo para limpiarlo, fue nombrada su cuidadora oficial.<\/p>\n<div class=\"visual__image\"><img loading=\"lazy\" decoding=\"async\" class=\"\" src=\"https:\/\/cloudfront-us-east-1.images.arcpublishing.com\/infobae\/RASLAUZD2RGHRD5ZMYOJVT37IA.jpeg\" sizes=\"auto, (min-width: 800px) 50vw, 90vw\" srcset=\"https:\/\/www.infobae.com\/new-resizer\/wuNqCilPRTTmAVVCfX58EDZZvMg=\/420x315\/filters:format(webp):quality(85)\/cloudfront-us-east-1.images.arcpublishing.com\/infobae\/RASLAUZD2RGHRD5ZMYOJVT37IA.jpeg 420w,https:\/\/www.infobae.com\/new-resizer\/sz9prRa5YR-RjMSUrBB4lnC2aMk=\/768x576\/filters:format(webp):quality(85)\/cloudfront-us-east-1.images.arcpublishing.com\/infobae\/RASLAUZD2RGHRD5ZMYOJVT37IA.jpeg 768w,https:\/\/www.infobae.com\/new-resizer\/SV8YTugbYiRmfsD64ni0HoM0-wA=\/992x744\/filters:format(webp):quality(85)\/cloudfront-us-east-1.images.arcpublishing.com\/infobae\/RASLAUZD2RGHRD5ZMYOJVT37IA.jpeg 992w,https:\/\/www.infobae.com\/new-resizer\/Iaubrmh7i7TgOlgMQKuHk6VuWb0=\/1200x900\/filters:format(webp):quality(85)\/cloudfront-us-east-1.images.arcpublishing.com\/infobae\/RASLAUZD2RGHRD5ZMYOJVT37IA.jpeg 1200w,https:\/\/www.infobae.com\/new-resizer\/S4Mcu86jE_THtNTxrcAcoDmKQMY=\/1440x1080\/filters:format(webp):quality(85)\/cloudfront-us-east-1.images.arcpublishing.com\/infobae\/RASLAUZD2RGHRD5ZMYOJVT37IA.jpeg 1440w\" alt=\"Edith Beraldi posa junto a la estatua de Gardel. Ella, al igual que lo hab\u00eda hecho su pap\u00e1 en el a\u00f1o 2000, fue la que se encarg\u00f3 de recuperar el mausoleo en la Chacarita\" width=\"1600\" height=\"1200\" \/>Edith Beraldi posa junto a la estatua de Gardel. Ella, al igual que lo hab\u00eda hecho su pap\u00e1 en el a\u00f1o 2000, fue la que se encarg\u00f3 de recuperar el mausoleo en la Chacarita<\/div>\n<p class=\"paragraph\">\u201cEl fervor hacia Gardel no distingue de clases sociales, viene gente de Eslovenia, Rusia, Australia, uno capaz que piensa que se va a centrar en lo latinoamericano y no es as\u00ed. Y es gente que viene con afecto. Uno puede tener admiraci\u00f3n por una persona pero hay gente para la que \u00e9l no es solo un gran arista, es un sentimiento, una creencia de que ese ser es un ser de luz que te puede ayudar\u201d, dice, sobre eso que a 87 a\u00f1os de su muerte, sigue atrayendo a generaciones que no lo conocieron, pero que le conf\u00edan su salud o encomiendan a su familia.<\/p>\n<p class=\"paragraph\"><mark class=\"hl_yellow\">\u201cHay una placa que dice \u2018gracias por la pensi\u00f3n\u2019, otra \u2018gracias por el departamento\u2019, no solo es el deseo de triunfar, no solo son artistas. Se dejan cartas pidi\u00e9ndole por salud o he encontrado otras pidi\u00e9ndole que una pareja se arregle\u201d, comparte Beraldi la intimidad de las misivas. La graf\u00f3loga y guardiana del sepulcro, se convirti\u00f3 en una curadora sentimental de todo eso que llega hasta el mausoleo y la tiene como intermediaria.<\/mark><\/p>\n<div class=\"visual__image\"><img loading=\"lazy\" decoding=\"async\" class=\"\" src=\"https:\/\/cloudfront-us-east-1.images.arcpublishing.com\/infobae\/P3TVASSVNVH4HNDRKEKTGFXK6U.jpeg\" sizes=\"auto, (min-width: 800px) 50vw, 90vw\" srcset=\"https:\/\/www.infobae.com\/new-resizer\/TdSFZp8aeXiReZYhA8_PUd48zkk=\/420x315\/filters:format(webp):quality(85)\/cloudfront-us-east-1.images.arcpublishing.com\/infobae\/P3TVASSVNVH4HNDRKEKTGFXK6U.jpeg 420w,https:\/\/www.infobae.com\/new-resizer\/lzPfOKTSmlxljPIo3TXfq3EQwLo=\/768x576\/filters:format(webp):quality(85)\/cloudfront-us-east-1.images.arcpublishing.com\/infobae\/P3TVASSVNVH4HNDRKEKTGFXK6U.jpeg 768w,https:\/\/www.infobae.com\/new-resizer\/8pm-WORWfPVrR9FHObz0V04Sdr0=\/992x744\/filters:format(webp):quality(85)\/cloudfront-us-east-1.images.arcpublishing.com\/infobae\/P3TVASSVNVH4HNDRKEKTGFXK6U.jpeg 992w,https:\/\/www.infobae.com\/new-resizer\/M57Hs98oTDIlnWIuqX3b2G2n41A=\/1200x900\/filters:format(webp):quality(85)\/cloudfront-us-east-1.images.arcpublishing.com\/infobae\/P3TVASSVNVH4HNDRKEKTGFXK6U.jpeg 1200w,https:\/\/www.infobae.com\/new-resizer\/5AAGEnbUaCfWJ4uU5EKv3BSzUuE=\/1440x1080\/filters:format(webp):quality(85)\/cloudfront-us-east-1.images.arcpublishing.com\/infobae\/P3TVASSVNVH4HNDRKEKTGFXK6U.jpeg 1440w\" alt=\"Plena refacci\u00f3n del mausoleo de Carlos Gardel en el a\u00f1o 2016\" width=\"2048\" height=\"1536\" \/>Plena refacci\u00f3n del mausoleo de Carlos Gardel en el a\u00f1o 2016<\/div>\n<p class=\"paragraph\">Para Edith no es casual que la persona de Carlos Gardel haya trascendido la dimensi\u00f3n art\u00edstica. Era sabido, por ejemplo, que donde tocara dedicaba un largo rato despu\u00e9s de los shows para salir a la puerta del teatro y cantar siete u ocho temas m\u00e1s, para los que hab\u00edan quedado afuera o no pod\u00edan pagar una entrada.<\/p>\n<p class=\"paragraph\">Si bien Edith se siente m\u00e1s testigo que protagonista, recaba historias con o\u00eddos de bi\u00f3grafa oral, para compartir luego detalles y an\u00e9cdotas en charlas con los que se acercan hasta al mausoleo.<\/p>\n<p class=\"paragraph\"><b>No pide, no reza, pero tampoco ignora, que en ese lugar que cuida desde hace a\u00f1os, descansa un hombre que a pesar de la muerte, le cambi\u00f3 la vida<\/b>: \u201cYo llego pidiendo permiso, cuando no hay nadie y es inevitable no saludar, no sentir que \u00e9l est\u00e1 ah\u00ed, saludar a Do\u00f1a Berta, agradecerles. Tengo tambi\u00e9n ese pensamiento m\u00e1gico de que \u00e9l est\u00e1 en alg\u00fan lugar con mi pap\u00e1\u201d.<\/p>\n<\/div>\n<\/article>\n<p>&nbsp;<\/p>\n<p>&nbsp;<\/p>\n<div class=\"author-image\"><img loading=\"lazy\" decoding=\"async\" class=\"\" src=\"https:\/\/s3.amazonaws.com\/arc-authors\/infobae\/6bfebaf8-8a2e-4eb6-b851-75248fcc5eae.png\" alt=\"Alejo Santander\" width=\"60\" height=\"60\" \/><\/div>\n<div class=\"byline-text-wrapper\">\n<div class=\"authors-name-ctn\">\n<p><span style=\"color: #993300;\"><strong>Por<\/strong><\/span><\/p>\n<div class=\"authors-name-txt-ctn\"><span style=\"color: #993300;\"><strong><a class=\"author-name\" style=\"color: #993300;\" href=\"https:\/\/www.infobae.com\/autor\/alejo-santander\" aria-label=\"Alejo Santander\">Alejo Santander<\/a><\/strong><\/span><\/div>\n<\/div>\n<div class=\"byline-description\"><span style=\"color: #993300;\"><strong>asantander@infobae.com<\/strong><\/span><\/div>\n<\/div>\n","protected":false},"excerpt":{"rendered":"<p>Cientos depositan en ellos su fe. El testimonio en primera persona de los que le rinden culto a fen\u00f3menos que empezaron en una cancha o en un escenario y terminaron teniendo santuarios a los que cientos peregrinan para agradecer, pedir ayuda o respuestas. En contra de toda l\u00f3gica, a contramano de religiones y sin m\u00e1s [&hellip;]<\/p>\n","protected":false},"author":3,"featured_media":0,"comment_status":"closed","ping_status":"closed","sticky":false,"template":"","format":"standard","meta":{"footnotes":""},"categories":[35,26],"tags":[],"class_list":["post-72652","post","type-post","status-publish","format-standard","hentry","category-cultura","category-sociedad"],"yoast_head":"<!-- This site is optimized with the Yoast SEO plugin v25.9 - https:\/\/yoast.com\/wordpress\/plugins\/seo\/ -->\n<title>Gilda, Maradona, Rodrigo o Gardel: los santos populares y las historias de quienes aseguran que \u201chacen milagros\u201d - Noticias Radio Reflejos<\/title>\n<meta name=\"robots\" content=\"index, follow, max-snippet:-1, max-image-preview:large, max-video-preview:-1\" \/>\n<link rel=\"canonical\" href=\"https:\/\/www.noticiasradioreflejos.com.ar\/2021\/gilda-maradona-rodrigo-o-gardel-los-santos-populares-y-las-historias-de-quienes-aseguran-que-hacen-milagros\/\" \/>\n<meta property=\"og:locale\" content=\"es_ES\" \/>\n<meta property=\"og:type\" content=\"article\" \/>\n<meta property=\"og:title\" content=\"Gilda, Maradona, Rodrigo o Gardel: los santos populares y las historias de quienes aseguran que \u201chacen milagros\u201d - Noticias Radio Reflejos\" \/>\n<meta property=\"og:description\" content=\"Cientos depositan en ellos su fe. El testimonio en primera persona de los que le rinden culto a fen\u00f3menos que empezaron en una cancha o en un escenario y terminaron teniendo santuarios a los que cientos peregrinan para agradecer, pedir ayuda o respuestas. En contra de toda l\u00f3gica, a contramano de religiones y sin m\u00e1s [&hellip;]\" \/>\n<meta property=\"og:url\" content=\"https:\/\/www.noticiasradioreflejos.com.ar\/2021\/gilda-maradona-rodrigo-o-gardel-los-santos-populares-y-las-historias-de-quienes-aseguran-que-hacen-milagros\/\" \/>\n<meta property=\"og:site_name\" content=\"Noticias Radio Reflejos\" \/>\n<meta property=\"article:published_time\" content=\"2022-05-26T11:42:35+00:00\" \/>\n<meta property=\"og:image\" content=\"https:\/\/cloudfront-us-east-1.images.arcpublishing.com\/infobae\/NRXJW6FHJZEN7OW2Q5LSSDFKPA.png\" \/>\n<meta name=\"author\" content=\"Arnaldo Botto\" \/>\n<meta name=\"twitter:card\" content=\"summary_large_image\" \/>\n<script type=\"application\/ld+json\" class=\"yoast-schema-graph\">{\"@context\":\"https:\/\/schema.org\",\"@graph\":[{\"@type\":\"WebPage\",\"@id\":\"https:\/\/www.noticiasradioreflejos.com.ar\/2021\/gilda-maradona-rodrigo-o-gardel-los-santos-populares-y-las-historias-de-quienes-aseguran-que-hacen-milagros\/\",\"url\":\"https:\/\/www.noticiasradioreflejos.com.ar\/2021\/gilda-maradona-rodrigo-o-gardel-los-santos-populares-y-las-historias-de-quienes-aseguran-que-hacen-milagros\/\",\"name\":\"Gilda, Maradona, Rodrigo o Gardel: los santos populares y las historias de quienes aseguran que \u201chacen milagros\u201d - Noticias Radio Reflejos\",\"isPartOf\":{\"@id\":\"https:\/\/www.noticiasradioreflejos.com.ar\/2021\/#website\"},\"primaryImageOfPage\":{\"@id\":\"https:\/\/www.noticiasradioreflejos.com.ar\/2021\/gilda-maradona-rodrigo-o-gardel-los-santos-populares-y-las-historias-de-quienes-aseguran-que-hacen-milagros\/#primaryimage\"},\"image\":{\"@id\":\"https:\/\/www.noticiasradioreflejos.com.ar\/2021\/gilda-maradona-rodrigo-o-gardel-los-santos-populares-y-las-historias-de-quienes-aseguran-que-hacen-milagros\/#primaryimage\"},\"thumbnailUrl\":\"https:\/\/cloudfront-us-east-1.images.arcpublishing.com\/infobae\/NRXJW6FHJZEN7OW2Q5LSSDFKPA.png\",\"datePublished\":\"2022-05-26T11:42:35+00:00\",\"author\":{\"@id\":\"https:\/\/www.noticiasradioreflejos.com.ar\/2021\/#\/schema\/person\/ad82545263dcc5ec0996818884fd5fb1\"},\"breadcrumb\":{\"@id\":\"https:\/\/www.noticiasradioreflejos.com.ar\/2021\/gilda-maradona-rodrigo-o-gardel-los-santos-populares-y-las-historias-de-quienes-aseguran-que-hacen-milagros\/#breadcrumb\"},\"inLanguage\":\"es\",\"potentialAction\":[{\"@type\":\"ReadAction\",\"target\":[\"https:\/\/www.noticiasradioreflejos.com.ar\/2021\/gilda-maradona-rodrigo-o-gardel-los-santos-populares-y-las-historias-de-quienes-aseguran-que-hacen-milagros\/\"]}]},{\"@type\":\"ImageObject\",\"inLanguage\":\"es\",\"@id\":\"https:\/\/www.noticiasradioreflejos.com.ar\/2021\/gilda-maradona-rodrigo-o-gardel-los-santos-populares-y-las-historias-de-quienes-aseguran-que-hacen-milagros\/#primaryimage\",\"url\":\"https:\/\/cloudfront-us-east-1.images.arcpublishing.com\/infobae\/NRXJW6FHJZEN7OW2Q5LSSDFKPA.png\",\"contentUrl\":\"https:\/\/cloudfront-us-east-1.images.arcpublishing.com\/infobae\/NRXJW6FHJZEN7OW2Q5LSSDFKPA.png\"},{\"@type\":\"BreadcrumbList\",\"@id\":\"https:\/\/www.noticiasradioreflejos.com.ar\/2021\/gilda-maradona-rodrigo-o-gardel-los-santos-populares-y-las-historias-de-quienes-aseguran-que-hacen-milagros\/#breadcrumb\",\"itemListElement\":[{\"@type\":\"ListItem\",\"position\":1,\"name\":\"Portada\",\"item\":\"https:\/\/www.noticiasradioreflejos.com.ar\/2021\/\"},{\"@type\":\"ListItem\",\"position\":2,\"name\":\"Gilda, Maradona, Rodrigo o Gardel: los santos populares y las historias de quienes aseguran que \u201chacen milagros\u201d\"}]},{\"@type\":\"WebSite\",\"@id\":\"https:\/\/www.noticiasradioreflejos.com.ar\/2021\/#website\",\"url\":\"https:\/\/www.noticiasradioreflejos.com.ar\/2021\/\",\"name\":\"Noticias Radio Reflejos\",\"description\":\"Las noticias de mi comarca\",\"potentialAction\":[{\"@type\":\"SearchAction\",\"target\":{\"@type\":\"EntryPoint\",\"urlTemplate\":\"https:\/\/www.noticiasradioreflejos.com.ar\/2021\/?s={search_term_string}\"},\"query-input\":{\"@type\":\"PropertyValueSpecification\",\"valueRequired\":true,\"valueName\":\"search_term_string\"}}],\"inLanguage\":\"es\"},{\"@type\":\"Person\",\"@id\":\"https:\/\/www.noticiasradioreflejos.com.ar\/2021\/#\/schema\/person\/ad82545263dcc5ec0996818884fd5fb1\",\"name\":\"Arnaldo Botto\",\"image\":{\"@type\":\"ImageObject\",\"inLanguage\":\"es\",\"@id\":\"https:\/\/www.noticiasradioreflejos.com.ar\/2021\/#\/schema\/person\/image\/\",\"url\":\"https:\/\/secure.gravatar.com\/avatar\/55cb5e37c1efa326397366e6974cb338056df65cb50e7d64d1cf314e87504837?s=96&d=mm&r=g\",\"contentUrl\":\"https:\/\/secure.gravatar.com\/avatar\/55cb5e37c1efa326397366e6974cb338056df65cb50e7d64d1cf314e87504837?s=96&d=mm&r=g\",\"caption\":\"Arnaldo Botto\"},\"url\":\"https:\/\/www.noticiasradioreflejos.com.ar\/2021\/author\/arnaldo\/\"}]}<\/script>\n<!-- \/ Yoast SEO plugin. -->","yoast_head_json":{"title":"Gilda, Maradona, Rodrigo o Gardel: los santos populares y las historias de quienes aseguran que \u201chacen milagros\u201d - Noticias Radio Reflejos","robots":{"index":"index","follow":"follow","max-snippet":"max-snippet:-1","max-image-preview":"max-image-preview:large","max-video-preview":"max-video-preview:-1"},"canonical":"https:\/\/www.noticiasradioreflejos.com.ar\/2021\/gilda-maradona-rodrigo-o-gardel-los-santos-populares-y-las-historias-de-quienes-aseguran-que-hacen-milagros\/","og_locale":"es_ES","og_type":"article","og_title":"Gilda, Maradona, Rodrigo o Gardel: los santos populares y las historias de quienes aseguran que \u201chacen milagros\u201d - Noticias Radio Reflejos","og_description":"Cientos depositan en ellos su fe. El testimonio en primera persona de los que le rinden culto a fen\u00f3menos que empezaron en una cancha o en un escenario y terminaron teniendo santuarios a los que cientos peregrinan para agradecer, pedir ayuda o respuestas. En contra de toda l\u00f3gica, a contramano de religiones y sin m\u00e1s [&hellip;]","og_url":"https:\/\/www.noticiasradioreflejos.com.ar\/2021\/gilda-maradona-rodrigo-o-gardel-los-santos-populares-y-las-historias-de-quienes-aseguran-que-hacen-milagros\/","og_site_name":"Noticias Radio Reflejos","article_published_time":"2022-05-26T11:42:35+00:00","og_image":[{"url":"https:\/\/cloudfront-us-east-1.images.arcpublishing.com\/infobae\/NRXJW6FHJZEN7OW2Q5LSSDFKPA.png","type":"","width":"","height":""}],"author":"Arnaldo Botto","twitter_card":"summary_large_image","schema":{"@context":"https:\/\/schema.org","@graph":[{"@type":"WebPage","@id":"https:\/\/www.noticiasradioreflejos.com.ar\/2021\/gilda-maradona-rodrigo-o-gardel-los-santos-populares-y-las-historias-de-quienes-aseguran-que-hacen-milagros\/","url":"https:\/\/www.noticiasradioreflejos.com.ar\/2021\/gilda-maradona-rodrigo-o-gardel-los-santos-populares-y-las-historias-de-quienes-aseguran-que-hacen-milagros\/","name":"Gilda, Maradona, Rodrigo o Gardel: los santos populares y las historias de quienes aseguran que \u201chacen milagros\u201d - Noticias Radio Reflejos","isPartOf":{"@id":"https:\/\/www.noticiasradioreflejos.com.ar\/2021\/#website"},"primaryImageOfPage":{"@id":"https:\/\/www.noticiasradioreflejos.com.ar\/2021\/gilda-maradona-rodrigo-o-gardel-los-santos-populares-y-las-historias-de-quienes-aseguran-que-hacen-milagros\/#primaryimage"},"image":{"@id":"https:\/\/www.noticiasradioreflejos.com.ar\/2021\/gilda-maradona-rodrigo-o-gardel-los-santos-populares-y-las-historias-de-quienes-aseguran-que-hacen-milagros\/#primaryimage"},"thumbnailUrl":"https:\/\/cloudfront-us-east-1.images.arcpublishing.com\/infobae\/NRXJW6FHJZEN7OW2Q5LSSDFKPA.png","datePublished":"2022-05-26T11:42:35+00:00","author":{"@id":"https:\/\/www.noticiasradioreflejos.com.ar\/2021\/#\/schema\/person\/ad82545263dcc5ec0996818884fd5fb1"},"breadcrumb":{"@id":"https:\/\/www.noticiasradioreflejos.com.ar\/2021\/gilda-maradona-rodrigo-o-gardel-los-santos-populares-y-las-historias-de-quienes-aseguran-que-hacen-milagros\/#breadcrumb"},"inLanguage":"es","potentialAction":[{"@type":"ReadAction","target":["https:\/\/www.noticiasradioreflejos.com.ar\/2021\/gilda-maradona-rodrigo-o-gardel-los-santos-populares-y-las-historias-de-quienes-aseguran-que-hacen-milagros\/"]}]},{"@type":"ImageObject","inLanguage":"es","@id":"https:\/\/www.noticiasradioreflejos.com.ar\/2021\/gilda-maradona-rodrigo-o-gardel-los-santos-populares-y-las-historias-de-quienes-aseguran-que-hacen-milagros\/#primaryimage","url":"https:\/\/cloudfront-us-east-1.images.arcpublishing.com\/infobae\/NRXJW6FHJZEN7OW2Q5LSSDFKPA.png","contentUrl":"https:\/\/cloudfront-us-east-1.images.arcpublishing.com\/infobae\/NRXJW6FHJZEN7OW2Q5LSSDFKPA.png"},{"@type":"BreadcrumbList","@id":"https:\/\/www.noticiasradioreflejos.com.ar\/2021\/gilda-maradona-rodrigo-o-gardel-los-santos-populares-y-las-historias-de-quienes-aseguran-que-hacen-milagros\/#breadcrumb","itemListElement":[{"@type":"ListItem","position":1,"name":"Portada","item":"https:\/\/www.noticiasradioreflejos.com.ar\/2021\/"},{"@type":"ListItem","position":2,"name":"Gilda, Maradona, Rodrigo o Gardel: los santos populares y las historias de quienes aseguran que \u201chacen milagros\u201d"}]},{"@type":"WebSite","@id":"https:\/\/www.noticiasradioreflejos.com.ar\/2021\/#website","url":"https:\/\/www.noticiasradioreflejos.com.ar\/2021\/","name":"Noticias Radio Reflejos","description":"Las noticias de mi comarca","potentialAction":[{"@type":"SearchAction","target":{"@type":"EntryPoint","urlTemplate":"https:\/\/www.noticiasradioreflejos.com.ar\/2021\/?s={search_term_string}"},"query-input":{"@type":"PropertyValueSpecification","valueRequired":true,"valueName":"search_term_string"}}],"inLanguage":"es"},{"@type":"Person","@id":"https:\/\/www.noticiasradioreflejos.com.ar\/2021\/#\/schema\/person\/ad82545263dcc5ec0996818884fd5fb1","name":"Arnaldo Botto","image":{"@type":"ImageObject","inLanguage":"es","@id":"https:\/\/www.noticiasradioreflejos.com.ar\/2021\/#\/schema\/person\/image\/","url":"https:\/\/secure.gravatar.com\/avatar\/55cb5e37c1efa326397366e6974cb338056df65cb50e7d64d1cf314e87504837?s=96&d=mm&r=g","contentUrl":"https:\/\/secure.gravatar.com\/avatar\/55cb5e37c1efa326397366e6974cb338056df65cb50e7d64d1cf314e87504837?s=96&d=mm&r=g","caption":"Arnaldo Botto"},"url":"https:\/\/www.noticiasradioreflejos.com.ar\/2021\/author\/arnaldo\/"}]}},"_links":{"self":[{"href":"https:\/\/www.noticiasradioreflejos.com.ar\/2021\/wp-json\/wp\/v2\/posts\/72652","targetHints":{"allow":["GET"]}}],"collection":[{"href":"https:\/\/www.noticiasradioreflejos.com.ar\/2021\/wp-json\/wp\/v2\/posts"}],"about":[{"href":"https:\/\/www.noticiasradioreflejos.com.ar\/2021\/wp-json\/wp\/v2\/types\/post"}],"author":[{"embeddable":true,"href":"https:\/\/www.noticiasradioreflejos.com.ar\/2021\/wp-json\/wp\/v2\/users\/3"}],"replies":[{"embeddable":true,"href":"https:\/\/www.noticiasradioreflejos.com.ar\/2021\/wp-json\/wp\/v2\/comments?post=72652"}],"version-history":[{"count":1,"href":"https:\/\/www.noticiasradioreflejos.com.ar\/2021\/wp-json\/wp\/v2\/posts\/72652\/revisions"}],"predecessor-version":[{"id":72654,"href":"https:\/\/www.noticiasradioreflejos.com.ar\/2021\/wp-json\/wp\/v2\/posts\/72652\/revisions\/72654"}],"wp:attachment":[{"href":"https:\/\/www.noticiasradioreflejos.com.ar\/2021\/wp-json\/wp\/v2\/media?parent=72652"}],"wp:term":[{"taxonomy":"category","embeddable":true,"href":"https:\/\/www.noticiasradioreflejos.com.ar\/2021\/wp-json\/wp\/v2\/categories?post=72652"},{"taxonomy":"post_tag","embeddable":true,"href":"https:\/\/www.noticiasradioreflejos.com.ar\/2021\/wp-json\/wp\/v2\/tags?post=72652"}],"curies":[{"name":"wp","href":"https:\/\/api.w.org\/{rel}","templated":true}]}}