{"id":72575,"date":"2022-05-24T12:46:15","date_gmt":"2022-05-24T12:46:15","guid":{"rendered":"http:\/\/www.noticiasradioreflejos.com.ar\/2021\/?p=72575"},"modified":"2022-05-24T12:46:15","modified_gmt":"2022-05-24T12:46:15","slug":"hcd-sesion-extraordinaria-para-el-dia-24-de-mayo","status":"publish","type":"post","link":"https:\/\/www.noticiasradioreflejos.com.ar\/2021\/hcd-sesion-extraordinaria-para-el-dia-24-de-mayo\/","title":{"rendered":"HCD: Sesi\u00f3n extraordinaria para el d\u00eda 24 de mayo"},"content":{"rendered":"<p>El Honorable Concejo Deliberante Socializa el decreto n\u00b0 16\/22, por el cual se convoca a una sesi\u00f3n extraordinaria para el d\u00eda 24 de mayo.<!--more--><\/p>\n<p>DECRETO  N\u00ba 16\/22<\/p>\n<p>VISTO:<\/p>\n<p>Las facultades otorgadas a la Presidente del Honorable Concejo Deliberante por el Art\u00edculo 68\u00ba de la Ley Org\u00e1nica de las Municipalidades, a efectos de que se convoque a Sesi\u00f3n Extraordinaria para el d\u00eda 24 de mayo de 2022, y;<\/p>\n<p>CONSIDERANDO:<\/p>\n<p>Que la Presidente del Honorable Concejo Deliberante, se encuentra num\u00e9ricamente facultado para que tal solicitud proceda, conforme a las disposiciones del Art\u00edculo anteriormente mencionado, Inciso 5\u00ba de la Ley Org\u00e1nica de la Municipalidades y al Art\u00edculo 5\u00ba, Inciso 5\u00ba del Reglamento Interno de este Cuerpo;<\/p>\n<p>POR ELLO:<\/p>\n<p>LA PRESIDENTE del HONORABLE CONCEJO DELIBERANTE,<br \/>\nen uso de sus facultades,<br \/>\nD E C R E T A<\/p>\n<p>ART\u00cdCULO 1\u00ba: Conv\u00f3quese a los miembros del Honorable Concejo Deliberante a Sesi\u00f3n Extraordinaria, para el d\u00eda 24 de Mayo de 2022, a la hora 19:30, con el objeto de dar tratamiento al siguiente tema: <\/p>\n<p>* Expte. N\u00ba 7457\/22: &#8211; N.P. \u2013 Consejo Municipal de las Mujeres Tornquist: ref. Proyecto Jornada de Acci\u00f3n para la Salud de las Mujeres. Solicita sea declarado de inter\u00e9s municipal.<br \/>\n* Resoluci\u00f3n N\u00b0 21\/22: Distinguir a los  grupos de teatro independiente Kanterix y Tempestad por su labor cultural en el Distrito de Tornquist, fomentando el disfrute art\u00edstico como as\u00ed tambi\u00e9n la contenci\u00f3n de j\u00f3venes y adultos de nuestro Distrito.-<\/p>\n<p>ARTICULO 2\u00ba: Comun\u00edquese, Publ\u00edquese, Reg\u00edstrese y Cumplido: ARCH\u00cdVESE.-<\/p>\n<p>Tornquist, 23 de mayo de 2022.-<\/p>\n<p>              Jos\u00e9 M. Castro                                  Sandra Gabriela Kifer<br \/>\n                  Secretario                                               Presidente<br \/>\n                      H.C.D.                                                      H.C.D.<\/p>\n","protected":false},"excerpt":{"rendered":"<p>El Honorable Concejo Deliberante Socializa el decreto n\u00b0 16\/22, por el cual se convoca a una sesi\u00f3n extraordinaria para el d\u00eda 24 de mayo.<\/p>\n","protected":false},"author":3,"featured_media":0,"comment_status":"closed","ping_status":"closed","sticky":false,"template":"","format":"standard","meta":{"footnotes":""},"categories":[24],"tags":[],"class_list":["post-72575","post","type-post","status-publish","format-standard","hentry","category-politica"],"yoast_head":"<!-- This site is optimized with the Yoast SEO plugin v25.9 - https:\/\/yoast.com\/wordpress\/plugins\/seo\/ -->\n<title>HCD: Sesi\u00f3n extraordinaria para el d\u00eda 24 de mayo - Noticias Radio Reflejos<\/title>\n<meta name=\"robots\" content=\"index, follow, max-snippet:-1, max-image-preview:large, max-video-preview:-1\" \/>\n<link rel=\"canonical\" href=\"https:\/\/www.noticiasradioreflejos.com.ar\/2021\/hcd-sesion-extraordinaria-para-el-dia-24-de-mayo\/\" \/>\n<meta property=\"og:locale\" content=\"es_ES\" \/>\n<meta property=\"og:type\" content=\"article\" \/>\n<meta property=\"og:title\" content=\"HCD: Sesi\u00f3n extraordinaria para el d\u00eda 24 de mayo - Noticias Radio Reflejos\" \/>\n<meta property=\"og:description\" content=\"El Honorable Concejo Deliberante Socializa el decreto n\u00b0 16\/22, por el cual se convoca a una sesi\u00f3n extraordinaria para el d\u00eda 24 de mayo.\" \/>\n<meta property=\"og:url\" content=\"https:\/\/www.noticiasradioreflejos.com.ar\/2021\/hcd-sesion-extraordinaria-para-el-dia-24-de-mayo\/\" \/>\n<meta property=\"og:site_name\" content=\"Noticias Radio Reflejos\" \/>\n<meta property=\"article:published_time\" content=\"2022-05-24T12:46:15+00:00\" \/>\n<meta property=\"og:image\" content=\"https:\/\/www.noticiasradioreflejos.com.ar\/2021\/wp-content\/uploads\/2021\/07\/logosol300x200.png\" \/>\n\t<meta property=\"og:image:width\" content=\"300\" \/>\n\t<meta property=\"og:image:height\" content=\"200\" \/>\n\t<meta property=\"og:image:type\" content=\"image\/png\" \/>\n<meta name=\"author\" content=\"Arnaldo Botto\" \/>\n<meta name=\"twitter:card\" content=\"summary_large_image\" \/>\n<script type=\"application\/ld+json\" class=\"yoast-schema-graph\">{\"@context\":\"https:\/\/schema.org\",\"@graph\":[{\"@type\":\"WebPage\",\"@id\":\"https:\/\/www.noticiasradioreflejos.com.ar\/2021\/hcd-sesion-extraordinaria-para-el-dia-24-de-mayo\/\",\"url\":\"https:\/\/www.noticiasradioreflejos.com.ar\/2021\/hcd-sesion-extraordinaria-para-el-dia-24-de-mayo\/\",\"name\":\"HCD: Sesi\u00f3n extraordinaria para el d\u00eda 24 de mayo - Noticias Radio Reflejos\",\"isPartOf\":{\"@id\":\"https:\/\/www.noticiasradioreflejos.com.ar\/2021\/#website\"},\"datePublished\":\"2022-05-24T12:46:15+00:00\",\"author\":{\"@id\":\"https:\/\/www.noticiasradioreflejos.com.ar\/2021\/#\/schema\/person\/ad82545263dcc5ec0996818884fd5fb1\"},\"breadcrumb\":{\"@id\":\"https:\/\/www.noticiasradioreflejos.com.ar\/2021\/hcd-sesion-extraordinaria-para-el-dia-24-de-mayo\/#breadcrumb\"},\"inLanguage\":\"es\",\"potentialAction\":[{\"@type\":\"ReadAction\",\"target\":[\"https:\/\/www.noticiasradioreflejos.com.ar\/2021\/hcd-sesion-extraordinaria-para-el-dia-24-de-mayo\/\"]}]},{\"@type\":\"BreadcrumbList\",\"@id\":\"https:\/\/www.noticiasradioreflejos.com.ar\/2021\/hcd-sesion-extraordinaria-para-el-dia-24-de-mayo\/#breadcrumb\",\"itemListElement\":[{\"@type\":\"ListItem\",\"position\":1,\"name\":\"Portada\",\"item\":\"https:\/\/www.noticiasradioreflejos.com.ar\/2021\/\"},{\"@type\":\"ListItem\",\"position\":2,\"name\":\"HCD: Sesi\u00f3n extraordinaria para el d\u00eda 24 de mayo\"}]},{\"@type\":\"WebSite\",\"@id\":\"https:\/\/www.noticiasradioreflejos.com.ar\/2021\/#website\",\"url\":\"https:\/\/www.noticiasradioreflejos.com.ar\/2021\/\",\"name\":\"Noticias Radio Reflejos\",\"description\":\"Las noticias de mi comarca\",\"potentialAction\":[{\"@type\":\"SearchAction\",\"target\":{\"@type\":\"EntryPoint\",\"urlTemplate\":\"https:\/\/www.noticiasradioreflejos.com.ar\/2021\/?s={search_term_string}\"},\"query-input\":{\"@type\":\"PropertyValueSpecification\",\"valueRequired\":true,\"valueName\":\"search_term_string\"}}],\"inLanguage\":\"es\"},{\"@type\":\"Person\",\"@id\":\"https:\/\/www.noticiasradioreflejos.com.ar\/2021\/#\/schema\/person\/ad82545263dcc5ec0996818884fd5fb1\",\"name\":\"Arnaldo Botto\",\"image\":{\"@type\":\"ImageObject\",\"inLanguage\":\"es\",\"@id\":\"https:\/\/www.noticiasradioreflejos.com.ar\/2021\/#\/schema\/person\/image\/\",\"url\":\"https:\/\/secure.gravatar.com\/avatar\/55cb5e37c1efa326397366e6974cb338056df65cb50e7d64d1cf314e87504837?s=96&d=mm&r=g\",\"contentUrl\":\"https:\/\/secure.gravatar.com\/avatar\/55cb5e37c1efa326397366e6974cb338056df65cb50e7d64d1cf314e87504837?s=96&d=mm&r=g\",\"caption\":\"Arnaldo Botto\"},\"url\":\"https:\/\/www.noticiasradioreflejos.com.ar\/2021\/author\/arnaldo\/\"}]}<\/script>\n<!-- \/ Yoast SEO plugin. -->","yoast_head_json":{"title":"HCD: Sesi\u00f3n extraordinaria para el d\u00eda 24 de mayo - Noticias Radio Reflejos","robots":{"index":"index","follow":"follow","max-snippet":"max-snippet:-1","max-image-preview":"max-image-preview:large","max-video-preview":"max-video-preview:-1"},"canonical":"https:\/\/www.noticiasradioreflejos.com.ar\/2021\/hcd-sesion-extraordinaria-para-el-dia-24-de-mayo\/","og_locale":"es_ES","og_type":"article","og_title":"HCD: Sesi\u00f3n extraordinaria para el d\u00eda 24 de mayo - Noticias Radio Reflejos","og_description":"El Honorable Concejo Deliberante Socializa el decreto n\u00b0 16\/22, por el cual se convoca a una sesi\u00f3n extraordinaria para el d\u00eda 24 de mayo.","og_url":"https:\/\/www.noticiasradioreflejos.com.ar\/2021\/hcd-sesion-extraordinaria-para-el-dia-24-de-mayo\/","og_site_name":"Noticias Radio Reflejos","article_published_time":"2022-05-24T12:46:15+00:00","og_image":[{"width":300,"height":200,"url":"https:\/\/www.noticiasradioreflejos.com.ar\/2021\/wp-content\/uploads\/2021\/07\/logosol300x200.png","type":"image\/png"}],"author":"Arnaldo Botto","twitter_card":"summary_large_image","schema":{"@context":"https:\/\/schema.org","@graph":[{"@type":"WebPage","@id":"https:\/\/www.noticiasradioreflejos.com.ar\/2021\/hcd-sesion-extraordinaria-para-el-dia-24-de-mayo\/","url":"https:\/\/www.noticiasradioreflejos.com.ar\/2021\/hcd-sesion-extraordinaria-para-el-dia-24-de-mayo\/","name":"HCD: Sesi\u00f3n extraordinaria para el d\u00eda 24 de mayo - Noticias Radio Reflejos","isPartOf":{"@id":"https:\/\/www.noticiasradioreflejos.com.ar\/2021\/#website"},"datePublished":"2022-05-24T12:46:15+00:00","author":{"@id":"https:\/\/www.noticiasradioreflejos.com.ar\/2021\/#\/schema\/person\/ad82545263dcc5ec0996818884fd5fb1"},"breadcrumb":{"@id":"https:\/\/www.noticiasradioreflejos.com.ar\/2021\/hcd-sesion-extraordinaria-para-el-dia-24-de-mayo\/#breadcrumb"},"inLanguage":"es","potentialAction":[{"@type":"ReadAction","target":["https:\/\/www.noticiasradioreflejos.com.ar\/2021\/hcd-sesion-extraordinaria-para-el-dia-24-de-mayo\/"]}]},{"@type":"BreadcrumbList","@id":"https:\/\/www.noticiasradioreflejos.com.ar\/2021\/hcd-sesion-extraordinaria-para-el-dia-24-de-mayo\/#breadcrumb","itemListElement":[{"@type":"ListItem","position":1,"name":"Portada","item":"https:\/\/www.noticiasradioreflejos.com.ar\/2021\/"},{"@type":"ListItem","position":2,"name":"HCD: Sesi\u00f3n extraordinaria para el d\u00eda 24 de mayo"}]},{"@type":"WebSite","@id":"https:\/\/www.noticiasradioreflejos.com.ar\/2021\/#website","url":"https:\/\/www.noticiasradioreflejos.com.ar\/2021\/","name":"Noticias Radio Reflejos","description":"Las noticias de mi comarca","potentialAction":[{"@type":"SearchAction","target":{"@type":"EntryPoint","urlTemplate":"https:\/\/www.noticiasradioreflejos.com.ar\/2021\/?s={search_term_string}"},"query-input":{"@type":"PropertyValueSpecification","valueRequired":true,"valueName":"search_term_string"}}],"inLanguage":"es"},{"@type":"Person","@id":"https:\/\/www.noticiasradioreflejos.com.ar\/2021\/#\/schema\/person\/ad82545263dcc5ec0996818884fd5fb1","name":"Arnaldo Botto","image":{"@type":"ImageObject","inLanguage":"es","@id":"https:\/\/www.noticiasradioreflejos.com.ar\/2021\/#\/schema\/person\/image\/","url":"https:\/\/secure.gravatar.com\/avatar\/55cb5e37c1efa326397366e6974cb338056df65cb50e7d64d1cf314e87504837?s=96&d=mm&r=g","contentUrl":"https:\/\/secure.gravatar.com\/avatar\/55cb5e37c1efa326397366e6974cb338056df65cb50e7d64d1cf314e87504837?s=96&d=mm&r=g","caption":"Arnaldo Botto"},"url":"https:\/\/www.noticiasradioreflejos.com.ar\/2021\/author\/arnaldo\/"}]}},"_links":{"self":[{"href":"https:\/\/www.noticiasradioreflejos.com.ar\/2021\/wp-json\/wp\/v2\/posts\/72575","targetHints":{"allow":["GET"]}}],"collection":[{"href":"https:\/\/www.noticiasradioreflejos.com.ar\/2021\/wp-json\/wp\/v2\/posts"}],"about":[{"href":"https:\/\/www.noticiasradioreflejos.com.ar\/2021\/wp-json\/wp\/v2\/types\/post"}],"author":[{"embeddable":true,"href":"https:\/\/www.noticiasradioreflejos.com.ar\/2021\/wp-json\/wp\/v2\/users\/3"}],"replies":[{"embeddable":true,"href":"https:\/\/www.noticiasradioreflejos.com.ar\/2021\/wp-json\/wp\/v2\/comments?post=72575"}],"version-history":[{"count":1,"href":"https:\/\/www.noticiasradioreflejos.com.ar\/2021\/wp-json\/wp\/v2\/posts\/72575\/revisions"}],"predecessor-version":[{"id":72576,"href":"https:\/\/www.noticiasradioreflejos.com.ar\/2021\/wp-json\/wp\/v2\/posts\/72575\/revisions\/72576"}],"wp:attachment":[{"href":"https:\/\/www.noticiasradioreflejos.com.ar\/2021\/wp-json\/wp\/v2\/media?parent=72575"}],"wp:term":[{"taxonomy":"category","embeddable":true,"href":"https:\/\/www.noticiasradioreflejos.com.ar\/2021\/wp-json\/wp\/v2\/categories?post=72575"},{"taxonomy":"post_tag","embeddable":true,"href":"https:\/\/www.noticiasradioreflejos.com.ar\/2021\/wp-json\/wp\/v2\/tags?post=72575"}],"curies":[{"name":"wp","href":"https:\/\/api.w.org\/{rel}","templated":true}]}}