{"id":72560,"date":"2022-05-24T11:42:16","date_gmt":"2022-05-24T11:42:16","guid":{"rendered":"http:\/\/www.noticiasradioreflejos.com.ar\/2021\/?p=72560"},"modified":"2022-05-24T12:11:21","modified_gmt":"2022-05-24T12:11:21","slug":"nevo-en-los-cerros-del-cordon-de-ventana","status":"publish","type":"post","link":"https:\/\/www.noticiasradioreflejos.com.ar\/2021\/nevo-en-los-cerros-del-cordon-de-ventana\/","title":{"rendered":"Nev\u00f3 en los cerros del cord\u00f3n de Ventana"},"content":{"rendered":"<p>Precipitaciones durante toda la noche, y una abrupta ca\u00edda de la temperatura m\u00ednima durante esta madrugada pintaron los cordones del Ventania de blanco.<!--more--><\/p>\n<p><a title=\"WhatsApp Image 2022-05-24 at 8.44.16 AM\" href=\"https:\/\/www.flickr.com\/photos\/182279889@N02\/52095815863\/in\/dateposted-public\/\" data-flickr-embed=\"true\"><img loading=\"lazy\" decoding=\"async\" src=\"https:\/\/live.staticflickr.com\/65535\/52095815863_67c97414de_c.jpg\" alt=\"WhatsApp Image 2022-05-24 at 8.44.16 AM\" width=\"770\" height=\"399\" \/><\/a><script async src=\"\/\/embedr.flickr.com\/assets\/client-code.js\" charset=\"utf-8\"><\/script><\/p>\n<p>Sorprendidos los viajeros que transitaron la ruta 76 en las primeras horas de esta ma\u00f1ana de martes 24, pudieron con asombro ver las primeras pinceladas blancas de nieve en nuestras sierras. Los cerros se ven blanqueados desde los 800 mts hacia arriba.<\/p>\n<p>El Tres Picos, La Carpa, Naposta y Ventana se pintan de blanco<\/p>\n<p>&nbsp;<\/p>\n<p><a href=\"http:\/\/www.noticiasradioreflejos.com.ar\/2021\/nevo-en-los-cerros-del-cordon-de-ventana\/whatsapp-image-2022-05-24-at-8-38-00-am\/\" rel=\"attachment wp-att-72563\"><img loading=\"lazy\" decoding=\"async\" class=\"aligncenter wp-image-72563\" src=\"http:\/\/www.noticiasradioreflejos.com.ar\/2021\/wp-content\/uploads\/2022\/05\/WhatsApp-Image-2022-05-24-at-8.38.00-AM.jpeg\" alt=\"\" width=\"778\" height=\"508\" \/><\/a><\/p>\n<p>La cota de nieve estuvo ubicada durante toda la noche por encima de los 1500 mts, pero la temperatura que lleg\u00f3 a una m\u00ednima de 4,2\u00b0 en la base de los cerros, debi\u00f3 ser muy inferior en las zonas altas, con marca de incluso hasta 2 bajo 0.<\/p>\n<p>Las condiciones de inestabilidad se mantendr\u00e1n durante todo el d\u00eda donde se espera apenas no mas de 8\u00b0 de m\u00e1xima para esta jornada,aunque con soleados parciales al medio d\u00eda.<\/p>\n<p><a title=\"WhatsApp Image 2022-05-24 at 8.44.17 AM\" href=\"https:\/\/www.flickr.com\/photos\/182279889@N02\/52096030774\/in\/dateposted-public\/\" data-flickr-embed=\"true\"><img loading=\"lazy\" decoding=\"async\" src=\"https:\/\/live.staticflickr.com\/65535\/52096030774_666019572e_c.jpg\" alt=\"WhatsApp Image 2022-05-24 at 8.44.17 AM\" width=\"800\" height=\"450\" \/><\/a><script async src=\"\/\/embedr.flickr.com\/assets\/client-code.js\" charset=\"utf-8\"><\/script><\/p>\n<p><a title=\"WhatsApp Video 2022-05-24 at 8.47.48 AM\" href=\"https:\/\/www.flickr.com\/photos\/182279889@N02\/52094781132\/in\/dateposted-public\/\" data-flickr-embed=\"true\"><img loading=\"lazy\" decoding=\"async\" src=\"https:\/\/live.staticflickr.com\/31337\/52094781132_fa4ce66b18_o.jpg\" alt=\"WhatsApp Video 2022-05-24 at 8.47.48 AM\" width=\"640\" height=\"352\" \/><\/a><script async src=\"\/\/embedr.flickr.com\/assets\/client-code.js\" charset=\"utf-8\"><\/script><\/p>\n<p><a title=\"WhatsApp Video 2022-05-24 at 8.47.37 AM\" href=\"https:\/\/www.flickr.com\/photos\/182279889@N02\/52096305695\/in\/dateposted-public\/\" data-flickr-embed=\"true\"><img loading=\"lazy\" decoding=\"async\" src=\"https:\/\/live.staticflickr.com\/31337\/52096305695_b3e94c2fbb_o.jpg\" alt=\"WhatsApp Video 2022-05-24 at 8.47.37 AM\" width=\"640\" height=\"352\" \/><\/a><script async src=\"\/\/embedr.flickr.com\/assets\/client-code.js\" charset=\"utf-8\"><\/script><\/p>\n<p><strong>Foto de portada de Alicia Santilli<br \/>\nVideo de Joaqu\u00edn Serafini<\/strong><\/p>\n<p>&nbsp;<\/p>\n<p><img decoding=\"async\" src=\"https:\/\/www.noticiastornquist.com.ar\/imagen.php?imagen=2022-05\/ac0227d8d18e4f16a5f79e5c81c8e6ad.jpg\" \/><\/p>\n<div><\/div>\n<hr \/>\n<p><img decoding=\"async\" src=\"https:\/\/www.noticiastornquist.com.ar\/imagen.php?imagen=2022-05\/2d6668cdfad74f7ca0b0a72800c5193f.jpg\" \/><\/p>\n<div><\/div>\n<hr \/>\n<p><img decoding=\"async\" src=\"https:\/\/www.noticiastornquist.com.ar\/imagen.php?imagen=2022-05\/5cf3c56f8ffa4fcaa78a644bbf1c5b94.jpg\" \/><\/p>\n<div><\/div>\n<hr \/>\n<p><img decoding=\"async\" src=\"https:\/\/www.noticiastornquist.com.ar\/imagen.php?imagen=2022-05\/2722916011804e669494ca63dde65af9.jpg\" \/><\/p>\n<div><\/div>\n<hr \/>\n<p><img decoding=\"async\" src=\"https:\/\/www.noticiastornquist.com.ar\/imagen.php?imagen=2022-05\/nieve.jpg\" \/><\/p>\n<div><\/div>\n<hr \/>\n<p><img decoding=\"async\" src=\"https:\/\/www.noticiastornquist.com.ar\/imagen.php?imagen=2022-05\/667a7156e6664fad8e6c09dd22caab3c.jpg\" \/><\/p>\n<div><\/div>\n<hr \/>\n<p><img decoding=\"async\" src=\"https:\/\/www.noticiastornquist.com.ar\/imagen.php?imagen=2022-05\/nevadas.jpg\" \/><\/p>\n<div><\/div>\n<hr \/>\n<p><img decoding=\"async\" src=\"https:\/\/www.noticiastornquist.com.ar\/imagen.php?imagen=2022-05\/873f9c86097f4783b1d0be1f74784d7c.jpg\" \/><\/p>\n<div><\/div>\n<hr \/>\n<p><img decoding=\"async\" src=\"https:\/\/www.noticiastornquist.com.ar\/imagen.php?imagen=2022-05\/e915f5a1d1c24ca7a5b1f529f93b103a.jpg\" \/><\/p>\n","protected":false},"excerpt":{"rendered":"<p>Precipitaciones durante toda la noche, y una abrupta ca\u00edda de la temperatura m\u00ednima durante esta madrugada pintaron los cordones del Ventania de blanco.<\/p>\n","protected":false},"author":3,"featured_media":0,"comment_status":"closed","ping_status":"closed","sticky":false,"template":"","format":"standard","meta":{"footnotes":""},"categories":[26,33],"tags":[48],"class_list":["post-72560","post","type-post","status-publish","format-standard","hentry","category-sociedad","category-turismo","tag-destacada"],"yoast_head":"<!-- This site is optimized with the Yoast SEO plugin v25.9 - https:\/\/yoast.com\/wordpress\/plugins\/seo\/ -->\n<title>Nev\u00f3 en los cerros del cord\u00f3n de Ventana - Noticias Radio Reflejos<\/title>\n<meta name=\"robots\" content=\"index, follow, max-snippet:-1, max-image-preview:large, max-video-preview:-1\" \/>\n<link rel=\"canonical\" href=\"https:\/\/www.noticiasradioreflejos.com.ar\/2021\/nevo-en-los-cerros-del-cordon-de-ventana\/\" \/>\n<meta property=\"og:locale\" content=\"es_ES\" \/>\n<meta property=\"og:type\" content=\"article\" \/>\n<meta property=\"og:title\" content=\"Nev\u00f3 en los cerros del cord\u00f3n de Ventana - Noticias Radio Reflejos\" \/>\n<meta property=\"og:description\" content=\"Precipitaciones durante toda la noche, y una abrupta ca\u00edda de la temperatura m\u00ednima durante esta madrugada pintaron los cordones del Ventania de blanco.\" \/>\n<meta property=\"og:url\" content=\"https:\/\/www.noticiasradioreflejos.com.ar\/2021\/nevo-en-los-cerros-del-cordon-de-ventana\/\" \/>\n<meta property=\"og:site_name\" content=\"Noticias Radio Reflejos\" \/>\n<meta property=\"article:published_time\" content=\"2022-05-24T11:42:16+00:00\" \/>\n<meta property=\"article:modified_time\" content=\"2022-05-24T12:11:21+00:00\" \/>\n<meta property=\"og:image\" content=\"https:\/\/live.staticflickr.com\/65535\/52095815863_67c97414de_c.jpg\" \/>\n<meta name=\"author\" content=\"Arnaldo Botto\" \/>\n<meta name=\"twitter:card\" content=\"summary_large_image\" \/>\n<script type=\"application\/ld+json\" class=\"yoast-schema-graph\">{\"@context\":\"https:\/\/schema.org\",\"@graph\":[{\"@type\":\"WebPage\",\"@id\":\"https:\/\/www.noticiasradioreflejos.com.ar\/2021\/nevo-en-los-cerros-del-cordon-de-ventana\/\",\"url\":\"https:\/\/www.noticiasradioreflejos.com.ar\/2021\/nevo-en-los-cerros-del-cordon-de-ventana\/\",\"name\":\"Nev\u00f3 en los cerros del cord\u00f3n de Ventana - Noticias Radio Reflejos\",\"isPartOf\":{\"@id\":\"https:\/\/www.noticiasradioreflejos.com.ar\/2021\/#website\"},\"primaryImageOfPage\":{\"@id\":\"https:\/\/www.noticiasradioreflejos.com.ar\/2021\/nevo-en-los-cerros-del-cordon-de-ventana\/#primaryimage\"},\"image\":{\"@id\":\"https:\/\/www.noticiasradioreflejos.com.ar\/2021\/nevo-en-los-cerros-del-cordon-de-ventana\/#primaryimage\"},\"thumbnailUrl\":\"https:\/\/live.staticflickr.com\/65535\/52095815863_67c97414de_c.jpg\",\"datePublished\":\"2022-05-24T11:42:16+00:00\",\"dateModified\":\"2022-05-24T12:11:21+00:00\",\"author\":{\"@id\":\"https:\/\/www.noticiasradioreflejos.com.ar\/2021\/#\/schema\/person\/ad82545263dcc5ec0996818884fd5fb1\"},\"breadcrumb\":{\"@id\":\"https:\/\/www.noticiasradioreflejos.com.ar\/2021\/nevo-en-los-cerros-del-cordon-de-ventana\/#breadcrumb\"},\"inLanguage\":\"es\",\"potentialAction\":[{\"@type\":\"ReadAction\",\"target\":[\"https:\/\/www.noticiasradioreflejos.com.ar\/2021\/nevo-en-los-cerros-del-cordon-de-ventana\/\"]}]},{\"@type\":\"ImageObject\",\"inLanguage\":\"es\",\"@id\":\"https:\/\/www.noticiasradioreflejos.com.ar\/2021\/nevo-en-los-cerros-del-cordon-de-ventana\/#primaryimage\",\"url\":\"https:\/\/live.staticflickr.com\/65535\/52095815863_67c97414de_c.jpg\",\"contentUrl\":\"https:\/\/live.staticflickr.com\/65535\/52095815863_67c97414de_c.jpg\"},{\"@type\":\"BreadcrumbList\",\"@id\":\"https:\/\/www.noticiasradioreflejos.com.ar\/2021\/nevo-en-los-cerros-del-cordon-de-ventana\/#breadcrumb\",\"itemListElement\":[{\"@type\":\"ListItem\",\"position\":1,\"name\":\"Portada\",\"item\":\"https:\/\/www.noticiasradioreflejos.com.ar\/2021\/\"},{\"@type\":\"ListItem\",\"position\":2,\"name\":\"Nev\u00f3 en los cerros del cord\u00f3n de Ventana\"}]},{\"@type\":\"WebSite\",\"@id\":\"https:\/\/www.noticiasradioreflejos.com.ar\/2021\/#website\",\"url\":\"https:\/\/www.noticiasradioreflejos.com.ar\/2021\/\",\"name\":\"Noticias Radio Reflejos\",\"description\":\"Las noticias de mi comarca\",\"potentialAction\":[{\"@type\":\"SearchAction\",\"target\":{\"@type\":\"EntryPoint\",\"urlTemplate\":\"https:\/\/www.noticiasradioreflejos.com.ar\/2021\/?s={search_term_string}\"},\"query-input\":{\"@type\":\"PropertyValueSpecification\",\"valueRequired\":true,\"valueName\":\"search_term_string\"}}],\"inLanguage\":\"es\"},{\"@type\":\"Person\",\"@id\":\"https:\/\/www.noticiasradioreflejos.com.ar\/2021\/#\/schema\/person\/ad82545263dcc5ec0996818884fd5fb1\",\"name\":\"Arnaldo Botto\",\"image\":{\"@type\":\"ImageObject\",\"inLanguage\":\"es\",\"@id\":\"https:\/\/www.noticiasradioreflejos.com.ar\/2021\/#\/schema\/person\/image\/\",\"url\":\"https:\/\/secure.gravatar.com\/avatar\/55cb5e37c1efa326397366e6974cb338056df65cb50e7d64d1cf314e87504837?s=96&d=mm&r=g\",\"contentUrl\":\"https:\/\/secure.gravatar.com\/avatar\/55cb5e37c1efa326397366e6974cb338056df65cb50e7d64d1cf314e87504837?s=96&d=mm&r=g\",\"caption\":\"Arnaldo Botto\"},\"url\":\"https:\/\/www.noticiasradioreflejos.com.ar\/2021\/author\/arnaldo\/\"}]}<\/script>\n<!-- \/ Yoast SEO plugin. -->","yoast_head_json":{"title":"Nev\u00f3 en los cerros del cord\u00f3n de Ventana - Noticias Radio Reflejos","robots":{"index":"index","follow":"follow","max-snippet":"max-snippet:-1","max-image-preview":"max-image-preview:large","max-video-preview":"max-video-preview:-1"},"canonical":"https:\/\/www.noticiasradioreflejos.com.ar\/2021\/nevo-en-los-cerros-del-cordon-de-ventana\/","og_locale":"es_ES","og_type":"article","og_title":"Nev\u00f3 en los cerros del cord\u00f3n de Ventana - Noticias Radio Reflejos","og_description":"Precipitaciones durante toda la noche, y una abrupta ca\u00edda de la temperatura m\u00ednima durante esta madrugada pintaron los cordones del Ventania de blanco.","og_url":"https:\/\/www.noticiasradioreflejos.com.ar\/2021\/nevo-en-los-cerros-del-cordon-de-ventana\/","og_site_name":"Noticias Radio Reflejos","article_published_time":"2022-05-24T11:42:16+00:00","article_modified_time":"2022-05-24T12:11:21+00:00","og_image":[{"url":"https:\/\/live.staticflickr.com\/65535\/52095815863_67c97414de_c.jpg","type":"","width":"","height":""}],"author":"Arnaldo Botto","twitter_card":"summary_large_image","schema":{"@context":"https:\/\/schema.org","@graph":[{"@type":"WebPage","@id":"https:\/\/www.noticiasradioreflejos.com.ar\/2021\/nevo-en-los-cerros-del-cordon-de-ventana\/","url":"https:\/\/www.noticiasradioreflejos.com.ar\/2021\/nevo-en-los-cerros-del-cordon-de-ventana\/","name":"Nev\u00f3 en los cerros del cord\u00f3n de Ventana - Noticias Radio Reflejos","isPartOf":{"@id":"https:\/\/www.noticiasradioreflejos.com.ar\/2021\/#website"},"primaryImageOfPage":{"@id":"https:\/\/www.noticiasradioreflejos.com.ar\/2021\/nevo-en-los-cerros-del-cordon-de-ventana\/#primaryimage"},"image":{"@id":"https:\/\/www.noticiasradioreflejos.com.ar\/2021\/nevo-en-los-cerros-del-cordon-de-ventana\/#primaryimage"},"thumbnailUrl":"https:\/\/live.staticflickr.com\/65535\/52095815863_67c97414de_c.jpg","datePublished":"2022-05-24T11:42:16+00:00","dateModified":"2022-05-24T12:11:21+00:00","author":{"@id":"https:\/\/www.noticiasradioreflejos.com.ar\/2021\/#\/schema\/person\/ad82545263dcc5ec0996818884fd5fb1"},"breadcrumb":{"@id":"https:\/\/www.noticiasradioreflejos.com.ar\/2021\/nevo-en-los-cerros-del-cordon-de-ventana\/#breadcrumb"},"inLanguage":"es","potentialAction":[{"@type":"ReadAction","target":["https:\/\/www.noticiasradioreflejos.com.ar\/2021\/nevo-en-los-cerros-del-cordon-de-ventana\/"]}]},{"@type":"ImageObject","inLanguage":"es","@id":"https:\/\/www.noticiasradioreflejos.com.ar\/2021\/nevo-en-los-cerros-del-cordon-de-ventana\/#primaryimage","url":"https:\/\/live.staticflickr.com\/65535\/52095815863_67c97414de_c.jpg","contentUrl":"https:\/\/live.staticflickr.com\/65535\/52095815863_67c97414de_c.jpg"},{"@type":"BreadcrumbList","@id":"https:\/\/www.noticiasradioreflejos.com.ar\/2021\/nevo-en-los-cerros-del-cordon-de-ventana\/#breadcrumb","itemListElement":[{"@type":"ListItem","position":1,"name":"Portada","item":"https:\/\/www.noticiasradioreflejos.com.ar\/2021\/"},{"@type":"ListItem","position":2,"name":"Nev\u00f3 en los cerros del cord\u00f3n de Ventana"}]},{"@type":"WebSite","@id":"https:\/\/www.noticiasradioreflejos.com.ar\/2021\/#website","url":"https:\/\/www.noticiasradioreflejos.com.ar\/2021\/","name":"Noticias Radio Reflejos","description":"Las noticias de mi comarca","potentialAction":[{"@type":"SearchAction","target":{"@type":"EntryPoint","urlTemplate":"https:\/\/www.noticiasradioreflejos.com.ar\/2021\/?s={search_term_string}"},"query-input":{"@type":"PropertyValueSpecification","valueRequired":true,"valueName":"search_term_string"}}],"inLanguage":"es"},{"@type":"Person","@id":"https:\/\/www.noticiasradioreflejos.com.ar\/2021\/#\/schema\/person\/ad82545263dcc5ec0996818884fd5fb1","name":"Arnaldo Botto","image":{"@type":"ImageObject","inLanguage":"es","@id":"https:\/\/www.noticiasradioreflejos.com.ar\/2021\/#\/schema\/person\/image\/","url":"https:\/\/secure.gravatar.com\/avatar\/55cb5e37c1efa326397366e6974cb338056df65cb50e7d64d1cf314e87504837?s=96&d=mm&r=g","contentUrl":"https:\/\/secure.gravatar.com\/avatar\/55cb5e37c1efa326397366e6974cb338056df65cb50e7d64d1cf314e87504837?s=96&d=mm&r=g","caption":"Arnaldo Botto"},"url":"https:\/\/www.noticiasradioreflejos.com.ar\/2021\/author\/arnaldo\/"}]}},"_links":{"self":[{"href":"https:\/\/www.noticiasradioreflejos.com.ar\/2021\/wp-json\/wp\/v2\/posts\/72560","targetHints":{"allow":["GET"]}}],"collection":[{"href":"https:\/\/www.noticiasradioreflejos.com.ar\/2021\/wp-json\/wp\/v2\/posts"}],"about":[{"href":"https:\/\/www.noticiasradioreflejos.com.ar\/2021\/wp-json\/wp\/v2\/types\/post"}],"author":[{"embeddable":true,"href":"https:\/\/www.noticiasradioreflejos.com.ar\/2021\/wp-json\/wp\/v2\/users\/3"}],"replies":[{"embeddable":true,"href":"https:\/\/www.noticiasradioreflejos.com.ar\/2021\/wp-json\/wp\/v2\/comments?post=72560"}],"version-history":[{"count":6,"href":"https:\/\/www.noticiasradioreflejos.com.ar\/2021\/wp-json\/wp\/v2\/posts\/72560\/revisions"}],"predecessor-version":[{"id":72573,"href":"https:\/\/www.noticiasradioreflejos.com.ar\/2021\/wp-json\/wp\/v2\/posts\/72560\/revisions\/72573"}],"wp:attachment":[{"href":"https:\/\/www.noticiasradioreflejos.com.ar\/2021\/wp-json\/wp\/v2\/media?parent=72560"}],"wp:term":[{"taxonomy":"category","embeddable":true,"href":"https:\/\/www.noticiasradioreflejos.com.ar\/2021\/wp-json\/wp\/v2\/categories?post=72560"},{"taxonomy":"post_tag","embeddable":true,"href":"https:\/\/www.noticiasradioreflejos.com.ar\/2021\/wp-json\/wp\/v2\/tags?post=72560"}],"curies":[{"name":"wp","href":"https:\/\/api.w.org\/{rel}","templated":true}]}}