{"id":72554,"date":"2022-05-24T10:34:29","date_gmt":"2022-05-24T10:34:29","guid":{"rendered":"http:\/\/www.noticiasradioreflejos.com.ar\/2021\/?p=72554"},"modified":"2022-05-24T10:34:29","modified_gmt":"2022-05-24T10:34:29","slug":"el-emotivo-encuentro-de-candela-calabrese-y-su-familia-con-el-papa-francisco","status":"publish","type":"post","link":"https:\/\/www.noticiasradioreflejos.com.ar\/2021\/el-emotivo-encuentro-de-candela-calabrese-y-su-familia-con-el-papa-francisco\/","title":{"rendered":"El emotivo encuentro de Candela Calabrese y su familia con el Papa Francisco"},"content":{"rendered":"<p>La joven Candela Calabrese y su familia de Tornquist est\u00e1n compartiendo momentos inolvidables en Italia, lugar al que fueron convocados para que sean testigos directos de la canonizaci\u00f3n de \u201cMaria Domenica Mantovani\u201d.<!--more--><\/p>\n<div class=\"entry-content\">\n<p>La historia de la religiosa italiana y el milagro que se produjo con Candela entre el 10 y el 13 de junio de 2011, permiti\u00f3 que la familia Calebrese emprenda -a principios de Mayo- el viaje hacia Italia para ser testigos de la canonizaci\u00f3n de la denominada \u201cMadre Mar\u00eda\u201d (Maria Domenica Mantovani)<\/p>\n<p>Sin dudas, el 15 y 18 de Mayo de 2022 pasar\u00e1n a ocupar un lugar muy especial en el coraz\u00f3n de cada uno de los integrantes de la familia Calabrese (Cande, Mariano, Laura, Alma y Juan)<\/p>\n<p>El domingo 15, el Papa Francisco convirti\u00f3 en Santa a la \u201cMadre Mar\u00eda\u201d, ante la presencia de 45 mil fieles que estaban en la Plaza San Pedro del Vaticano (entre ellos Cande y su familia).<\/p>\n<p>Ese d\u00eda, Cande junto a su mam\u00e1 Laura (Salgado) tuvieron el primer contacto con su Santidad, donde lo saludaron y mantuvieron una breve charla.<\/p>\n<figure class=\"wp-block-image size-large\"><img loading=\"lazy\" decoding=\"async\" class=\"wp-image-66318\" src=\"http:\/\/www.celttv.com.ar\/wp-content\/uploads\/2022\/05\/IMG-20220523-WA0024-1.jpg\" sizes=\"auto, (max-width: 989px) 100vw, 989px\" srcset=\"http:\/\/www.celttv.com.ar\/wp-content\/uploads\/2022\/05\/IMG-20220523-WA0024-1.jpg 989w, http:\/\/www.celttv.com.ar\/wp-content\/uploads\/2022\/05\/IMG-20220523-WA0024-1-780x774.jpg 780w, http:\/\/www.celttv.com.ar\/wp-content\/uploads\/2022\/05\/IMG-20220523-WA0024-1-768x762.jpg 768w, http:\/\/www.celttv.com.ar\/wp-content\/uploads\/2022\/05\/IMG-20220523-WA0024-1-150x150.jpg 150w, http:\/\/www.celttv.com.ar\/wp-content\/uploads\/2022\/05\/IMG-20220523-WA0024-1-75x75.jpg 75w\" alt=\"\" width=\"989\" height=\"981\" \/><\/figure>\n<p>Tres d\u00edas despu\u00e9s, en la tradicional audiencia p\u00fablica de los mi\u00e9rcoles, se registr\u00f3 el segundo encuentro entre el Papa, Cande, Laura y Mariano.<\/p>\n<p>Durante el di\u00e1logo fraterno con su Santidad, Cande le entreg\u00f3 varios regalos como una escultura tallada en madera con el logo del distrito de Tornquist (elaborado por Cristian Hern\u00e1n), cajas de alfajores de Mamuelquen (Villa Ventana) y un poncho celeste y blanco del local \u201cMalvina, ropa de campo\u201d de Tornquist, de Claudia Piedrabuena.<\/p>\n<figure class=\"wp-block-image size-large\"><img loading=\"lazy\" decoding=\"async\" class=\"wp-image-66320\" src=\"http:\/\/www.celttv.com.ar\/wp-content\/uploads\/2022\/05\/IMG-20220523-WA0021-1-1024x755.jpg\" sizes=\"auto, (max-width: 1024px) 100vw, 1024px\" srcset=\"http:\/\/www.celttv.com.ar\/wp-content\/uploads\/2022\/05\/IMG-20220523-WA0021-1-1024x755.jpg 1024w, http:\/\/www.celttv.com.ar\/wp-content\/uploads\/2022\/05\/IMG-20220523-WA0021-1-780x575.jpg 780w, http:\/\/www.celttv.com.ar\/wp-content\/uploads\/2022\/05\/IMG-20220523-WA0021-1-768x566.jpg 768w, http:\/\/www.celttv.com.ar\/wp-content\/uploads\/2022\/05\/IMG-20220523-WA0021-1.jpg 1369w\" alt=\"\" width=\"1024\" height=\"755\" \/><\/figure>\n<figure class=\"wp-block-image size-large\"><img loading=\"lazy\" decoding=\"async\" class=\"wp-image-66321\" src=\"http:\/\/www.celttv.com.ar\/wp-content\/uploads\/2022\/05\/IMG-20220523-WA0026-1024x792.jpg\" sizes=\"auto, (max-width: 1024px) 100vw, 1024px\" srcset=\"http:\/\/www.celttv.com.ar\/wp-content\/uploads\/2022\/05\/IMG-20220523-WA0026-1024x792.jpg 1024w, http:\/\/www.celttv.com.ar\/wp-content\/uploads\/2022\/05\/IMG-20220523-WA0026-780x604.jpg 780w, http:\/\/www.celttv.com.ar\/wp-content\/uploads\/2022\/05\/IMG-20220523-WA0026-768x594.jpg 768w, http:\/\/www.celttv.com.ar\/wp-content\/uploads\/2022\/05\/IMG-20220523-WA0026.jpg 1485w\" alt=\"\" width=\"1024\" height=\"792\" \/><\/figure>\n<figure class=\"wp-block-image size-large\"><img loading=\"lazy\" decoding=\"async\" class=\"wp-image-66322\" src=\"http:\/\/www.celttv.com.ar\/wp-content\/uploads\/2022\/05\/IMG-20220523-WA0027-1024x877.jpg\" sizes=\"auto, (max-width: 1024px) 100vw, 1024px\" srcset=\"http:\/\/www.celttv.com.ar\/wp-content\/uploads\/2022\/05\/IMG-20220523-WA0027-1024x877.jpg 1024w, http:\/\/www.celttv.com.ar\/wp-content\/uploads\/2022\/05\/IMG-20220523-WA0027-780x668.jpg 780w, http:\/\/www.celttv.com.ar\/wp-content\/uploads\/2022\/05\/IMG-20220523-WA0027-768x658.jpg 768w, http:\/\/www.celttv.com.ar\/wp-content\/uploads\/2022\/05\/IMG-20220523-WA0027.jpg 1285w\" alt=\"\" width=\"1024\" height=\"877\" \/><\/figure>\n<figure class=\"wp-block-image size-large\"><img loading=\"lazy\" decoding=\"async\" class=\"wp-image-66324\" src=\"http:\/\/www.celttv.com.ar\/wp-content\/uploads\/2022\/05\/IMG-20220523-WA0025-1024x698.jpg\" sizes=\"auto, (max-width: 1024px) 100vw, 1024px\" srcset=\"http:\/\/www.celttv.com.ar\/wp-content\/uploads\/2022\/05\/IMG-20220523-WA0025-1024x698.jpg 1024w, http:\/\/www.celttv.com.ar\/wp-content\/uploads\/2022\/05\/IMG-20220523-WA0025-780x532.jpg 780w, http:\/\/www.celttv.com.ar\/wp-content\/uploads\/2022\/05\/IMG-20220523-WA0025-768x524.jpg 768w, http:\/\/www.celttv.com.ar\/wp-content\/uploads\/2022\/05\/IMG-20220523-WA0025.jpg 1333w\" alt=\"\" width=\"1024\" height=\"698\" \/><\/figure>\n<\/div>\n<p>&nbsp;<\/p>\n<p><strong>Fuente CELTTV<\/strong><\/p>\n","protected":false},"excerpt":{"rendered":"<p>La joven Candela Calabrese y su familia de Tornquist est\u00e1n compartiendo momentos inolvidables en Italia, lugar al que fueron convocados para que sean testigos directos de la canonizaci\u00f3n de \u201cMaria Domenica Mantovani\u201d.<\/p>\n","protected":false},"author":3,"featured_media":0,"comment_status":"closed","ping_status":"closed","sticky":false,"template":"","format":"standard","meta":{"footnotes":""},"categories":[26],"tags":[],"class_list":["post-72554","post","type-post","status-publish","format-standard","hentry","category-sociedad"],"yoast_head":"<!-- This site is optimized with the Yoast SEO plugin v25.9 - https:\/\/yoast.com\/wordpress\/plugins\/seo\/ -->\n<title>El emotivo encuentro de Candela Calabrese y su familia con el Papa Francisco - Noticias Radio Reflejos<\/title>\n<meta name=\"robots\" content=\"index, follow, max-snippet:-1, max-image-preview:large, max-video-preview:-1\" \/>\n<link rel=\"canonical\" href=\"https:\/\/www.noticiasradioreflejos.com.ar\/2021\/el-emotivo-encuentro-de-candela-calabrese-y-su-familia-con-el-papa-francisco\/\" \/>\n<meta property=\"og:locale\" content=\"es_ES\" \/>\n<meta property=\"og:type\" content=\"article\" \/>\n<meta property=\"og:title\" content=\"El emotivo encuentro de Candela Calabrese y su familia con el Papa Francisco - Noticias Radio Reflejos\" \/>\n<meta property=\"og:description\" content=\"La joven Candela Calabrese y su familia de Tornquist est\u00e1n compartiendo momentos inolvidables en Italia, lugar al que fueron convocados para que sean testigos directos de la canonizaci\u00f3n de \u201cMaria Domenica Mantovani\u201d.\" \/>\n<meta property=\"og:url\" content=\"https:\/\/www.noticiasradioreflejos.com.ar\/2021\/el-emotivo-encuentro-de-candela-calabrese-y-su-familia-con-el-papa-francisco\/\" \/>\n<meta property=\"og:site_name\" content=\"Noticias Radio Reflejos\" \/>\n<meta property=\"article:published_time\" content=\"2022-05-24T10:34:29+00:00\" \/>\n<meta property=\"og:image\" content=\"http:\/\/www.celttv.com.ar\/wp-content\/uploads\/2022\/05\/IMG-20220523-WA0024-1.jpg\" \/>\n<meta name=\"author\" content=\"Arnaldo Botto\" \/>\n<meta name=\"twitter:card\" content=\"summary_large_image\" \/>\n<script type=\"application\/ld+json\" class=\"yoast-schema-graph\">{\"@context\":\"https:\/\/schema.org\",\"@graph\":[{\"@type\":\"WebPage\",\"@id\":\"https:\/\/www.noticiasradioreflejos.com.ar\/2021\/el-emotivo-encuentro-de-candela-calabrese-y-su-familia-con-el-papa-francisco\/\",\"url\":\"https:\/\/www.noticiasradioreflejos.com.ar\/2021\/el-emotivo-encuentro-de-candela-calabrese-y-su-familia-con-el-papa-francisco\/\",\"name\":\"El emotivo encuentro de Candela Calabrese y su familia con el Papa Francisco - Noticias Radio Reflejos\",\"isPartOf\":{\"@id\":\"https:\/\/www.noticiasradioreflejos.com.ar\/2021\/#website\"},\"primaryImageOfPage\":{\"@id\":\"https:\/\/www.noticiasradioreflejos.com.ar\/2021\/el-emotivo-encuentro-de-candela-calabrese-y-su-familia-con-el-papa-francisco\/#primaryimage\"},\"image\":{\"@id\":\"https:\/\/www.noticiasradioreflejos.com.ar\/2021\/el-emotivo-encuentro-de-candela-calabrese-y-su-familia-con-el-papa-francisco\/#primaryimage\"},\"thumbnailUrl\":\"http:\/\/www.celttv.com.ar\/wp-content\/uploads\/2022\/05\/IMG-20220523-WA0024-1.jpg\",\"datePublished\":\"2022-05-24T10:34:29+00:00\",\"author\":{\"@id\":\"https:\/\/www.noticiasradioreflejos.com.ar\/2021\/#\/schema\/person\/ad82545263dcc5ec0996818884fd5fb1\"},\"breadcrumb\":{\"@id\":\"https:\/\/www.noticiasradioreflejos.com.ar\/2021\/el-emotivo-encuentro-de-candela-calabrese-y-su-familia-con-el-papa-francisco\/#breadcrumb\"},\"inLanguage\":\"es\",\"potentialAction\":[{\"@type\":\"ReadAction\",\"target\":[\"https:\/\/www.noticiasradioreflejos.com.ar\/2021\/el-emotivo-encuentro-de-candela-calabrese-y-su-familia-con-el-papa-francisco\/\"]}]},{\"@type\":\"ImageObject\",\"inLanguage\":\"es\",\"@id\":\"https:\/\/www.noticiasradioreflejos.com.ar\/2021\/el-emotivo-encuentro-de-candela-calabrese-y-su-familia-con-el-papa-francisco\/#primaryimage\",\"url\":\"http:\/\/www.celttv.com.ar\/wp-content\/uploads\/2022\/05\/IMG-20220523-WA0024-1.jpg\",\"contentUrl\":\"http:\/\/www.celttv.com.ar\/wp-content\/uploads\/2022\/05\/IMG-20220523-WA0024-1.jpg\"},{\"@type\":\"BreadcrumbList\",\"@id\":\"https:\/\/www.noticiasradioreflejos.com.ar\/2021\/el-emotivo-encuentro-de-candela-calabrese-y-su-familia-con-el-papa-francisco\/#breadcrumb\",\"itemListElement\":[{\"@type\":\"ListItem\",\"position\":1,\"name\":\"Portada\",\"item\":\"https:\/\/www.noticiasradioreflejos.com.ar\/2021\/\"},{\"@type\":\"ListItem\",\"position\":2,\"name\":\"El emotivo encuentro de Candela Calabrese y su familia con el Papa Francisco\"}]},{\"@type\":\"WebSite\",\"@id\":\"https:\/\/www.noticiasradioreflejos.com.ar\/2021\/#website\",\"url\":\"https:\/\/www.noticiasradioreflejos.com.ar\/2021\/\",\"name\":\"Noticias Radio Reflejos\",\"description\":\"Las noticias de mi comarca\",\"potentialAction\":[{\"@type\":\"SearchAction\",\"target\":{\"@type\":\"EntryPoint\",\"urlTemplate\":\"https:\/\/www.noticiasradioreflejos.com.ar\/2021\/?s={search_term_string}\"},\"query-input\":{\"@type\":\"PropertyValueSpecification\",\"valueRequired\":true,\"valueName\":\"search_term_string\"}}],\"inLanguage\":\"es\"},{\"@type\":\"Person\",\"@id\":\"https:\/\/www.noticiasradioreflejos.com.ar\/2021\/#\/schema\/person\/ad82545263dcc5ec0996818884fd5fb1\",\"name\":\"Arnaldo Botto\",\"image\":{\"@type\":\"ImageObject\",\"inLanguage\":\"es\",\"@id\":\"https:\/\/www.noticiasradioreflejos.com.ar\/2021\/#\/schema\/person\/image\/\",\"url\":\"https:\/\/secure.gravatar.com\/avatar\/55cb5e37c1efa326397366e6974cb338056df65cb50e7d64d1cf314e87504837?s=96&d=mm&r=g\",\"contentUrl\":\"https:\/\/secure.gravatar.com\/avatar\/55cb5e37c1efa326397366e6974cb338056df65cb50e7d64d1cf314e87504837?s=96&d=mm&r=g\",\"caption\":\"Arnaldo Botto\"},\"url\":\"https:\/\/www.noticiasradioreflejos.com.ar\/2021\/author\/arnaldo\/\"}]}<\/script>\n<!-- \/ Yoast SEO plugin. -->","yoast_head_json":{"title":"El emotivo encuentro de Candela Calabrese y su familia con el Papa Francisco - Noticias Radio Reflejos","robots":{"index":"index","follow":"follow","max-snippet":"max-snippet:-1","max-image-preview":"max-image-preview:large","max-video-preview":"max-video-preview:-1"},"canonical":"https:\/\/www.noticiasradioreflejos.com.ar\/2021\/el-emotivo-encuentro-de-candela-calabrese-y-su-familia-con-el-papa-francisco\/","og_locale":"es_ES","og_type":"article","og_title":"El emotivo encuentro de Candela Calabrese y su familia con el Papa Francisco - Noticias Radio Reflejos","og_description":"La joven Candela Calabrese y su familia de Tornquist est\u00e1n compartiendo momentos inolvidables en Italia, lugar al que fueron convocados para que sean testigos directos de la canonizaci\u00f3n de \u201cMaria Domenica Mantovani\u201d.","og_url":"https:\/\/www.noticiasradioreflejos.com.ar\/2021\/el-emotivo-encuentro-de-candela-calabrese-y-su-familia-con-el-papa-francisco\/","og_site_name":"Noticias Radio Reflejos","article_published_time":"2022-05-24T10:34:29+00:00","og_image":[{"url":"http:\/\/www.celttv.com.ar\/wp-content\/uploads\/2022\/05\/IMG-20220523-WA0024-1.jpg","type":"","width":"","height":""}],"author":"Arnaldo Botto","twitter_card":"summary_large_image","schema":{"@context":"https:\/\/schema.org","@graph":[{"@type":"WebPage","@id":"https:\/\/www.noticiasradioreflejos.com.ar\/2021\/el-emotivo-encuentro-de-candela-calabrese-y-su-familia-con-el-papa-francisco\/","url":"https:\/\/www.noticiasradioreflejos.com.ar\/2021\/el-emotivo-encuentro-de-candela-calabrese-y-su-familia-con-el-papa-francisco\/","name":"El emotivo encuentro de Candela Calabrese y su familia con el Papa Francisco - Noticias Radio Reflejos","isPartOf":{"@id":"https:\/\/www.noticiasradioreflejos.com.ar\/2021\/#website"},"primaryImageOfPage":{"@id":"https:\/\/www.noticiasradioreflejos.com.ar\/2021\/el-emotivo-encuentro-de-candela-calabrese-y-su-familia-con-el-papa-francisco\/#primaryimage"},"image":{"@id":"https:\/\/www.noticiasradioreflejos.com.ar\/2021\/el-emotivo-encuentro-de-candela-calabrese-y-su-familia-con-el-papa-francisco\/#primaryimage"},"thumbnailUrl":"http:\/\/www.celttv.com.ar\/wp-content\/uploads\/2022\/05\/IMG-20220523-WA0024-1.jpg","datePublished":"2022-05-24T10:34:29+00:00","author":{"@id":"https:\/\/www.noticiasradioreflejos.com.ar\/2021\/#\/schema\/person\/ad82545263dcc5ec0996818884fd5fb1"},"breadcrumb":{"@id":"https:\/\/www.noticiasradioreflejos.com.ar\/2021\/el-emotivo-encuentro-de-candela-calabrese-y-su-familia-con-el-papa-francisco\/#breadcrumb"},"inLanguage":"es","potentialAction":[{"@type":"ReadAction","target":["https:\/\/www.noticiasradioreflejos.com.ar\/2021\/el-emotivo-encuentro-de-candela-calabrese-y-su-familia-con-el-papa-francisco\/"]}]},{"@type":"ImageObject","inLanguage":"es","@id":"https:\/\/www.noticiasradioreflejos.com.ar\/2021\/el-emotivo-encuentro-de-candela-calabrese-y-su-familia-con-el-papa-francisco\/#primaryimage","url":"http:\/\/www.celttv.com.ar\/wp-content\/uploads\/2022\/05\/IMG-20220523-WA0024-1.jpg","contentUrl":"http:\/\/www.celttv.com.ar\/wp-content\/uploads\/2022\/05\/IMG-20220523-WA0024-1.jpg"},{"@type":"BreadcrumbList","@id":"https:\/\/www.noticiasradioreflejos.com.ar\/2021\/el-emotivo-encuentro-de-candela-calabrese-y-su-familia-con-el-papa-francisco\/#breadcrumb","itemListElement":[{"@type":"ListItem","position":1,"name":"Portada","item":"https:\/\/www.noticiasradioreflejos.com.ar\/2021\/"},{"@type":"ListItem","position":2,"name":"El emotivo encuentro de Candela Calabrese y su familia con el Papa Francisco"}]},{"@type":"WebSite","@id":"https:\/\/www.noticiasradioreflejos.com.ar\/2021\/#website","url":"https:\/\/www.noticiasradioreflejos.com.ar\/2021\/","name":"Noticias Radio Reflejos","description":"Las noticias de mi comarca","potentialAction":[{"@type":"SearchAction","target":{"@type":"EntryPoint","urlTemplate":"https:\/\/www.noticiasradioreflejos.com.ar\/2021\/?s={search_term_string}"},"query-input":{"@type":"PropertyValueSpecification","valueRequired":true,"valueName":"search_term_string"}}],"inLanguage":"es"},{"@type":"Person","@id":"https:\/\/www.noticiasradioreflejos.com.ar\/2021\/#\/schema\/person\/ad82545263dcc5ec0996818884fd5fb1","name":"Arnaldo Botto","image":{"@type":"ImageObject","inLanguage":"es","@id":"https:\/\/www.noticiasradioreflejos.com.ar\/2021\/#\/schema\/person\/image\/","url":"https:\/\/secure.gravatar.com\/avatar\/55cb5e37c1efa326397366e6974cb338056df65cb50e7d64d1cf314e87504837?s=96&d=mm&r=g","contentUrl":"https:\/\/secure.gravatar.com\/avatar\/55cb5e37c1efa326397366e6974cb338056df65cb50e7d64d1cf314e87504837?s=96&d=mm&r=g","caption":"Arnaldo Botto"},"url":"https:\/\/www.noticiasradioreflejos.com.ar\/2021\/author\/arnaldo\/"}]}},"_links":{"self":[{"href":"https:\/\/www.noticiasradioreflejos.com.ar\/2021\/wp-json\/wp\/v2\/posts\/72554","targetHints":{"allow":["GET"]}}],"collection":[{"href":"https:\/\/www.noticiasradioreflejos.com.ar\/2021\/wp-json\/wp\/v2\/posts"}],"about":[{"href":"https:\/\/www.noticiasradioreflejos.com.ar\/2021\/wp-json\/wp\/v2\/types\/post"}],"author":[{"embeddable":true,"href":"https:\/\/www.noticiasradioreflejos.com.ar\/2021\/wp-json\/wp\/v2\/users\/3"}],"replies":[{"embeddable":true,"href":"https:\/\/www.noticiasradioreflejos.com.ar\/2021\/wp-json\/wp\/v2\/comments?post=72554"}],"version-history":[{"count":1,"href":"https:\/\/www.noticiasradioreflejos.com.ar\/2021\/wp-json\/wp\/v2\/posts\/72554\/revisions"}],"predecessor-version":[{"id":72556,"href":"https:\/\/www.noticiasradioreflejos.com.ar\/2021\/wp-json\/wp\/v2\/posts\/72554\/revisions\/72556"}],"wp:attachment":[{"href":"https:\/\/www.noticiasradioreflejos.com.ar\/2021\/wp-json\/wp\/v2\/media?parent=72554"}],"wp:term":[{"taxonomy":"category","embeddable":true,"href":"https:\/\/www.noticiasradioreflejos.com.ar\/2021\/wp-json\/wp\/v2\/categories?post=72554"},{"taxonomy":"post_tag","embeddable":true,"href":"https:\/\/www.noticiasradioreflejos.com.ar\/2021\/wp-json\/wp\/v2\/tags?post=72554"}],"curies":[{"name":"wp","href":"https:\/\/api.w.org\/{rel}","templated":true}]}}