{"id":72545,"date":"2022-05-24T08:01:18","date_gmt":"2022-05-24T08:01:18","guid":{"rendered":"http:\/\/www.noticiasradioreflejos.com.ar\/2021\/?p=72545"},"modified":"2022-05-24T08:05:53","modified_gmt":"2022-05-24T08:05:53","slug":"medicina-psicologia-y-abogacia-las-carreras-mas-elegidas-en-la-uba","status":"publish","type":"post","link":"https:\/\/www.noticiasradioreflejos.com.ar\/2021\/medicina-psicologia-y-abogacia-las-carreras-mas-elegidas-en-la-uba\/","title":{"rendered":"Medicina, Psicolog\u00eda y Abogac\u00eda, las carreras m\u00e1s elegidas en la UBA"},"content":{"rendered":"<p>En el 2022 Medicina (con 10.082 alumnos), Psicolog\u00eda (6.862) y Abogac\u00eda (4.264) son las carreras con m\u00e1s inscriptos en el Ciclo B\u00e1sico Com\u00fan. A su vez Ciencias Sociales y Filosof\u00eda y Letras son dos facultades que registran ca\u00eddas en la matr\u00edcula por quinto a\u00f1o consecutivo.<!--more--><\/p>\n<figure class=\"mb-3\"><img decoding=\"async\" src=\"https:\/\/www.telam.com.ar\/thumbs\/bluesteel\/advf\/imagenes\/2019\/07\/5d2b61ee2de68_900.jpg\" alt=\"La Facultad de Medicina registr ms de 20 mil inscriptos la mitad de ellos para la carrera de Medicina\" width=\"100%\" height=\"100%\" \/><\/p>\n<div class=\"media-icons\"><\/div><figcaption>La Facultad de Medicina registr\u00f3 m\u00e1s de 20 mil inscriptos, la mitad de ellos, para la carrera de Medicina.<\/figcaption><\/figure>\n<p>El Ciclo B\u00e1sico Com\u00fan (CBC) de la Universidad Nacional de Buenos Aires (UBA) recibi\u00f3 a 63.044 ingresantes en el primer cuatrimestre de 2022, y las tres carreras m\u00e1s elegidas fueron\u00a0<strong>las mismas que en los \u00faltimos cinco a\u00f1os:\u00a0<\/strong>Medicina, Psicolog\u00eda y Abogac\u00eda , informaron este lunes desde esa casa de altos estudios.<\/p>\n<p>De esta forma, el mayor n\u00famero de ingresantes al CBC en el primer cuatrimestre -durante los \u00faltimos cinco a\u00f1os- se registr\u00f3\u00a0<strong>en 2021, con 66.651 alumnos, y 2020, con 63.092, quedando el 2022 en el tercer puerto del total de matriculados (63.044).<\/strong><\/p>\n<p>En 2022, la Facultad de\u00a0<strong>Medicina fue la que cont\u00f3 con mayor cantidad de inscriptos<\/strong>, 20.004 ingresantes, y la carrera de Medicina fue la m\u00e1s elegida este a\u00f1o, con 10.082 alumnos.<\/p>\n<p>La sigue en el ranking la Facultad de\u00a0<strong>Derecho, con 4.915 inscriptos<\/strong>, de los cuales 4.264 se anotaron para cursar Abogac\u00eda.<\/p>\n<p>En el tercer lugar se ubica la Facultad de\u00a0<strong>Ciencias Econ\u00f3micas, con 7.550 inscriptos<\/strong>, siendo la carrera de Contador P\u00fablico la m\u00e1s elegida, con 2.800 estudiantes.<\/p>\n<p>Por su parte,\u00a0<strong>Arquitectura y Urbanismo registr\u00f3 7.267 ingresantes<\/strong>, de los cuales 2.746 se anotaron en Arquitectura, y una de sus carreras, Dise\u00f1o de Indumentaria, aument\u00f3 la matr\u00edcula de 92 inscriptos en el a\u00f1o 2016 a 1.291 en 2022.<\/p>\n<p>En tanto, en la Facultad de\u00a0<strong>Psicolog\u00eda se registraron 7.214 nuevos alumnos\u00a0<\/strong>y la carrera de Psicolog\u00eda fue la m\u00e1s elegida, con 6.862 ingresantes.<\/p>\n<p>En cuanto a la Facultad de<strong>\u00a0Ingenier\u00eda, cont\u00f3 con 4751 nuevos alumnos\u00a0<\/strong>y la carrera de Ingenier\u00eda en Inform\u00e1tica fue la m\u00e1s preciada, con 1.776 inscriptos, y por primera vez, en cinco a\u00f1os, la carrera de Ingenier\u00eda en Alimentos registr\u00f3 inscriptos en el primer cuatrimestre (99).<\/p>\n<p>Por otro lado, en la Facultad de\u00a0<strong>Ciencias Exactas y Naturales se matricularon 2.721 alumnos<\/strong>, y la carrera m\u00e1s elegida fue Ciencia de Datos con 599 inscriptos, siendo \u00e9ste su segundo a\u00f1o consecutivo en que se encuentra disponible.<\/p>\n<p>Asimismo, en la Facultad de\u00a0<strong>Ciencias Sociales se registraron 2.251 matr\u00edculas<\/strong>\u00a0y la carrera con m\u00e1s inscriptos fue Ciencias de la Comunicaci\u00f3n Social (759), sin embargo, en esta facultad se\u00a0<strong>registra una ca\u00edda continua de la matr\u00edcula en los registros de los \u00faltimos cinco a\u00f1os, al igual que la Facultad de Filosof\u00eda y Letras<\/strong>, en la que se registraron 1.713 inscriptos en total y la carrera de Letras fue la que cont\u00f3 con el mayor n\u00famero de ingresantes (368).<\/p>\n<p>Por su parte, en\u00a0<strong>Farmacia y Bioqu\u00edmica hubo 1474 inscriptos\u00a0<\/strong>y fue Bioqu\u00edmica (885) la m\u00e1s elegida, mientras que en\u00a0<strong>Ciencias Veterinarias la matr\u00edcula fue de 1.485 alumnos<\/strong>, de los cuales 1.482 estudiaron esta carrera.<\/p>\n<p>En la Facultad de\u00a0<strong>Agronom\u00eda se registraron 675 inscriptos<\/strong>\u00a0en total, siendo la carrera de Agronom\u00eda la que cont\u00f3 con la mayor cantidad de estudiantes (306), mientras que la carrera de\u00a0<strong>Martillero y Corredor P\u00fablico Rural no cuenta con ning\u00fan inscripto desde el 2020<\/strong>, donde se registraron los \u00faltimos 10.<\/p>\n<p>Por \u00faltimo, el Rectorado, donde se cursa con la carrera de\u00a0<strong>Tecnicatura en Administraci\u00f3n y Gesti\u00f3n Universitaria, cont\u00f3 con 17 inscriptos.<\/strong><\/p>\n","protected":false},"excerpt":{"rendered":"<p>En el 2022 Medicina (con 10.082 alumnos), Psicolog\u00eda (6.862) y Abogac\u00eda (4.264) son las carreras con m\u00e1s inscriptos en el Ciclo B\u00e1sico Com\u00fan. A su vez Ciencias Sociales y Filosof\u00eda y Letras son dos facultades que registran ca\u00eddas en la matr\u00edcula por quinto a\u00f1o consecutivo.<\/p>\n","protected":false},"author":3,"featured_media":0,"comment_status":"closed","ping_status":"closed","sticky":false,"template":"","format":"standard","meta":{"footnotes":""},"categories":[34,26],"tags":[],"class_list":["post-72545","post","type-post","status-publish","format-standard","hentry","category-educacion","category-sociedad"],"yoast_head":"<!-- This site is optimized with the Yoast SEO plugin v25.9 - https:\/\/yoast.com\/wordpress\/plugins\/seo\/ -->\n<title>Medicina, Psicolog\u00eda y Abogac\u00eda, las carreras m\u00e1s elegidas en la UBA - Noticias Radio Reflejos<\/title>\n<meta name=\"robots\" content=\"index, follow, max-snippet:-1, max-image-preview:large, max-video-preview:-1\" \/>\n<link rel=\"canonical\" href=\"https:\/\/www.noticiasradioreflejos.com.ar\/2021\/medicina-psicologia-y-abogacia-las-carreras-mas-elegidas-en-la-uba\/\" \/>\n<meta property=\"og:locale\" content=\"es_ES\" \/>\n<meta property=\"og:type\" content=\"article\" \/>\n<meta property=\"og:title\" content=\"Medicina, Psicolog\u00eda y Abogac\u00eda, las carreras m\u00e1s elegidas en la UBA - Noticias Radio Reflejos\" \/>\n<meta property=\"og:description\" content=\"En el 2022 Medicina (con 10.082 alumnos), Psicolog\u00eda (6.862) y Abogac\u00eda (4.264) son las carreras con m\u00e1s inscriptos en el Ciclo B\u00e1sico Com\u00fan. A su vez Ciencias Sociales y Filosof\u00eda y Letras son dos facultades que registran ca\u00eddas en la matr\u00edcula por quinto a\u00f1o consecutivo.\" \/>\n<meta property=\"og:url\" content=\"https:\/\/www.noticiasradioreflejos.com.ar\/2021\/medicina-psicologia-y-abogacia-las-carreras-mas-elegidas-en-la-uba\/\" \/>\n<meta property=\"og:site_name\" content=\"Noticias Radio Reflejos\" \/>\n<meta property=\"article:published_time\" content=\"2022-05-24T08:01:18+00:00\" \/>\n<meta property=\"article:modified_time\" content=\"2022-05-24T08:05:53+00:00\" \/>\n<meta property=\"og:image\" content=\"https:\/\/www.telam.com.ar\/thumbs\/bluesteel\/advf\/imagenes\/2019\/07\/5d2b61ee2de68_900.jpg\" \/>\n<meta name=\"author\" content=\"Arnaldo Botto\" \/>\n<meta name=\"twitter:card\" content=\"summary_large_image\" \/>\n<script type=\"application\/ld+json\" class=\"yoast-schema-graph\">{\"@context\":\"https:\/\/schema.org\",\"@graph\":[{\"@type\":\"WebPage\",\"@id\":\"https:\/\/www.noticiasradioreflejos.com.ar\/2021\/medicina-psicologia-y-abogacia-las-carreras-mas-elegidas-en-la-uba\/\",\"url\":\"https:\/\/www.noticiasradioreflejos.com.ar\/2021\/medicina-psicologia-y-abogacia-las-carreras-mas-elegidas-en-la-uba\/\",\"name\":\"Medicina, Psicolog\u00eda y Abogac\u00eda, las carreras m\u00e1s elegidas en la UBA - Noticias Radio Reflejos\",\"isPartOf\":{\"@id\":\"https:\/\/www.noticiasradioreflejos.com.ar\/2021\/#website\"},\"primaryImageOfPage\":{\"@id\":\"https:\/\/www.noticiasradioreflejos.com.ar\/2021\/medicina-psicologia-y-abogacia-las-carreras-mas-elegidas-en-la-uba\/#primaryimage\"},\"image\":{\"@id\":\"https:\/\/www.noticiasradioreflejos.com.ar\/2021\/medicina-psicologia-y-abogacia-las-carreras-mas-elegidas-en-la-uba\/#primaryimage\"},\"thumbnailUrl\":\"https:\/\/www.telam.com.ar\/thumbs\/bluesteel\/advf\/imagenes\/2019\/07\/5d2b61ee2de68_900.jpg\",\"datePublished\":\"2022-05-24T08:01:18+00:00\",\"dateModified\":\"2022-05-24T08:05:53+00:00\",\"author\":{\"@id\":\"https:\/\/www.noticiasradioreflejos.com.ar\/2021\/#\/schema\/person\/ad82545263dcc5ec0996818884fd5fb1\"},\"breadcrumb\":{\"@id\":\"https:\/\/www.noticiasradioreflejos.com.ar\/2021\/medicina-psicologia-y-abogacia-las-carreras-mas-elegidas-en-la-uba\/#breadcrumb\"},\"inLanguage\":\"es\",\"potentialAction\":[{\"@type\":\"ReadAction\",\"target\":[\"https:\/\/www.noticiasradioreflejos.com.ar\/2021\/medicina-psicologia-y-abogacia-las-carreras-mas-elegidas-en-la-uba\/\"]}]},{\"@type\":\"ImageObject\",\"inLanguage\":\"es\",\"@id\":\"https:\/\/www.noticiasradioreflejos.com.ar\/2021\/medicina-psicologia-y-abogacia-las-carreras-mas-elegidas-en-la-uba\/#primaryimage\",\"url\":\"https:\/\/www.telam.com.ar\/thumbs\/bluesteel\/advf\/imagenes\/2019\/07\/5d2b61ee2de68_900.jpg\",\"contentUrl\":\"https:\/\/www.telam.com.ar\/thumbs\/bluesteel\/advf\/imagenes\/2019\/07\/5d2b61ee2de68_900.jpg\"},{\"@type\":\"BreadcrumbList\",\"@id\":\"https:\/\/www.noticiasradioreflejos.com.ar\/2021\/medicina-psicologia-y-abogacia-las-carreras-mas-elegidas-en-la-uba\/#breadcrumb\",\"itemListElement\":[{\"@type\":\"ListItem\",\"position\":1,\"name\":\"Portada\",\"item\":\"https:\/\/www.noticiasradioreflejos.com.ar\/2021\/\"},{\"@type\":\"ListItem\",\"position\":2,\"name\":\"Medicina, Psicolog\u00eda y Abogac\u00eda, las carreras m\u00e1s elegidas en la UBA\"}]},{\"@type\":\"WebSite\",\"@id\":\"https:\/\/www.noticiasradioreflejos.com.ar\/2021\/#website\",\"url\":\"https:\/\/www.noticiasradioreflejos.com.ar\/2021\/\",\"name\":\"Noticias Radio Reflejos\",\"description\":\"Las noticias de mi comarca\",\"potentialAction\":[{\"@type\":\"SearchAction\",\"target\":{\"@type\":\"EntryPoint\",\"urlTemplate\":\"https:\/\/www.noticiasradioreflejos.com.ar\/2021\/?s={search_term_string}\"},\"query-input\":{\"@type\":\"PropertyValueSpecification\",\"valueRequired\":true,\"valueName\":\"search_term_string\"}}],\"inLanguage\":\"es\"},{\"@type\":\"Person\",\"@id\":\"https:\/\/www.noticiasradioreflejos.com.ar\/2021\/#\/schema\/person\/ad82545263dcc5ec0996818884fd5fb1\",\"name\":\"Arnaldo Botto\",\"image\":{\"@type\":\"ImageObject\",\"inLanguage\":\"es\",\"@id\":\"https:\/\/www.noticiasradioreflejos.com.ar\/2021\/#\/schema\/person\/image\/\",\"url\":\"https:\/\/secure.gravatar.com\/avatar\/55cb5e37c1efa326397366e6974cb338056df65cb50e7d64d1cf314e87504837?s=96&d=mm&r=g\",\"contentUrl\":\"https:\/\/secure.gravatar.com\/avatar\/55cb5e37c1efa326397366e6974cb338056df65cb50e7d64d1cf314e87504837?s=96&d=mm&r=g\",\"caption\":\"Arnaldo Botto\"},\"url\":\"https:\/\/www.noticiasradioreflejos.com.ar\/2021\/author\/arnaldo\/\"}]}<\/script>\n<!-- \/ Yoast SEO plugin. -->","yoast_head_json":{"title":"Medicina, Psicolog\u00eda y Abogac\u00eda, las carreras m\u00e1s elegidas en la UBA - Noticias Radio Reflejos","robots":{"index":"index","follow":"follow","max-snippet":"max-snippet:-1","max-image-preview":"max-image-preview:large","max-video-preview":"max-video-preview:-1"},"canonical":"https:\/\/www.noticiasradioreflejos.com.ar\/2021\/medicina-psicologia-y-abogacia-las-carreras-mas-elegidas-en-la-uba\/","og_locale":"es_ES","og_type":"article","og_title":"Medicina, Psicolog\u00eda y Abogac\u00eda, las carreras m\u00e1s elegidas en la UBA - Noticias Radio Reflejos","og_description":"En el 2022 Medicina (con 10.082 alumnos), Psicolog\u00eda (6.862) y Abogac\u00eda (4.264) son las carreras con m\u00e1s inscriptos en el Ciclo B\u00e1sico Com\u00fan. A su vez Ciencias Sociales y Filosof\u00eda y Letras son dos facultades que registran ca\u00eddas en la matr\u00edcula por quinto a\u00f1o consecutivo.","og_url":"https:\/\/www.noticiasradioreflejos.com.ar\/2021\/medicina-psicologia-y-abogacia-las-carreras-mas-elegidas-en-la-uba\/","og_site_name":"Noticias Radio Reflejos","article_published_time":"2022-05-24T08:01:18+00:00","article_modified_time":"2022-05-24T08:05:53+00:00","og_image":[{"url":"https:\/\/www.telam.com.ar\/thumbs\/bluesteel\/advf\/imagenes\/2019\/07\/5d2b61ee2de68_900.jpg","type":"","width":"","height":""}],"author":"Arnaldo Botto","twitter_card":"summary_large_image","schema":{"@context":"https:\/\/schema.org","@graph":[{"@type":"WebPage","@id":"https:\/\/www.noticiasradioreflejos.com.ar\/2021\/medicina-psicologia-y-abogacia-las-carreras-mas-elegidas-en-la-uba\/","url":"https:\/\/www.noticiasradioreflejos.com.ar\/2021\/medicina-psicologia-y-abogacia-las-carreras-mas-elegidas-en-la-uba\/","name":"Medicina, Psicolog\u00eda y Abogac\u00eda, las carreras m\u00e1s elegidas en la UBA - Noticias Radio Reflejos","isPartOf":{"@id":"https:\/\/www.noticiasradioreflejos.com.ar\/2021\/#website"},"primaryImageOfPage":{"@id":"https:\/\/www.noticiasradioreflejos.com.ar\/2021\/medicina-psicologia-y-abogacia-las-carreras-mas-elegidas-en-la-uba\/#primaryimage"},"image":{"@id":"https:\/\/www.noticiasradioreflejos.com.ar\/2021\/medicina-psicologia-y-abogacia-las-carreras-mas-elegidas-en-la-uba\/#primaryimage"},"thumbnailUrl":"https:\/\/www.telam.com.ar\/thumbs\/bluesteel\/advf\/imagenes\/2019\/07\/5d2b61ee2de68_900.jpg","datePublished":"2022-05-24T08:01:18+00:00","dateModified":"2022-05-24T08:05:53+00:00","author":{"@id":"https:\/\/www.noticiasradioreflejos.com.ar\/2021\/#\/schema\/person\/ad82545263dcc5ec0996818884fd5fb1"},"breadcrumb":{"@id":"https:\/\/www.noticiasradioreflejos.com.ar\/2021\/medicina-psicologia-y-abogacia-las-carreras-mas-elegidas-en-la-uba\/#breadcrumb"},"inLanguage":"es","potentialAction":[{"@type":"ReadAction","target":["https:\/\/www.noticiasradioreflejos.com.ar\/2021\/medicina-psicologia-y-abogacia-las-carreras-mas-elegidas-en-la-uba\/"]}]},{"@type":"ImageObject","inLanguage":"es","@id":"https:\/\/www.noticiasradioreflejos.com.ar\/2021\/medicina-psicologia-y-abogacia-las-carreras-mas-elegidas-en-la-uba\/#primaryimage","url":"https:\/\/www.telam.com.ar\/thumbs\/bluesteel\/advf\/imagenes\/2019\/07\/5d2b61ee2de68_900.jpg","contentUrl":"https:\/\/www.telam.com.ar\/thumbs\/bluesteel\/advf\/imagenes\/2019\/07\/5d2b61ee2de68_900.jpg"},{"@type":"BreadcrumbList","@id":"https:\/\/www.noticiasradioreflejos.com.ar\/2021\/medicina-psicologia-y-abogacia-las-carreras-mas-elegidas-en-la-uba\/#breadcrumb","itemListElement":[{"@type":"ListItem","position":1,"name":"Portada","item":"https:\/\/www.noticiasradioreflejos.com.ar\/2021\/"},{"@type":"ListItem","position":2,"name":"Medicina, Psicolog\u00eda y Abogac\u00eda, las carreras m\u00e1s elegidas en la UBA"}]},{"@type":"WebSite","@id":"https:\/\/www.noticiasradioreflejos.com.ar\/2021\/#website","url":"https:\/\/www.noticiasradioreflejos.com.ar\/2021\/","name":"Noticias Radio Reflejos","description":"Las noticias de mi comarca","potentialAction":[{"@type":"SearchAction","target":{"@type":"EntryPoint","urlTemplate":"https:\/\/www.noticiasradioreflejos.com.ar\/2021\/?s={search_term_string}"},"query-input":{"@type":"PropertyValueSpecification","valueRequired":true,"valueName":"search_term_string"}}],"inLanguage":"es"},{"@type":"Person","@id":"https:\/\/www.noticiasradioreflejos.com.ar\/2021\/#\/schema\/person\/ad82545263dcc5ec0996818884fd5fb1","name":"Arnaldo Botto","image":{"@type":"ImageObject","inLanguage":"es","@id":"https:\/\/www.noticiasradioreflejos.com.ar\/2021\/#\/schema\/person\/image\/","url":"https:\/\/secure.gravatar.com\/avatar\/55cb5e37c1efa326397366e6974cb338056df65cb50e7d64d1cf314e87504837?s=96&d=mm&r=g","contentUrl":"https:\/\/secure.gravatar.com\/avatar\/55cb5e37c1efa326397366e6974cb338056df65cb50e7d64d1cf314e87504837?s=96&d=mm&r=g","caption":"Arnaldo Botto"},"url":"https:\/\/www.noticiasradioreflejos.com.ar\/2021\/author\/arnaldo\/"}]}},"_links":{"self":[{"href":"https:\/\/www.noticiasradioreflejos.com.ar\/2021\/wp-json\/wp\/v2\/posts\/72545","targetHints":{"allow":["GET"]}}],"collection":[{"href":"https:\/\/www.noticiasradioreflejos.com.ar\/2021\/wp-json\/wp\/v2\/posts"}],"about":[{"href":"https:\/\/www.noticiasradioreflejos.com.ar\/2021\/wp-json\/wp\/v2\/types\/post"}],"author":[{"embeddable":true,"href":"https:\/\/www.noticiasradioreflejos.com.ar\/2021\/wp-json\/wp\/v2\/users\/3"}],"replies":[{"embeddable":true,"href":"https:\/\/www.noticiasradioreflejos.com.ar\/2021\/wp-json\/wp\/v2\/comments?post=72545"}],"version-history":[{"count":1,"href":"https:\/\/www.noticiasradioreflejos.com.ar\/2021\/wp-json\/wp\/v2\/posts\/72545\/revisions"}],"predecessor-version":[{"id":72546,"href":"https:\/\/www.noticiasradioreflejos.com.ar\/2021\/wp-json\/wp\/v2\/posts\/72545\/revisions\/72546"}],"wp:attachment":[{"href":"https:\/\/www.noticiasradioreflejos.com.ar\/2021\/wp-json\/wp\/v2\/media?parent=72545"}],"wp:term":[{"taxonomy":"category","embeddable":true,"href":"https:\/\/www.noticiasradioreflejos.com.ar\/2021\/wp-json\/wp\/v2\/categories?post=72545"},{"taxonomy":"post_tag","embeddable":true,"href":"https:\/\/www.noticiasradioreflejos.com.ar\/2021\/wp-json\/wp\/v2\/tags?post=72545"}],"curies":[{"name":"wp","href":"https:\/\/api.w.org\/{rel}","templated":true}]}}