{"id":72531,"date":"2022-05-24T07:34:04","date_gmt":"2022-05-24T07:34:04","guid":{"rendered":"http:\/\/www.noticiasradioreflejos.com.ar\/2021\/?p=72531"},"modified":"2022-05-24T07:34:04","modified_gmt":"2022-05-24T07:34:04","slug":"convocatoria-para-asamblea-general-ordinaria-ano-2022-de-la-asociacion-de-fomento-de-villa-ventana","status":"publish","type":"post","link":"https:\/\/www.noticiasradioreflejos.com.ar\/2021\/convocatoria-para-asamblea-general-ordinaria-ano-2022-de-la-asociacion-de-fomento-de-villa-ventana\/","title":{"rendered":"Convocatoria para asamblea general ordinaria a\u00f1o 2022  de la Asociaci\u00f3n de Fomento\u00a0 de Villa Ventana"},"content":{"rendered":"<p>La Comisi\u00f3n Directiva de la Asociaci\u00f3n de Fomento y Educaci\u00f3n Cultural y F\u00edsica de Villa Ventana convoca a sus asociados a la Asamblea General Ordinaria a celebrarse en la sede social sita en la Calle Cruz del Sur de la localidad de Villa Ventana, Partido de Tornquist, el d\u00eda <strong><u>domingo 26 de junio de 2022<\/u><\/strong>, a las 9 horas en primera convocatoria y, una hora despu\u00e9s, en segunda convocatoria, para considerar el siguiente \u201cOrden del d\u00eda\u201d:<!--more--><\/p>\n<p><strong><u>ORDEN DEL D\u00cdA<\/u><\/strong><\/p>\n<p>1-Lectura del acta anterior.<\/p>\n<p>2-Designaci\u00f3n de dos asociados para que en forma conjunta con la Presidente y la Secretaria suscriban el acta de la presente Asamblea General Ordinaria.<\/p>\n<p>3-Motivos por los cuales la Asamblea se realiza fuera de t\u00e9rmino.<\/p>\n<p>4-Consideraci\u00f3n de la Memoria, Balance General e Informe de la Comisi\u00f3n Revisora de Cuentas y Gesti\u00f3n de la Comisi\u00f3n Directiva para el ejercicio 2021.<\/p>\n<p>5-Acciones realizadas entre el 1 de enero y 26 de junio de 2022.<\/p>\n<p>6-Designaci\u00f3n de una Junta escrutadora.<\/p>\n<p>7-Renovaci\u00f3n de la Comisi\u00f3n Directiva y de la Comisi\u00f3n Revisora de Cuentas conforme lo establecen los art\u00edculos 17 y 19 del Estatuto Social.<\/p>\n<p><strong>Por dos a\u00f1os<\/strong>: Presidente, Secretario, Protesorero, 2 Vocales Titulares, 2 Vocales Suplentes, 1 Revisor de Cuentas Titular (Todos por terminaci\u00f3n de mandato).<\/p>\n<p><strong>\u00a0 Por un a\u00f1o<\/strong>:\u00a0 Prosecretario y\u00a0 1 Vocal Titular (Por renuncia).<\/p>\n<p>8-Tratamiento de la cuota social y campa\u00f1a de socios.<\/p>\n<p>\u201cArt\u00edculo trig\u00e9simo tercero: Las Asambleas se celebrar\u00e1n v\u00e1lidamente con la presencia de la mitad m\u00e1s uno de los asociados con derecho a voto. Una hora despu\u00e9s de la fijada, si antes no se hubiera conseguido ese n\u00famero, se reunir\u00e1 legalmente constituida con el N\u00ba de socios presentes, siempre que no fuera inferior al total de miembros titulares de la Comisi\u00f3n Directiva.\u201d<\/p>\n<p><em>\u00a0<\/em>\u00a0\u00a0\u00a0\u00a0\u00a0\u00a0\u00a0\u00a0\u00a0\u00a0\u00a0\u00a0\u00a0\u00a0\u00a0\u00a0\u00a0\u00a0\u00a0\u00a0\u00a0\u00a0\u00a0\u00a0\u00a0\u00a0\u00a0\u00a0\u00a0\u00a0\u00a0\u00a0\u00a0\u00a0\u00a0\u00a0\u00a0\u00a0\u00a0\u00a0\u00a0\u00a0Villa Ventana, 24 \u00a0de mayo de 2022.<\/p>\n<p>Mercedes Willich\u00a0\u00a0\u00a0\u00a0\u00a0\u00a0\u00a0\u00a0\u00a0\u00a0\u00a0\u00a0\u00a0\u00a0\u00a0\u00a0\u00a0\u00a0\u00a0\u00a0\u00a0\u00a0\u00a0\u00a0\u00a0\u00a0\u00a0\u00a0\u00a0\u00a0\u00a0\u00a0\u00a0\u00a0\u00a0\u00a0\u00a0\u00a0\u00a0\u00a0\u00a0\u00a0\u00a0\u00a0\u00a0\u00a0\u00a0\u00a0\u00a0\u00a0\u00a0\u00a0\u00a0\u00a0\u00a0\u00a0\u00a0\u00a0\u00a0\u00a0\u00a0\u00a0\u00a0\u00a0\u00a0\u00a0\u00a0\u00a0\u00a0\u00a0\u00a0\u00a0\u00a0\u00a0\u00a0\u00a0\u00a0\u00a0\u00a0\u00a0\u00a0\u00a0\u00a0\u00a0\u00a0\u00a0 Cristina Cal\u00f3nico\u00a0\u00a0\u00a0\u00a0\u00a0\u00a0\u00a0\u00a0\u00a0\u00a0\u00a0\u00a0\u00a0\u00a0\u00a0\u00a0\u00a0\u00a0\u00a0\u00a0 \u00a0\u00a0\u00a0\u00a0\u00a0\u00a0\u00a0\u00a0\u00a0\u00a0\u00a0Secretaria\u00a0\u00a0\u00a0\u00a0\u00a0\u00a0\u00a0\u00a0\u00a0\u00a0\u00a0\u00a0\u00a0\u00a0\u00a0\u00a0\u00a0\u00a0\u00a0\u00a0\u00a0\u00a0\u00a0\u00a0\u00a0\u00a0\u00a0\u00a0\u00a0\u00a0\u00a0\u00a0\u00a0\u00a0\u00a0\u00a0\u00a0\u00a0\u00a0\u00a0\u00a0\u00a0 \u00a0\u00a0\u00a0\u00a0\u00a0\u00a0\u00a0\u00a0\u00a0\u00a0\u00a0\u00a0\u00a0\u00a0\u00a0\u00a0\u00a0\u00a0\u00a0\u00a0\u00a0\u00a0\u00a0\u00a0\u00a0\u00a0\u00a0\u00a0\u00a0\u00a0\u00a0\u00a0\u00a0\u00a0\u00a0\u00a0\u00a0\u00a0\u00a0\u00a0\u00a0\u00a0\u00a0\u00a0\u00a0\u00a0\u00a0\u00a0\u00a0\u00a0\u00a0\u00a0\u00a0\u00a0\u00a0\u00a0\u00a0\u00a0\u00a0\u00a0\u00a0\u00a0\u00a0Presidenta<\/p>\n<p>&nbsp;<\/p>\n<p>&nbsp;<\/p>\n","protected":false},"excerpt":{"rendered":"<p>La Comisi\u00f3n Directiva de la Asociaci\u00f3n de Fomento y Educaci\u00f3n Cultural y F\u00edsica de Villa Ventana convoca a sus asociados a la Asamblea General Ordinaria a celebrarse en la sede social sita en la Calle Cruz del Sur de la localidad de Villa Ventana, Partido de Tornquist, el d\u00eda domingo 26 de junio de 2022, [&hellip;]<\/p>\n","protected":false},"author":3,"featured_media":38935,"comment_status":"closed","ping_status":"closed","sticky":false,"template":"","format":"standard","meta":{"footnotes":""},"categories":[26],"tags":[],"class_list":["post-72531","post","type-post","status-publish","format-standard","has-post-thumbnail","hentry","category-sociedad"],"yoast_head":"<!-- This site is optimized with the Yoast SEO plugin v25.9 - https:\/\/yoast.com\/wordpress\/plugins\/seo\/ -->\n<title>Convocatoria para asamblea general ordinaria a\u00f1o 2022 de la Asociaci\u00f3n de Fomento\u00a0 de Villa Ventana - Noticias Radio Reflejos<\/title>\n<meta name=\"robots\" content=\"index, follow, max-snippet:-1, max-image-preview:large, max-video-preview:-1\" \/>\n<link rel=\"canonical\" href=\"https:\/\/www.noticiasradioreflejos.com.ar\/2021\/convocatoria-para-asamblea-general-ordinaria-ano-2022-de-la-asociacion-de-fomento-de-villa-ventana\/\" \/>\n<meta property=\"og:locale\" content=\"es_ES\" \/>\n<meta property=\"og:type\" content=\"article\" \/>\n<meta property=\"og:title\" content=\"Convocatoria para asamblea general ordinaria a\u00f1o 2022 de la Asociaci\u00f3n de Fomento\u00a0 de Villa Ventana - Noticias Radio Reflejos\" \/>\n<meta property=\"og:description\" content=\"La Comisi\u00f3n Directiva de la Asociaci\u00f3n de Fomento y Educaci\u00f3n Cultural y F\u00edsica de Villa Ventana convoca a sus asociados a la Asamblea General Ordinaria a celebrarse en la sede social sita en la Calle Cruz del Sur de la localidad de Villa Ventana, Partido de Tornquist, el d\u00eda domingo 26 de junio de 2022, [&hellip;]\" \/>\n<meta property=\"og:url\" content=\"https:\/\/www.noticiasradioreflejos.com.ar\/2021\/convocatoria-para-asamblea-general-ordinaria-ano-2022-de-la-asociacion-de-fomento-de-villa-ventana\/\" \/>\n<meta property=\"og:site_name\" content=\"Noticias Radio Reflejos\" \/>\n<meta property=\"article:published_time\" content=\"2022-05-24T07:34:04+00:00\" \/>\n<meta property=\"og:image\" content=\"https:\/\/www.noticiasradioreflejos.com.ar\/2021\/wp-content\/uploads\/2020\/02\/Fomento-Villa-Ventana.jpg\" \/>\n\t<meta property=\"og:image:width\" content=\"355\" \/>\n\t<meta property=\"og:image:height\" content=\"277\" \/>\n\t<meta property=\"og:image:type\" content=\"image\/jpeg\" \/>\n<meta name=\"author\" content=\"Arnaldo Botto\" \/>\n<meta name=\"twitter:card\" content=\"summary_large_image\" \/>\n<script type=\"application\/ld+json\" class=\"yoast-schema-graph\">{\"@context\":\"https:\/\/schema.org\",\"@graph\":[{\"@type\":\"WebPage\",\"@id\":\"https:\/\/www.noticiasradioreflejos.com.ar\/2021\/convocatoria-para-asamblea-general-ordinaria-ano-2022-de-la-asociacion-de-fomento-de-villa-ventana\/\",\"url\":\"https:\/\/www.noticiasradioreflejos.com.ar\/2021\/convocatoria-para-asamblea-general-ordinaria-ano-2022-de-la-asociacion-de-fomento-de-villa-ventana\/\",\"name\":\"Convocatoria para asamblea general ordinaria a\u00f1o 2022 de la Asociaci\u00f3n de Fomento\u00a0 de Villa Ventana - Noticias Radio Reflejos\",\"isPartOf\":{\"@id\":\"https:\/\/www.noticiasradioreflejos.com.ar\/2021\/#website\"},\"primaryImageOfPage\":{\"@id\":\"https:\/\/www.noticiasradioreflejos.com.ar\/2021\/convocatoria-para-asamblea-general-ordinaria-ano-2022-de-la-asociacion-de-fomento-de-villa-ventana\/#primaryimage\"},\"image\":{\"@id\":\"https:\/\/www.noticiasradioreflejos.com.ar\/2021\/convocatoria-para-asamblea-general-ordinaria-ano-2022-de-la-asociacion-de-fomento-de-villa-ventana\/#primaryimage\"},\"thumbnailUrl\":\"https:\/\/www.noticiasradioreflejos.com.ar\/2021\/wp-content\/uploads\/2020\/02\/Fomento-Villa-Ventana.jpg\",\"datePublished\":\"2022-05-24T07:34:04+00:00\",\"author\":{\"@id\":\"https:\/\/www.noticiasradioreflejos.com.ar\/2021\/#\/schema\/person\/ad82545263dcc5ec0996818884fd5fb1\"},\"breadcrumb\":{\"@id\":\"https:\/\/www.noticiasradioreflejos.com.ar\/2021\/convocatoria-para-asamblea-general-ordinaria-ano-2022-de-la-asociacion-de-fomento-de-villa-ventana\/#breadcrumb\"},\"inLanguage\":\"es\",\"potentialAction\":[{\"@type\":\"ReadAction\",\"target\":[\"https:\/\/www.noticiasradioreflejos.com.ar\/2021\/convocatoria-para-asamblea-general-ordinaria-ano-2022-de-la-asociacion-de-fomento-de-villa-ventana\/\"]}]},{\"@type\":\"ImageObject\",\"inLanguage\":\"es\",\"@id\":\"https:\/\/www.noticiasradioreflejos.com.ar\/2021\/convocatoria-para-asamblea-general-ordinaria-ano-2022-de-la-asociacion-de-fomento-de-villa-ventana\/#primaryimage\",\"url\":\"https:\/\/www.noticiasradioreflejos.com.ar\/2021\/wp-content\/uploads\/2020\/02\/Fomento-Villa-Ventana.jpg\",\"contentUrl\":\"https:\/\/www.noticiasradioreflejos.com.ar\/2021\/wp-content\/uploads\/2020\/02\/Fomento-Villa-Ventana.jpg\",\"width\":355,\"height\":277},{\"@type\":\"BreadcrumbList\",\"@id\":\"https:\/\/www.noticiasradioreflejos.com.ar\/2021\/convocatoria-para-asamblea-general-ordinaria-ano-2022-de-la-asociacion-de-fomento-de-villa-ventana\/#breadcrumb\",\"itemListElement\":[{\"@type\":\"ListItem\",\"position\":1,\"name\":\"Portada\",\"item\":\"https:\/\/www.noticiasradioreflejos.com.ar\/2021\/\"},{\"@type\":\"ListItem\",\"position\":2,\"name\":\"Convocatoria para asamblea general ordinaria a\u00f1o 2022 de la Asociaci\u00f3n de Fomento\u00a0 de Villa Ventana\"}]},{\"@type\":\"WebSite\",\"@id\":\"https:\/\/www.noticiasradioreflejos.com.ar\/2021\/#website\",\"url\":\"https:\/\/www.noticiasradioreflejos.com.ar\/2021\/\",\"name\":\"Noticias Radio Reflejos\",\"description\":\"Las noticias de mi comarca\",\"potentialAction\":[{\"@type\":\"SearchAction\",\"target\":{\"@type\":\"EntryPoint\",\"urlTemplate\":\"https:\/\/www.noticiasradioreflejos.com.ar\/2021\/?s={search_term_string}\"},\"query-input\":{\"@type\":\"PropertyValueSpecification\",\"valueRequired\":true,\"valueName\":\"search_term_string\"}}],\"inLanguage\":\"es\"},{\"@type\":\"Person\",\"@id\":\"https:\/\/www.noticiasradioreflejos.com.ar\/2021\/#\/schema\/person\/ad82545263dcc5ec0996818884fd5fb1\",\"name\":\"Arnaldo Botto\",\"image\":{\"@type\":\"ImageObject\",\"inLanguage\":\"es\",\"@id\":\"https:\/\/www.noticiasradioreflejos.com.ar\/2021\/#\/schema\/person\/image\/\",\"url\":\"https:\/\/secure.gravatar.com\/avatar\/55cb5e37c1efa326397366e6974cb338056df65cb50e7d64d1cf314e87504837?s=96&d=mm&r=g\",\"contentUrl\":\"https:\/\/secure.gravatar.com\/avatar\/55cb5e37c1efa326397366e6974cb338056df65cb50e7d64d1cf314e87504837?s=96&d=mm&r=g\",\"caption\":\"Arnaldo Botto\"},\"url\":\"https:\/\/www.noticiasradioreflejos.com.ar\/2021\/author\/arnaldo\/\"}]}<\/script>\n<!-- \/ Yoast SEO plugin. -->","yoast_head_json":{"title":"Convocatoria para asamblea general ordinaria a\u00f1o 2022 de la Asociaci\u00f3n de Fomento\u00a0 de Villa Ventana - Noticias Radio Reflejos","robots":{"index":"index","follow":"follow","max-snippet":"max-snippet:-1","max-image-preview":"max-image-preview:large","max-video-preview":"max-video-preview:-1"},"canonical":"https:\/\/www.noticiasradioreflejos.com.ar\/2021\/convocatoria-para-asamblea-general-ordinaria-ano-2022-de-la-asociacion-de-fomento-de-villa-ventana\/","og_locale":"es_ES","og_type":"article","og_title":"Convocatoria para asamblea general ordinaria a\u00f1o 2022 de la Asociaci\u00f3n de Fomento\u00a0 de Villa Ventana - Noticias Radio Reflejos","og_description":"La Comisi\u00f3n Directiva de la Asociaci\u00f3n de Fomento y Educaci\u00f3n Cultural y F\u00edsica de Villa Ventana convoca a sus asociados a la Asamblea General Ordinaria a celebrarse en la sede social sita en la Calle Cruz del Sur de la localidad de Villa Ventana, Partido de Tornquist, el d\u00eda domingo 26 de junio de 2022, [&hellip;]","og_url":"https:\/\/www.noticiasradioreflejos.com.ar\/2021\/convocatoria-para-asamblea-general-ordinaria-ano-2022-de-la-asociacion-de-fomento-de-villa-ventana\/","og_site_name":"Noticias Radio Reflejos","article_published_time":"2022-05-24T07:34:04+00:00","og_image":[{"width":355,"height":277,"url":"https:\/\/www.noticiasradioreflejos.com.ar\/2021\/wp-content\/uploads\/2020\/02\/Fomento-Villa-Ventana.jpg","type":"image\/jpeg"}],"author":"Arnaldo Botto","twitter_card":"summary_large_image","schema":{"@context":"https:\/\/schema.org","@graph":[{"@type":"WebPage","@id":"https:\/\/www.noticiasradioreflejos.com.ar\/2021\/convocatoria-para-asamblea-general-ordinaria-ano-2022-de-la-asociacion-de-fomento-de-villa-ventana\/","url":"https:\/\/www.noticiasradioreflejos.com.ar\/2021\/convocatoria-para-asamblea-general-ordinaria-ano-2022-de-la-asociacion-de-fomento-de-villa-ventana\/","name":"Convocatoria para asamblea general ordinaria a\u00f1o 2022 de la Asociaci\u00f3n de Fomento\u00a0 de Villa Ventana - Noticias Radio Reflejos","isPartOf":{"@id":"https:\/\/www.noticiasradioreflejos.com.ar\/2021\/#website"},"primaryImageOfPage":{"@id":"https:\/\/www.noticiasradioreflejos.com.ar\/2021\/convocatoria-para-asamblea-general-ordinaria-ano-2022-de-la-asociacion-de-fomento-de-villa-ventana\/#primaryimage"},"image":{"@id":"https:\/\/www.noticiasradioreflejos.com.ar\/2021\/convocatoria-para-asamblea-general-ordinaria-ano-2022-de-la-asociacion-de-fomento-de-villa-ventana\/#primaryimage"},"thumbnailUrl":"https:\/\/www.noticiasradioreflejos.com.ar\/2021\/wp-content\/uploads\/2020\/02\/Fomento-Villa-Ventana.jpg","datePublished":"2022-05-24T07:34:04+00:00","author":{"@id":"https:\/\/www.noticiasradioreflejos.com.ar\/2021\/#\/schema\/person\/ad82545263dcc5ec0996818884fd5fb1"},"breadcrumb":{"@id":"https:\/\/www.noticiasradioreflejos.com.ar\/2021\/convocatoria-para-asamblea-general-ordinaria-ano-2022-de-la-asociacion-de-fomento-de-villa-ventana\/#breadcrumb"},"inLanguage":"es","potentialAction":[{"@type":"ReadAction","target":["https:\/\/www.noticiasradioreflejos.com.ar\/2021\/convocatoria-para-asamblea-general-ordinaria-ano-2022-de-la-asociacion-de-fomento-de-villa-ventana\/"]}]},{"@type":"ImageObject","inLanguage":"es","@id":"https:\/\/www.noticiasradioreflejos.com.ar\/2021\/convocatoria-para-asamblea-general-ordinaria-ano-2022-de-la-asociacion-de-fomento-de-villa-ventana\/#primaryimage","url":"https:\/\/www.noticiasradioreflejos.com.ar\/2021\/wp-content\/uploads\/2020\/02\/Fomento-Villa-Ventana.jpg","contentUrl":"https:\/\/www.noticiasradioreflejos.com.ar\/2021\/wp-content\/uploads\/2020\/02\/Fomento-Villa-Ventana.jpg","width":355,"height":277},{"@type":"BreadcrumbList","@id":"https:\/\/www.noticiasradioreflejos.com.ar\/2021\/convocatoria-para-asamblea-general-ordinaria-ano-2022-de-la-asociacion-de-fomento-de-villa-ventana\/#breadcrumb","itemListElement":[{"@type":"ListItem","position":1,"name":"Portada","item":"https:\/\/www.noticiasradioreflejos.com.ar\/2021\/"},{"@type":"ListItem","position":2,"name":"Convocatoria para asamblea general ordinaria a\u00f1o 2022 de la Asociaci\u00f3n de Fomento\u00a0 de Villa Ventana"}]},{"@type":"WebSite","@id":"https:\/\/www.noticiasradioreflejos.com.ar\/2021\/#website","url":"https:\/\/www.noticiasradioreflejos.com.ar\/2021\/","name":"Noticias Radio Reflejos","description":"Las noticias de mi comarca","potentialAction":[{"@type":"SearchAction","target":{"@type":"EntryPoint","urlTemplate":"https:\/\/www.noticiasradioreflejos.com.ar\/2021\/?s={search_term_string}"},"query-input":{"@type":"PropertyValueSpecification","valueRequired":true,"valueName":"search_term_string"}}],"inLanguage":"es"},{"@type":"Person","@id":"https:\/\/www.noticiasradioreflejos.com.ar\/2021\/#\/schema\/person\/ad82545263dcc5ec0996818884fd5fb1","name":"Arnaldo Botto","image":{"@type":"ImageObject","inLanguage":"es","@id":"https:\/\/www.noticiasradioreflejos.com.ar\/2021\/#\/schema\/person\/image\/","url":"https:\/\/secure.gravatar.com\/avatar\/55cb5e37c1efa326397366e6974cb338056df65cb50e7d64d1cf314e87504837?s=96&d=mm&r=g","contentUrl":"https:\/\/secure.gravatar.com\/avatar\/55cb5e37c1efa326397366e6974cb338056df65cb50e7d64d1cf314e87504837?s=96&d=mm&r=g","caption":"Arnaldo Botto"},"url":"https:\/\/www.noticiasradioreflejos.com.ar\/2021\/author\/arnaldo\/"}]}},"_links":{"self":[{"href":"https:\/\/www.noticiasradioreflejos.com.ar\/2021\/wp-json\/wp\/v2\/posts\/72531","targetHints":{"allow":["GET"]}}],"collection":[{"href":"https:\/\/www.noticiasradioreflejos.com.ar\/2021\/wp-json\/wp\/v2\/posts"}],"about":[{"href":"https:\/\/www.noticiasradioreflejos.com.ar\/2021\/wp-json\/wp\/v2\/types\/post"}],"author":[{"embeddable":true,"href":"https:\/\/www.noticiasradioreflejos.com.ar\/2021\/wp-json\/wp\/v2\/users\/3"}],"replies":[{"embeddable":true,"href":"https:\/\/www.noticiasradioreflejos.com.ar\/2021\/wp-json\/wp\/v2\/comments?post=72531"}],"version-history":[{"count":1,"href":"https:\/\/www.noticiasradioreflejos.com.ar\/2021\/wp-json\/wp\/v2\/posts\/72531\/revisions"}],"predecessor-version":[{"id":72532,"href":"https:\/\/www.noticiasradioreflejos.com.ar\/2021\/wp-json\/wp\/v2\/posts\/72531\/revisions\/72532"}],"wp:featuredmedia":[{"embeddable":true,"href":"https:\/\/www.noticiasradioreflejos.com.ar\/2021\/wp-json\/wp\/v2\/media\/38935"}],"wp:attachment":[{"href":"https:\/\/www.noticiasradioreflejos.com.ar\/2021\/wp-json\/wp\/v2\/media?parent=72531"}],"wp:term":[{"taxonomy":"category","embeddable":true,"href":"https:\/\/www.noticiasradioreflejos.com.ar\/2021\/wp-json\/wp\/v2\/categories?post=72531"},{"taxonomy":"post_tag","embeddable":true,"href":"https:\/\/www.noticiasradioreflejos.com.ar\/2021\/wp-json\/wp\/v2\/tags?post=72531"}],"curies":[{"name":"wp","href":"https:\/\/api.w.org\/{rel}","templated":true}]}}