{"id":72527,"date":"2022-05-23T23:22:37","date_gmt":"2022-05-23T23:22:37","guid":{"rendered":"http:\/\/www.noticiasradioreflejos.com.ar\/2021\/?p=72527"},"modified":"2022-05-23T23:23:21","modified_gmt":"2022-05-23T23:23:21","slug":"nuevos-billetes-quienes-son-los-proceres-nacionales-que-reemplazaran-a-los-animales","status":"publish","type":"post","link":"https:\/\/www.noticiasradioreflejos.com.ar\/2021\/nuevos-billetes-quienes-son-los-proceres-nacionales-que-reemplazaran-a-los-animales\/","title":{"rendered":"Nuevos billetes: qui\u00e9nes son los pr\u00f3ceres nacionales que reemplazar\u00e1n a los animales"},"content":{"rendered":"<div class=\"section-2-col article-header\">\n<div class=\"col 2-col\">\n<p>En la presentaci\u00f3n, Alberto Fern\u00e1ndez estuvo acompa\u00f1ado de Miguel Pesce y Mercedes Marc\u00f3 del Pont. Se suman las figuras de Juana Azurduy, Mar\u00eda Remedios Del Valle y Mart\u00edn Miguel de G\u00fcemes. Cu\u00e1ndo entrar\u00edan en circulaci\u00f3n.<\/p>\n<\/div>\n<\/div>\n<p><!--more--><\/p>\n<div class=\"section-2-col article-main-image\">\n<div class=\"col 1-col\">\n<div class=\"article-info\"><\/div>\n<\/div>\n<div class=\"col 2-col\">\n<div class=\"article-main-media-image__container\">\n<div class=\"image-wrapper\">\n<figure>\n<figure class=\"object-fit-block--contain intrinsic-container intrinsic-container-3x2\"><img decoding=\"async\" class=\" \" src=\"https:\/\/images.pagina12.com.ar\/styles\/focal_3_2_960x640\/public\/2022-05\/534872-nuevos-20billetes.jpg?itok=rlM2DLFl\" alt=\"El Banco Central de Rep\u00fablica Argentina destac\u00f3 que la nueva familia se compone de cuatro denominaciones que incluyen la representaci\u00f3n de tres mujeres y tres varones. Foto: NA.\" \/><\/figure><figcaption>El Banco Central de Rep\u00fablica Argentina destac\u00f3 que la nueva familia se compone de cuatro denominaciones que incluyen la representaci\u00f3n de tres mujeres y tres varones. Foto: NA.<\/figcaption><\/figure>\n<\/div>\n<\/div>\n<\/div>\n<\/div>\n<div class=\"section-2-col article-main-content\">\n<div class=\"col 1-col\"><\/div>\n<div class=\"col 2-col\">\n<div class=\"article-main-content article-text \">\n<p>El presidente\u00a0<b>Alberto Fern\u00e1ndez\u00a0<\/b>present\u00f3 este lunes los nuevos billetes\u00a0<b>con las im\u00e1genes de pr\u00f3ceres nacionales<\/b>, que reemplazar\u00e1n a aquellos emitidos con ilustraciones de animales aut\u00f3ctonos. En este marco, el mandatario\u00a0<b>manifest\u00f3 la importancia de \u00abrecuperar las im\u00e1genes de quienes construyeron el pa\u00eds\u00bb.\u00a0<\/b><\/p>\n<p>\u00abLa decisi\u00f3n de cambiar el dise\u00f1o de los billetes de curso legal apunta a\u00a0<b>poner en valor la dimensi\u00f3n de la historia que algunos quieren borrar, y rescatar la figura de hombres y mujeres inmensos y trascendentales<\/b>\u00a0que hicieron la Patria que hoy vivimos\u00bb, explic\u00f3 el mandatario, quien estuvo acompa\u00f1ado del presidente del Banco Central, Miguel Pesce y la titular de la Administraci\u00f3n Federal de Ingresos P\u00fablicos (AFIP), Mercedes Marc\u00f3 del Pont.<\/p>\n<div id=\"talkFireEvent\"><\/div>\n<p>En este contexto, el Presidente dijo que \u00ab<b>silenciar a quienes nos dieron una riqueza infinita a nuestra Patria no le hace bien a nuestro colectivo social\u00bb.<\/b><\/p>\n<p>Por otro lado, Fern\u00e1ndez\u00a0asegur\u00f3 que el objetivo de esta acci\u00f3n\u00a0<b>es \u00abrecuperar la memoria\u00bb<\/b>, por lo que se pondr\u00e1 a \u00ablos mejores hombres y mujeres que dieron todo por la patria en los billetes para recordarlos,\u00a0<b>porque los pueblos que pierden su memoria repiten sus errores\u201d.<\/b><\/p>\n<p>\u00abHoy esta moneda tiene un valor distinto, estos pr\u00f3ceres dieron la vida por la Argentina, La moneda en un s\u00edmbolo de soberan\u00eda y\u00a0<b>es un instrumento de pol\u00edtica econ\u00f3mica a la cual nunca vamos a renunciar, aunque muchos han querido que renunciemo<\/b>s\u00bb, cerr\u00f3.<\/p>\n<h2>C\u00f3mo est\u00e1 compuesta la nueva familia de billetes<\/h2>\n<p>El Banco Central de Rep\u00fablica Argentina destac\u00f3 que la nueva familia se compone\u00a0<b>de cuatro denominaciones que incluyen la representaci\u00f3n de tres mujeres y tres varones<\/b>\u00a0que \u00abjugaron un papel decisivo en la construcci\u00f3n de nuestro pa\u00eds\u00bb.\u00a0La creaci\u00f3n result\u00f3 del trabajo conjunto de los equipos de dise\u00f1o del Banco Central de la Rep\u00fablica Argentina y de la Casa de Moneda Argentina.<\/p>\n<p>\u00abSon figuras trascendentes que rompieron el molde de su \u00e9poca y lucharon por la independencia, el desarrollo, la inclusi\u00f3n y la ampliaci\u00f3n de derechos\u00bb, indicaron.<\/p>\n<p>La familia se compone por los siguientes billetes, en la cual d<b>os denominaciones homenajean a dos personalidades:<\/b><\/p>\n<ul>\n<li>$100:\u00a0<b>Mar\u00eda Eva Duarte de Per\u00f3n\u00a0<\/b><\/li>\n<li>$200:\u00a0<b>Mart\u00edn Miguel de G\u00fcemes y Juana Azurduy\u00a0<\/b><\/li>\n<li>$500:\u00a0<b>Mar\u00eda Remedios del Valle y Manuel Belgrano\u00a0<\/b><\/li>\n<li>$1000:\u00a0<b>Jos\u00e9 de San Mart\u00edn<\/b><\/li>\n<\/ul>\n<p>Por \u00faltimo, el BCRA resalt\u00f3 que, junto con la recuperaci\u00f3n de las personalidades hist\u00f3ricas, otras novedades son que\u00a0<b>los billetes vuelven a su lectura en formato horizontal de ambos lados, conservar\u00e1n el tama\u00f1o vigente y convivir\u00e1n con los actuales circulantes.<\/b><\/p>\n<\/div>\n<\/div>\n<\/div>\n<p>&nbsp;<\/p>\n<p><span style=\"color: #0000ff;\"><strong>Fuente Pagina 12<\/strong><\/span><\/p>\n","protected":false},"excerpt":{"rendered":"<p>En la presentaci\u00f3n, Alberto Fern\u00e1ndez estuvo acompa\u00f1ado de Miguel Pesce y Mercedes Marc\u00f3 del Pont. Se suman las figuras de Juana Azurduy, Mar\u00eda Remedios Del Valle y Mart\u00edn Miguel de G\u00fcemes. Cu\u00e1ndo entrar\u00edan en circulaci\u00f3n.<\/p>\n","protected":false},"author":3,"featured_media":0,"comment_status":"closed","ping_status":"closed","sticky":false,"template":"","format":"standard","meta":{"footnotes":""},"categories":[35,58,26],"tags":[],"class_list":["post-72527","post","type-post","status-publish","format-standard","hentry","category-cultura","category-gobierno","category-sociedad"],"yoast_head":"<!-- This site is optimized with the Yoast SEO plugin v25.9 - https:\/\/yoast.com\/wordpress\/plugins\/seo\/ -->\n<title>Nuevos billetes: qui\u00e9nes son los pr\u00f3ceres nacionales que reemplazar\u00e1n a los animales - Noticias Radio Reflejos<\/title>\n<meta name=\"robots\" content=\"index, follow, max-snippet:-1, max-image-preview:large, max-video-preview:-1\" \/>\n<link rel=\"canonical\" href=\"https:\/\/www.noticiasradioreflejos.com.ar\/2021\/nuevos-billetes-quienes-son-los-proceres-nacionales-que-reemplazaran-a-los-animales\/\" \/>\n<meta property=\"og:locale\" content=\"es_ES\" \/>\n<meta property=\"og:type\" content=\"article\" \/>\n<meta property=\"og:title\" content=\"Nuevos billetes: qui\u00e9nes son los pr\u00f3ceres nacionales que reemplazar\u00e1n a los animales - Noticias Radio Reflejos\" \/>\n<meta property=\"og:description\" content=\"En la presentaci\u00f3n, Alberto Fern\u00e1ndez estuvo acompa\u00f1ado de Miguel Pesce y Mercedes Marc\u00f3 del Pont. Se suman las figuras de Juana Azurduy, Mar\u00eda Remedios Del Valle y Mart\u00edn Miguel de G\u00fcemes. Cu\u00e1ndo entrar\u00edan en circulaci\u00f3n.\" \/>\n<meta property=\"og:url\" content=\"https:\/\/www.noticiasradioreflejos.com.ar\/2021\/nuevos-billetes-quienes-son-los-proceres-nacionales-que-reemplazaran-a-los-animales\/\" \/>\n<meta property=\"og:site_name\" content=\"Noticias Radio Reflejos\" \/>\n<meta property=\"article:published_time\" content=\"2022-05-23T23:22:37+00:00\" \/>\n<meta property=\"article:modified_time\" content=\"2022-05-23T23:23:21+00:00\" \/>\n<meta property=\"og:image\" content=\"https:\/\/images.pagina12.com.ar\/styles\/focal_3_2_960x640\/public\/2022-05\/534872-nuevos-20billetes.jpg?itok=rlM2DLFl\" \/>\n<meta name=\"author\" content=\"Arnaldo Botto\" \/>\n<meta name=\"twitter:card\" content=\"summary_large_image\" \/>\n<script type=\"application\/ld+json\" class=\"yoast-schema-graph\">{\"@context\":\"https:\/\/schema.org\",\"@graph\":[{\"@type\":\"WebPage\",\"@id\":\"https:\/\/www.noticiasradioreflejos.com.ar\/2021\/nuevos-billetes-quienes-son-los-proceres-nacionales-que-reemplazaran-a-los-animales\/\",\"url\":\"https:\/\/www.noticiasradioreflejos.com.ar\/2021\/nuevos-billetes-quienes-son-los-proceres-nacionales-que-reemplazaran-a-los-animales\/\",\"name\":\"Nuevos billetes: qui\u00e9nes son los pr\u00f3ceres nacionales que reemplazar\u00e1n a los animales - Noticias Radio Reflejos\",\"isPartOf\":{\"@id\":\"https:\/\/www.noticiasradioreflejos.com.ar\/2021\/#website\"},\"primaryImageOfPage\":{\"@id\":\"https:\/\/www.noticiasradioreflejos.com.ar\/2021\/nuevos-billetes-quienes-son-los-proceres-nacionales-que-reemplazaran-a-los-animales\/#primaryimage\"},\"image\":{\"@id\":\"https:\/\/www.noticiasradioreflejos.com.ar\/2021\/nuevos-billetes-quienes-son-los-proceres-nacionales-que-reemplazaran-a-los-animales\/#primaryimage\"},\"thumbnailUrl\":\"https:\/\/images.pagina12.com.ar\/styles\/focal_3_2_960x640\/public\/2022-05\/534872-nuevos-20billetes.jpg?itok=rlM2DLFl\",\"datePublished\":\"2022-05-23T23:22:37+00:00\",\"dateModified\":\"2022-05-23T23:23:21+00:00\",\"author\":{\"@id\":\"https:\/\/www.noticiasradioreflejos.com.ar\/2021\/#\/schema\/person\/ad82545263dcc5ec0996818884fd5fb1\"},\"breadcrumb\":{\"@id\":\"https:\/\/www.noticiasradioreflejos.com.ar\/2021\/nuevos-billetes-quienes-son-los-proceres-nacionales-que-reemplazaran-a-los-animales\/#breadcrumb\"},\"inLanguage\":\"es\",\"potentialAction\":[{\"@type\":\"ReadAction\",\"target\":[\"https:\/\/www.noticiasradioreflejos.com.ar\/2021\/nuevos-billetes-quienes-son-los-proceres-nacionales-que-reemplazaran-a-los-animales\/\"]}]},{\"@type\":\"ImageObject\",\"inLanguage\":\"es\",\"@id\":\"https:\/\/www.noticiasradioreflejos.com.ar\/2021\/nuevos-billetes-quienes-son-los-proceres-nacionales-que-reemplazaran-a-los-animales\/#primaryimage\",\"url\":\"https:\/\/images.pagina12.com.ar\/styles\/focal_3_2_960x640\/public\/2022-05\/534872-nuevos-20billetes.jpg?itok=rlM2DLFl\",\"contentUrl\":\"https:\/\/images.pagina12.com.ar\/styles\/focal_3_2_960x640\/public\/2022-05\/534872-nuevos-20billetes.jpg?itok=rlM2DLFl\"},{\"@type\":\"BreadcrumbList\",\"@id\":\"https:\/\/www.noticiasradioreflejos.com.ar\/2021\/nuevos-billetes-quienes-son-los-proceres-nacionales-que-reemplazaran-a-los-animales\/#breadcrumb\",\"itemListElement\":[{\"@type\":\"ListItem\",\"position\":1,\"name\":\"Portada\",\"item\":\"https:\/\/www.noticiasradioreflejos.com.ar\/2021\/\"},{\"@type\":\"ListItem\",\"position\":2,\"name\":\"Nuevos billetes: qui\u00e9nes son los pr\u00f3ceres nacionales que reemplazar\u00e1n a los animales\"}]},{\"@type\":\"WebSite\",\"@id\":\"https:\/\/www.noticiasradioreflejos.com.ar\/2021\/#website\",\"url\":\"https:\/\/www.noticiasradioreflejos.com.ar\/2021\/\",\"name\":\"Noticias Radio Reflejos\",\"description\":\"Las noticias de mi comarca\",\"potentialAction\":[{\"@type\":\"SearchAction\",\"target\":{\"@type\":\"EntryPoint\",\"urlTemplate\":\"https:\/\/www.noticiasradioreflejos.com.ar\/2021\/?s={search_term_string}\"},\"query-input\":{\"@type\":\"PropertyValueSpecification\",\"valueRequired\":true,\"valueName\":\"search_term_string\"}}],\"inLanguage\":\"es\"},{\"@type\":\"Person\",\"@id\":\"https:\/\/www.noticiasradioreflejos.com.ar\/2021\/#\/schema\/person\/ad82545263dcc5ec0996818884fd5fb1\",\"name\":\"Arnaldo Botto\",\"image\":{\"@type\":\"ImageObject\",\"inLanguage\":\"es\",\"@id\":\"https:\/\/www.noticiasradioreflejos.com.ar\/2021\/#\/schema\/person\/image\/\",\"url\":\"https:\/\/secure.gravatar.com\/avatar\/55cb5e37c1efa326397366e6974cb338056df65cb50e7d64d1cf314e87504837?s=96&d=mm&r=g\",\"contentUrl\":\"https:\/\/secure.gravatar.com\/avatar\/55cb5e37c1efa326397366e6974cb338056df65cb50e7d64d1cf314e87504837?s=96&d=mm&r=g\",\"caption\":\"Arnaldo Botto\"},\"url\":\"https:\/\/www.noticiasradioreflejos.com.ar\/2021\/author\/arnaldo\/\"}]}<\/script>\n<!-- \/ Yoast SEO plugin. -->","yoast_head_json":{"title":"Nuevos billetes: qui\u00e9nes son los pr\u00f3ceres nacionales que reemplazar\u00e1n a los animales - Noticias Radio Reflejos","robots":{"index":"index","follow":"follow","max-snippet":"max-snippet:-1","max-image-preview":"max-image-preview:large","max-video-preview":"max-video-preview:-1"},"canonical":"https:\/\/www.noticiasradioreflejos.com.ar\/2021\/nuevos-billetes-quienes-son-los-proceres-nacionales-que-reemplazaran-a-los-animales\/","og_locale":"es_ES","og_type":"article","og_title":"Nuevos billetes: qui\u00e9nes son los pr\u00f3ceres nacionales que reemplazar\u00e1n a los animales - Noticias Radio Reflejos","og_description":"En la presentaci\u00f3n, Alberto Fern\u00e1ndez estuvo acompa\u00f1ado de Miguel Pesce y Mercedes Marc\u00f3 del Pont. Se suman las figuras de Juana Azurduy, Mar\u00eda Remedios Del Valle y Mart\u00edn Miguel de G\u00fcemes. Cu\u00e1ndo entrar\u00edan en circulaci\u00f3n.","og_url":"https:\/\/www.noticiasradioreflejos.com.ar\/2021\/nuevos-billetes-quienes-son-los-proceres-nacionales-que-reemplazaran-a-los-animales\/","og_site_name":"Noticias Radio Reflejos","article_published_time":"2022-05-23T23:22:37+00:00","article_modified_time":"2022-05-23T23:23:21+00:00","og_image":[{"url":"https:\/\/images.pagina12.com.ar\/styles\/focal_3_2_960x640\/public\/2022-05\/534872-nuevos-20billetes.jpg?itok=rlM2DLFl","type":"","width":"","height":""}],"author":"Arnaldo Botto","twitter_card":"summary_large_image","schema":{"@context":"https:\/\/schema.org","@graph":[{"@type":"WebPage","@id":"https:\/\/www.noticiasradioreflejos.com.ar\/2021\/nuevos-billetes-quienes-son-los-proceres-nacionales-que-reemplazaran-a-los-animales\/","url":"https:\/\/www.noticiasradioreflejos.com.ar\/2021\/nuevos-billetes-quienes-son-los-proceres-nacionales-que-reemplazaran-a-los-animales\/","name":"Nuevos billetes: qui\u00e9nes son los pr\u00f3ceres nacionales que reemplazar\u00e1n a los animales - Noticias Radio Reflejos","isPartOf":{"@id":"https:\/\/www.noticiasradioreflejos.com.ar\/2021\/#website"},"primaryImageOfPage":{"@id":"https:\/\/www.noticiasradioreflejos.com.ar\/2021\/nuevos-billetes-quienes-son-los-proceres-nacionales-que-reemplazaran-a-los-animales\/#primaryimage"},"image":{"@id":"https:\/\/www.noticiasradioreflejos.com.ar\/2021\/nuevos-billetes-quienes-son-los-proceres-nacionales-que-reemplazaran-a-los-animales\/#primaryimage"},"thumbnailUrl":"https:\/\/images.pagina12.com.ar\/styles\/focal_3_2_960x640\/public\/2022-05\/534872-nuevos-20billetes.jpg?itok=rlM2DLFl","datePublished":"2022-05-23T23:22:37+00:00","dateModified":"2022-05-23T23:23:21+00:00","author":{"@id":"https:\/\/www.noticiasradioreflejos.com.ar\/2021\/#\/schema\/person\/ad82545263dcc5ec0996818884fd5fb1"},"breadcrumb":{"@id":"https:\/\/www.noticiasradioreflejos.com.ar\/2021\/nuevos-billetes-quienes-son-los-proceres-nacionales-que-reemplazaran-a-los-animales\/#breadcrumb"},"inLanguage":"es","potentialAction":[{"@type":"ReadAction","target":["https:\/\/www.noticiasradioreflejos.com.ar\/2021\/nuevos-billetes-quienes-son-los-proceres-nacionales-que-reemplazaran-a-los-animales\/"]}]},{"@type":"ImageObject","inLanguage":"es","@id":"https:\/\/www.noticiasradioreflejos.com.ar\/2021\/nuevos-billetes-quienes-son-los-proceres-nacionales-que-reemplazaran-a-los-animales\/#primaryimage","url":"https:\/\/images.pagina12.com.ar\/styles\/focal_3_2_960x640\/public\/2022-05\/534872-nuevos-20billetes.jpg?itok=rlM2DLFl","contentUrl":"https:\/\/images.pagina12.com.ar\/styles\/focal_3_2_960x640\/public\/2022-05\/534872-nuevos-20billetes.jpg?itok=rlM2DLFl"},{"@type":"BreadcrumbList","@id":"https:\/\/www.noticiasradioreflejos.com.ar\/2021\/nuevos-billetes-quienes-son-los-proceres-nacionales-que-reemplazaran-a-los-animales\/#breadcrumb","itemListElement":[{"@type":"ListItem","position":1,"name":"Portada","item":"https:\/\/www.noticiasradioreflejos.com.ar\/2021\/"},{"@type":"ListItem","position":2,"name":"Nuevos billetes: qui\u00e9nes son los pr\u00f3ceres nacionales que reemplazar\u00e1n a los animales"}]},{"@type":"WebSite","@id":"https:\/\/www.noticiasradioreflejos.com.ar\/2021\/#website","url":"https:\/\/www.noticiasradioreflejos.com.ar\/2021\/","name":"Noticias Radio Reflejos","description":"Las noticias de mi comarca","potentialAction":[{"@type":"SearchAction","target":{"@type":"EntryPoint","urlTemplate":"https:\/\/www.noticiasradioreflejos.com.ar\/2021\/?s={search_term_string}"},"query-input":{"@type":"PropertyValueSpecification","valueRequired":true,"valueName":"search_term_string"}}],"inLanguage":"es"},{"@type":"Person","@id":"https:\/\/www.noticiasradioreflejos.com.ar\/2021\/#\/schema\/person\/ad82545263dcc5ec0996818884fd5fb1","name":"Arnaldo Botto","image":{"@type":"ImageObject","inLanguage":"es","@id":"https:\/\/www.noticiasradioreflejos.com.ar\/2021\/#\/schema\/person\/image\/","url":"https:\/\/secure.gravatar.com\/avatar\/55cb5e37c1efa326397366e6974cb338056df65cb50e7d64d1cf314e87504837?s=96&d=mm&r=g","contentUrl":"https:\/\/secure.gravatar.com\/avatar\/55cb5e37c1efa326397366e6974cb338056df65cb50e7d64d1cf314e87504837?s=96&d=mm&r=g","caption":"Arnaldo Botto"},"url":"https:\/\/www.noticiasradioreflejos.com.ar\/2021\/author\/arnaldo\/"}]}},"_links":{"self":[{"href":"https:\/\/www.noticiasradioreflejos.com.ar\/2021\/wp-json\/wp\/v2\/posts\/72527","targetHints":{"allow":["GET"]}}],"collection":[{"href":"https:\/\/www.noticiasradioreflejos.com.ar\/2021\/wp-json\/wp\/v2\/posts"}],"about":[{"href":"https:\/\/www.noticiasradioreflejos.com.ar\/2021\/wp-json\/wp\/v2\/types\/post"}],"author":[{"embeddable":true,"href":"https:\/\/www.noticiasradioreflejos.com.ar\/2021\/wp-json\/wp\/v2\/users\/3"}],"replies":[{"embeddable":true,"href":"https:\/\/www.noticiasradioreflejos.com.ar\/2021\/wp-json\/wp\/v2\/comments?post=72527"}],"version-history":[{"count":2,"href":"https:\/\/www.noticiasradioreflejos.com.ar\/2021\/wp-json\/wp\/v2\/posts\/72527\/revisions"}],"predecessor-version":[{"id":72530,"href":"https:\/\/www.noticiasradioreflejos.com.ar\/2021\/wp-json\/wp\/v2\/posts\/72527\/revisions\/72530"}],"wp:attachment":[{"href":"https:\/\/www.noticiasradioreflejos.com.ar\/2021\/wp-json\/wp\/v2\/media?parent=72527"}],"wp:term":[{"taxonomy":"category","embeddable":true,"href":"https:\/\/www.noticiasradioreflejos.com.ar\/2021\/wp-json\/wp\/v2\/categories?post=72527"},{"taxonomy":"post_tag","embeddable":true,"href":"https:\/\/www.noticiasradioreflejos.com.ar\/2021\/wp-json\/wp\/v2\/tags?post=72527"}],"curies":[{"name":"wp","href":"https:\/\/api.w.org\/{rel}","templated":true}]}}