{"id":72524,"date":"2022-05-23T23:18:27","date_gmt":"2022-05-23T23:18:27","guid":{"rendered":"http:\/\/www.noticiasradioreflejos.com.ar\/2021\/?p=72524"},"modified":"2022-05-23T23:18:27","modified_gmt":"2022-05-23T23:18:27","slug":"dos-jovenes-que-viajaban-en-moto-resultaron-heridos-al-colisionar-automovil","status":"publish","type":"post","link":"https:\/\/www.noticiasradioreflejos.com.ar\/2021\/dos-jovenes-que-viajaban-en-moto-resultaron-heridos-al-colisionar-automovil\/","title":{"rendered":"Dos j\u00f3venes que viajaban en moto resultaron heridos al colisionar autom\u00f3vil"},"content":{"rendered":"<p>Siendo las 18:38 hs aproximadamente se produjo un incidente de tr\u00e1nsito en la rotonda de calle La\u00ednez intersecci\u00f3n con Indiada en Bah\u00eda Blanca<!--more--><\/p>\n<p><a title=\"Lainez e indiada (3)\" href=\"https:\/\/www.flickr.com\/photos\/182279889@N02\/52094825573\/in\/dateposted-public\/\" data-flickr-embed=\"true\"><img loading=\"lazy\" decoding=\"async\" src=\"https:\/\/live.staticflickr.com\/65535\/52094825573_a72b45d184_c.jpg\" alt=\"Lainez e indiada (3)\" width=\"800\" height=\"600\" \/><\/a><script async src=\"\/\/embedr.flickr.com\/assets\/client-code.js\" charset=\"utf-8\"><\/script><\/p>\n<p>Colisionaron una camionera Renault Duster conducida por un Sr. de 52 a\u00f1os y una moto marca Mondial 110 cc conducida por un Sr. de 21 a\u00f1os quien era acompa\u00f1ado de otro de 20 a\u00f1os.<\/p>\n<p>Ambos ocupantes de la moto fueron trasladados con golpes en una ambulancia del servicio SIEMPRE. Personal de Tr\u00e1nsito Urbano realizo el control de alcoholemia al conductor de la camioneta con resultado negativo. Trabajo Polic\u00eda del Comando de Patrulla y Guardia de Defensa Civil<\/p>\n<p>&nbsp;<\/p>\n<p><a title=\"Lainez e indiada (1)\" href=\"https:\/\/www.flickr.com\/photos\/182279889@N02\/52094805836\/in\/dateposted-public\/\" data-flickr-embed=\"true\"><img loading=\"lazy\" decoding=\"async\" src=\"https:\/\/live.staticflickr.com\/65535\/52094805836_74878485ea_c.jpg\" alt=\"Lainez e indiada (1)\" width=\"800\" height=\"450\" \/><\/a><script async src=\"\/\/embedr.flickr.com\/assets\/client-code.js\" charset=\"utf-8\"><\/script><\/p>\n","protected":false},"excerpt":{"rendered":"<p>Siendo las 18:38 hs aproximadamente se produjo un incidente de tr\u00e1nsito en la rotonda de calle La\u00ednez intersecci\u00f3n con Indiada en Bah\u00eda Blanca<\/p>\n","protected":false},"author":3,"featured_media":0,"comment_status":"closed","ping_status":"closed","sticky":false,"template":"","format":"standard","meta":{"footnotes":""},"categories":[29],"tags":[],"class_list":["post-72524","post","type-post","status-publish","format-standard","hentry","category-policiales"],"yoast_head":"<!-- This site is optimized with the Yoast SEO plugin v25.9 - https:\/\/yoast.com\/wordpress\/plugins\/seo\/ -->\n<title>Dos j\u00f3venes que viajaban en moto resultaron heridos al colisionar autom\u00f3vil - Noticias Radio Reflejos<\/title>\n<meta name=\"robots\" content=\"index, follow, max-snippet:-1, max-image-preview:large, max-video-preview:-1\" \/>\n<link rel=\"canonical\" href=\"https:\/\/www.noticiasradioreflejos.com.ar\/2021\/dos-jovenes-que-viajaban-en-moto-resultaron-heridos-al-colisionar-automovil\/\" \/>\n<meta property=\"og:locale\" content=\"es_ES\" \/>\n<meta property=\"og:type\" content=\"article\" \/>\n<meta property=\"og:title\" content=\"Dos j\u00f3venes que viajaban en moto resultaron heridos al colisionar autom\u00f3vil - Noticias Radio Reflejos\" \/>\n<meta property=\"og:description\" content=\"Siendo las 18:38 hs aproximadamente se produjo un incidente de tr\u00e1nsito en la rotonda de calle La\u00ednez intersecci\u00f3n con Indiada en Bah\u00eda Blanca\" \/>\n<meta property=\"og:url\" content=\"https:\/\/www.noticiasradioreflejos.com.ar\/2021\/dos-jovenes-que-viajaban-en-moto-resultaron-heridos-al-colisionar-automovil\/\" \/>\n<meta property=\"og:site_name\" content=\"Noticias Radio Reflejos\" \/>\n<meta property=\"article:published_time\" content=\"2022-05-23T23:18:27+00:00\" \/>\n<meta property=\"og:image\" content=\"https:\/\/live.staticflickr.com\/65535\/52094825573_a72b45d184_c.jpg\" \/>\n<meta name=\"author\" content=\"Arnaldo Botto\" \/>\n<meta name=\"twitter:card\" content=\"summary_large_image\" \/>\n<script type=\"application\/ld+json\" class=\"yoast-schema-graph\">{\"@context\":\"https:\/\/schema.org\",\"@graph\":[{\"@type\":\"WebPage\",\"@id\":\"https:\/\/www.noticiasradioreflejos.com.ar\/2021\/dos-jovenes-que-viajaban-en-moto-resultaron-heridos-al-colisionar-automovil\/\",\"url\":\"https:\/\/www.noticiasradioreflejos.com.ar\/2021\/dos-jovenes-que-viajaban-en-moto-resultaron-heridos-al-colisionar-automovil\/\",\"name\":\"Dos j\u00f3venes que viajaban en moto resultaron heridos al colisionar autom\u00f3vil - Noticias Radio Reflejos\",\"isPartOf\":{\"@id\":\"https:\/\/www.noticiasradioreflejos.com.ar\/2021\/#website\"},\"primaryImageOfPage\":{\"@id\":\"https:\/\/www.noticiasradioreflejos.com.ar\/2021\/dos-jovenes-que-viajaban-en-moto-resultaron-heridos-al-colisionar-automovil\/#primaryimage\"},\"image\":{\"@id\":\"https:\/\/www.noticiasradioreflejos.com.ar\/2021\/dos-jovenes-que-viajaban-en-moto-resultaron-heridos-al-colisionar-automovil\/#primaryimage\"},\"thumbnailUrl\":\"https:\/\/live.staticflickr.com\/65535\/52094825573_a72b45d184_c.jpg\",\"datePublished\":\"2022-05-23T23:18:27+00:00\",\"author\":{\"@id\":\"https:\/\/www.noticiasradioreflejos.com.ar\/2021\/#\/schema\/person\/ad82545263dcc5ec0996818884fd5fb1\"},\"breadcrumb\":{\"@id\":\"https:\/\/www.noticiasradioreflejos.com.ar\/2021\/dos-jovenes-que-viajaban-en-moto-resultaron-heridos-al-colisionar-automovil\/#breadcrumb\"},\"inLanguage\":\"es\",\"potentialAction\":[{\"@type\":\"ReadAction\",\"target\":[\"https:\/\/www.noticiasradioreflejos.com.ar\/2021\/dos-jovenes-que-viajaban-en-moto-resultaron-heridos-al-colisionar-automovil\/\"]}]},{\"@type\":\"ImageObject\",\"inLanguage\":\"es\",\"@id\":\"https:\/\/www.noticiasradioreflejos.com.ar\/2021\/dos-jovenes-que-viajaban-en-moto-resultaron-heridos-al-colisionar-automovil\/#primaryimage\",\"url\":\"https:\/\/live.staticflickr.com\/65535\/52094825573_a72b45d184_c.jpg\",\"contentUrl\":\"https:\/\/live.staticflickr.com\/65535\/52094825573_a72b45d184_c.jpg\"},{\"@type\":\"BreadcrumbList\",\"@id\":\"https:\/\/www.noticiasradioreflejos.com.ar\/2021\/dos-jovenes-que-viajaban-en-moto-resultaron-heridos-al-colisionar-automovil\/#breadcrumb\",\"itemListElement\":[{\"@type\":\"ListItem\",\"position\":1,\"name\":\"Portada\",\"item\":\"https:\/\/www.noticiasradioreflejos.com.ar\/2021\/\"},{\"@type\":\"ListItem\",\"position\":2,\"name\":\"Dos j\u00f3venes que viajaban en moto resultaron heridos al colisionar autom\u00f3vil\"}]},{\"@type\":\"WebSite\",\"@id\":\"https:\/\/www.noticiasradioreflejos.com.ar\/2021\/#website\",\"url\":\"https:\/\/www.noticiasradioreflejos.com.ar\/2021\/\",\"name\":\"Noticias Radio Reflejos\",\"description\":\"Las noticias de mi comarca\",\"potentialAction\":[{\"@type\":\"SearchAction\",\"target\":{\"@type\":\"EntryPoint\",\"urlTemplate\":\"https:\/\/www.noticiasradioreflejos.com.ar\/2021\/?s={search_term_string}\"},\"query-input\":{\"@type\":\"PropertyValueSpecification\",\"valueRequired\":true,\"valueName\":\"search_term_string\"}}],\"inLanguage\":\"es\"},{\"@type\":\"Person\",\"@id\":\"https:\/\/www.noticiasradioreflejos.com.ar\/2021\/#\/schema\/person\/ad82545263dcc5ec0996818884fd5fb1\",\"name\":\"Arnaldo Botto\",\"image\":{\"@type\":\"ImageObject\",\"inLanguage\":\"es\",\"@id\":\"https:\/\/www.noticiasradioreflejos.com.ar\/2021\/#\/schema\/person\/image\/\",\"url\":\"https:\/\/secure.gravatar.com\/avatar\/55cb5e37c1efa326397366e6974cb338056df65cb50e7d64d1cf314e87504837?s=96&d=mm&r=g\",\"contentUrl\":\"https:\/\/secure.gravatar.com\/avatar\/55cb5e37c1efa326397366e6974cb338056df65cb50e7d64d1cf314e87504837?s=96&d=mm&r=g\",\"caption\":\"Arnaldo Botto\"},\"url\":\"https:\/\/www.noticiasradioreflejos.com.ar\/2021\/author\/arnaldo\/\"}]}<\/script>\n<!-- \/ Yoast SEO plugin. -->","yoast_head_json":{"title":"Dos j\u00f3venes que viajaban en moto resultaron heridos al colisionar autom\u00f3vil - Noticias Radio Reflejos","robots":{"index":"index","follow":"follow","max-snippet":"max-snippet:-1","max-image-preview":"max-image-preview:large","max-video-preview":"max-video-preview:-1"},"canonical":"https:\/\/www.noticiasradioreflejos.com.ar\/2021\/dos-jovenes-que-viajaban-en-moto-resultaron-heridos-al-colisionar-automovil\/","og_locale":"es_ES","og_type":"article","og_title":"Dos j\u00f3venes que viajaban en moto resultaron heridos al colisionar autom\u00f3vil - Noticias Radio Reflejos","og_description":"Siendo las 18:38 hs aproximadamente se produjo un incidente de tr\u00e1nsito en la rotonda de calle La\u00ednez intersecci\u00f3n con Indiada en Bah\u00eda Blanca","og_url":"https:\/\/www.noticiasradioreflejos.com.ar\/2021\/dos-jovenes-que-viajaban-en-moto-resultaron-heridos-al-colisionar-automovil\/","og_site_name":"Noticias Radio Reflejos","article_published_time":"2022-05-23T23:18:27+00:00","og_image":[{"url":"https:\/\/live.staticflickr.com\/65535\/52094825573_a72b45d184_c.jpg","type":"","width":"","height":""}],"author":"Arnaldo Botto","twitter_card":"summary_large_image","schema":{"@context":"https:\/\/schema.org","@graph":[{"@type":"WebPage","@id":"https:\/\/www.noticiasradioreflejos.com.ar\/2021\/dos-jovenes-que-viajaban-en-moto-resultaron-heridos-al-colisionar-automovil\/","url":"https:\/\/www.noticiasradioreflejos.com.ar\/2021\/dos-jovenes-que-viajaban-en-moto-resultaron-heridos-al-colisionar-automovil\/","name":"Dos j\u00f3venes que viajaban en moto resultaron heridos al colisionar autom\u00f3vil - Noticias Radio Reflejos","isPartOf":{"@id":"https:\/\/www.noticiasradioreflejos.com.ar\/2021\/#website"},"primaryImageOfPage":{"@id":"https:\/\/www.noticiasradioreflejos.com.ar\/2021\/dos-jovenes-que-viajaban-en-moto-resultaron-heridos-al-colisionar-automovil\/#primaryimage"},"image":{"@id":"https:\/\/www.noticiasradioreflejos.com.ar\/2021\/dos-jovenes-que-viajaban-en-moto-resultaron-heridos-al-colisionar-automovil\/#primaryimage"},"thumbnailUrl":"https:\/\/live.staticflickr.com\/65535\/52094825573_a72b45d184_c.jpg","datePublished":"2022-05-23T23:18:27+00:00","author":{"@id":"https:\/\/www.noticiasradioreflejos.com.ar\/2021\/#\/schema\/person\/ad82545263dcc5ec0996818884fd5fb1"},"breadcrumb":{"@id":"https:\/\/www.noticiasradioreflejos.com.ar\/2021\/dos-jovenes-que-viajaban-en-moto-resultaron-heridos-al-colisionar-automovil\/#breadcrumb"},"inLanguage":"es","potentialAction":[{"@type":"ReadAction","target":["https:\/\/www.noticiasradioreflejos.com.ar\/2021\/dos-jovenes-que-viajaban-en-moto-resultaron-heridos-al-colisionar-automovil\/"]}]},{"@type":"ImageObject","inLanguage":"es","@id":"https:\/\/www.noticiasradioreflejos.com.ar\/2021\/dos-jovenes-que-viajaban-en-moto-resultaron-heridos-al-colisionar-automovil\/#primaryimage","url":"https:\/\/live.staticflickr.com\/65535\/52094825573_a72b45d184_c.jpg","contentUrl":"https:\/\/live.staticflickr.com\/65535\/52094825573_a72b45d184_c.jpg"},{"@type":"BreadcrumbList","@id":"https:\/\/www.noticiasradioreflejos.com.ar\/2021\/dos-jovenes-que-viajaban-en-moto-resultaron-heridos-al-colisionar-automovil\/#breadcrumb","itemListElement":[{"@type":"ListItem","position":1,"name":"Portada","item":"https:\/\/www.noticiasradioreflejos.com.ar\/2021\/"},{"@type":"ListItem","position":2,"name":"Dos j\u00f3venes que viajaban en moto resultaron heridos al colisionar autom\u00f3vil"}]},{"@type":"WebSite","@id":"https:\/\/www.noticiasradioreflejos.com.ar\/2021\/#website","url":"https:\/\/www.noticiasradioreflejos.com.ar\/2021\/","name":"Noticias Radio Reflejos","description":"Las noticias de mi comarca","potentialAction":[{"@type":"SearchAction","target":{"@type":"EntryPoint","urlTemplate":"https:\/\/www.noticiasradioreflejos.com.ar\/2021\/?s={search_term_string}"},"query-input":{"@type":"PropertyValueSpecification","valueRequired":true,"valueName":"search_term_string"}}],"inLanguage":"es"},{"@type":"Person","@id":"https:\/\/www.noticiasradioreflejos.com.ar\/2021\/#\/schema\/person\/ad82545263dcc5ec0996818884fd5fb1","name":"Arnaldo Botto","image":{"@type":"ImageObject","inLanguage":"es","@id":"https:\/\/www.noticiasradioreflejos.com.ar\/2021\/#\/schema\/person\/image\/","url":"https:\/\/secure.gravatar.com\/avatar\/55cb5e37c1efa326397366e6974cb338056df65cb50e7d64d1cf314e87504837?s=96&d=mm&r=g","contentUrl":"https:\/\/secure.gravatar.com\/avatar\/55cb5e37c1efa326397366e6974cb338056df65cb50e7d64d1cf314e87504837?s=96&d=mm&r=g","caption":"Arnaldo Botto"},"url":"https:\/\/www.noticiasradioreflejos.com.ar\/2021\/author\/arnaldo\/"}]}},"_links":{"self":[{"href":"https:\/\/www.noticiasradioreflejos.com.ar\/2021\/wp-json\/wp\/v2\/posts\/72524","targetHints":{"allow":["GET"]}}],"collection":[{"href":"https:\/\/www.noticiasradioreflejos.com.ar\/2021\/wp-json\/wp\/v2\/posts"}],"about":[{"href":"https:\/\/www.noticiasradioreflejos.com.ar\/2021\/wp-json\/wp\/v2\/types\/post"}],"author":[{"embeddable":true,"href":"https:\/\/www.noticiasradioreflejos.com.ar\/2021\/wp-json\/wp\/v2\/users\/3"}],"replies":[{"embeddable":true,"href":"https:\/\/www.noticiasradioreflejos.com.ar\/2021\/wp-json\/wp\/v2\/comments?post=72524"}],"version-history":[{"count":1,"href":"https:\/\/www.noticiasradioreflejos.com.ar\/2021\/wp-json\/wp\/v2\/posts\/72524\/revisions"}],"predecessor-version":[{"id":72526,"href":"https:\/\/www.noticiasradioreflejos.com.ar\/2021\/wp-json\/wp\/v2\/posts\/72524\/revisions\/72526"}],"wp:attachment":[{"href":"https:\/\/www.noticiasradioreflejos.com.ar\/2021\/wp-json\/wp\/v2\/media?parent=72524"}],"wp:term":[{"taxonomy":"category","embeddable":true,"href":"https:\/\/www.noticiasradioreflejos.com.ar\/2021\/wp-json\/wp\/v2\/categories?post=72524"},{"taxonomy":"post_tag","embeddable":true,"href":"https:\/\/www.noticiasradioreflejos.com.ar\/2021\/wp-json\/wp\/v2\/tags?post=72524"}],"curies":[{"name":"wp","href":"https:\/\/api.w.org\/{rel}","templated":true}]}}