{"id":72521,"date":"2022-05-23T22:40:46","date_gmt":"2022-05-23T22:40:46","guid":{"rendered":"http:\/\/www.noticiasradioreflejos.com.ar\/2021\/?p=72521"},"modified":"2022-05-23T22:40:46","modified_gmt":"2022-05-23T22:40:46","slug":"siete-dias-sin-ejercicio-es-igual-a-no-dormir-bien-durante-el-mismo-periodo","status":"publish","type":"post","link":"https:\/\/www.noticiasradioreflejos.com.ar\/2021\/siete-dias-sin-ejercicio-es-igual-a-no-dormir-bien-durante-el-mismo-periodo\/","title":{"rendered":"Siete d\u00edas sin ejercicio es igual a no dormir bien durante el mismo per\u00edodo"},"content":{"rendered":"<p>Un estudio analiz\u00f3 a deportistas de todo el mundo, quienes pausaron sus rutinas normales durante una semana. El impacto en su salud mental fue similar a una semana de sue\u00f1o interrumpido, con un aumento de 23% en su ansiedad.<!--more--><\/p>\n<div class=\"wrapper-editable-content\">\n<div>\n<div class=\"wrapper-editable-content\">\n<div>\n<div class=\"container-md\">\n<div class=\"row\">\n<div class=\"col-md-12 speak\">\n<div class=\"paragraph\">\n<figure class=\"mb-3\"><img decoding=\"async\" src=\"https:\/\/www.telam.com.ar\/thumbs\/bluesteel\/advf\/imagenes\/2020\/05\/5eb805b681979_900.jpg\" alt=\"Segn los datos de todos los deportes y regiones solo 1509 minutos de ejercicio pueden afectar significativamente nuestro estado mental\" width=\"100%\" height=\"100%\" \/><\/figure>\n<\/div>\n<\/div>\n<\/div>\n<\/div>\n<\/div>\n<\/div>\n<\/div>\n<\/div>\n<div class=\"media-icons\"><\/div>\n<p>Seg\u00fan los datos de todos los deportes y regiones, solo 15:09 minutos de ejercicio pueden afectar significativamente nuestro estado mental.<\/p>\n<p>Una semana sin realizar ejercicio tiene un impacto similar a una semana de sue\u00f1o interrumpido, seg\u00fan un estudio, que tambi\u00e9n demostr\u00f3 que\u00a0<strong>15 minutos y nueve segundos de ejercicio por d\u00eda estimulan positivamente a la mente<\/strong>.<\/p>\n<p>El estudio utiliz\u00f3 a deportistas de todo el mundo quienes pausaron sus rutinas de ejercicio normales durante una semana. El impacto en su salud mental fue similar a una semana de sue\u00f1o interrumpido; con un aumento de 23% en su ansiedad.<\/p>\n<p>El \u00abUplifting Minds Study\u00bb, efectuado por la firma Asics, realizado por miles de participantes desde junio de 2021, demostr\u00f3 que s\u00f3lo se necesitan 15:09 minutos de actividad f\u00edsica para mejorar el estado mental, incluso despu\u00e9s de per\u00edodos de inactividad.<\/p>\n<p>Seg\u00fan la investigaci\u00f3n cuando las personas activas dejaron de moverse,\u00a0<strong>su confianza cay\u00f3 20%; la positividad baj\u00f3 16%<\/strong>, los niveles de energ\u00eda se desplomaron 23% y su capacidad para enfrentar el estr\u00e9s se redujo 22%.<\/p>\n<p>Despu\u00e9s de s\u00f3lo una semana sin hacer ejercicio, la puntuaci\u00f3n general del estado mental de los participantes se redujo 18% promedio.<\/p>\n<p>La escala est\u00e1 compuesta por 10 m\u00e9tricas emocionales y cognitivas, que incluyen: compostura, resiliencia, positividad, satisfacci\u00f3n, relajaci\u00f3n, confianza, estado de alerta, calma, enfoque y energ\u00eda.<\/p>\n<p>Los participantes tambi\u00e9n fueron monitoreados cuando regresaron a su r\u00e9gimen de ejercicio regular y<strong>\u00a0todos experimentaron mejoras inmediatas en su estado mental<\/strong>, consign\u00f3 el trabajo a cargo del investigador Brendon Stubbs.<\/p>\n<figure class=\"mb-3\"><img decoding=\"async\" src=\"https:\/\/www.telam.com.ar\/thumbs\/bluesteel\/advf\/imagenes\/2022\/05\/6289858abf6b3_900.jpg\" alt=\"Despus de slo una semana sin hacer ejercicio la puntuacin general del estado mental de los participantes se redujo 18 promedio\" width=\"100%\" height=\"100%\" \/><\/p>\n<div class=\"media-icons\"><\/div><figcaption>Despu\u00e9s de s\u00f3lo una semana sin hacer ejercicio, la puntuaci\u00f3n general del estado mental de los participantes se redujo 18% promedio.<\/figcaption><\/figure>\n<p>Seg\u00fan los datos de todos los deportes y regiones, solo 15:09 minutos de ejercicio pueden afectar significativamente nuestro estado mental.<\/p>\n<p>Al respecto, Stubbs afirm\u00f3:\u00a0<strong>\u00abSabemos que el ejercicio es bueno para nuestra salud mental, pero el impacto del descanso y el reinicio del ejercicio no era tan claro; ahora, gracias a la nueva tecnolog\u00eda y la contribuci\u00f3n de miles de personas, hemos podido determinar cu\u00e1nto ejercicio se necesita para generar un impacto mental positivo\u00bb.<\/strong><\/p>\n<p>Este estudio ayuda a \u00abcuantificar la cantidad de ejercicio para mejorar la salud mental y hacerla m\u00e1s tangible\u00bb y muestra que \u00abel bienestar de las personas se recupera muy r\u00e1pidamente despu\u00e9s de un per\u00edodo de descanso cuando las personas reanudan el ejercicio regular nuevamente\u00bb.<\/p>\n","protected":false},"excerpt":{"rendered":"<p>Un estudio analiz\u00f3 a deportistas de todo el mundo, quienes pausaron sus rutinas normales durante una semana. El impacto en su salud mental fue similar a una semana de sue\u00f1o interrumpido, con un aumento de 23% en su ansiedad.<\/p>\n","protected":false},"author":3,"featured_media":0,"comment_status":"closed","ping_status":"closed","sticky":false,"template":"","format":"standard","meta":{"footnotes":""},"categories":[30,26],"tags":[],"class_list":["post-72521","post","type-post","status-publish","format-standard","hentry","category-salud","category-sociedad"],"yoast_head":"<!-- This site is optimized with the Yoast SEO plugin v25.9 - https:\/\/yoast.com\/wordpress\/plugins\/seo\/ -->\n<title>Siete d\u00edas sin ejercicio es igual a no dormir bien durante el mismo per\u00edodo - Noticias Radio Reflejos<\/title>\n<meta name=\"robots\" content=\"index, follow, max-snippet:-1, max-image-preview:large, max-video-preview:-1\" \/>\n<link rel=\"canonical\" href=\"https:\/\/www.noticiasradioreflejos.com.ar\/2021\/siete-dias-sin-ejercicio-es-igual-a-no-dormir-bien-durante-el-mismo-periodo\/\" \/>\n<meta property=\"og:locale\" content=\"es_ES\" \/>\n<meta property=\"og:type\" content=\"article\" \/>\n<meta property=\"og:title\" content=\"Siete d\u00edas sin ejercicio es igual a no dormir bien durante el mismo per\u00edodo - Noticias Radio Reflejos\" \/>\n<meta property=\"og:description\" content=\"Un estudio analiz\u00f3 a deportistas de todo el mundo, quienes pausaron sus rutinas normales durante una semana. El impacto en su salud mental fue similar a una semana de sue\u00f1o interrumpido, con un aumento de 23% en su ansiedad.\" \/>\n<meta property=\"og:url\" content=\"https:\/\/www.noticiasradioreflejos.com.ar\/2021\/siete-dias-sin-ejercicio-es-igual-a-no-dormir-bien-durante-el-mismo-periodo\/\" \/>\n<meta property=\"og:site_name\" content=\"Noticias Radio Reflejos\" \/>\n<meta property=\"article:published_time\" content=\"2022-05-23T22:40:46+00:00\" \/>\n<meta property=\"og:image\" content=\"https:\/\/www.telam.com.ar\/thumbs\/bluesteel\/advf\/imagenes\/2020\/05\/5eb805b681979_900.jpg\" \/>\n<meta name=\"author\" content=\"Arnaldo Botto\" \/>\n<meta name=\"twitter:card\" content=\"summary_large_image\" \/>\n<script type=\"application\/ld+json\" class=\"yoast-schema-graph\">{\"@context\":\"https:\/\/schema.org\",\"@graph\":[{\"@type\":\"WebPage\",\"@id\":\"https:\/\/www.noticiasradioreflejos.com.ar\/2021\/siete-dias-sin-ejercicio-es-igual-a-no-dormir-bien-durante-el-mismo-periodo\/\",\"url\":\"https:\/\/www.noticiasradioreflejos.com.ar\/2021\/siete-dias-sin-ejercicio-es-igual-a-no-dormir-bien-durante-el-mismo-periodo\/\",\"name\":\"Siete d\u00edas sin ejercicio es igual a no dormir bien durante el mismo per\u00edodo - Noticias Radio Reflejos\",\"isPartOf\":{\"@id\":\"https:\/\/www.noticiasradioreflejos.com.ar\/2021\/#website\"},\"primaryImageOfPage\":{\"@id\":\"https:\/\/www.noticiasradioreflejos.com.ar\/2021\/siete-dias-sin-ejercicio-es-igual-a-no-dormir-bien-durante-el-mismo-periodo\/#primaryimage\"},\"image\":{\"@id\":\"https:\/\/www.noticiasradioreflejos.com.ar\/2021\/siete-dias-sin-ejercicio-es-igual-a-no-dormir-bien-durante-el-mismo-periodo\/#primaryimage\"},\"thumbnailUrl\":\"https:\/\/www.telam.com.ar\/thumbs\/bluesteel\/advf\/imagenes\/2020\/05\/5eb805b681979_900.jpg\",\"datePublished\":\"2022-05-23T22:40:46+00:00\",\"author\":{\"@id\":\"https:\/\/www.noticiasradioreflejos.com.ar\/2021\/#\/schema\/person\/ad82545263dcc5ec0996818884fd5fb1\"},\"breadcrumb\":{\"@id\":\"https:\/\/www.noticiasradioreflejos.com.ar\/2021\/siete-dias-sin-ejercicio-es-igual-a-no-dormir-bien-durante-el-mismo-periodo\/#breadcrumb\"},\"inLanguage\":\"es\",\"potentialAction\":[{\"@type\":\"ReadAction\",\"target\":[\"https:\/\/www.noticiasradioreflejos.com.ar\/2021\/siete-dias-sin-ejercicio-es-igual-a-no-dormir-bien-durante-el-mismo-periodo\/\"]}]},{\"@type\":\"ImageObject\",\"inLanguage\":\"es\",\"@id\":\"https:\/\/www.noticiasradioreflejos.com.ar\/2021\/siete-dias-sin-ejercicio-es-igual-a-no-dormir-bien-durante-el-mismo-periodo\/#primaryimage\",\"url\":\"https:\/\/www.telam.com.ar\/thumbs\/bluesteel\/advf\/imagenes\/2020\/05\/5eb805b681979_900.jpg\",\"contentUrl\":\"https:\/\/www.telam.com.ar\/thumbs\/bluesteel\/advf\/imagenes\/2020\/05\/5eb805b681979_900.jpg\"},{\"@type\":\"BreadcrumbList\",\"@id\":\"https:\/\/www.noticiasradioreflejos.com.ar\/2021\/siete-dias-sin-ejercicio-es-igual-a-no-dormir-bien-durante-el-mismo-periodo\/#breadcrumb\",\"itemListElement\":[{\"@type\":\"ListItem\",\"position\":1,\"name\":\"Portada\",\"item\":\"https:\/\/www.noticiasradioreflejos.com.ar\/2021\/\"},{\"@type\":\"ListItem\",\"position\":2,\"name\":\"Siete d\u00edas sin ejercicio es igual a no dormir bien durante el mismo per\u00edodo\"}]},{\"@type\":\"WebSite\",\"@id\":\"https:\/\/www.noticiasradioreflejos.com.ar\/2021\/#website\",\"url\":\"https:\/\/www.noticiasradioreflejos.com.ar\/2021\/\",\"name\":\"Noticias Radio Reflejos\",\"description\":\"Las noticias de mi comarca\",\"potentialAction\":[{\"@type\":\"SearchAction\",\"target\":{\"@type\":\"EntryPoint\",\"urlTemplate\":\"https:\/\/www.noticiasradioreflejos.com.ar\/2021\/?s={search_term_string}\"},\"query-input\":{\"@type\":\"PropertyValueSpecification\",\"valueRequired\":true,\"valueName\":\"search_term_string\"}}],\"inLanguage\":\"es\"},{\"@type\":\"Person\",\"@id\":\"https:\/\/www.noticiasradioreflejos.com.ar\/2021\/#\/schema\/person\/ad82545263dcc5ec0996818884fd5fb1\",\"name\":\"Arnaldo Botto\",\"image\":{\"@type\":\"ImageObject\",\"inLanguage\":\"es\",\"@id\":\"https:\/\/www.noticiasradioreflejos.com.ar\/2021\/#\/schema\/person\/image\/\",\"url\":\"https:\/\/secure.gravatar.com\/avatar\/55cb5e37c1efa326397366e6974cb338056df65cb50e7d64d1cf314e87504837?s=96&d=mm&r=g\",\"contentUrl\":\"https:\/\/secure.gravatar.com\/avatar\/55cb5e37c1efa326397366e6974cb338056df65cb50e7d64d1cf314e87504837?s=96&d=mm&r=g\",\"caption\":\"Arnaldo Botto\"},\"url\":\"https:\/\/www.noticiasradioreflejos.com.ar\/2021\/author\/arnaldo\/\"}]}<\/script>\n<!-- \/ Yoast SEO plugin. -->","yoast_head_json":{"title":"Siete d\u00edas sin ejercicio es igual a no dormir bien durante el mismo per\u00edodo - Noticias Radio Reflejos","robots":{"index":"index","follow":"follow","max-snippet":"max-snippet:-1","max-image-preview":"max-image-preview:large","max-video-preview":"max-video-preview:-1"},"canonical":"https:\/\/www.noticiasradioreflejos.com.ar\/2021\/siete-dias-sin-ejercicio-es-igual-a-no-dormir-bien-durante-el-mismo-periodo\/","og_locale":"es_ES","og_type":"article","og_title":"Siete d\u00edas sin ejercicio es igual a no dormir bien durante el mismo per\u00edodo - Noticias Radio Reflejos","og_description":"Un estudio analiz\u00f3 a deportistas de todo el mundo, quienes pausaron sus rutinas normales durante una semana. El impacto en su salud mental fue similar a una semana de sue\u00f1o interrumpido, con un aumento de 23% en su ansiedad.","og_url":"https:\/\/www.noticiasradioreflejos.com.ar\/2021\/siete-dias-sin-ejercicio-es-igual-a-no-dormir-bien-durante-el-mismo-periodo\/","og_site_name":"Noticias Radio Reflejos","article_published_time":"2022-05-23T22:40:46+00:00","og_image":[{"url":"https:\/\/www.telam.com.ar\/thumbs\/bluesteel\/advf\/imagenes\/2020\/05\/5eb805b681979_900.jpg","type":"","width":"","height":""}],"author":"Arnaldo Botto","twitter_card":"summary_large_image","schema":{"@context":"https:\/\/schema.org","@graph":[{"@type":"WebPage","@id":"https:\/\/www.noticiasradioreflejos.com.ar\/2021\/siete-dias-sin-ejercicio-es-igual-a-no-dormir-bien-durante-el-mismo-periodo\/","url":"https:\/\/www.noticiasradioreflejos.com.ar\/2021\/siete-dias-sin-ejercicio-es-igual-a-no-dormir-bien-durante-el-mismo-periodo\/","name":"Siete d\u00edas sin ejercicio es igual a no dormir bien durante el mismo per\u00edodo - Noticias Radio Reflejos","isPartOf":{"@id":"https:\/\/www.noticiasradioreflejos.com.ar\/2021\/#website"},"primaryImageOfPage":{"@id":"https:\/\/www.noticiasradioreflejos.com.ar\/2021\/siete-dias-sin-ejercicio-es-igual-a-no-dormir-bien-durante-el-mismo-periodo\/#primaryimage"},"image":{"@id":"https:\/\/www.noticiasradioreflejos.com.ar\/2021\/siete-dias-sin-ejercicio-es-igual-a-no-dormir-bien-durante-el-mismo-periodo\/#primaryimage"},"thumbnailUrl":"https:\/\/www.telam.com.ar\/thumbs\/bluesteel\/advf\/imagenes\/2020\/05\/5eb805b681979_900.jpg","datePublished":"2022-05-23T22:40:46+00:00","author":{"@id":"https:\/\/www.noticiasradioreflejos.com.ar\/2021\/#\/schema\/person\/ad82545263dcc5ec0996818884fd5fb1"},"breadcrumb":{"@id":"https:\/\/www.noticiasradioreflejos.com.ar\/2021\/siete-dias-sin-ejercicio-es-igual-a-no-dormir-bien-durante-el-mismo-periodo\/#breadcrumb"},"inLanguage":"es","potentialAction":[{"@type":"ReadAction","target":["https:\/\/www.noticiasradioreflejos.com.ar\/2021\/siete-dias-sin-ejercicio-es-igual-a-no-dormir-bien-durante-el-mismo-periodo\/"]}]},{"@type":"ImageObject","inLanguage":"es","@id":"https:\/\/www.noticiasradioreflejos.com.ar\/2021\/siete-dias-sin-ejercicio-es-igual-a-no-dormir-bien-durante-el-mismo-periodo\/#primaryimage","url":"https:\/\/www.telam.com.ar\/thumbs\/bluesteel\/advf\/imagenes\/2020\/05\/5eb805b681979_900.jpg","contentUrl":"https:\/\/www.telam.com.ar\/thumbs\/bluesteel\/advf\/imagenes\/2020\/05\/5eb805b681979_900.jpg"},{"@type":"BreadcrumbList","@id":"https:\/\/www.noticiasradioreflejos.com.ar\/2021\/siete-dias-sin-ejercicio-es-igual-a-no-dormir-bien-durante-el-mismo-periodo\/#breadcrumb","itemListElement":[{"@type":"ListItem","position":1,"name":"Portada","item":"https:\/\/www.noticiasradioreflejos.com.ar\/2021\/"},{"@type":"ListItem","position":2,"name":"Siete d\u00edas sin ejercicio es igual a no dormir bien durante el mismo per\u00edodo"}]},{"@type":"WebSite","@id":"https:\/\/www.noticiasradioreflejos.com.ar\/2021\/#website","url":"https:\/\/www.noticiasradioreflejos.com.ar\/2021\/","name":"Noticias Radio Reflejos","description":"Las noticias de mi comarca","potentialAction":[{"@type":"SearchAction","target":{"@type":"EntryPoint","urlTemplate":"https:\/\/www.noticiasradioreflejos.com.ar\/2021\/?s={search_term_string}"},"query-input":{"@type":"PropertyValueSpecification","valueRequired":true,"valueName":"search_term_string"}}],"inLanguage":"es"},{"@type":"Person","@id":"https:\/\/www.noticiasradioreflejos.com.ar\/2021\/#\/schema\/person\/ad82545263dcc5ec0996818884fd5fb1","name":"Arnaldo Botto","image":{"@type":"ImageObject","inLanguage":"es","@id":"https:\/\/www.noticiasradioreflejos.com.ar\/2021\/#\/schema\/person\/image\/","url":"https:\/\/secure.gravatar.com\/avatar\/55cb5e37c1efa326397366e6974cb338056df65cb50e7d64d1cf314e87504837?s=96&d=mm&r=g","contentUrl":"https:\/\/secure.gravatar.com\/avatar\/55cb5e37c1efa326397366e6974cb338056df65cb50e7d64d1cf314e87504837?s=96&d=mm&r=g","caption":"Arnaldo Botto"},"url":"https:\/\/www.noticiasradioreflejos.com.ar\/2021\/author\/arnaldo\/"}]}},"_links":{"self":[{"href":"https:\/\/www.noticiasradioreflejos.com.ar\/2021\/wp-json\/wp\/v2\/posts\/72521","targetHints":{"allow":["GET"]}}],"collection":[{"href":"https:\/\/www.noticiasradioreflejos.com.ar\/2021\/wp-json\/wp\/v2\/posts"}],"about":[{"href":"https:\/\/www.noticiasradioreflejos.com.ar\/2021\/wp-json\/wp\/v2\/types\/post"}],"author":[{"embeddable":true,"href":"https:\/\/www.noticiasradioreflejos.com.ar\/2021\/wp-json\/wp\/v2\/users\/3"}],"replies":[{"embeddable":true,"href":"https:\/\/www.noticiasradioreflejos.com.ar\/2021\/wp-json\/wp\/v2\/comments?post=72521"}],"version-history":[{"count":1,"href":"https:\/\/www.noticiasradioreflejos.com.ar\/2021\/wp-json\/wp\/v2\/posts\/72521\/revisions"}],"predecessor-version":[{"id":72523,"href":"https:\/\/www.noticiasradioreflejos.com.ar\/2021\/wp-json\/wp\/v2\/posts\/72521\/revisions\/72523"}],"wp:attachment":[{"href":"https:\/\/www.noticiasradioreflejos.com.ar\/2021\/wp-json\/wp\/v2\/media?parent=72521"}],"wp:term":[{"taxonomy":"category","embeddable":true,"href":"https:\/\/www.noticiasradioreflejos.com.ar\/2021\/wp-json\/wp\/v2\/categories?post=72521"},{"taxonomy":"post_tag","embeddable":true,"href":"https:\/\/www.noticiasradioreflejos.com.ar\/2021\/wp-json\/wp\/v2\/tags?post=72521"}],"curies":[{"name":"wp","href":"https:\/\/api.w.org\/{rel}","templated":true}]}}