{"id":72518,"date":"2022-05-23T22:37:42","date_gmt":"2022-05-23T22:37:42","guid":{"rendered":"http:\/\/www.noticiasradioreflejos.com.ar\/2021\/?p=72518"},"modified":"2022-05-23T22:37:42","modified_gmt":"2022-05-23T22:37:42","slug":"con-una-aplicacion-buscan-proteger-a-las-tortugas-carey-de-la-extincion","status":"publish","type":"post","link":"https:\/\/www.noticiasradioreflejos.com.ar\/2021\/con-una-aplicacion-buscan-proteger-a-las-tortugas-carey-de-la-extincion\/","title":{"rendered":"Con una aplicaci\u00f3n, buscan proteger a las tortugas Carey de la extinci\u00f3n"},"content":{"rendered":"<header class=\"article-header-wrapper\">\n<div class=\"article-header\">\n<p class=\"article-subheadline\">En el D\u00eda Mundial de la Tortuga, cient\u00edficos advierten sobre la delicada situaci\u00f3n de estos animales ante el comercio de su caparaz\u00f3n. De qu\u00e9 se trata esta iniciativa<\/p>\n<div class=\"byline\">\n<div class=\"byline-text-wrapper\"><\/div>\n<\/div>\n<\/div>\n<div class=\"nd-buttons-container\">\n<div class=\"Sms social-share\"><\/div>\n<\/div>\n<\/header>\n<p><!--more--><\/p>\n<article class=\"article\">\n<div class=\"nd-body-article\">\n<div class=\"visual__image\">Ya sean terrestres o acu\u00e1ticas, lo cierto es que varias especies de estos animales se encuentran en peligro de extinci\u00f3n (Getty Images)<\/div>\n<p class=\"paragraph\">El 23 de mayo se celebra el D\u00eda Mundial de la Tortuga, aunque para las marinas esa fecha sea el 16 de junio.\u00a0<b>Ya sean terrestres o acu\u00e1ticas, lo cierto es que varias especies de estos animales se encuentran en peligro de extinci\u00f3n<\/b>. Es por este motivo que la organizaci\u00f3n\u00a0<b>SEE Turtles<\/b>\u00a0junto al\u00a0<b>Laboratorio de Ciencias de los Datos del Instituto Smithsoniano<\/b><mark class=\"hl_yellow\"><b>\u00a0dise\u00f1aron una aplicaci\u00f3n que puede frenar la depredaci\u00f3n que sufren las Tortugas Carey por su caparaz\u00f3n.<\/b><\/mark><\/p>\n<p class=\"paragraph\">El carey fue un material ampliamente elegido por su belleza y durabilidad.\u00a0<mark class=\"hl_yellow\"><b>Desde peines hasta joyas, artesanos lo prefer\u00edan para desplegar toda su creatividad. Sin embargo, es m\u00e1s que un simple elemento. Se trata del caparaz\u00f3n de un ser vivo, el cual fue empujado al borde la extinci\u00f3n.<\/b><\/mark>\u00a0En ese sentido, Brad Nahill, cofundador y presidente del grupo de conservaci\u00f3n de tortugas SEE Turtles, afirm\u00f3: \u201cEra como el pl\u00e1stico antes de que se inventara el pl\u00e1stico, porque es muy maleable\u201d.<\/p>\n<p class=\"paragraph\">No cualquier tortuga cuenta con un caparaz\u00f3n de carey, sino que aquellas que llevan ese \u201cmaterial\u201d como nombre.\u00a0<mark class=\"hl_yellow\">Tan solo entre 1884 y 1992, unos 9 millones de animales de esta especie fueron sacrificadas y vendidas por sus caparazones, seg\u00fan se\u00f1al\u00f3 un\u00a0<\/mark><a href=\"https:\/\/www.science.org\/doi\/10.1126\/sciadv.aav5948\"><mark class=\"hl_yellow\">informe<\/mark><\/a><mark class=\"hl_yellow\">\u00a0publicado en\u00a0<i>Science,\u00a0<\/i>en 2019<\/mark>. Esta situaci\u00f3n las dejo en\u00a0<b>peligro cr\u00edtico de extinci\u00f3n<\/b>. Actualmente,\u00a0<b>solo quedan menos de 25 mil hembras en todo el mundo<\/b>. Siendo que su comercializaci\u00f3n est\u00e1 prohibida.<\/p>\n<div class=\"visual__image\"><img loading=\"lazy\" decoding=\"async\" class=\"\" src=\"https:\/\/cloudfront-us-east-1.images.arcpublishing.com\/infobae\/4LAAEREOWFFYFHDKKYNGFQHPVE.jpg\" sizes=\"auto, (min-width: 800px) 50vw, 90vw\" srcset=\"https:\/\/www.infobae.com\/new-resizer\/ANlwJ8yDkUw-jW5Ufe6-Q0qQup0=\/420x280\/filters:format(webp):quality(85)\/cloudfront-us-east-1.images.arcpublishing.com\/infobae\/4LAAEREOWFFYFHDKKYNGFQHPVE.jpg 420w,https:\/\/www.infobae.com\/new-resizer\/bE_iDZKjpbZdwizqgs856d0Xh2Q=\/768x512\/filters:format(webp):quality(85)\/cloudfront-us-east-1.images.arcpublishing.com\/infobae\/4LAAEREOWFFYFHDKKYNGFQHPVE.jpg 768w,https:\/\/www.infobae.com\/new-resizer\/5YbVTplKrgltAEQrN0VSPlGP73I=\/992x661\/filters:format(webp):quality(85)\/cloudfront-us-east-1.images.arcpublishing.com\/infobae\/4LAAEREOWFFYFHDKKYNGFQHPVE.jpg 992w,https:\/\/www.infobae.com\/new-resizer\/uILo7A89P-Kxfi5K0t3xqpE4JHI=\/1200x800\/filters:format(webp):quality(85)\/cloudfront-us-east-1.images.arcpublishing.com\/infobae\/4LAAEREOWFFYFHDKKYNGFQHPVE.jpg 1200w,https:\/\/www.infobae.com\/new-resizer\/ed9RU6uYl35JIV1_uCzA-1jvjBI=\/1440x960\/filters:format(webp):quality(85)\/cloudfront-us-east-1.images.arcpublishing.com\/infobae\/4LAAEREOWFFYFHDKKYNGFQHPVE.jpg 1440w\" alt=\" Actualmente, solo quedan menos de 25 mil hembras en todo el mundo\n(Getty Images)\" width=\"2124\" height=\"1411\" \/>Actualmente, solo quedan menos de 25 mil hembras en todo el mundo (Getty Images)<\/div>\n<p class=\"paragraph\">Sin embargo,\u00a0<b>el mercado negro existe y a\u00fan pueden hallarse distintos objetos confeccionados con carey<\/b>. Es por este motivo que la organizaci\u00f3n SEE Turtles, junto al Laboratorio de Ciencias de los Datos del Instituto Smithsoniano, crearon la\u00a0<b>aplicaci\u00f3n\u00a0<\/b><a href=\"https:\/\/www.seeturtles.org\/see-shell\" target=\"_blank\" rel=\"noopener\"><b>SEE Shell<\/b><\/a>. Su uso es simple,\u00a0<mark class=\"hl_yellow\"><b>con una fotograf\u00eda este programa permite confirman, con un 94% de precisi\u00f3n, si se trata de carey real o falso<\/b><\/mark>. El m\u00e9todo que aplican para dilucidarlo es la identificaci\u00f3n de los patrones que tienen los caparazones.<\/p>\n<p class=\"paragraph\">Para poder determinar con precisi\u00f3n si es real, es decir su era parte de una tortuga, o si es una imitaci\u00f3n,<b>\u00a0los cient\u00edficos recopilaron unas 4 mil fotograf\u00edas de productos y art\u00edculos de caparaz\u00f3n, tanto verdaderos como falsos<\/b>. Tras cargar todas estas im\u00e1genes en un modelo, el programa evalu\u00f3 los pixeles y pudo establecer las diferencias.<\/p>\n<p class=\"paragraph\">\u201cUna diferencia clave es que\u00a0<b>los patrones en el caparaz\u00f3n de tortuga real son aleatorios. Los productos falsos tienden a tener manchas con bordes uniformes o el mismo patr\u00f3n en diferentes art\u00edculos que se venden juntos.<\/b>\u00a0El tono naranja en la imitaci\u00f3n de carey tambi\u00e9n tiende a tener una translucidez constante en todas partes\u201d, se\u00f1al\u00f3 Alexander Robillard, del Instituto Smithsoniano, en declaraciones a\u00a0<i>NatGeo<\/i>.<\/p>\n<div class=\"visual__image\"><img loading=\"lazy\" decoding=\"async\" class=\"\" src=\"https:\/\/cloudfront-us-east-1.images.arcpublishing.com\/infobae\/E56KXNEMKZGUTJ44PPINTJQDIM.jpg\" sizes=\"auto, (min-width: 800px) 50vw, 90vw\" srcset=\"https:\/\/www.infobae.com\/new-resizer\/D17zicIgALc7ZybuH9Sff5poCDU=\/420x280\/filters:format(webp):quality(85)\/cloudfront-us-east-1.images.arcpublishing.com\/infobae\/E56KXNEMKZGUTJ44PPINTJQDIM.jpg 420w,https:\/\/www.infobae.com\/new-resizer\/SbYj43TXnHoghDr55zVrqoGXy4Q=\/768x512\/filters:format(webp):quality(85)\/cloudfront-us-east-1.images.arcpublishing.com\/infobae\/E56KXNEMKZGUTJ44PPINTJQDIM.jpg 768w,https:\/\/www.infobae.com\/new-resizer\/qxGZcs35qHtEndbYFbY8Pm5imR0=\/992x661\/filters:format(webp):quality(85)\/cloudfront-us-east-1.images.arcpublishing.com\/infobae\/E56KXNEMKZGUTJ44PPINTJQDIM.jpg 992w,https:\/\/www.infobae.com\/new-resizer\/mbEGhYrzF5ruBWYEq96suf0I1A4=\/1200x800\/filters:format(webp):quality(85)\/cloudfront-us-east-1.images.arcpublishing.com\/infobae\/E56KXNEMKZGUTJ44PPINTJQDIM.jpg 1200w,https:\/\/www.infobae.com\/new-resizer\/aVKM7lMqfla7D8SfOfSHBcPfzFA=\/1440x960\/filters:format(webp):quality(85)\/cloudfront-us-east-1.images.arcpublishing.com\/infobae\/E56KXNEMKZGUTJ44PPINTJQDIM.jpg 1440w\" alt=\"Esta aplicaci\u00f3n es m\u00e1s que un \u201cdetector de mentiras\u201d, ya que tambi\u00e9n memoriza las coordenadas que se introdujeron en un GPS\n(Getty Images)\" width=\"2121\" height=\"1414\" \/>Esta aplicaci\u00f3n es m\u00e1s que un \u201cdetector de mentiras\u201d, ya que tambi\u00e9n memoriza las coordenadas que se introdujeron en un GPS (Getty Images)<\/div>\n<p class=\"paragraph\">Seg\u00fan sus creadores,\u00a0<b>esta aplicaci\u00f3n es m\u00e1s que un \u201cdetector de mentiras\u201d, ya que tambi\u00e9n memoriza las coordenadas que se introdujeron en un GPS<\/b>. De esta manera, al evaluar cada producto verdadero tambi\u00e9n se puede establecer geogr\u00e1ficamente d\u00f3nde se centran los \u201cmercados negros\u201d y las ventas il\u00edcitas. En ese sentido, Nahill afirm\u00f3: \u201c<mark class=\"hl_yellow\">Incluso si logramos que s\u00f3lo unos cientos de viajeros lo usen activamente y recopilen datos y eviten comprar carey aut\u00e9ntico, ya es un gran avance<\/mark>\u201d.<\/p>\n<p class=\"paragraph\">Por su parte, David Godfrey, director ejecutivo del grupo de investigaci\u00f3n y conservaci\u00f3n\u00a0<a href=\"https:\/\/conserveturtles.org\/\">Sea Turtle Conservancy<\/a>, afirm\u00f3 que si los viajeros y turistas utilizan la aplicaci\u00f3n se podr\u00e1 conformar \u201cun ej\u00e9rcito de conservacionistas para hacerle la vida dif\u00edcil a los que venden (tortugas) por debajo de la mesa\u201d.<\/p>\n<p class=\"paragraph\">En tanto, al analizar las ventas online o plataformas, Nahill afirm\u00f3 que estos espacios filtran los productos ilegales gracias a listados de palabras prohibidas, aunque estas barreras pueden evadirse de forma sencilla. \u201cHasta donde podemos determinar, nadie ha hecho nada en el aspecto visual\u201d, asegur\u00f3. Al tiempo que se mostr\u00f3 esperanzado y agreg\u00f3: \u201c<b>Hay todo un mundo de posibilidades para aplicar el aprendizaje autom\u00e1tico a los problemas de conservaci\u00f3n<\/b>\u201d.<\/p>\n<\/div>\n<\/article>\n","protected":false},"excerpt":{"rendered":"<p>En el D\u00eda Mundial de la Tortuga, cient\u00edficos advierten sobre la delicada situaci\u00f3n de estos animales ante el comercio de su caparaz\u00f3n. De qu\u00e9 se trata esta iniciativa<\/p>\n","protected":false},"author":3,"featured_media":0,"comment_status":"closed","ping_status":"closed","sticky":false,"template":"","format":"standard","meta":{"footnotes":""},"categories":[46],"tags":[],"class_list":["post-72518","post","type-post","status-publish","format-standard","hentry","category-ciencia-y-tecnologia"],"yoast_head":"<!-- This site is optimized with the Yoast SEO plugin v25.9 - https:\/\/yoast.com\/wordpress\/plugins\/seo\/ -->\n<title>Con una aplicaci\u00f3n, buscan proteger a las tortugas Carey de la extinci\u00f3n - Noticias Radio Reflejos<\/title>\n<meta name=\"robots\" content=\"index, follow, max-snippet:-1, max-image-preview:large, max-video-preview:-1\" \/>\n<link rel=\"canonical\" href=\"https:\/\/www.noticiasradioreflejos.com.ar\/2021\/con-una-aplicacion-buscan-proteger-a-las-tortugas-carey-de-la-extincion\/\" \/>\n<meta property=\"og:locale\" content=\"es_ES\" \/>\n<meta property=\"og:type\" content=\"article\" \/>\n<meta property=\"og:title\" content=\"Con una aplicaci\u00f3n, buscan proteger a las tortugas Carey de la extinci\u00f3n - Noticias Radio Reflejos\" \/>\n<meta property=\"og:description\" content=\"En el D\u00eda Mundial de la Tortuga, cient\u00edficos advierten sobre la delicada situaci\u00f3n de estos animales ante el comercio de su caparaz\u00f3n. De qu\u00e9 se trata esta iniciativa\" \/>\n<meta property=\"og:url\" content=\"https:\/\/www.noticiasradioreflejos.com.ar\/2021\/con-una-aplicacion-buscan-proteger-a-las-tortugas-carey-de-la-extincion\/\" \/>\n<meta property=\"og:site_name\" content=\"Noticias Radio Reflejos\" \/>\n<meta property=\"article:published_time\" content=\"2022-05-23T22:37:42+00:00\" \/>\n<meta property=\"og:image\" content=\"https:\/\/cloudfront-us-east-1.images.arcpublishing.com\/infobae\/4LAAEREOWFFYFHDKKYNGFQHPVE.jpg\" \/>\n<meta name=\"author\" content=\"Arnaldo Botto\" \/>\n<meta name=\"twitter:card\" content=\"summary_large_image\" \/>\n<script type=\"application\/ld+json\" class=\"yoast-schema-graph\">{\"@context\":\"https:\/\/schema.org\",\"@graph\":[{\"@type\":\"WebPage\",\"@id\":\"https:\/\/www.noticiasradioreflejos.com.ar\/2021\/con-una-aplicacion-buscan-proteger-a-las-tortugas-carey-de-la-extincion\/\",\"url\":\"https:\/\/www.noticiasradioreflejos.com.ar\/2021\/con-una-aplicacion-buscan-proteger-a-las-tortugas-carey-de-la-extincion\/\",\"name\":\"Con una aplicaci\u00f3n, buscan proteger a las tortugas Carey de la extinci\u00f3n - Noticias Radio Reflejos\",\"isPartOf\":{\"@id\":\"https:\/\/www.noticiasradioreflejos.com.ar\/2021\/#website\"},\"primaryImageOfPage\":{\"@id\":\"https:\/\/www.noticiasradioreflejos.com.ar\/2021\/con-una-aplicacion-buscan-proteger-a-las-tortugas-carey-de-la-extincion\/#primaryimage\"},\"image\":{\"@id\":\"https:\/\/www.noticiasradioreflejos.com.ar\/2021\/con-una-aplicacion-buscan-proteger-a-las-tortugas-carey-de-la-extincion\/#primaryimage\"},\"thumbnailUrl\":\"https:\/\/cloudfront-us-east-1.images.arcpublishing.com\/infobae\/4LAAEREOWFFYFHDKKYNGFQHPVE.jpg\",\"datePublished\":\"2022-05-23T22:37:42+00:00\",\"author\":{\"@id\":\"https:\/\/www.noticiasradioreflejos.com.ar\/2021\/#\/schema\/person\/ad82545263dcc5ec0996818884fd5fb1\"},\"breadcrumb\":{\"@id\":\"https:\/\/www.noticiasradioreflejos.com.ar\/2021\/con-una-aplicacion-buscan-proteger-a-las-tortugas-carey-de-la-extincion\/#breadcrumb\"},\"inLanguage\":\"es\",\"potentialAction\":[{\"@type\":\"ReadAction\",\"target\":[\"https:\/\/www.noticiasradioreflejos.com.ar\/2021\/con-una-aplicacion-buscan-proteger-a-las-tortugas-carey-de-la-extincion\/\"]}]},{\"@type\":\"ImageObject\",\"inLanguage\":\"es\",\"@id\":\"https:\/\/www.noticiasradioreflejos.com.ar\/2021\/con-una-aplicacion-buscan-proteger-a-las-tortugas-carey-de-la-extincion\/#primaryimage\",\"url\":\"https:\/\/cloudfront-us-east-1.images.arcpublishing.com\/infobae\/4LAAEREOWFFYFHDKKYNGFQHPVE.jpg\",\"contentUrl\":\"https:\/\/cloudfront-us-east-1.images.arcpublishing.com\/infobae\/4LAAEREOWFFYFHDKKYNGFQHPVE.jpg\"},{\"@type\":\"BreadcrumbList\",\"@id\":\"https:\/\/www.noticiasradioreflejos.com.ar\/2021\/con-una-aplicacion-buscan-proteger-a-las-tortugas-carey-de-la-extincion\/#breadcrumb\",\"itemListElement\":[{\"@type\":\"ListItem\",\"position\":1,\"name\":\"Portada\",\"item\":\"https:\/\/www.noticiasradioreflejos.com.ar\/2021\/\"},{\"@type\":\"ListItem\",\"position\":2,\"name\":\"Con una aplicaci\u00f3n, buscan proteger a las tortugas Carey de la extinci\u00f3n\"}]},{\"@type\":\"WebSite\",\"@id\":\"https:\/\/www.noticiasradioreflejos.com.ar\/2021\/#website\",\"url\":\"https:\/\/www.noticiasradioreflejos.com.ar\/2021\/\",\"name\":\"Noticias Radio Reflejos\",\"description\":\"Las noticias de mi comarca\",\"potentialAction\":[{\"@type\":\"SearchAction\",\"target\":{\"@type\":\"EntryPoint\",\"urlTemplate\":\"https:\/\/www.noticiasradioreflejos.com.ar\/2021\/?s={search_term_string}\"},\"query-input\":{\"@type\":\"PropertyValueSpecification\",\"valueRequired\":true,\"valueName\":\"search_term_string\"}}],\"inLanguage\":\"es\"},{\"@type\":\"Person\",\"@id\":\"https:\/\/www.noticiasradioreflejos.com.ar\/2021\/#\/schema\/person\/ad82545263dcc5ec0996818884fd5fb1\",\"name\":\"Arnaldo Botto\",\"image\":{\"@type\":\"ImageObject\",\"inLanguage\":\"es\",\"@id\":\"https:\/\/www.noticiasradioreflejos.com.ar\/2021\/#\/schema\/person\/image\/\",\"url\":\"https:\/\/secure.gravatar.com\/avatar\/55cb5e37c1efa326397366e6974cb338056df65cb50e7d64d1cf314e87504837?s=96&d=mm&r=g\",\"contentUrl\":\"https:\/\/secure.gravatar.com\/avatar\/55cb5e37c1efa326397366e6974cb338056df65cb50e7d64d1cf314e87504837?s=96&d=mm&r=g\",\"caption\":\"Arnaldo Botto\"},\"url\":\"https:\/\/www.noticiasradioreflejos.com.ar\/2021\/author\/arnaldo\/\"}]}<\/script>\n<!-- \/ Yoast SEO plugin. -->","yoast_head_json":{"title":"Con una aplicaci\u00f3n, buscan proteger a las tortugas Carey de la extinci\u00f3n - Noticias Radio Reflejos","robots":{"index":"index","follow":"follow","max-snippet":"max-snippet:-1","max-image-preview":"max-image-preview:large","max-video-preview":"max-video-preview:-1"},"canonical":"https:\/\/www.noticiasradioreflejos.com.ar\/2021\/con-una-aplicacion-buscan-proteger-a-las-tortugas-carey-de-la-extincion\/","og_locale":"es_ES","og_type":"article","og_title":"Con una aplicaci\u00f3n, buscan proteger a las tortugas Carey de la extinci\u00f3n - Noticias Radio Reflejos","og_description":"En el D\u00eda Mundial de la Tortuga, cient\u00edficos advierten sobre la delicada situaci\u00f3n de estos animales ante el comercio de su caparaz\u00f3n. De qu\u00e9 se trata esta iniciativa","og_url":"https:\/\/www.noticiasradioreflejos.com.ar\/2021\/con-una-aplicacion-buscan-proteger-a-las-tortugas-carey-de-la-extincion\/","og_site_name":"Noticias Radio Reflejos","article_published_time":"2022-05-23T22:37:42+00:00","og_image":[{"url":"https:\/\/cloudfront-us-east-1.images.arcpublishing.com\/infobae\/4LAAEREOWFFYFHDKKYNGFQHPVE.jpg","type":"","width":"","height":""}],"author":"Arnaldo Botto","twitter_card":"summary_large_image","schema":{"@context":"https:\/\/schema.org","@graph":[{"@type":"WebPage","@id":"https:\/\/www.noticiasradioreflejos.com.ar\/2021\/con-una-aplicacion-buscan-proteger-a-las-tortugas-carey-de-la-extincion\/","url":"https:\/\/www.noticiasradioreflejos.com.ar\/2021\/con-una-aplicacion-buscan-proteger-a-las-tortugas-carey-de-la-extincion\/","name":"Con una aplicaci\u00f3n, buscan proteger a las tortugas Carey de la extinci\u00f3n - Noticias Radio Reflejos","isPartOf":{"@id":"https:\/\/www.noticiasradioreflejos.com.ar\/2021\/#website"},"primaryImageOfPage":{"@id":"https:\/\/www.noticiasradioreflejos.com.ar\/2021\/con-una-aplicacion-buscan-proteger-a-las-tortugas-carey-de-la-extincion\/#primaryimage"},"image":{"@id":"https:\/\/www.noticiasradioreflejos.com.ar\/2021\/con-una-aplicacion-buscan-proteger-a-las-tortugas-carey-de-la-extincion\/#primaryimage"},"thumbnailUrl":"https:\/\/cloudfront-us-east-1.images.arcpublishing.com\/infobae\/4LAAEREOWFFYFHDKKYNGFQHPVE.jpg","datePublished":"2022-05-23T22:37:42+00:00","author":{"@id":"https:\/\/www.noticiasradioreflejos.com.ar\/2021\/#\/schema\/person\/ad82545263dcc5ec0996818884fd5fb1"},"breadcrumb":{"@id":"https:\/\/www.noticiasradioreflejos.com.ar\/2021\/con-una-aplicacion-buscan-proteger-a-las-tortugas-carey-de-la-extincion\/#breadcrumb"},"inLanguage":"es","potentialAction":[{"@type":"ReadAction","target":["https:\/\/www.noticiasradioreflejos.com.ar\/2021\/con-una-aplicacion-buscan-proteger-a-las-tortugas-carey-de-la-extincion\/"]}]},{"@type":"ImageObject","inLanguage":"es","@id":"https:\/\/www.noticiasradioreflejos.com.ar\/2021\/con-una-aplicacion-buscan-proteger-a-las-tortugas-carey-de-la-extincion\/#primaryimage","url":"https:\/\/cloudfront-us-east-1.images.arcpublishing.com\/infobae\/4LAAEREOWFFYFHDKKYNGFQHPVE.jpg","contentUrl":"https:\/\/cloudfront-us-east-1.images.arcpublishing.com\/infobae\/4LAAEREOWFFYFHDKKYNGFQHPVE.jpg"},{"@type":"BreadcrumbList","@id":"https:\/\/www.noticiasradioreflejos.com.ar\/2021\/con-una-aplicacion-buscan-proteger-a-las-tortugas-carey-de-la-extincion\/#breadcrumb","itemListElement":[{"@type":"ListItem","position":1,"name":"Portada","item":"https:\/\/www.noticiasradioreflejos.com.ar\/2021\/"},{"@type":"ListItem","position":2,"name":"Con una aplicaci\u00f3n, buscan proteger a las tortugas Carey de la extinci\u00f3n"}]},{"@type":"WebSite","@id":"https:\/\/www.noticiasradioreflejos.com.ar\/2021\/#website","url":"https:\/\/www.noticiasradioreflejos.com.ar\/2021\/","name":"Noticias Radio Reflejos","description":"Las noticias de mi comarca","potentialAction":[{"@type":"SearchAction","target":{"@type":"EntryPoint","urlTemplate":"https:\/\/www.noticiasradioreflejos.com.ar\/2021\/?s={search_term_string}"},"query-input":{"@type":"PropertyValueSpecification","valueRequired":true,"valueName":"search_term_string"}}],"inLanguage":"es"},{"@type":"Person","@id":"https:\/\/www.noticiasradioreflejos.com.ar\/2021\/#\/schema\/person\/ad82545263dcc5ec0996818884fd5fb1","name":"Arnaldo Botto","image":{"@type":"ImageObject","inLanguage":"es","@id":"https:\/\/www.noticiasradioreflejos.com.ar\/2021\/#\/schema\/person\/image\/","url":"https:\/\/secure.gravatar.com\/avatar\/55cb5e37c1efa326397366e6974cb338056df65cb50e7d64d1cf314e87504837?s=96&d=mm&r=g","contentUrl":"https:\/\/secure.gravatar.com\/avatar\/55cb5e37c1efa326397366e6974cb338056df65cb50e7d64d1cf314e87504837?s=96&d=mm&r=g","caption":"Arnaldo Botto"},"url":"https:\/\/www.noticiasradioreflejos.com.ar\/2021\/author\/arnaldo\/"}]}},"_links":{"self":[{"href":"https:\/\/www.noticiasradioreflejos.com.ar\/2021\/wp-json\/wp\/v2\/posts\/72518","targetHints":{"allow":["GET"]}}],"collection":[{"href":"https:\/\/www.noticiasradioreflejos.com.ar\/2021\/wp-json\/wp\/v2\/posts"}],"about":[{"href":"https:\/\/www.noticiasradioreflejos.com.ar\/2021\/wp-json\/wp\/v2\/types\/post"}],"author":[{"embeddable":true,"href":"https:\/\/www.noticiasradioreflejos.com.ar\/2021\/wp-json\/wp\/v2\/users\/3"}],"replies":[{"embeddable":true,"href":"https:\/\/www.noticiasradioreflejos.com.ar\/2021\/wp-json\/wp\/v2\/comments?post=72518"}],"version-history":[{"count":1,"href":"https:\/\/www.noticiasradioreflejos.com.ar\/2021\/wp-json\/wp\/v2\/posts\/72518\/revisions"}],"predecessor-version":[{"id":72520,"href":"https:\/\/www.noticiasradioreflejos.com.ar\/2021\/wp-json\/wp\/v2\/posts\/72518\/revisions\/72520"}],"wp:attachment":[{"href":"https:\/\/www.noticiasradioreflejos.com.ar\/2021\/wp-json\/wp\/v2\/media?parent=72518"}],"wp:term":[{"taxonomy":"category","embeddable":true,"href":"https:\/\/www.noticiasradioreflejos.com.ar\/2021\/wp-json\/wp\/v2\/categories?post=72518"},{"taxonomy":"post_tag","embeddable":true,"href":"https:\/\/www.noticiasradioreflejos.com.ar\/2021\/wp-json\/wp\/v2\/tags?post=72518"}],"curies":[{"name":"wp","href":"https:\/\/api.w.org\/{rel}","templated":true}]}}