{"id":72515,"date":"2022-05-23T22:32:02","date_gmt":"2022-05-23T22:32:02","guid":{"rendered":"http:\/\/www.noticiasradioreflejos.com.ar\/2021\/?p=72515"},"modified":"2022-05-23T22:32:02","modified_gmt":"2022-05-23T22:32:02","slug":"piden-40-anos-de-carcel-para-un-religioso-acusado-de-abuso-de-siete-menores","status":"publish","type":"post","link":"https:\/\/www.noticiasradioreflejos.com.ar\/2021\/piden-40-anos-de-carcel-para-un-religioso-acusado-de-abuso-de-siete-menores\/","title":{"rendered":"Piden 40 a\u00f1os de c\u00e1rcel para un religioso acusado de abuso de siete menores"},"content":{"rendered":"<div class=\"wrapper-header\">\n<div class=\"container-xl\">\n<div class=\"row\">\n<div class=\"col-12\">\n<div class=\"head-content mb-4\">\n<div class=\"volanta\">\n<div class=\"time\">El l\u00edder de la Congregaci\u00f3n Cristiana Pueblo de Dios est\u00e1 detenido desde el 27 de octubre de 2019, y acusado de los delitos de abuso sexual con acceso carnal, abuso sexual gravemente ultrajante y abuso sexual simple reiterado, en los tres casos agravados por ser ministro de culto.<\/div>\n<\/div>\n<\/div>\n<\/div>\n<\/div>\n<\/div>\n<\/div>\n<p><!--more--><\/p>\n<div class=\"wrapper-editable-content\">\n<div>\n<div class=\"wrapper-editable-content\">\n<div>\n<div class=\"container-md\">\n<div class=\"row\">\n<div class=\"col-md-12 speak\">\n<div class=\"paragraph\">\n<figure class=\"mb-3\"><img decoding=\"async\" src=\"https:\/\/www.telam.com.ar\/thumbs\/bluesteel\/advf\/imagenes\/2022\/05\/628ba4fc95080_900.jpg\" alt=\"Los delitos que se le imputan fueron cometidos en un automvil y en la Casa de Oracin que esa congregacin posee en Gorriti al 4600 \" width=\"100%\" height=\"100%\" \/><\/p>\n<div class=\"media-icons\"><\/div><figcaption>Los delitos que se le imputan fueron cometidos en un autom\u00f3vil y en la Casa de Oraci\u00f3n que esa congregaci\u00f3n posee en Gorriti al 4.600<\/figcaption><\/figure>\n<p>Un hombre de 70 a\u00f1os, l\u00edder de la Congregaci\u00f3n Cristiana Pueblo de Dios, comenz\u00f3 a ser juzgado este lunes en la ciudad de Santa Fe acusado del abuso sexual de siete menores de edad y la Fiscal\u00eda adelant\u00f3 que pedir\u00e1 40 a\u00f1os de prisi\u00f3n, informaron voceros judiciales.<\/p>\n<p>El sujeto, identificado con las iniciales A. A.,\u00a0<strong>est\u00e1 detenido desde el 27 de octubre de 2019,<\/strong>\u00a0cuando se dispon\u00eda a votar en las elecciones nacionales en la localidad misionera de Puerto Iguaz\u00fa, donde ten\u00eda domicilio.<\/p>\n<p><strong>Los delitos que se le imputan fueron cometidos en un autom\u00f3vil y en la Casa de Oraci\u00f3n que esa congregaci\u00f3n posee\u00a0<\/strong>en Gorriti al 4.600 de Santa Fe, entre 2015 y 2017, en perjuicio de siete ni\u00f1as y adolescentes que eran menores de edad al momento de ser agredidas.<\/p>\n<p>El caso comenz\u00f3 a ser investigado en abril de 2018 por la fiscal Alejandra del R\u00edo Ayala, de la Unidad Fiscal Especial de Violencia de G\u00e9nero, Familiar y Sexual (GEFAS) del Ministerio P\u00fablico de la Acusaci\u00f3n (MPA) a partir de la denuncia del padre de dos de las v\u00edctimas.<\/p>\n<p>La Fiscal\u00eda indic\u00f3 que<strong>\u00a0\u00ablos abusos fueron cometidos en reiteradas oportunidades entre 2015 y 2017 en perjuicio de siete ni\u00f1as y adolescentes\u00bb,\u00a0<\/strong>que \u00aberan agredidas cuando se quedaban a dormir en la sede de la congregaci\u00f3n religiosa\u00bb y tambi\u00e9n \u00abal momento de ser trasladadas por el acusado en un veh\u00edculo particular\u00bb.<\/p>\n<p><strong>\u00abEn algunos casos (el imputado) utiliz\u00f3 violencia para neutralizar a las ni\u00f1as; en otros lo hizo abusando de su autoridad religiosa; y, en otros, las amenaz\u00f3 con suspenderlas en la pr\u00e1ctica religiosa si no aceptaban ser abusadas\u00bb<\/strong>, a\u00f1adi\u00f3 la Fiscal\u00eda.<\/p>\n<p>Al momento de la primera denuncia, el acusado hab\u00eda abandonado la ciudad de Santa Fe y fue detenido luego de que el MPA libr\u00f3 una orden de captura que se concret\u00f3 cuando A. A. concurri\u00f3 a votar en Puerto Iguaz\u00fa el 27 de octubre de 2019.<\/p>\n<p>En el juicio oral que se inici\u00f3 este lunes,<strong>\u00a0se le endilgan los delitos de abuso sexual con acceso carnal, abuso sexual gravemente ultrajante y abuso sexual simple reiterado, en los tres casos agravados por ser ministro de culto.<\/strong><\/p>\n<p>Adem\u00e1s, por los hechos cometidos en perjuicio de cuatro de las seis v\u00edctimas, ser\u00e1 juzgado como autor de promoci\u00f3n a la corrupci\u00f3n de menores agravada, en dos casos por amenazas, en otro por abuso de autoridad y en el tercero por violencia.<\/p>\n<p><strong>La Congregaci\u00f3n Cristiana Pueblo de Dios es reconocida por el Registro Nacional de Cultos y en Santa Fe.<\/strong><\/p>\n<p>Adem\u00e1s de la sede donde ocurrieron los abusos, posee una predio en la localidad santafesina de \u00c1ngel Gallardo, donde residen m\u00e1s de 200 adherentes.<\/p><\/div>\n<\/div>\n<\/div>\n<\/div>\n<\/div>\n<\/div>\n<\/div>\n<\/div>\n","protected":false},"excerpt":{"rendered":"<p>El l\u00edder de la Congregaci\u00f3n Cristiana Pueblo de Dios est\u00e1 detenido desde el 27 de octubre de 2019, y acusado de los delitos de abuso sexual con acceso carnal, abuso sexual gravemente ultrajante y abuso sexual simple reiterado, en los tres casos agravados por ser ministro de culto.<\/p>\n","protected":false},"author":3,"featured_media":0,"comment_status":"closed","ping_status":"closed","sticky":false,"template":"","format":"standard","meta":{"footnotes":""},"categories":[57],"tags":[],"class_list":["post-72515","post","type-post","status-publish","format-standard","hentry","category-judiciales"],"yoast_head":"<!-- This site is optimized with the Yoast SEO plugin v25.9 - https:\/\/yoast.com\/wordpress\/plugins\/seo\/ -->\n<title>Piden 40 a\u00f1os de c\u00e1rcel para un religioso acusado de abuso de siete menores - Noticias Radio Reflejos<\/title>\n<meta name=\"robots\" content=\"index, follow, max-snippet:-1, max-image-preview:large, max-video-preview:-1\" \/>\n<link rel=\"canonical\" href=\"https:\/\/www.noticiasradioreflejos.com.ar\/2021\/piden-40-anos-de-carcel-para-un-religioso-acusado-de-abuso-de-siete-menores\/\" \/>\n<meta property=\"og:locale\" content=\"es_ES\" \/>\n<meta property=\"og:type\" content=\"article\" \/>\n<meta property=\"og:title\" content=\"Piden 40 a\u00f1os de c\u00e1rcel para un religioso acusado de abuso de siete menores - Noticias Radio Reflejos\" \/>\n<meta property=\"og:description\" content=\"El l\u00edder de la Congregaci\u00f3n Cristiana Pueblo de Dios est\u00e1 detenido desde el 27 de octubre de 2019, y acusado de los delitos de abuso sexual con acceso carnal, abuso sexual gravemente ultrajante y abuso sexual simple reiterado, en los tres casos agravados por ser ministro de culto.\" \/>\n<meta property=\"og:url\" content=\"https:\/\/www.noticiasradioreflejos.com.ar\/2021\/piden-40-anos-de-carcel-para-un-religioso-acusado-de-abuso-de-siete-menores\/\" \/>\n<meta property=\"og:site_name\" content=\"Noticias Radio Reflejos\" \/>\n<meta property=\"article:published_time\" content=\"2022-05-23T22:32:02+00:00\" \/>\n<meta property=\"og:image\" content=\"https:\/\/www.telam.com.ar\/thumbs\/bluesteel\/advf\/imagenes\/2022\/05\/628ba4fc95080_900.jpg\" \/>\n<meta name=\"author\" content=\"Arnaldo Botto\" \/>\n<meta name=\"twitter:card\" content=\"summary_large_image\" \/>\n<script type=\"application\/ld+json\" class=\"yoast-schema-graph\">{\"@context\":\"https:\/\/schema.org\",\"@graph\":[{\"@type\":\"WebPage\",\"@id\":\"https:\/\/www.noticiasradioreflejos.com.ar\/2021\/piden-40-anos-de-carcel-para-un-religioso-acusado-de-abuso-de-siete-menores\/\",\"url\":\"https:\/\/www.noticiasradioreflejos.com.ar\/2021\/piden-40-anos-de-carcel-para-un-religioso-acusado-de-abuso-de-siete-menores\/\",\"name\":\"Piden 40 a\u00f1os de c\u00e1rcel para un religioso acusado de abuso de siete menores - Noticias Radio Reflejos\",\"isPartOf\":{\"@id\":\"https:\/\/www.noticiasradioreflejos.com.ar\/2021\/#website\"},\"primaryImageOfPage\":{\"@id\":\"https:\/\/www.noticiasradioreflejos.com.ar\/2021\/piden-40-anos-de-carcel-para-un-religioso-acusado-de-abuso-de-siete-menores\/#primaryimage\"},\"image\":{\"@id\":\"https:\/\/www.noticiasradioreflejos.com.ar\/2021\/piden-40-anos-de-carcel-para-un-religioso-acusado-de-abuso-de-siete-menores\/#primaryimage\"},\"thumbnailUrl\":\"https:\/\/www.telam.com.ar\/thumbs\/bluesteel\/advf\/imagenes\/2022\/05\/628ba4fc95080_900.jpg\",\"datePublished\":\"2022-05-23T22:32:02+00:00\",\"author\":{\"@id\":\"https:\/\/www.noticiasradioreflejos.com.ar\/2021\/#\/schema\/person\/ad82545263dcc5ec0996818884fd5fb1\"},\"breadcrumb\":{\"@id\":\"https:\/\/www.noticiasradioreflejos.com.ar\/2021\/piden-40-anos-de-carcel-para-un-religioso-acusado-de-abuso-de-siete-menores\/#breadcrumb\"},\"inLanguage\":\"es\",\"potentialAction\":[{\"@type\":\"ReadAction\",\"target\":[\"https:\/\/www.noticiasradioreflejos.com.ar\/2021\/piden-40-anos-de-carcel-para-un-religioso-acusado-de-abuso-de-siete-menores\/\"]}]},{\"@type\":\"ImageObject\",\"inLanguage\":\"es\",\"@id\":\"https:\/\/www.noticiasradioreflejos.com.ar\/2021\/piden-40-anos-de-carcel-para-un-religioso-acusado-de-abuso-de-siete-menores\/#primaryimage\",\"url\":\"https:\/\/www.telam.com.ar\/thumbs\/bluesteel\/advf\/imagenes\/2022\/05\/628ba4fc95080_900.jpg\",\"contentUrl\":\"https:\/\/www.telam.com.ar\/thumbs\/bluesteel\/advf\/imagenes\/2022\/05\/628ba4fc95080_900.jpg\"},{\"@type\":\"BreadcrumbList\",\"@id\":\"https:\/\/www.noticiasradioreflejos.com.ar\/2021\/piden-40-anos-de-carcel-para-un-religioso-acusado-de-abuso-de-siete-menores\/#breadcrumb\",\"itemListElement\":[{\"@type\":\"ListItem\",\"position\":1,\"name\":\"Portada\",\"item\":\"https:\/\/www.noticiasradioreflejos.com.ar\/2021\/\"},{\"@type\":\"ListItem\",\"position\":2,\"name\":\"Piden 40 a\u00f1os de c\u00e1rcel para un religioso acusado de abuso de siete menores\"}]},{\"@type\":\"WebSite\",\"@id\":\"https:\/\/www.noticiasradioreflejos.com.ar\/2021\/#website\",\"url\":\"https:\/\/www.noticiasradioreflejos.com.ar\/2021\/\",\"name\":\"Noticias Radio Reflejos\",\"description\":\"Las noticias de mi comarca\",\"potentialAction\":[{\"@type\":\"SearchAction\",\"target\":{\"@type\":\"EntryPoint\",\"urlTemplate\":\"https:\/\/www.noticiasradioreflejos.com.ar\/2021\/?s={search_term_string}\"},\"query-input\":{\"@type\":\"PropertyValueSpecification\",\"valueRequired\":true,\"valueName\":\"search_term_string\"}}],\"inLanguage\":\"es\"},{\"@type\":\"Person\",\"@id\":\"https:\/\/www.noticiasradioreflejos.com.ar\/2021\/#\/schema\/person\/ad82545263dcc5ec0996818884fd5fb1\",\"name\":\"Arnaldo Botto\",\"image\":{\"@type\":\"ImageObject\",\"inLanguage\":\"es\",\"@id\":\"https:\/\/www.noticiasradioreflejos.com.ar\/2021\/#\/schema\/person\/image\/\",\"url\":\"https:\/\/secure.gravatar.com\/avatar\/55cb5e37c1efa326397366e6974cb338056df65cb50e7d64d1cf314e87504837?s=96&d=mm&r=g\",\"contentUrl\":\"https:\/\/secure.gravatar.com\/avatar\/55cb5e37c1efa326397366e6974cb338056df65cb50e7d64d1cf314e87504837?s=96&d=mm&r=g\",\"caption\":\"Arnaldo Botto\"},\"url\":\"https:\/\/www.noticiasradioreflejos.com.ar\/2021\/author\/arnaldo\/\"}]}<\/script>\n<!-- \/ Yoast SEO plugin. -->","yoast_head_json":{"title":"Piden 40 a\u00f1os de c\u00e1rcel para un religioso acusado de abuso de siete menores - Noticias Radio Reflejos","robots":{"index":"index","follow":"follow","max-snippet":"max-snippet:-1","max-image-preview":"max-image-preview:large","max-video-preview":"max-video-preview:-1"},"canonical":"https:\/\/www.noticiasradioreflejos.com.ar\/2021\/piden-40-anos-de-carcel-para-un-religioso-acusado-de-abuso-de-siete-menores\/","og_locale":"es_ES","og_type":"article","og_title":"Piden 40 a\u00f1os de c\u00e1rcel para un religioso acusado de abuso de siete menores - Noticias Radio Reflejos","og_description":"El l\u00edder de la Congregaci\u00f3n Cristiana Pueblo de Dios est\u00e1 detenido desde el 27 de octubre de 2019, y acusado de los delitos de abuso sexual con acceso carnal, abuso sexual gravemente ultrajante y abuso sexual simple reiterado, en los tres casos agravados por ser ministro de culto.","og_url":"https:\/\/www.noticiasradioreflejos.com.ar\/2021\/piden-40-anos-de-carcel-para-un-religioso-acusado-de-abuso-de-siete-menores\/","og_site_name":"Noticias Radio Reflejos","article_published_time":"2022-05-23T22:32:02+00:00","og_image":[{"url":"https:\/\/www.telam.com.ar\/thumbs\/bluesteel\/advf\/imagenes\/2022\/05\/628ba4fc95080_900.jpg","type":"","width":"","height":""}],"author":"Arnaldo Botto","twitter_card":"summary_large_image","schema":{"@context":"https:\/\/schema.org","@graph":[{"@type":"WebPage","@id":"https:\/\/www.noticiasradioreflejos.com.ar\/2021\/piden-40-anos-de-carcel-para-un-religioso-acusado-de-abuso-de-siete-menores\/","url":"https:\/\/www.noticiasradioreflejos.com.ar\/2021\/piden-40-anos-de-carcel-para-un-religioso-acusado-de-abuso-de-siete-menores\/","name":"Piden 40 a\u00f1os de c\u00e1rcel para un religioso acusado de abuso de siete menores - Noticias Radio Reflejos","isPartOf":{"@id":"https:\/\/www.noticiasradioreflejos.com.ar\/2021\/#website"},"primaryImageOfPage":{"@id":"https:\/\/www.noticiasradioreflejos.com.ar\/2021\/piden-40-anos-de-carcel-para-un-religioso-acusado-de-abuso-de-siete-menores\/#primaryimage"},"image":{"@id":"https:\/\/www.noticiasradioreflejos.com.ar\/2021\/piden-40-anos-de-carcel-para-un-religioso-acusado-de-abuso-de-siete-menores\/#primaryimage"},"thumbnailUrl":"https:\/\/www.telam.com.ar\/thumbs\/bluesteel\/advf\/imagenes\/2022\/05\/628ba4fc95080_900.jpg","datePublished":"2022-05-23T22:32:02+00:00","author":{"@id":"https:\/\/www.noticiasradioreflejos.com.ar\/2021\/#\/schema\/person\/ad82545263dcc5ec0996818884fd5fb1"},"breadcrumb":{"@id":"https:\/\/www.noticiasradioreflejos.com.ar\/2021\/piden-40-anos-de-carcel-para-un-religioso-acusado-de-abuso-de-siete-menores\/#breadcrumb"},"inLanguage":"es","potentialAction":[{"@type":"ReadAction","target":["https:\/\/www.noticiasradioreflejos.com.ar\/2021\/piden-40-anos-de-carcel-para-un-religioso-acusado-de-abuso-de-siete-menores\/"]}]},{"@type":"ImageObject","inLanguage":"es","@id":"https:\/\/www.noticiasradioreflejos.com.ar\/2021\/piden-40-anos-de-carcel-para-un-religioso-acusado-de-abuso-de-siete-menores\/#primaryimage","url":"https:\/\/www.telam.com.ar\/thumbs\/bluesteel\/advf\/imagenes\/2022\/05\/628ba4fc95080_900.jpg","contentUrl":"https:\/\/www.telam.com.ar\/thumbs\/bluesteel\/advf\/imagenes\/2022\/05\/628ba4fc95080_900.jpg"},{"@type":"BreadcrumbList","@id":"https:\/\/www.noticiasradioreflejos.com.ar\/2021\/piden-40-anos-de-carcel-para-un-religioso-acusado-de-abuso-de-siete-menores\/#breadcrumb","itemListElement":[{"@type":"ListItem","position":1,"name":"Portada","item":"https:\/\/www.noticiasradioreflejos.com.ar\/2021\/"},{"@type":"ListItem","position":2,"name":"Piden 40 a\u00f1os de c\u00e1rcel para un religioso acusado de abuso de siete menores"}]},{"@type":"WebSite","@id":"https:\/\/www.noticiasradioreflejos.com.ar\/2021\/#website","url":"https:\/\/www.noticiasradioreflejos.com.ar\/2021\/","name":"Noticias Radio Reflejos","description":"Las noticias de mi comarca","potentialAction":[{"@type":"SearchAction","target":{"@type":"EntryPoint","urlTemplate":"https:\/\/www.noticiasradioreflejos.com.ar\/2021\/?s={search_term_string}"},"query-input":{"@type":"PropertyValueSpecification","valueRequired":true,"valueName":"search_term_string"}}],"inLanguage":"es"},{"@type":"Person","@id":"https:\/\/www.noticiasradioreflejos.com.ar\/2021\/#\/schema\/person\/ad82545263dcc5ec0996818884fd5fb1","name":"Arnaldo Botto","image":{"@type":"ImageObject","inLanguage":"es","@id":"https:\/\/www.noticiasradioreflejos.com.ar\/2021\/#\/schema\/person\/image\/","url":"https:\/\/secure.gravatar.com\/avatar\/55cb5e37c1efa326397366e6974cb338056df65cb50e7d64d1cf314e87504837?s=96&d=mm&r=g","contentUrl":"https:\/\/secure.gravatar.com\/avatar\/55cb5e37c1efa326397366e6974cb338056df65cb50e7d64d1cf314e87504837?s=96&d=mm&r=g","caption":"Arnaldo Botto"},"url":"https:\/\/www.noticiasradioreflejos.com.ar\/2021\/author\/arnaldo\/"}]}},"_links":{"self":[{"href":"https:\/\/www.noticiasradioreflejos.com.ar\/2021\/wp-json\/wp\/v2\/posts\/72515","targetHints":{"allow":["GET"]}}],"collection":[{"href":"https:\/\/www.noticiasradioreflejos.com.ar\/2021\/wp-json\/wp\/v2\/posts"}],"about":[{"href":"https:\/\/www.noticiasradioreflejos.com.ar\/2021\/wp-json\/wp\/v2\/types\/post"}],"author":[{"embeddable":true,"href":"https:\/\/www.noticiasradioreflejos.com.ar\/2021\/wp-json\/wp\/v2\/users\/3"}],"replies":[{"embeddable":true,"href":"https:\/\/www.noticiasradioreflejos.com.ar\/2021\/wp-json\/wp\/v2\/comments?post=72515"}],"version-history":[{"count":1,"href":"https:\/\/www.noticiasradioreflejos.com.ar\/2021\/wp-json\/wp\/v2\/posts\/72515\/revisions"}],"predecessor-version":[{"id":72517,"href":"https:\/\/www.noticiasradioreflejos.com.ar\/2021\/wp-json\/wp\/v2\/posts\/72515\/revisions\/72517"}],"wp:attachment":[{"href":"https:\/\/www.noticiasradioreflejos.com.ar\/2021\/wp-json\/wp\/v2\/media?parent=72515"}],"wp:term":[{"taxonomy":"category","embeddable":true,"href":"https:\/\/www.noticiasradioreflejos.com.ar\/2021\/wp-json\/wp\/v2\/categories?post=72515"},{"taxonomy":"post_tag","embeddable":true,"href":"https:\/\/www.noticiasradioreflejos.com.ar\/2021\/wp-json\/wp\/v2\/tags?post=72515"}],"curies":[{"name":"wp","href":"https:\/\/api.w.org\/{rel}","templated":true}]}}