{"id":72511,"date":"2022-05-23T20:58:28","date_gmt":"2022-05-23T20:58:28","guid":{"rendered":"http:\/\/www.noticiasradioreflejos.com.ar\/2021\/?p=72511"},"modified":"2022-05-23T20:58:28","modified_gmt":"2022-05-23T20:58:28","slug":"datos-biometricos-la-justicia-rechazo-el-planteo-de-larreta-y-confirmo-al-juez-gallardo","status":"publish","type":"post","link":"https:\/\/www.noticiasradioreflejos.com.ar\/2021\/datos-biometricos-la-justicia-rechazo-el-planteo-de-larreta-y-confirmo-al-juez-gallardo\/","title":{"rendered":"Datos biom\u00e9tricos: la Justicia rechaz\u00f3 el planteo de Larreta y confirm\u00f3 al juez Gallardo"},"content":{"rendered":"<p>No prosper\u00f3 la recusaci\u00f3n planteada por el gobierno porte\u00f1o para separar al magistrado que investiga el presunto uso irregular del sistema de reconocimiento facial de pr\u00f3fugos, desde el Ministerio de Seguridad y Justicia de CABA. Entre los \u00abespiados\u00bb figuran Alberto Fern\u00e1ndez, Cristina Fern\u00e1ndez y Estela de Carlotto.<!--more--><\/p>\n<figure class=\"mb-3\"><img decoding=\"async\" src=\"https:\/\/www.telam.com.ar\/thumbs\/bluesteel\/advf\/imagenes\/2022\/04\/6256dfd2be7e5_900.jpg\" alt=\"Foto Carlos Brigo\" width=\"100%\" height=\"100%\" \/><\/p>\n<div class=\"media-icons\"><\/div><figcaption>Foto: Carlos Brigo<\/figcaption><\/figure>\n<p>La C\u00e1mara de Apelaciones en lo Contencioso Administrativo y Tributario de la Ciudad de Buenos Aires confirm\u00f3 este lunes al juez\u00a0<strong>Roberto Gallardo<\/strong>\u00a0al frente de la causa en la que se investiga la supuesta utilizaci\u00f3n irregular de\u00a0<strong>datos biom\u00e9tricos<\/strong>\u00a0por parte de la Ciudad de Buenos Aires, confirmaron fuentes judiciales.<\/p>\n<p>La sala primera del tribunal de apelaciones\u00a0<strong>rechaz\u00f3 la recusaci\u00f3n formulada por el Gobierno de la Ciudad de Buenos Aires<\/strong>\u00a0\u2013la parte demandada- en la que se sosten\u00eda que el magistrado hab\u00eda incurrido en falta de imparcialidad e, incluso, hab\u00eda tomado decisiones llevado por una situaci\u00f3n de enemistad.<\/p>\n<p><strong>\u201cEl recusante no ha podido demostrar la parcialidad del juez de grado cuyo apartamiento pretende\u201d<\/strong>, sostuvieron los jueces Fabiana Schafrik, Carlos Balb\u00edn y Pablo Mantaras, en un fallo de 28 p\u00e1ginas en el que descartaron que las cr\u00edticas del Gobierno de la Ciudad a las decisiones del juez no alcanzan para apartarlo del caso.<\/p>\n<p>\u201cLa sola circunstancia de que el juez haya ordenado las medidas que consider\u00f3 conducentes para cumplir con su obligaci\u00f3n de instruir el proceso y, luego, haya decidido las cuestiones sometidas a su consideraci\u00f3n, no resulta suficiente para justificar la alegada afectaci\u00f3n de la imparcialidad exigible a los magistrados y, consecuentemente, su separaci\u00f3n del proceso\u201d, se\u00f1alaron los jueces en el fallo al que accedi\u00f3 T\u00e9lam.<\/p>\n<p>La recusaci\u00f3n presentada contra el juez Gallardo se produjo luego de que, el 11 de abril, el magistrado dispusiera, de modo cautelar, \u201cordenar al Gobierno de la Ciudad Aut\u00f3noma de Buenos Aires suspender el sistema de reconocimiento facial de pr\u00f3fugos (SRFP), en el \u00e1mbito de la Ciudad Aut\u00f3noma de Buenos Aires, sin que ello mermara de ninguna manera los restantes sistemas de videoviligancia (monitoreo urbano), preventivo y forense\u201d.<\/p>\n<figure class=\"mb-3\"><img decoding=\"async\" src=\"https:\/\/www.telam.com.ar\/thumbs\/bluesteel\/advf\/imagenes\/2022\/04\/625600ec57f89_900.jpg\" alt=\"Telam SE\" width=\"100%\" height=\"100%\" \/><\/p>\n<div class=\"media-icons\"><\/div><figcaption><\/figcaption><\/figure>\n<p>El juez Gallardo suspendi\u00f3 el sistema de reconocimiento facial de pr\u00f3fugos del Gobierno de la Ciudad de Buenos Aires tras\u00a0<strong>detectar un presunto uso irregular que permiti\u00f3 acceder a datos biom\u00e9tricos de personas que no estaban siendo buscadas,<\/strong>\u00a0entre ellas\u00a0<strong>dirigentes pol\u00edticos, sociales, sindicales y de derechos humanos, como tambi\u00e9n jueces, empresarios y periodistas.<\/strong><\/p>\n<p>El Gobierno porte\u00f1o, entonces, hab\u00eda se\u00f1alado que el juez hab\u00eda tomado decisiones que exced\u00edan sus funciones, le reprochaban que hubiera dispuesto medidas que ninguna de las partes le hab\u00eda solicitado e incluso le hab\u00edan criticado la decisi\u00f3n de suspender el funcionamiento del sistema de reconocimiento facial de la cartera de Seguridad porte\u00f1a, a partir de una acci\u00f3n de amparo colectivo impulsada por el Observatorio del Derecho Inform\u00e1tico Argentino (ODIA).<\/p>\n<p>Para los jueces de la C\u00e1mara, el Gobierno porte\u00f1o no pudo justificar en su planteo \u201cque las medidas para mejor proveer adoptadas por el a quo \u2013el juez- se hallaban palmariamente desconectadas del objeto de este pleito\u201d.<\/p>\n<p>\u201cLa demostraci\u00f3n de tal extremo era una condici\u00f3n necesaria para justificar su afirmaci\u00f3n de que tales determinaciones constitu\u00edan un mecanismo utilizado por el juez para ampliar el objeto del proceso o para suplir las falencias defensivas de la contraria\u201d, se\u00f1alaron los jueces.<\/p>\n<p>\u201cPor otro lado, el accionado tampoco logr\u00f3 fundar adecuadamente su argumento referido a que las diligencias dispuestas por el magistrado para resguardar la informaci\u00f3n (para luego poder realizar una pericia inform\u00e1tica) pod\u00eda considerarse una actuaci\u00f3n carente de imparcialidad. En este sentido, el demandado no present\u00f3 ninguna constancia que evidenciara que la reserva ordenada por el magistrado constitu\u00eda un obrar inequitativo respecto de su parte\u201d, se\u00f1alaron.<\/p>\n<p>\u201c<strong>No puede afirmarse \u2013en t\u00e9rminos razonables\u2013 que el magistrado hubiera ordenado medidas que tuvieran un fin distinto al de alcanzar la verdad material.<\/strong>\u00a0En otras palabras, no puede aseverarse que las medidas adoptadas por el tuvieran por objetivo menoscabar intencionalmente los derechos de la demandada\u201d, remarcaron los jueces.<\/p>\n<figure class=\"mb-3\"><img decoding=\"async\" src=\"https:\/\/www.telam.com.ar\/thumbs\/bluesteel\/advf\/imagenes\/2022\/04\/6256dfd293dd7_900.jpg\" alt=\"Foto Carlos Brigo\" width=\"100%\" height=\"100%\" \/><\/p>\n<div class=\"media-icons\"><\/div><figcaption>Foto: Carlos Brigo<\/figcaption><\/figure>\n<p>En su fallo, Gallardo ten\u00eda por constatado que\u00a0<strong>el Ministerio de Seguridad y Justicia de CABA hab\u00eda accedido a datos biom\u00e9tricos del presidente Alberto Fern\u00e1ndez, de la vicepresidenta Fern\u00e1ndez de Kirchner y la titular de Abuelas de Plaza de Mayo, Estela de Carlotto<\/strong>, entre muchas otras personalidades p\u00fablicas.<\/p>\n<p>Fuentes judiciales consultadas por T\u00e9lam se\u00f1alaron que el sistema de monitoreo del Ministerio de Seguridad porte\u00f1o est\u00e1 habilitado a solicitar datos biom\u00e9tricos provenientes del Regirsto Nacional de las Personas (ReNaPer) siempre que se trate de personas incluidas en la Consulta Nacional de Rebeld\u00edas y Capturas (CoNaRC), que en 2019 eran unas 35.000 y marzo pasado llegaron a 40.000.<\/p>\n<p>Entre abril de 2019 y marzo de 2022 las consultas de datos biom\u00e9tricos realizadas desde la cartera porte\u00f1a fueron 9 millones, una cifra que no se corresponde con la poblaci\u00f3n de individuos requeridos por la Justicia o en situaci\u00f3n de rebeld\u00eda a partir de una medida judicial, y que por esa raz\u00f3n figuran en los registros de la CoNaRC.<\/p>\n","protected":false},"excerpt":{"rendered":"<p>No prosper\u00f3 la recusaci\u00f3n planteada por el gobierno porte\u00f1o para separar al magistrado que investiga el presunto uso irregular del sistema de reconocimiento facial de pr\u00f3fugos, desde el Ministerio de Seguridad y Justicia de CABA. Entre los \u00abespiados\u00bb figuran Alberto Fern\u00e1ndez, Cristina Fern\u00e1ndez y Estela de Carlotto.<\/p>\n","protected":false},"author":3,"featured_media":0,"comment_status":"closed","ping_status":"closed","sticky":false,"template":"","format":"standard","meta":{"footnotes":""},"categories":[57,29],"tags":[],"class_list":["post-72511","post","type-post","status-publish","format-standard","hentry","category-judiciales","category-policiales"],"yoast_head":"<!-- This site is optimized with the Yoast SEO plugin v25.9 - https:\/\/yoast.com\/wordpress\/plugins\/seo\/ -->\n<title>Datos biom\u00e9tricos: la Justicia rechaz\u00f3 el planteo de Larreta y confirm\u00f3 al juez Gallardo - Noticias Radio Reflejos<\/title>\n<meta name=\"robots\" content=\"index, follow, max-snippet:-1, max-image-preview:large, max-video-preview:-1\" \/>\n<link rel=\"canonical\" href=\"https:\/\/www.noticiasradioreflejos.com.ar\/2021\/datos-biometricos-la-justicia-rechazo-el-planteo-de-larreta-y-confirmo-al-juez-gallardo\/\" \/>\n<meta property=\"og:locale\" content=\"es_ES\" \/>\n<meta property=\"og:type\" content=\"article\" \/>\n<meta property=\"og:title\" content=\"Datos biom\u00e9tricos: la Justicia rechaz\u00f3 el planteo de Larreta y confirm\u00f3 al juez Gallardo - Noticias Radio Reflejos\" \/>\n<meta property=\"og:description\" content=\"No prosper\u00f3 la recusaci\u00f3n planteada por el gobierno porte\u00f1o para separar al magistrado que investiga el presunto uso irregular del sistema de reconocimiento facial de pr\u00f3fugos, desde el Ministerio de Seguridad y Justicia de CABA. Entre los \u00abespiados\u00bb figuran Alberto Fern\u00e1ndez, Cristina Fern\u00e1ndez y Estela de Carlotto.\" \/>\n<meta property=\"og:url\" content=\"https:\/\/www.noticiasradioreflejos.com.ar\/2021\/datos-biometricos-la-justicia-rechazo-el-planteo-de-larreta-y-confirmo-al-juez-gallardo\/\" \/>\n<meta property=\"og:site_name\" content=\"Noticias Radio Reflejos\" \/>\n<meta property=\"article:published_time\" content=\"2022-05-23T20:58:28+00:00\" \/>\n<meta property=\"og:image\" content=\"https:\/\/www.telam.com.ar\/thumbs\/bluesteel\/advf\/imagenes\/2022\/04\/6256dfd2be7e5_900.jpg\" \/>\n<meta name=\"author\" content=\"Arnaldo Botto\" \/>\n<meta name=\"twitter:card\" content=\"summary_large_image\" \/>\n<script type=\"application\/ld+json\" class=\"yoast-schema-graph\">{\"@context\":\"https:\/\/schema.org\",\"@graph\":[{\"@type\":\"WebPage\",\"@id\":\"https:\/\/www.noticiasradioreflejos.com.ar\/2021\/datos-biometricos-la-justicia-rechazo-el-planteo-de-larreta-y-confirmo-al-juez-gallardo\/\",\"url\":\"https:\/\/www.noticiasradioreflejos.com.ar\/2021\/datos-biometricos-la-justicia-rechazo-el-planteo-de-larreta-y-confirmo-al-juez-gallardo\/\",\"name\":\"Datos biom\u00e9tricos: la Justicia rechaz\u00f3 el planteo de Larreta y confirm\u00f3 al juez Gallardo - Noticias Radio Reflejos\",\"isPartOf\":{\"@id\":\"https:\/\/www.noticiasradioreflejos.com.ar\/2021\/#website\"},\"primaryImageOfPage\":{\"@id\":\"https:\/\/www.noticiasradioreflejos.com.ar\/2021\/datos-biometricos-la-justicia-rechazo-el-planteo-de-larreta-y-confirmo-al-juez-gallardo\/#primaryimage\"},\"image\":{\"@id\":\"https:\/\/www.noticiasradioreflejos.com.ar\/2021\/datos-biometricos-la-justicia-rechazo-el-planteo-de-larreta-y-confirmo-al-juez-gallardo\/#primaryimage\"},\"thumbnailUrl\":\"https:\/\/www.telam.com.ar\/thumbs\/bluesteel\/advf\/imagenes\/2022\/04\/6256dfd2be7e5_900.jpg\",\"datePublished\":\"2022-05-23T20:58:28+00:00\",\"author\":{\"@id\":\"https:\/\/www.noticiasradioreflejos.com.ar\/2021\/#\/schema\/person\/ad82545263dcc5ec0996818884fd5fb1\"},\"breadcrumb\":{\"@id\":\"https:\/\/www.noticiasradioreflejos.com.ar\/2021\/datos-biometricos-la-justicia-rechazo-el-planteo-de-larreta-y-confirmo-al-juez-gallardo\/#breadcrumb\"},\"inLanguage\":\"es\",\"potentialAction\":[{\"@type\":\"ReadAction\",\"target\":[\"https:\/\/www.noticiasradioreflejos.com.ar\/2021\/datos-biometricos-la-justicia-rechazo-el-planteo-de-larreta-y-confirmo-al-juez-gallardo\/\"]}]},{\"@type\":\"ImageObject\",\"inLanguage\":\"es\",\"@id\":\"https:\/\/www.noticiasradioreflejos.com.ar\/2021\/datos-biometricos-la-justicia-rechazo-el-planteo-de-larreta-y-confirmo-al-juez-gallardo\/#primaryimage\",\"url\":\"https:\/\/www.telam.com.ar\/thumbs\/bluesteel\/advf\/imagenes\/2022\/04\/6256dfd2be7e5_900.jpg\",\"contentUrl\":\"https:\/\/www.telam.com.ar\/thumbs\/bluesteel\/advf\/imagenes\/2022\/04\/6256dfd2be7e5_900.jpg\"},{\"@type\":\"BreadcrumbList\",\"@id\":\"https:\/\/www.noticiasradioreflejos.com.ar\/2021\/datos-biometricos-la-justicia-rechazo-el-planteo-de-larreta-y-confirmo-al-juez-gallardo\/#breadcrumb\",\"itemListElement\":[{\"@type\":\"ListItem\",\"position\":1,\"name\":\"Portada\",\"item\":\"https:\/\/www.noticiasradioreflejos.com.ar\/2021\/\"},{\"@type\":\"ListItem\",\"position\":2,\"name\":\"Datos biom\u00e9tricos: la Justicia rechaz\u00f3 el planteo de Larreta y confirm\u00f3 al juez Gallardo\"}]},{\"@type\":\"WebSite\",\"@id\":\"https:\/\/www.noticiasradioreflejos.com.ar\/2021\/#website\",\"url\":\"https:\/\/www.noticiasradioreflejos.com.ar\/2021\/\",\"name\":\"Noticias Radio Reflejos\",\"description\":\"Las noticias de mi comarca\",\"potentialAction\":[{\"@type\":\"SearchAction\",\"target\":{\"@type\":\"EntryPoint\",\"urlTemplate\":\"https:\/\/www.noticiasradioreflejos.com.ar\/2021\/?s={search_term_string}\"},\"query-input\":{\"@type\":\"PropertyValueSpecification\",\"valueRequired\":true,\"valueName\":\"search_term_string\"}}],\"inLanguage\":\"es\"},{\"@type\":\"Person\",\"@id\":\"https:\/\/www.noticiasradioreflejos.com.ar\/2021\/#\/schema\/person\/ad82545263dcc5ec0996818884fd5fb1\",\"name\":\"Arnaldo Botto\",\"image\":{\"@type\":\"ImageObject\",\"inLanguage\":\"es\",\"@id\":\"https:\/\/www.noticiasradioreflejos.com.ar\/2021\/#\/schema\/person\/image\/\",\"url\":\"https:\/\/secure.gravatar.com\/avatar\/55cb5e37c1efa326397366e6974cb338056df65cb50e7d64d1cf314e87504837?s=96&d=mm&r=g\",\"contentUrl\":\"https:\/\/secure.gravatar.com\/avatar\/55cb5e37c1efa326397366e6974cb338056df65cb50e7d64d1cf314e87504837?s=96&d=mm&r=g\",\"caption\":\"Arnaldo Botto\"},\"url\":\"https:\/\/www.noticiasradioreflejos.com.ar\/2021\/author\/arnaldo\/\"}]}<\/script>\n<!-- \/ Yoast SEO plugin. -->","yoast_head_json":{"title":"Datos biom\u00e9tricos: la Justicia rechaz\u00f3 el planteo de Larreta y confirm\u00f3 al juez Gallardo - Noticias Radio Reflejos","robots":{"index":"index","follow":"follow","max-snippet":"max-snippet:-1","max-image-preview":"max-image-preview:large","max-video-preview":"max-video-preview:-1"},"canonical":"https:\/\/www.noticiasradioreflejos.com.ar\/2021\/datos-biometricos-la-justicia-rechazo-el-planteo-de-larreta-y-confirmo-al-juez-gallardo\/","og_locale":"es_ES","og_type":"article","og_title":"Datos biom\u00e9tricos: la Justicia rechaz\u00f3 el planteo de Larreta y confirm\u00f3 al juez Gallardo - Noticias Radio Reflejos","og_description":"No prosper\u00f3 la recusaci\u00f3n planteada por el gobierno porte\u00f1o para separar al magistrado que investiga el presunto uso irregular del sistema de reconocimiento facial de pr\u00f3fugos, desde el Ministerio de Seguridad y Justicia de CABA. Entre los \u00abespiados\u00bb figuran Alberto Fern\u00e1ndez, Cristina Fern\u00e1ndez y Estela de Carlotto.","og_url":"https:\/\/www.noticiasradioreflejos.com.ar\/2021\/datos-biometricos-la-justicia-rechazo-el-planteo-de-larreta-y-confirmo-al-juez-gallardo\/","og_site_name":"Noticias Radio Reflejos","article_published_time":"2022-05-23T20:58:28+00:00","og_image":[{"url":"https:\/\/www.telam.com.ar\/thumbs\/bluesteel\/advf\/imagenes\/2022\/04\/6256dfd2be7e5_900.jpg","type":"","width":"","height":""}],"author":"Arnaldo Botto","twitter_card":"summary_large_image","schema":{"@context":"https:\/\/schema.org","@graph":[{"@type":"WebPage","@id":"https:\/\/www.noticiasradioreflejos.com.ar\/2021\/datos-biometricos-la-justicia-rechazo-el-planteo-de-larreta-y-confirmo-al-juez-gallardo\/","url":"https:\/\/www.noticiasradioreflejos.com.ar\/2021\/datos-biometricos-la-justicia-rechazo-el-planteo-de-larreta-y-confirmo-al-juez-gallardo\/","name":"Datos biom\u00e9tricos: la Justicia rechaz\u00f3 el planteo de Larreta y confirm\u00f3 al juez Gallardo - Noticias Radio Reflejos","isPartOf":{"@id":"https:\/\/www.noticiasradioreflejos.com.ar\/2021\/#website"},"primaryImageOfPage":{"@id":"https:\/\/www.noticiasradioreflejos.com.ar\/2021\/datos-biometricos-la-justicia-rechazo-el-planteo-de-larreta-y-confirmo-al-juez-gallardo\/#primaryimage"},"image":{"@id":"https:\/\/www.noticiasradioreflejos.com.ar\/2021\/datos-biometricos-la-justicia-rechazo-el-planteo-de-larreta-y-confirmo-al-juez-gallardo\/#primaryimage"},"thumbnailUrl":"https:\/\/www.telam.com.ar\/thumbs\/bluesteel\/advf\/imagenes\/2022\/04\/6256dfd2be7e5_900.jpg","datePublished":"2022-05-23T20:58:28+00:00","author":{"@id":"https:\/\/www.noticiasradioreflejos.com.ar\/2021\/#\/schema\/person\/ad82545263dcc5ec0996818884fd5fb1"},"breadcrumb":{"@id":"https:\/\/www.noticiasradioreflejos.com.ar\/2021\/datos-biometricos-la-justicia-rechazo-el-planteo-de-larreta-y-confirmo-al-juez-gallardo\/#breadcrumb"},"inLanguage":"es","potentialAction":[{"@type":"ReadAction","target":["https:\/\/www.noticiasradioreflejos.com.ar\/2021\/datos-biometricos-la-justicia-rechazo-el-planteo-de-larreta-y-confirmo-al-juez-gallardo\/"]}]},{"@type":"ImageObject","inLanguage":"es","@id":"https:\/\/www.noticiasradioreflejos.com.ar\/2021\/datos-biometricos-la-justicia-rechazo-el-planteo-de-larreta-y-confirmo-al-juez-gallardo\/#primaryimage","url":"https:\/\/www.telam.com.ar\/thumbs\/bluesteel\/advf\/imagenes\/2022\/04\/6256dfd2be7e5_900.jpg","contentUrl":"https:\/\/www.telam.com.ar\/thumbs\/bluesteel\/advf\/imagenes\/2022\/04\/6256dfd2be7e5_900.jpg"},{"@type":"BreadcrumbList","@id":"https:\/\/www.noticiasradioreflejos.com.ar\/2021\/datos-biometricos-la-justicia-rechazo-el-planteo-de-larreta-y-confirmo-al-juez-gallardo\/#breadcrumb","itemListElement":[{"@type":"ListItem","position":1,"name":"Portada","item":"https:\/\/www.noticiasradioreflejos.com.ar\/2021\/"},{"@type":"ListItem","position":2,"name":"Datos biom\u00e9tricos: la Justicia rechaz\u00f3 el planteo de Larreta y confirm\u00f3 al juez Gallardo"}]},{"@type":"WebSite","@id":"https:\/\/www.noticiasradioreflejos.com.ar\/2021\/#website","url":"https:\/\/www.noticiasradioreflejos.com.ar\/2021\/","name":"Noticias Radio Reflejos","description":"Las noticias de mi comarca","potentialAction":[{"@type":"SearchAction","target":{"@type":"EntryPoint","urlTemplate":"https:\/\/www.noticiasradioreflejos.com.ar\/2021\/?s={search_term_string}"},"query-input":{"@type":"PropertyValueSpecification","valueRequired":true,"valueName":"search_term_string"}}],"inLanguage":"es"},{"@type":"Person","@id":"https:\/\/www.noticiasradioreflejos.com.ar\/2021\/#\/schema\/person\/ad82545263dcc5ec0996818884fd5fb1","name":"Arnaldo Botto","image":{"@type":"ImageObject","inLanguage":"es","@id":"https:\/\/www.noticiasradioreflejos.com.ar\/2021\/#\/schema\/person\/image\/","url":"https:\/\/secure.gravatar.com\/avatar\/55cb5e37c1efa326397366e6974cb338056df65cb50e7d64d1cf314e87504837?s=96&d=mm&r=g","contentUrl":"https:\/\/secure.gravatar.com\/avatar\/55cb5e37c1efa326397366e6974cb338056df65cb50e7d64d1cf314e87504837?s=96&d=mm&r=g","caption":"Arnaldo Botto"},"url":"https:\/\/www.noticiasradioreflejos.com.ar\/2021\/author\/arnaldo\/"}]}},"_links":{"self":[{"href":"https:\/\/www.noticiasradioreflejos.com.ar\/2021\/wp-json\/wp\/v2\/posts\/72511","targetHints":{"allow":["GET"]}}],"collection":[{"href":"https:\/\/www.noticiasradioreflejos.com.ar\/2021\/wp-json\/wp\/v2\/posts"}],"about":[{"href":"https:\/\/www.noticiasradioreflejos.com.ar\/2021\/wp-json\/wp\/v2\/types\/post"}],"author":[{"embeddable":true,"href":"https:\/\/www.noticiasradioreflejos.com.ar\/2021\/wp-json\/wp\/v2\/users\/3"}],"replies":[{"embeddable":true,"href":"https:\/\/www.noticiasradioreflejos.com.ar\/2021\/wp-json\/wp\/v2\/comments?post=72511"}],"version-history":[{"count":1,"href":"https:\/\/www.noticiasradioreflejos.com.ar\/2021\/wp-json\/wp\/v2\/posts\/72511\/revisions"}],"predecessor-version":[{"id":72513,"href":"https:\/\/www.noticiasradioreflejos.com.ar\/2021\/wp-json\/wp\/v2\/posts\/72511\/revisions\/72513"}],"wp:attachment":[{"href":"https:\/\/www.noticiasradioreflejos.com.ar\/2021\/wp-json\/wp\/v2\/media?parent=72511"}],"wp:term":[{"taxonomy":"category","embeddable":true,"href":"https:\/\/www.noticiasradioreflejos.com.ar\/2021\/wp-json\/wp\/v2\/categories?post=72511"},{"taxonomy":"post_tag","embeddable":true,"href":"https:\/\/www.noticiasradioreflejos.com.ar\/2021\/wp-json\/wp\/v2\/tags?post=72511"}],"curies":[{"name":"wp","href":"https:\/\/api.w.org\/{rel}","templated":true}]}}