{"id":72497,"date":"2022-05-23T19:58:57","date_gmt":"2022-05-23T19:58:57","guid":{"rendered":"http:\/\/www.noticiasradioreflejos.com.ar\/2021\/?p=72497"},"modified":"2022-05-24T16:52:24","modified_gmt":"2022-05-24T16:52:24","slug":"no-estas-sola-el-viernes-3-se-estrenara-un-corto-sobre-violencia-de-genero-en-el-teatro-funke","status":"publish","type":"post","link":"https:\/\/www.noticiasradioreflejos.com.ar\/2021\/no-estas-sola-el-viernes-3-se-estrenara-un-corto-sobre-violencia-de-genero-en-el-teatro-funke\/","title":{"rendered":"\u00abNo est\u00e1s Sola\u00bb: El viernes 3 se estrenar\u00e1 un corto sobre violencia de g\u00e9nero en el Teatro Funke"},"content":{"rendered":"<p>El mismo se encuentra en su etapa de postproducci\u00f3n. Fue filmado \u00edntegramente en Tornquist. \u201cGrabar este tipo de tem\u00e1ticas no es f\u00e1cil\u201d, sostuvo la guionista Julieta Braun.<!--more--><\/p>\n<p><a title=\"WhatsApp Image 2022-05-23 at 3.11.38 PM (2)\" href=\"https:\/\/www.flickr.com\/photos\/182279889@N02\/52094408476\/in\/dateposted-public\/\" data-flickr-embed=\"true\"><img loading=\"lazy\" decoding=\"async\" src=\"https:\/\/live.staticflickr.com\/65535\/52094408476_889763902c_c.jpg\" alt=\"WhatsApp Image 2022-05-23 at 3.11.38 PM (2)\" width=\"800\" height=\"600\" \/><\/a><script async src=\"\/\/embedr.flickr.com\/assets\/client-code.js\" charset=\"utf-8\"><\/script><\/p>\n<p>El pr\u00f3ximo viernes 3 de junio, a partir de las 20, se estrenar\u00e1 en el Teatro Municipal Rodolfo Funke un cortometraje sobre violencia de g\u00e9nero, el cual fue realizado de manera total en Tornquist.<\/p>\n<p>Al respecto, una de las part\u00edcipes claves de la obra en cuesti\u00f3n, Julieta Braun, coment\u00f3 sobre c\u00f3mo fue llevar adelante este proyecto que en los pr\u00f3ximos d\u00edas ver\u00e1 la luz.<\/p>\n<p>&nbsp;<\/p>\n<p><a title=\"NO ESTAS SOLA TRAILER\" href=\"https:\/\/www.flickr.com\/photos\/182279889@N02\/52093161377\/in\/dateposted-public\/\" data-flickr-embed=\"true\"><img loading=\"lazy\" decoding=\"async\" src=\"https:\/\/live.staticflickr.com\/31337\/52093161377_5c9c1628ea_c.jpg\" alt=\"NO ESTAS SOLA TRAILER\" width=\"800\" height=\"450\" \/><\/a><\/p>\n<p>&nbsp;<\/p>\n<p>\u201cEstamos muy felices de ofrecer esta propuesta que traemos en conjunto con la Subsecretar\u00eda de Juventudes, Pol\u00edticas de G\u00e9nero y Diversidades, y la Subsecretar\u00eda de Cultura, junto a Ciancia Producciones\u201d, arranc\u00f3 mencionando.<\/p>\n<p><a title=\"WhatsApp Image 2022-05-23 at 3.12.54 PM\" href=\"https:\/\/www.flickr.com\/photos\/182279889@N02\/52094906690\/in\/dateposted-public\/\" data-flickr-embed=\"true\"><img loading=\"lazy\" decoding=\"async\" class=\"alignleft\" src=\"https:\/\/live.staticflickr.com\/65535\/52094906690_7060fdb801_c.jpg\" alt=\"WhatsApp Image 2022-05-23 at 3.12.54 PM\" width=\"341\" height=\"606\" \/><\/a><\/p>\n<p>Al mismo tiempo, asegur\u00f3 que \u201ces una propuesta que trae G\u00e9nero, para hacer en principio una Visibilizaci\u00f3n sobre la violencia hacia la mujer. Buscamos la vuelta para ver c\u00f3mo lo encar\u00e1bamos, y definimos que sea desde lo audiovisual, e incorporar al equipo de trabajo Los Ciancia Producciones, que tienen cancha en este tipo de proyectos\u201d.<\/p>\n<p>Sobre su participaci\u00f3n, Julieta confirm\u00f3 que \u201cescrib\u00ed el corto, pero me junt\u00e9 muchas veces con las chicas de G\u00e9nero. Ellas me mostraron cu\u00e1l era la idea y lo que quer\u00edan contar. Lo supervisaron, lo bajaron un poco de tono, ya que era muy al hueso, sobre todo en el vocabulario, as\u00ed que le dimos cierta sutileza\u201d.<\/p>\n<p>Haciendo referencia al rodaje, cont\u00f3 que \u201cfue todo muy fluido y hermoso, pero fuerte a la vez. Grabar este tipo de tem\u00e1ticas no es f\u00e1cil. Lleva mucha emoci\u00f3n. En filmaci\u00f3n, fueron cinco encuentros de rodaje\u201d.<\/p>\n<p>Mientras que yendo m\u00e1s en profundidad, asegur\u00f3 que \u201cfilmamos en Tornquist, en casas de ac\u00e1, en la plaza\u2026 hay un poquito de todo. Est\u00e1n terminando las \u00faltimas escenas\u2026 es un corto que roza el mediometraje\u2026 estamos hablando de veintipico de minutos\u201d.<\/p>\n<p>&nbsp;<\/p>\n<p><iframe loading=\"lazy\" src=\"https:\/\/w.soundcloud.com\/player\/?url=https%3A\/\/api.soundcloud.com\/tracks\/1273799167&amp;color=%23ff5500&amp;auto_play=false&amp;hide_related=false&amp;show_comments=true&amp;show_user=true&amp;show_reposts=false&amp;show_teaser=true\" width=\"100%\" height=\"166\" frameborder=\"no\" scrolling=\"no\"><\/iframe><\/p>\n<div style=\"font-size: 10px; color: #cccccc; line-break: anywhere; word-break: normal; overflow: hidden; white-space: nowrap; text-overflow: ellipsis; font-family: Interstate,Lucida Grande,Lucida Sans Unicode,Lucida Sans,Garuda,Verdana,Tahoma,sans-serif; font-weight: 100;\"><a style=\"color: #cccccc; text-decoration: none;\" title=\"fmreflejos 103.7\" href=\"https:\/\/soundcloud.com\/fmreflejos-103-7\" target=\"_blank\" rel=\"noopener\">fmreflejos 103.7<\/a> \u00b7 <a style=\"color: #cccccc; text-decoration: none;\" title=\"Julieta Brown Ni Una Menos\" href=\"https:\/\/soundcloud.com\/fmreflejos-103-7\/julieta-brown-ni-una-menos\" target=\"_blank\" rel=\"noopener\">Julieta Brown Ni Una Menos<\/a><\/div>\n<p><a title=\"WhatsApp Image 2022-05-23 at 3.11.37 PM\" href=\"https:\/\/www.flickr.com\/photos\/182279889@N02\/52094906530\/in\/dateposted-public\/\" data-flickr-embed=\"true\"><img loading=\"lazy\" decoding=\"async\" src=\"https:\/\/live.staticflickr.com\/65535\/52094906530_3f21463c9d_c.jpg\" alt=\"WhatsApp Image 2022-05-23 at 3.11.37 PM\" width=\"800\" height=\"600\" \/><\/a><script async src=\"\/\/embedr.flickr.com\/assets\/client-code.js\" charset=\"utf-8\"><\/script><\/p>\n<p><a title=\"Amarillo Monocrom\u00e1tico Oscuro Pel\u00edcula P\u00f3ster\" href=\"https:\/\/www.flickr.com\/photos\/182279889@N02\/52094388304\/in\/dateposted-public\/\" data-flickr-embed=\"true\"><img loading=\"lazy\" decoding=\"async\" src=\"https:\/\/live.staticflickr.com\/65535\/52094388304_213b08279b_c.jpg\" alt=\"Amarillo Monocrom\u00e1tico Oscuro Pel\u00edcula P\u00f3ster\" width=\"566\" height=\"800\" \/><\/a><script async src=\"\/\/embedr.flickr.com\/assets\/client-code.js\" charset=\"utf-8\"><\/script><\/p>\n","protected":false},"excerpt":{"rendered":"<p>El mismo se encuentra en su etapa de postproducci\u00f3n. Fue filmado \u00edntegramente en Tornquist. \u201cGrabar este tipo de tem\u00e1ticas no es f\u00e1cil\u201d, sostuvo la guionista Julieta Braun.<\/p>\n","protected":false},"author":3,"featured_media":0,"comment_status":"closed","ping_status":"closed","sticky":false,"template":"","format":"standard","meta":{"footnotes":""},"categories":[35],"tags":[48],"class_list":["post-72497","post","type-post","status-publish","format-standard","hentry","category-cultura","tag-destacada"],"yoast_head":"<!-- This site is optimized with the Yoast SEO plugin v25.9 - https:\/\/yoast.com\/wordpress\/plugins\/seo\/ -->\n<title>&quot;No est\u00e1s Sola&quot;: El viernes 3 se estrenar\u00e1 un corto sobre violencia de g\u00e9nero en el Teatro Funke - Noticias Radio Reflejos<\/title>\n<meta name=\"robots\" content=\"index, follow, max-snippet:-1, max-image-preview:large, max-video-preview:-1\" \/>\n<link rel=\"canonical\" href=\"https:\/\/www.noticiasradioreflejos.com.ar\/2021\/no-estas-sola-el-viernes-3-se-estrenara-un-corto-sobre-violencia-de-genero-en-el-teatro-funke\/\" \/>\n<meta property=\"og:locale\" content=\"es_ES\" \/>\n<meta property=\"og:type\" content=\"article\" \/>\n<meta property=\"og:title\" content=\"&quot;No est\u00e1s Sola&quot;: El viernes 3 se estrenar\u00e1 un corto sobre violencia de g\u00e9nero en el Teatro Funke - Noticias Radio Reflejos\" \/>\n<meta property=\"og:description\" content=\"El mismo se encuentra en su etapa de postproducci\u00f3n. Fue filmado \u00edntegramente en Tornquist. \u201cGrabar este tipo de tem\u00e1ticas no es f\u00e1cil\u201d, sostuvo la guionista Julieta Braun.\" \/>\n<meta property=\"og:url\" content=\"https:\/\/www.noticiasradioreflejos.com.ar\/2021\/no-estas-sola-el-viernes-3-se-estrenara-un-corto-sobre-violencia-de-genero-en-el-teatro-funke\/\" \/>\n<meta property=\"og:site_name\" content=\"Noticias Radio Reflejos\" \/>\n<meta property=\"article:published_time\" content=\"2022-05-23T19:58:57+00:00\" \/>\n<meta property=\"article:modified_time\" content=\"2022-05-24T16:52:24+00:00\" \/>\n<meta property=\"og:image\" content=\"https:\/\/live.staticflickr.com\/65535\/52094408476_889763902c_c.jpg\" \/>\n<meta name=\"author\" content=\"Arnaldo Botto\" \/>\n<meta name=\"twitter:card\" content=\"summary_large_image\" \/>\n<script type=\"application\/ld+json\" class=\"yoast-schema-graph\">{\"@context\":\"https:\/\/schema.org\",\"@graph\":[{\"@type\":\"WebPage\",\"@id\":\"https:\/\/www.noticiasradioreflejos.com.ar\/2021\/no-estas-sola-el-viernes-3-se-estrenara-un-corto-sobre-violencia-de-genero-en-el-teatro-funke\/\",\"url\":\"https:\/\/www.noticiasradioreflejos.com.ar\/2021\/no-estas-sola-el-viernes-3-se-estrenara-un-corto-sobre-violencia-de-genero-en-el-teatro-funke\/\",\"name\":\"\\\"No est\u00e1s Sola\\\": El viernes 3 se estrenar\u00e1 un corto sobre violencia de g\u00e9nero en el Teatro Funke - Noticias Radio Reflejos\",\"isPartOf\":{\"@id\":\"https:\/\/www.noticiasradioreflejos.com.ar\/2021\/#website\"},\"primaryImageOfPage\":{\"@id\":\"https:\/\/www.noticiasradioreflejos.com.ar\/2021\/no-estas-sola-el-viernes-3-se-estrenara-un-corto-sobre-violencia-de-genero-en-el-teatro-funke\/#primaryimage\"},\"image\":{\"@id\":\"https:\/\/www.noticiasradioreflejos.com.ar\/2021\/no-estas-sola-el-viernes-3-se-estrenara-un-corto-sobre-violencia-de-genero-en-el-teatro-funke\/#primaryimage\"},\"thumbnailUrl\":\"https:\/\/live.staticflickr.com\/65535\/52094408476_889763902c_c.jpg\",\"datePublished\":\"2022-05-23T19:58:57+00:00\",\"dateModified\":\"2022-05-24T16:52:24+00:00\",\"author\":{\"@id\":\"https:\/\/www.noticiasradioreflejos.com.ar\/2021\/#\/schema\/person\/ad82545263dcc5ec0996818884fd5fb1\"},\"breadcrumb\":{\"@id\":\"https:\/\/www.noticiasradioreflejos.com.ar\/2021\/no-estas-sola-el-viernes-3-se-estrenara-un-corto-sobre-violencia-de-genero-en-el-teatro-funke\/#breadcrumb\"},\"inLanguage\":\"es\",\"potentialAction\":[{\"@type\":\"ReadAction\",\"target\":[\"https:\/\/www.noticiasradioreflejos.com.ar\/2021\/no-estas-sola-el-viernes-3-se-estrenara-un-corto-sobre-violencia-de-genero-en-el-teatro-funke\/\"]}]},{\"@type\":\"ImageObject\",\"inLanguage\":\"es\",\"@id\":\"https:\/\/www.noticiasradioreflejos.com.ar\/2021\/no-estas-sola-el-viernes-3-se-estrenara-un-corto-sobre-violencia-de-genero-en-el-teatro-funke\/#primaryimage\",\"url\":\"https:\/\/live.staticflickr.com\/65535\/52094408476_889763902c_c.jpg\",\"contentUrl\":\"https:\/\/live.staticflickr.com\/65535\/52094408476_889763902c_c.jpg\"},{\"@type\":\"BreadcrumbList\",\"@id\":\"https:\/\/www.noticiasradioreflejos.com.ar\/2021\/no-estas-sola-el-viernes-3-se-estrenara-un-corto-sobre-violencia-de-genero-en-el-teatro-funke\/#breadcrumb\",\"itemListElement\":[{\"@type\":\"ListItem\",\"position\":1,\"name\":\"Portada\",\"item\":\"https:\/\/www.noticiasradioreflejos.com.ar\/2021\/\"},{\"@type\":\"ListItem\",\"position\":2,\"name\":\"\u00abNo est\u00e1s Sola\u00bb: El viernes 3 se estrenar\u00e1 un corto sobre violencia de g\u00e9nero en el Teatro Funke\"}]},{\"@type\":\"WebSite\",\"@id\":\"https:\/\/www.noticiasradioreflejos.com.ar\/2021\/#website\",\"url\":\"https:\/\/www.noticiasradioreflejos.com.ar\/2021\/\",\"name\":\"Noticias Radio Reflejos\",\"description\":\"Las noticias de mi comarca\",\"potentialAction\":[{\"@type\":\"SearchAction\",\"target\":{\"@type\":\"EntryPoint\",\"urlTemplate\":\"https:\/\/www.noticiasradioreflejos.com.ar\/2021\/?s={search_term_string}\"},\"query-input\":{\"@type\":\"PropertyValueSpecification\",\"valueRequired\":true,\"valueName\":\"search_term_string\"}}],\"inLanguage\":\"es\"},{\"@type\":\"Person\",\"@id\":\"https:\/\/www.noticiasradioreflejos.com.ar\/2021\/#\/schema\/person\/ad82545263dcc5ec0996818884fd5fb1\",\"name\":\"Arnaldo Botto\",\"image\":{\"@type\":\"ImageObject\",\"inLanguage\":\"es\",\"@id\":\"https:\/\/www.noticiasradioreflejos.com.ar\/2021\/#\/schema\/person\/image\/\",\"url\":\"https:\/\/secure.gravatar.com\/avatar\/55cb5e37c1efa326397366e6974cb338056df65cb50e7d64d1cf314e87504837?s=96&d=mm&r=g\",\"contentUrl\":\"https:\/\/secure.gravatar.com\/avatar\/55cb5e37c1efa326397366e6974cb338056df65cb50e7d64d1cf314e87504837?s=96&d=mm&r=g\",\"caption\":\"Arnaldo Botto\"},\"url\":\"https:\/\/www.noticiasradioreflejos.com.ar\/2021\/author\/arnaldo\/\"}]}<\/script>\n<!-- \/ Yoast SEO plugin. -->","yoast_head_json":{"title":"\"No est\u00e1s Sola\": El viernes 3 se estrenar\u00e1 un corto sobre violencia de g\u00e9nero en el Teatro Funke - Noticias Radio Reflejos","robots":{"index":"index","follow":"follow","max-snippet":"max-snippet:-1","max-image-preview":"max-image-preview:large","max-video-preview":"max-video-preview:-1"},"canonical":"https:\/\/www.noticiasradioreflejos.com.ar\/2021\/no-estas-sola-el-viernes-3-se-estrenara-un-corto-sobre-violencia-de-genero-en-el-teatro-funke\/","og_locale":"es_ES","og_type":"article","og_title":"\"No est\u00e1s Sola\": El viernes 3 se estrenar\u00e1 un corto sobre violencia de g\u00e9nero en el Teatro Funke - Noticias Radio Reflejos","og_description":"El mismo se encuentra en su etapa de postproducci\u00f3n. Fue filmado \u00edntegramente en Tornquist. \u201cGrabar este tipo de tem\u00e1ticas no es f\u00e1cil\u201d, sostuvo la guionista Julieta Braun.","og_url":"https:\/\/www.noticiasradioreflejos.com.ar\/2021\/no-estas-sola-el-viernes-3-se-estrenara-un-corto-sobre-violencia-de-genero-en-el-teatro-funke\/","og_site_name":"Noticias Radio Reflejos","article_published_time":"2022-05-23T19:58:57+00:00","article_modified_time":"2022-05-24T16:52:24+00:00","og_image":[{"url":"https:\/\/live.staticflickr.com\/65535\/52094408476_889763902c_c.jpg","type":"","width":"","height":""}],"author":"Arnaldo Botto","twitter_card":"summary_large_image","schema":{"@context":"https:\/\/schema.org","@graph":[{"@type":"WebPage","@id":"https:\/\/www.noticiasradioreflejos.com.ar\/2021\/no-estas-sola-el-viernes-3-se-estrenara-un-corto-sobre-violencia-de-genero-en-el-teatro-funke\/","url":"https:\/\/www.noticiasradioreflejos.com.ar\/2021\/no-estas-sola-el-viernes-3-se-estrenara-un-corto-sobre-violencia-de-genero-en-el-teatro-funke\/","name":"\"No est\u00e1s Sola\": El viernes 3 se estrenar\u00e1 un corto sobre violencia de g\u00e9nero en el Teatro Funke - Noticias Radio Reflejos","isPartOf":{"@id":"https:\/\/www.noticiasradioreflejos.com.ar\/2021\/#website"},"primaryImageOfPage":{"@id":"https:\/\/www.noticiasradioreflejos.com.ar\/2021\/no-estas-sola-el-viernes-3-se-estrenara-un-corto-sobre-violencia-de-genero-en-el-teatro-funke\/#primaryimage"},"image":{"@id":"https:\/\/www.noticiasradioreflejos.com.ar\/2021\/no-estas-sola-el-viernes-3-se-estrenara-un-corto-sobre-violencia-de-genero-en-el-teatro-funke\/#primaryimage"},"thumbnailUrl":"https:\/\/live.staticflickr.com\/65535\/52094408476_889763902c_c.jpg","datePublished":"2022-05-23T19:58:57+00:00","dateModified":"2022-05-24T16:52:24+00:00","author":{"@id":"https:\/\/www.noticiasradioreflejos.com.ar\/2021\/#\/schema\/person\/ad82545263dcc5ec0996818884fd5fb1"},"breadcrumb":{"@id":"https:\/\/www.noticiasradioreflejos.com.ar\/2021\/no-estas-sola-el-viernes-3-se-estrenara-un-corto-sobre-violencia-de-genero-en-el-teatro-funke\/#breadcrumb"},"inLanguage":"es","potentialAction":[{"@type":"ReadAction","target":["https:\/\/www.noticiasradioreflejos.com.ar\/2021\/no-estas-sola-el-viernes-3-se-estrenara-un-corto-sobre-violencia-de-genero-en-el-teatro-funke\/"]}]},{"@type":"ImageObject","inLanguage":"es","@id":"https:\/\/www.noticiasradioreflejos.com.ar\/2021\/no-estas-sola-el-viernes-3-se-estrenara-un-corto-sobre-violencia-de-genero-en-el-teatro-funke\/#primaryimage","url":"https:\/\/live.staticflickr.com\/65535\/52094408476_889763902c_c.jpg","contentUrl":"https:\/\/live.staticflickr.com\/65535\/52094408476_889763902c_c.jpg"},{"@type":"BreadcrumbList","@id":"https:\/\/www.noticiasradioreflejos.com.ar\/2021\/no-estas-sola-el-viernes-3-se-estrenara-un-corto-sobre-violencia-de-genero-en-el-teatro-funke\/#breadcrumb","itemListElement":[{"@type":"ListItem","position":1,"name":"Portada","item":"https:\/\/www.noticiasradioreflejos.com.ar\/2021\/"},{"@type":"ListItem","position":2,"name":"\u00abNo est\u00e1s Sola\u00bb: El viernes 3 se estrenar\u00e1 un corto sobre violencia de g\u00e9nero en el Teatro Funke"}]},{"@type":"WebSite","@id":"https:\/\/www.noticiasradioreflejos.com.ar\/2021\/#website","url":"https:\/\/www.noticiasradioreflejos.com.ar\/2021\/","name":"Noticias Radio Reflejos","description":"Las noticias de mi comarca","potentialAction":[{"@type":"SearchAction","target":{"@type":"EntryPoint","urlTemplate":"https:\/\/www.noticiasradioreflejos.com.ar\/2021\/?s={search_term_string}"},"query-input":{"@type":"PropertyValueSpecification","valueRequired":true,"valueName":"search_term_string"}}],"inLanguage":"es"},{"@type":"Person","@id":"https:\/\/www.noticiasradioreflejos.com.ar\/2021\/#\/schema\/person\/ad82545263dcc5ec0996818884fd5fb1","name":"Arnaldo Botto","image":{"@type":"ImageObject","inLanguage":"es","@id":"https:\/\/www.noticiasradioreflejos.com.ar\/2021\/#\/schema\/person\/image\/","url":"https:\/\/secure.gravatar.com\/avatar\/55cb5e37c1efa326397366e6974cb338056df65cb50e7d64d1cf314e87504837?s=96&d=mm&r=g","contentUrl":"https:\/\/secure.gravatar.com\/avatar\/55cb5e37c1efa326397366e6974cb338056df65cb50e7d64d1cf314e87504837?s=96&d=mm&r=g","caption":"Arnaldo Botto"},"url":"https:\/\/www.noticiasradioreflejos.com.ar\/2021\/author\/arnaldo\/"}]}},"_links":{"self":[{"href":"https:\/\/www.noticiasradioreflejos.com.ar\/2021\/wp-json\/wp\/v2\/posts\/72497","targetHints":{"allow":["GET"]}}],"collection":[{"href":"https:\/\/www.noticiasradioreflejos.com.ar\/2021\/wp-json\/wp\/v2\/posts"}],"about":[{"href":"https:\/\/www.noticiasradioreflejos.com.ar\/2021\/wp-json\/wp\/v2\/types\/post"}],"author":[{"embeddable":true,"href":"https:\/\/www.noticiasradioreflejos.com.ar\/2021\/wp-json\/wp\/v2\/users\/3"}],"replies":[{"embeddable":true,"href":"https:\/\/www.noticiasradioreflejos.com.ar\/2021\/wp-json\/wp\/v2\/comments?post=72497"}],"version-history":[{"count":5,"href":"https:\/\/www.noticiasradioreflejos.com.ar\/2021\/wp-json\/wp\/v2\/posts\/72497\/revisions"}],"predecessor-version":[{"id":72591,"href":"https:\/\/www.noticiasradioreflejos.com.ar\/2021\/wp-json\/wp\/v2\/posts\/72497\/revisions\/72591"}],"wp:attachment":[{"href":"https:\/\/www.noticiasradioreflejos.com.ar\/2021\/wp-json\/wp\/v2\/media?parent=72497"}],"wp:term":[{"taxonomy":"category","embeddable":true,"href":"https:\/\/www.noticiasradioreflejos.com.ar\/2021\/wp-json\/wp\/v2\/categories?post=72497"},{"taxonomy":"post_tag","embeddable":true,"href":"https:\/\/www.noticiasradioreflejos.com.ar\/2021\/wp-json\/wp\/v2\/tags?post=72497"}],"curies":[{"name":"wp","href":"https:\/\/api.w.org\/{rel}","templated":true}]}}