{"id":72496,"date":"2022-05-23T18:36:22","date_gmt":"2022-05-23T18:36:22","guid":{"rendered":"http:\/\/www.noticiasradioreflejos.com.ar\/2021\/?p=72496"},"modified":"2022-05-23T18:36:22","modified_gmt":"2022-05-23T18:36:22","slug":"proyecto-de-resolucion-presentado-por-juntos","status":"publish","type":"post","link":"https:\/\/www.noticiasradioreflejos.com.ar\/2021\/proyecto-de-resolucion-presentado-por-juntos\/","title":{"rendered":"Proyecto de Resoluci\u00f3n presentado por Juntos"},"content":{"rendered":"<p>El bloque de Juntos presenta un nuevo proyecto de Resoluci\u00f3n a ra\u00edz de la necesidad de regularizar la concesi\u00f3n del Campamento Base Cerro Ventana.<!--more--><\/p>\n<p>A continuaci\u00f3n, el proyecto en cuesti\u00f3n.<\/p>\n<p>VISTO:<\/p>\n<p>\tLa necesidad de regularizar la concesi\u00f3n del Campamento Base Cerro Ventana, y;<\/p>\n<p>CONSIDERANDO: <\/p>\n<p>\t\tQue la Direcci\u00f3n de Turismo de la Provincia en el a\u00f1o 1971 le otorgo la tenencia del Campamento Base Cerro Ventana al Municipio de Tornquist, a trav\u00e9s del Decreto N. \u00ba 3120\/71. <\/p>\n<p> \t\tQue la parcela se individualiza catastralmente como Circunscripci\u00f3n VII \u2013 Parcela 478, plano 106-1-70.<\/p>\n<p>\t\tQue desde el a\u00f1o 1989 el Municipio concesiona dicho predio.<\/p>\n<p>\t\tQue a trav\u00e9s de la Ordenanza N. \u00ba 530\/90 se aprob\u00f3 el Convenio celebrado entre la Municipalidad de Tornquist y el Sr. Jorge H\u00e9ctor Perrando, para la explotaci\u00f3n comercial de las instalaciones del Campamento Base.<\/p>\n<p>\t\tQue en el a\u00f1o 1995 se hizo una extensi\u00f3n del contrato de concesi\u00f3n por 10 a\u00f1os, Ordenanaza N.\u00b0 1083\/95, debido a que el Sr. Jorge H\u00e9ctor Perrando cumpli\u00f3 con las obligaciones establecidas en el contrato original.<\/p>\n<p>\t\tQue en el a\u00f1o 2009 se volvi\u00f3 a ampliar el plazo de concesi\u00f3n por 10 a\u00f1os, respetando el plazo del contrato originario, cuyo vencimiento se produjera el d\u00eda 06 de 2006 hasta el d\u00eda 06 de Enero de 2016. <\/p>\n<p>\t\tQue las obras realizadas por el concesionario son patrimonio de la Municipalidad de Tornquist.<\/p>\n<p>\t\tQue el Municipio debe conservar la tenencia de dicho predio, ya que constituye un activo importante para la explotaci\u00f3n tur\u00edstica en la Comarca Serrana.<\/p>\n<p>POR ELLO:<\/p>\n<p>LOS BLOQUES DE JUNTOS Y JUNTOS POR EL CAMBIO<br \/>\nPROPONEN EL SIGUIENTE<br \/>\nPROYECTO DE RESOLUCI\u00d3N:<\/p>\n<p>ARTICULO 1\u00b0: Solicitar al Poder Ejecutivo Municipal regularice la concesi\u00f3n del Campamento Base Cerro Ventana, realizando una nueva licitaci\u00f3n o prorrogando el contrato de concesi\u00f3n que finaliz\u00f3 en el a\u00f1o 2016.<\/p>\n<p>ARTICULO 2\u00b0: De forma. <\/p>\n","protected":false},"excerpt":{"rendered":"<p>El bloque de Juntos presenta un nuevo proyecto de Resoluci\u00f3n a ra\u00edz de la necesidad de regularizar la concesi\u00f3n del Campamento Base Cerro Ventana.<\/p>\n","protected":false},"author":3,"featured_media":0,"comment_status":"closed","ping_status":"closed","sticky":false,"template":"","format":"standard","meta":{"footnotes":""},"categories":[24],"tags":[],"class_list":["post-72496","post","type-post","status-publish","format-standard","hentry","category-politica"],"yoast_head":"<!-- This site is optimized with the Yoast SEO plugin v25.9 - https:\/\/yoast.com\/wordpress\/plugins\/seo\/ -->\n<title>Proyecto de Resoluci\u00f3n presentado por Juntos - Noticias Radio Reflejos<\/title>\n<meta name=\"robots\" content=\"index, follow, max-snippet:-1, max-image-preview:large, max-video-preview:-1\" \/>\n<link rel=\"canonical\" href=\"https:\/\/www.noticiasradioreflejos.com.ar\/2021\/proyecto-de-resolucion-presentado-por-juntos\/\" \/>\n<meta property=\"og:locale\" content=\"es_ES\" \/>\n<meta property=\"og:type\" content=\"article\" \/>\n<meta property=\"og:title\" content=\"Proyecto de Resoluci\u00f3n presentado por Juntos - Noticias Radio Reflejos\" \/>\n<meta property=\"og:description\" content=\"El bloque de Juntos presenta un nuevo proyecto de Resoluci\u00f3n a ra\u00edz de la necesidad de regularizar la concesi\u00f3n del Campamento Base Cerro Ventana.\" \/>\n<meta property=\"og:url\" content=\"https:\/\/www.noticiasradioreflejos.com.ar\/2021\/proyecto-de-resolucion-presentado-por-juntos\/\" \/>\n<meta property=\"og:site_name\" content=\"Noticias Radio Reflejos\" \/>\n<meta property=\"article:published_time\" content=\"2022-05-23T18:36:22+00:00\" \/>\n<meta property=\"og:image\" content=\"https:\/\/www.noticiasradioreflejos.com.ar\/2021\/wp-content\/uploads\/2021\/07\/logosol300x200.png\" \/>\n\t<meta property=\"og:image:width\" content=\"300\" \/>\n\t<meta property=\"og:image:height\" content=\"200\" \/>\n\t<meta property=\"og:image:type\" content=\"image\/png\" \/>\n<meta name=\"author\" content=\"Arnaldo Botto\" \/>\n<meta name=\"twitter:card\" content=\"summary_large_image\" \/>\n<script type=\"application\/ld+json\" class=\"yoast-schema-graph\">{\"@context\":\"https:\/\/schema.org\",\"@graph\":[{\"@type\":\"WebPage\",\"@id\":\"https:\/\/www.noticiasradioreflejos.com.ar\/2021\/proyecto-de-resolucion-presentado-por-juntos\/\",\"url\":\"https:\/\/www.noticiasradioreflejos.com.ar\/2021\/proyecto-de-resolucion-presentado-por-juntos\/\",\"name\":\"Proyecto de Resoluci\u00f3n presentado por Juntos - Noticias Radio Reflejos\",\"isPartOf\":{\"@id\":\"https:\/\/www.noticiasradioreflejos.com.ar\/2021\/#website\"},\"datePublished\":\"2022-05-23T18:36:22+00:00\",\"author\":{\"@id\":\"https:\/\/www.noticiasradioreflejos.com.ar\/2021\/#\/schema\/person\/ad82545263dcc5ec0996818884fd5fb1\"},\"breadcrumb\":{\"@id\":\"https:\/\/www.noticiasradioreflejos.com.ar\/2021\/proyecto-de-resolucion-presentado-por-juntos\/#breadcrumb\"},\"inLanguage\":\"es\",\"potentialAction\":[{\"@type\":\"ReadAction\",\"target\":[\"https:\/\/www.noticiasradioreflejos.com.ar\/2021\/proyecto-de-resolucion-presentado-por-juntos\/\"]}]},{\"@type\":\"BreadcrumbList\",\"@id\":\"https:\/\/www.noticiasradioreflejos.com.ar\/2021\/proyecto-de-resolucion-presentado-por-juntos\/#breadcrumb\",\"itemListElement\":[{\"@type\":\"ListItem\",\"position\":1,\"name\":\"Portada\",\"item\":\"https:\/\/www.noticiasradioreflejos.com.ar\/2021\/\"},{\"@type\":\"ListItem\",\"position\":2,\"name\":\"Proyecto de Resoluci\u00f3n presentado por Juntos\"}]},{\"@type\":\"WebSite\",\"@id\":\"https:\/\/www.noticiasradioreflejos.com.ar\/2021\/#website\",\"url\":\"https:\/\/www.noticiasradioreflejos.com.ar\/2021\/\",\"name\":\"Noticias Radio Reflejos\",\"description\":\"Las noticias de mi comarca\",\"potentialAction\":[{\"@type\":\"SearchAction\",\"target\":{\"@type\":\"EntryPoint\",\"urlTemplate\":\"https:\/\/www.noticiasradioreflejos.com.ar\/2021\/?s={search_term_string}\"},\"query-input\":{\"@type\":\"PropertyValueSpecification\",\"valueRequired\":true,\"valueName\":\"search_term_string\"}}],\"inLanguage\":\"es\"},{\"@type\":\"Person\",\"@id\":\"https:\/\/www.noticiasradioreflejos.com.ar\/2021\/#\/schema\/person\/ad82545263dcc5ec0996818884fd5fb1\",\"name\":\"Arnaldo Botto\",\"image\":{\"@type\":\"ImageObject\",\"inLanguage\":\"es\",\"@id\":\"https:\/\/www.noticiasradioreflejos.com.ar\/2021\/#\/schema\/person\/image\/\",\"url\":\"https:\/\/secure.gravatar.com\/avatar\/55cb5e37c1efa326397366e6974cb338056df65cb50e7d64d1cf314e87504837?s=96&d=mm&r=g\",\"contentUrl\":\"https:\/\/secure.gravatar.com\/avatar\/55cb5e37c1efa326397366e6974cb338056df65cb50e7d64d1cf314e87504837?s=96&d=mm&r=g\",\"caption\":\"Arnaldo Botto\"},\"url\":\"https:\/\/www.noticiasradioreflejos.com.ar\/2021\/author\/arnaldo\/\"}]}<\/script>\n<!-- \/ Yoast SEO plugin. -->","yoast_head_json":{"title":"Proyecto de Resoluci\u00f3n presentado por Juntos - Noticias Radio Reflejos","robots":{"index":"index","follow":"follow","max-snippet":"max-snippet:-1","max-image-preview":"max-image-preview:large","max-video-preview":"max-video-preview:-1"},"canonical":"https:\/\/www.noticiasradioreflejos.com.ar\/2021\/proyecto-de-resolucion-presentado-por-juntos\/","og_locale":"es_ES","og_type":"article","og_title":"Proyecto de Resoluci\u00f3n presentado por Juntos - Noticias Radio Reflejos","og_description":"El bloque de Juntos presenta un nuevo proyecto de Resoluci\u00f3n a ra\u00edz de la necesidad de regularizar la concesi\u00f3n del Campamento Base Cerro Ventana.","og_url":"https:\/\/www.noticiasradioreflejos.com.ar\/2021\/proyecto-de-resolucion-presentado-por-juntos\/","og_site_name":"Noticias Radio Reflejos","article_published_time":"2022-05-23T18:36:22+00:00","og_image":[{"width":300,"height":200,"url":"https:\/\/www.noticiasradioreflejos.com.ar\/2021\/wp-content\/uploads\/2021\/07\/logosol300x200.png","type":"image\/png"}],"author":"Arnaldo Botto","twitter_card":"summary_large_image","schema":{"@context":"https:\/\/schema.org","@graph":[{"@type":"WebPage","@id":"https:\/\/www.noticiasradioreflejos.com.ar\/2021\/proyecto-de-resolucion-presentado-por-juntos\/","url":"https:\/\/www.noticiasradioreflejos.com.ar\/2021\/proyecto-de-resolucion-presentado-por-juntos\/","name":"Proyecto de Resoluci\u00f3n presentado por Juntos - Noticias Radio Reflejos","isPartOf":{"@id":"https:\/\/www.noticiasradioreflejos.com.ar\/2021\/#website"},"datePublished":"2022-05-23T18:36:22+00:00","author":{"@id":"https:\/\/www.noticiasradioreflejos.com.ar\/2021\/#\/schema\/person\/ad82545263dcc5ec0996818884fd5fb1"},"breadcrumb":{"@id":"https:\/\/www.noticiasradioreflejos.com.ar\/2021\/proyecto-de-resolucion-presentado-por-juntos\/#breadcrumb"},"inLanguage":"es","potentialAction":[{"@type":"ReadAction","target":["https:\/\/www.noticiasradioreflejos.com.ar\/2021\/proyecto-de-resolucion-presentado-por-juntos\/"]}]},{"@type":"BreadcrumbList","@id":"https:\/\/www.noticiasradioreflejos.com.ar\/2021\/proyecto-de-resolucion-presentado-por-juntos\/#breadcrumb","itemListElement":[{"@type":"ListItem","position":1,"name":"Portada","item":"https:\/\/www.noticiasradioreflejos.com.ar\/2021\/"},{"@type":"ListItem","position":2,"name":"Proyecto de Resoluci\u00f3n presentado por Juntos"}]},{"@type":"WebSite","@id":"https:\/\/www.noticiasradioreflejos.com.ar\/2021\/#website","url":"https:\/\/www.noticiasradioreflejos.com.ar\/2021\/","name":"Noticias Radio Reflejos","description":"Las noticias de mi comarca","potentialAction":[{"@type":"SearchAction","target":{"@type":"EntryPoint","urlTemplate":"https:\/\/www.noticiasradioreflejos.com.ar\/2021\/?s={search_term_string}"},"query-input":{"@type":"PropertyValueSpecification","valueRequired":true,"valueName":"search_term_string"}}],"inLanguage":"es"},{"@type":"Person","@id":"https:\/\/www.noticiasradioreflejos.com.ar\/2021\/#\/schema\/person\/ad82545263dcc5ec0996818884fd5fb1","name":"Arnaldo Botto","image":{"@type":"ImageObject","inLanguage":"es","@id":"https:\/\/www.noticiasradioreflejos.com.ar\/2021\/#\/schema\/person\/image\/","url":"https:\/\/secure.gravatar.com\/avatar\/55cb5e37c1efa326397366e6974cb338056df65cb50e7d64d1cf314e87504837?s=96&d=mm&r=g","contentUrl":"https:\/\/secure.gravatar.com\/avatar\/55cb5e37c1efa326397366e6974cb338056df65cb50e7d64d1cf314e87504837?s=96&d=mm&r=g","caption":"Arnaldo Botto"},"url":"https:\/\/www.noticiasradioreflejos.com.ar\/2021\/author\/arnaldo\/"}]}},"_links":{"self":[{"href":"https:\/\/www.noticiasradioreflejos.com.ar\/2021\/wp-json\/wp\/v2\/posts\/72496","targetHints":{"allow":["GET"]}}],"collection":[{"href":"https:\/\/www.noticiasradioreflejos.com.ar\/2021\/wp-json\/wp\/v2\/posts"}],"about":[{"href":"https:\/\/www.noticiasradioreflejos.com.ar\/2021\/wp-json\/wp\/v2\/types\/post"}],"author":[{"embeddable":true,"href":"https:\/\/www.noticiasradioreflejos.com.ar\/2021\/wp-json\/wp\/v2\/users\/3"}],"replies":[{"embeddable":true,"href":"https:\/\/www.noticiasradioreflejos.com.ar\/2021\/wp-json\/wp\/v2\/comments?post=72496"}],"version-history":[{"count":1,"href":"https:\/\/www.noticiasradioreflejos.com.ar\/2021\/wp-json\/wp\/v2\/posts\/72496\/revisions"}],"predecessor-version":[{"id":72499,"href":"https:\/\/www.noticiasradioreflejos.com.ar\/2021\/wp-json\/wp\/v2\/posts\/72496\/revisions\/72499"}],"wp:attachment":[{"href":"https:\/\/www.noticiasradioreflejos.com.ar\/2021\/wp-json\/wp\/v2\/media?parent=72496"}],"wp:term":[{"taxonomy":"category","embeddable":true,"href":"https:\/\/www.noticiasradioreflejos.com.ar\/2021\/wp-json\/wp\/v2\/categories?post=72496"},{"taxonomy":"post_tag","embeddable":true,"href":"https:\/\/www.noticiasradioreflejos.com.ar\/2021\/wp-json\/wp\/v2\/tags?post=72496"}],"curies":[{"name":"wp","href":"https:\/\/api.w.org\/{rel}","templated":true}]}}