{"id":72479,"date":"2022-05-23T17:39:11","date_gmt":"2022-05-23T17:39:11","guid":{"rendered":"http:\/\/www.noticiasradioreflejos.com.ar\/2021\/?p=72479"},"modified":"2022-05-23T17:39:11","modified_gmt":"2022-05-23T17:39:11","slug":"buscan-potenciar-chasico-a-traves-de-un-programa-provincial-pueblos-turisticos","status":"publish","type":"post","link":"https:\/\/www.noticiasradioreflejos.com.ar\/2021\/buscan-potenciar-chasico-a-traves-de-un-programa-provincial-pueblos-turisticos\/","title":{"rendered":"Buscan potenciar Chasic\u00f3 a trav\u00e9s de un programa provincial \u00abPueblos Tur\u00edsticos\u00bb."},"content":{"rendered":"<p>As\u00ed lo confirm\u00f3 Gustavo Sandobal, Secretario de Turismo. La idea ser\u00eda poder incluir a esta localidad al programa Pueblos Tur\u00edsticos, como ocurri\u00f3 anteriormente con Saldungaray.<br \/>\n<!--more--><\/p>\n<p><a title=\"chasico\" href=\"https:\/\/www.flickr.com\/photos\/182279889@N02\/52093053487\/in\/dateposted-public\/\" data-flickr-embed=\"true\"><img loading=\"lazy\" decoding=\"async\" src=\"https:\/\/live.staticflickr.com\/65535\/52093053487_a2d68d29c3_c.jpg\" alt=\"chasico\" width=\"800\" height=\"534\" \/><\/a><script async src=\"\/\/embedr.flickr.com\/assets\/client-code.js\" charset=\"utf-8\"><\/script><\/p>\n<p>Sin prisa pero sin pausa. As\u00ed se encuentran trabajando desde el \u00e1rea de turismo, abocados a darle relevancia al oeste del partido, poniendo como eje todos los atractivos con los que cuentan y que para muchas personas hoy son desconocidos.<\/p>\n<p>Al respecto, quien preside esa secretar\u00eda, Gustavo Sandobal, confirm\u00f3 que el objetivo en el corto plazo es poder incluir a Chasic\u00f3 dentro del programa provincial de Pueblos Tur\u00edsticos.<\/p>\n<p>&nbsp;<\/p>\n<p><a title=\"chasic\u00f3\" href=\"https:\/\/www.flickr.com\/photos\/182279889@N02\/52094096823\/in\/dateposted-public\/\" data-flickr-embed=\"true\"><img loading=\"lazy\" decoding=\"async\" src=\"https:\/\/live.staticflickr.com\/65535\/52094096823_4e0c14e97f_c.jpg\" alt=\"chasic\u00f3\" width=\"800\" height=\"534\" \/><\/a><script async src=\"\/\/embedr.flickr.com\/assets\/client-code.js\" charset=\"utf-8\"><\/script><\/p>\n<p>Haciendo un repaso de lo acontecido en los \u00faltimos meses, Sandobal mencion\u00f3 que \u201cel viernes en Mercedes se relanz\u00f3 este programa\u201d aunque reconoci\u00f3 que \u201cse hab\u00eda hablado en la reuni\u00f3n de CoProTur de comienzos de a\u00f1o, por lo que de inmediato nos pusimos a trabajar con la delegada de Chasic\u00f3 y con el Secretario de Gobierno, ya que nuestra intenci\u00f3n es desarrollar el oeste del partido\u201d.<\/p>\n<p>Sobre las intenciones que guardan, asegur\u00f3 que \u201cla idea es reunirnos con distintas personas de la localidad, ya que el aval lo tiene que dar la comunidad de Chasic\u00f3 para avanzar al respecto. Este programa apunta a ciudades de mil a dos mil habitantes, y se busca impulsar desde el turismo una econom\u00eda regional\u201d.<\/p>\n<p>Continuando con el detalle el Secretario de Turismo cont\u00f3 que \u201cla idea es poder concursar nuevamente para sumar una nueva localidad al partido. Si bien en un primer momento nos dijeron que s\u00ed, obviamente deber\u00e1n evaluar en base a los inscriptos, pero nuestra intenci\u00f3n es que se sume Chasic\u00f3\u201d.<\/p>\n<p>Agregando a esto un dato no menor: \u201cse pueden sumar atractivos de L\u00f3pez Lecube o Pelicur\u00e1 \u00a0y todo nuclearse\u201d.<\/p>\n<p>Por \u00faltimo refiri\u00f3 que \u201cestamos esperando la informaci\u00f3n oficial para tener las bases y condiciones. En principio ayudar\u00edan con la difusi\u00f3n. Capacitaciones, carteler\u00eda e inclusi\u00f3n en el programa Recreo ser\u00edan algunos de los beneficios de ser parte de este programa\u201d.<\/p>\n<p>&nbsp;<\/p>\n<p>&nbsp;<\/p>\n<p><iframe loading=\"lazy\" src=\"https:\/\/w.soundcloud.com\/player\/?url=https%3A\/\/api.soundcloud.com\/tracks\/1273728640&amp;color=%23ff5500&amp;auto_play=false&amp;hide_related=false&amp;show_comments=true&amp;show_user=true&amp;show_reposts=false&amp;show_teaser=true\" width=\"100%\" height=\"166\" frameborder=\"no\" scrolling=\"no\"><\/iframe><\/p>\n<div style=\"font-size: 10px; color: #cccccc; line-break: anywhere; word-break: normal; overflow: hidden; white-space: nowrap; text-overflow: ellipsis; font-family: Interstate,Lucida Grande,Lucida Sans Unicode,Lucida Sans,Garuda,Verdana,Tahoma,sans-serif; font-weight: 100;\"><a style=\"color: #cccccc; text-decoration: none;\" title=\"fmreflejos 103.7\" href=\"https:\/\/soundcloud.com\/fmreflejos-103-7\" target=\"_blank\" rel=\"noopener\">fmreflejos 103.7<\/a> \u00b7 <a style=\"color: #cccccc; text-decoration: none;\" title=\"Guatavo Sandoval Chasico Pueblo Turistico\" href=\"https:\/\/soundcloud.com\/fmreflejos-103-7\/guatavo-sandoval-chasico-pueblo-turistico\" target=\"_blank\" rel=\"noopener\">Guatavo Sandoval Chasico Pueblo Turistico<\/a><\/div>\n","protected":false},"excerpt":{"rendered":"<p>As\u00ed lo confirm\u00f3 Gustavo Sandobal, Secretario de Turismo. La idea ser\u00eda poder incluir a esta localidad al programa Pueblos Tur\u00edsticos, como ocurri\u00f3 anteriormente con Saldungaray.<\/p>\n","protected":false},"author":3,"featured_media":72483,"comment_status":"closed","ping_status":"closed","sticky":false,"template":"","format":"standard","meta":{"footnotes":""},"categories":[28,33],"tags":[48],"class_list":["post-72479","post","type-post","status-publish","format-standard","has-post-thumbnail","hentry","category-municipales","category-turismo","tag-destacada"],"yoast_head":"<!-- This site is optimized with the Yoast SEO plugin v25.9 - https:\/\/yoast.com\/wordpress\/plugins\/seo\/ -->\n<title>Buscan potenciar Chasic\u00f3 a trav\u00e9s de un programa provincial &quot;Pueblos Tur\u00edsticos&quot;. - Noticias Radio Reflejos<\/title>\n<meta name=\"robots\" content=\"index, follow, max-snippet:-1, max-image-preview:large, max-video-preview:-1\" \/>\n<link rel=\"canonical\" href=\"https:\/\/www.noticiasradioreflejos.com.ar\/2021\/buscan-potenciar-chasico-a-traves-de-un-programa-provincial-pueblos-turisticos\/\" \/>\n<meta property=\"og:locale\" content=\"es_ES\" \/>\n<meta property=\"og:type\" content=\"article\" \/>\n<meta property=\"og:title\" content=\"Buscan potenciar Chasic\u00f3 a trav\u00e9s de un programa provincial &quot;Pueblos Tur\u00edsticos&quot;. - Noticias Radio Reflejos\" \/>\n<meta property=\"og:description\" content=\"As\u00ed lo confirm\u00f3 Gustavo Sandobal, Secretario de Turismo. La idea ser\u00eda poder incluir a esta localidad al programa Pueblos Tur\u00edsticos, como ocurri\u00f3 anteriormente con Saldungaray.\" \/>\n<meta property=\"og:url\" content=\"https:\/\/www.noticiasradioreflejos.com.ar\/2021\/buscan-potenciar-chasico-a-traves-de-un-programa-provincial-pueblos-turisticos\/\" \/>\n<meta property=\"og:site_name\" content=\"Noticias Radio Reflejos\" \/>\n<meta property=\"article:published_time\" content=\"2022-05-23T17:39:11+00:00\" \/>\n<meta property=\"og:image\" content=\"https:\/\/www.noticiasradioreflejos.com.ar\/2021\/wp-content\/uploads\/2022\/05\/aerea.jpg\" \/>\n\t<meta property=\"og:image:width\" content=\"1023\" \/>\n\t<meta property=\"og:image:height\" content=\"678\" \/>\n\t<meta property=\"og:image:type\" content=\"image\/jpeg\" \/>\n<meta name=\"author\" content=\"Arnaldo Botto\" \/>\n<meta name=\"twitter:card\" content=\"summary_large_image\" \/>\n<script type=\"application\/ld+json\" class=\"yoast-schema-graph\">{\"@context\":\"https:\/\/schema.org\",\"@graph\":[{\"@type\":\"WebPage\",\"@id\":\"https:\/\/www.noticiasradioreflejos.com.ar\/2021\/buscan-potenciar-chasico-a-traves-de-un-programa-provincial-pueblos-turisticos\/\",\"url\":\"https:\/\/www.noticiasradioreflejos.com.ar\/2021\/buscan-potenciar-chasico-a-traves-de-un-programa-provincial-pueblos-turisticos\/\",\"name\":\"Buscan potenciar Chasic\u00f3 a trav\u00e9s de un programa provincial \\\"Pueblos Tur\u00edsticos\\\". - Noticias Radio Reflejos\",\"isPartOf\":{\"@id\":\"https:\/\/www.noticiasradioreflejos.com.ar\/2021\/#website\"},\"primaryImageOfPage\":{\"@id\":\"https:\/\/www.noticiasradioreflejos.com.ar\/2021\/buscan-potenciar-chasico-a-traves-de-un-programa-provincial-pueblos-turisticos\/#primaryimage\"},\"image\":{\"@id\":\"https:\/\/www.noticiasradioreflejos.com.ar\/2021\/buscan-potenciar-chasico-a-traves-de-un-programa-provincial-pueblos-turisticos\/#primaryimage\"},\"thumbnailUrl\":\"https:\/\/www.noticiasradioreflejos.com.ar\/2021\/wp-content\/uploads\/2022\/05\/aerea.jpg\",\"datePublished\":\"2022-05-23T17:39:11+00:00\",\"author\":{\"@id\":\"https:\/\/www.noticiasradioreflejos.com.ar\/2021\/#\/schema\/person\/ad82545263dcc5ec0996818884fd5fb1\"},\"breadcrumb\":{\"@id\":\"https:\/\/www.noticiasradioreflejos.com.ar\/2021\/buscan-potenciar-chasico-a-traves-de-un-programa-provincial-pueblos-turisticos\/#breadcrumb\"},\"inLanguage\":\"es\",\"potentialAction\":[{\"@type\":\"ReadAction\",\"target\":[\"https:\/\/www.noticiasradioreflejos.com.ar\/2021\/buscan-potenciar-chasico-a-traves-de-un-programa-provincial-pueblos-turisticos\/\"]}]},{\"@type\":\"ImageObject\",\"inLanguage\":\"es\",\"@id\":\"https:\/\/www.noticiasradioreflejos.com.ar\/2021\/buscan-potenciar-chasico-a-traves-de-un-programa-provincial-pueblos-turisticos\/#primaryimage\",\"url\":\"https:\/\/www.noticiasradioreflejos.com.ar\/2021\/wp-content\/uploads\/2022\/05\/aerea.jpg\",\"contentUrl\":\"https:\/\/www.noticiasradioreflejos.com.ar\/2021\/wp-content\/uploads\/2022\/05\/aerea.jpg\",\"width\":1023,\"height\":678},{\"@type\":\"BreadcrumbList\",\"@id\":\"https:\/\/www.noticiasradioreflejos.com.ar\/2021\/buscan-potenciar-chasico-a-traves-de-un-programa-provincial-pueblos-turisticos\/#breadcrumb\",\"itemListElement\":[{\"@type\":\"ListItem\",\"position\":1,\"name\":\"Portada\",\"item\":\"https:\/\/www.noticiasradioreflejos.com.ar\/2021\/\"},{\"@type\":\"ListItem\",\"position\":2,\"name\":\"Buscan potenciar Chasic\u00f3 a trav\u00e9s de un programa provincial \u00abPueblos Tur\u00edsticos\u00bb.\"}]},{\"@type\":\"WebSite\",\"@id\":\"https:\/\/www.noticiasradioreflejos.com.ar\/2021\/#website\",\"url\":\"https:\/\/www.noticiasradioreflejos.com.ar\/2021\/\",\"name\":\"Noticias Radio Reflejos\",\"description\":\"Las noticias de mi comarca\",\"potentialAction\":[{\"@type\":\"SearchAction\",\"target\":{\"@type\":\"EntryPoint\",\"urlTemplate\":\"https:\/\/www.noticiasradioreflejos.com.ar\/2021\/?s={search_term_string}\"},\"query-input\":{\"@type\":\"PropertyValueSpecification\",\"valueRequired\":true,\"valueName\":\"search_term_string\"}}],\"inLanguage\":\"es\"},{\"@type\":\"Person\",\"@id\":\"https:\/\/www.noticiasradioreflejos.com.ar\/2021\/#\/schema\/person\/ad82545263dcc5ec0996818884fd5fb1\",\"name\":\"Arnaldo Botto\",\"image\":{\"@type\":\"ImageObject\",\"inLanguage\":\"es\",\"@id\":\"https:\/\/www.noticiasradioreflejos.com.ar\/2021\/#\/schema\/person\/image\/\",\"url\":\"https:\/\/secure.gravatar.com\/avatar\/55cb5e37c1efa326397366e6974cb338056df65cb50e7d64d1cf314e87504837?s=96&d=mm&r=g\",\"contentUrl\":\"https:\/\/secure.gravatar.com\/avatar\/55cb5e37c1efa326397366e6974cb338056df65cb50e7d64d1cf314e87504837?s=96&d=mm&r=g\",\"caption\":\"Arnaldo Botto\"},\"url\":\"https:\/\/www.noticiasradioreflejos.com.ar\/2021\/author\/arnaldo\/\"}]}<\/script>\n<!-- \/ Yoast SEO plugin. -->","yoast_head_json":{"title":"Buscan potenciar Chasic\u00f3 a trav\u00e9s de un programa provincial \"Pueblos Tur\u00edsticos\". - Noticias Radio Reflejos","robots":{"index":"index","follow":"follow","max-snippet":"max-snippet:-1","max-image-preview":"max-image-preview:large","max-video-preview":"max-video-preview:-1"},"canonical":"https:\/\/www.noticiasradioreflejos.com.ar\/2021\/buscan-potenciar-chasico-a-traves-de-un-programa-provincial-pueblos-turisticos\/","og_locale":"es_ES","og_type":"article","og_title":"Buscan potenciar Chasic\u00f3 a trav\u00e9s de un programa provincial \"Pueblos Tur\u00edsticos\". - Noticias Radio Reflejos","og_description":"As\u00ed lo confirm\u00f3 Gustavo Sandobal, Secretario de Turismo. La idea ser\u00eda poder incluir a esta localidad al programa Pueblos Tur\u00edsticos, como ocurri\u00f3 anteriormente con Saldungaray.","og_url":"https:\/\/www.noticiasradioreflejos.com.ar\/2021\/buscan-potenciar-chasico-a-traves-de-un-programa-provincial-pueblos-turisticos\/","og_site_name":"Noticias Radio Reflejos","article_published_time":"2022-05-23T17:39:11+00:00","og_image":[{"width":1023,"height":678,"url":"https:\/\/www.noticiasradioreflejos.com.ar\/2021\/wp-content\/uploads\/2022\/05\/aerea.jpg","type":"image\/jpeg"}],"author":"Arnaldo Botto","twitter_card":"summary_large_image","schema":{"@context":"https:\/\/schema.org","@graph":[{"@type":"WebPage","@id":"https:\/\/www.noticiasradioreflejos.com.ar\/2021\/buscan-potenciar-chasico-a-traves-de-un-programa-provincial-pueblos-turisticos\/","url":"https:\/\/www.noticiasradioreflejos.com.ar\/2021\/buscan-potenciar-chasico-a-traves-de-un-programa-provincial-pueblos-turisticos\/","name":"Buscan potenciar Chasic\u00f3 a trav\u00e9s de un programa provincial \"Pueblos Tur\u00edsticos\". - Noticias Radio Reflejos","isPartOf":{"@id":"https:\/\/www.noticiasradioreflejos.com.ar\/2021\/#website"},"primaryImageOfPage":{"@id":"https:\/\/www.noticiasradioreflejos.com.ar\/2021\/buscan-potenciar-chasico-a-traves-de-un-programa-provincial-pueblos-turisticos\/#primaryimage"},"image":{"@id":"https:\/\/www.noticiasradioreflejos.com.ar\/2021\/buscan-potenciar-chasico-a-traves-de-un-programa-provincial-pueblos-turisticos\/#primaryimage"},"thumbnailUrl":"https:\/\/www.noticiasradioreflejos.com.ar\/2021\/wp-content\/uploads\/2022\/05\/aerea.jpg","datePublished":"2022-05-23T17:39:11+00:00","author":{"@id":"https:\/\/www.noticiasradioreflejos.com.ar\/2021\/#\/schema\/person\/ad82545263dcc5ec0996818884fd5fb1"},"breadcrumb":{"@id":"https:\/\/www.noticiasradioreflejos.com.ar\/2021\/buscan-potenciar-chasico-a-traves-de-un-programa-provincial-pueblos-turisticos\/#breadcrumb"},"inLanguage":"es","potentialAction":[{"@type":"ReadAction","target":["https:\/\/www.noticiasradioreflejos.com.ar\/2021\/buscan-potenciar-chasico-a-traves-de-un-programa-provincial-pueblos-turisticos\/"]}]},{"@type":"ImageObject","inLanguage":"es","@id":"https:\/\/www.noticiasradioreflejos.com.ar\/2021\/buscan-potenciar-chasico-a-traves-de-un-programa-provincial-pueblos-turisticos\/#primaryimage","url":"https:\/\/www.noticiasradioreflejos.com.ar\/2021\/wp-content\/uploads\/2022\/05\/aerea.jpg","contentUrl":"https:\/\/www.noticiasradioreflejos.com.ar\/2021\/wp-content\/uploads\/2022\/05\/aerea.jpg","width":1023,"height":678},{"@type":"BreadcrumbList","@id":"https:\/\/www.noticiasradioreflejos.com.ar\/2021\/buscan-potenciar-chasico-a-traves-de-un-programa-provincial-pueblos-turisticos\/#breadcrumb","itemListElement":[{"@type":"ListItem","position":1,"name":"Portada","item":"https:\/\/www.noticiasradioreflejos.com.ar\/2021\/"},{"@type":"ListItem","position":2,"name":"Buscan potenciar Chasic\u00f3 a trav\u00e9s de un programa provincial \u00abPueblos Tur\u00edsticos\u00bb."}]},{"@type":"WebSite","@id":"https:\/\/www.noticiasradioreflejos.com.ar\/2021\/#website","url":"https:\/\/www.noticiasradioreflejos.com.ar\/2021\/","name":"Noticias Radio Reflejos","description":"Las noticias de mi comarca","potentialAction":[{"@type":"SearchAction","target":{"@type":"EntryPoint","urlTemplate":"https:\/\/www.noticiasradioreflejos.com.ar\/2021\/?s={search_term_string}"},"query-input":{"@type":"PropertyValueSpecification","valueRequired":true,"valueName":"search_term_string"}}],"inLanguage":"es"},{"@type":"Person","@id":"https:\/\/www.noticiasradioreflejos.com.ar\/2021\/#\/schema\/person\/ad82545263dcc5ec0996818884fd5fb1","name":"Arnaldo Botto","image":{"@type":"ImageObject","inLanguage":"es","@id":"https:\/\/www.noticiasradioreflejos.com.ar\/2021\/#\/schema\/person\/image\/","url":"https:\/\/secure.gravatar.com\/avatar\/55cb5e37c1efa326397366e6974cb338056df65cb50e7d64d1cf314e87504837?s=96&d=mm&r=g","contentUrl":"https:\/\/secure.gravatar.com\/avatar\/55cb5e37c1efa326397366e6974cb338056df65cb50e7d64d1cf314e87504837?s=96&d=mm&r=g","caption":"Arnaldo Botto"},"url":"https:\/\/www.noticiasradioreflejos.com.ar\/2021\/author\/arnaldo\/"}]}},"_links":{"self":[{"href":"https:\/\/www.noticiasradioreflejos.com.ar\/2021\/wp-json\/wp\/v2\/posts\/72479","targetHints":{"allow":["GET"]}}],"collection":[{"href":"https:\/\/www.noticiasradioreflejos.com.ar\/2021\/wp-json\/wp\/v2\/posts"}],"about":[{"href":"https:\/\/www.noticiasradioreflejos.com.ar\/2021\/wp-json\/wp\/v2\/types\/post"}],"author":[{"embeddable":true,"href":"https:\/\/www.noticiasradioreflejos.com.ar\/2021\/wp-json\/wp\/v2\/users\/3"}],"replies":[{"embeddable":true,"href":"https:\/\/www.noticiasradioreflejos.com.ar\/2021\/wp-json\/wp\/v2\/comments?post=72479"}],"version-history":[{"count":2,"href":"https:\/\/www.noticiasradioreflejos.com.ar\/2021\/wp-json\/wp\/v2\/posts\/72479\/revisions"}],"predecessor-version":[{"id":72484,"href":"https:\/\/www.noticiasradioreflejos.com.ar\/2021\/wp-json\/wp\/v2\/posts\/72479\/revisions\/72484"}],"wp:featuredmedia":[{"embeddable":true,"href":"https:\/\/www.noticiasradioreflejos.com.ar\/2021\/wp-json\/wp\/v2\/media\/72483"}],"wp:attachment":[{"href":"https:\/\/www.noticiasradioreflejos.com.ar\/2021\/wp-json\/wp\/v2\/media?parent=72479"}],"wp:term":[{"taxonomy":"category","embeddable":true,"href":"https:\/\/www.noticiasradioreflejos.com.ar\/2021\/wp-json\/wp\/v2\/categories?post=72479"},{"taxonomy":"post_tag","embeddable":true,"href":"https:\/\/www.noticiasradioreflejos.com.ar\/2021\/wp-json\/wp\/v2\/tags?post=72479"}],"curies":[{"name":"wp","href":"https:\/\/api.w.org\/{rel}","templated":true}]}}