{"id":72474,"date":"2022-05-23T15:07:38","date_gmt":"2022-05-23T15:07:38","guid":{"rendered":"http:\/\/www.noticiasradioreflejos.com.ar\/2021\/?p=72474"},"modified":"2022-05-23T15:07:38","modified_gmt":"2022-05-23T15:07:38","slug":"scaloni-y-su-staff-viajan-a-espana-para-reunirse-con-los-seleccionados-que-enfrentaran-a-italia","status":"publish","type":"post","link":"https:\/\/www.noticiasradioreflejos.com.ar\/2021\/scaloni-y-su-staff-viajan-a-espana-para-reunirse-con-los-seleccionados-que-enfrentaran-a-italia\/","title":{"rendered":"Scaloni y su staff viajan a Espa\u00f1a para reunirse con los seleccionados que enfrentar\u00e1n a Italia"},"content":{"rendered":"<p>El DT de la albiceleste y su cuerpo t\u00e9cnico llegar\u00e1n a Bilbao y se hospedar\u00e1n en el hotel Gran Domin\u00e9 donde comenzar\u00e1n los entrenamientos este martes con 26 de los 29 citados para el partido ante la Azzurra.<!--more--><\/p>\n<figure class=\"mb-3\"><img decoding=\"async\" src=\"https:\/\/www.telam.com.ar\/thumbs\/bluesteel\/advf\/imagenes\/2022\/01\/61f80bc5ee585_900.jpg\" alt=\"Scaloni quiere reunirse con sus dirigidos \" width=\"100%\" height=\"100%\" \/><\/p>\n<div class=\"media-icons\"><\/div><figcaption>Scaloni quiere reunirse con sus dirigidos.<\/figcaption><\/figure>\n<p>El entrenador del seleccionado argentino, Lionel Scaloni y su cuerpo t\u00e9cnico viajan este lunes rumbo a la ciudad espa\u00f1ola de Bilbao, donde a partir del martes comenzar\u00e1n con las pr\u00e1cticas que apuntar\u00e1n a la denominada Final\u00edssima frente a Italia, que enfrentar\u00e1 al campe\u00f3n de Am\u00e9rica con el ganador de la Eurocopa el pr\u00f3ximo mi\u00e9rcoles 1 de junio en el estadio londinense de Wembley.<\/p>\n<p>Una vez en Bilbao, el t\u00e9cnico y sus dirigidos, con el capit\u00e1n Lionel Messi a la cabeza, se hospedar\u00e1n en el hotel Gran Domin\u00e9 y comenzar\u00e1n los entrenamientos este martes con 26 de los 29 citados por Scaloni.<\/p>\n<p>En principio la lista de convocados se elevaba a 35, pero el pasado viernes el entrenador, que el lunes 16 cumpli\u00f3 44 a\u00f1os, realiz\u00f3 un recorte de media docena de ellos.<\/p>\n<p>Los que fueron dados de baja resultaron ser Lucas Mart\u00ednez Quarta, Leandro Paredes (est\u00e1 lesionado), Nicol\u00e1s Dom\u00ednguez, Lucas Ocampos, Emiliano Buend\u00eda y Lucas Alario.<\/p>\n<p>En tanto que Franco Armani (se est\u00e1 recuperando luego de haberse contagiado en coronavirus por segunda vez) y Juli\u00e1n \u00c1lvarez, de River Plate, as\u00ed como Marcos Senesi, del Feyenoor holand\u00e9s, fueron autorizados a sumarse al grupo reci\u00e9n el pr\u00f3ximo jueves 26.<br \/>\nArmani y \u00c1lvarez deber\u00e1n jugar el mi\u00e9rcoles 25 de mayo ante Alianza Lima, de Per\u00fa, por la \u00faltima fecha del grupo F de la Copa Libertadores, mientras que Senesi (fue contactado por el entrenador de Italia, Roberto Mancini, para incorporarlo a su selecci\u00f3n) afrontar\u00e1 ese mismo d\u00eda la final de la Conference League europea frente a la Roma, de Italia.<\/p>\n<figure class=\"mb-3\"><img decoding=\"async\" src=\"https:\/\/www.telam.com.ar\/thumbs\/bluesteel\/advf\/imagenes\/2022\/03\/623b915265aa8_900.jpg\" alt=\"Messi entrenando con la seleccin foto archivoRal Ferrari \" width=\"100%\" height=\"100%\" \/><\/p>\n<div class=\"media-icons\"><\/div><figcaption>Messi entrenando con la selecci\u00f3n (foto archivo-Ra\u00fal Ferrari).<\/figcaption><\/figure>\n<p>La AFA inform\u00f3 el cronograma de actividades que cumplir\u00e1 el seleccionado argentino en la previa del partido con los italianos, y que consiste en lo siguiente:<\/p>\n<p>Martes 24: Entrenamiento vespertino cerrado en horario a confirmar, en el predio de Atlethic de Bilbao, en la localidad de Lezama.<\/p>\n<p>Mi\u00e9rcoles 25: Entrenamiento vespertino cerrado, como todos los d\u00edas en Lezama.<\/p>\n<p>Jueves 26: Entrenamientos matutino y vespertino, \u00e9ste con 15 minutos iniciales abiertos a los medios de prensa, en horario a confirmar.<\/p>\n<p>Viernes 27. \u00daltimo entrenamiento vespertino en Lezama.<\/p>\n<p>S\u00e1bado 28: Entrenamiento vespertino en el estadio de Atlethic de Bilbao abierto al p\u00fablico y la prensa.<\/p>\n<p>El domingo 29 la delegaci\u00f3n nacional viajar\u00e1 a Londres (no lo hizo desde el comienzo porque el hotel que hab\u00eda reservado la AFA no ten\u00eda disponibilidades esta semana), donde el mi\u00e9rcoles 1 de junio a las 19.45 hora local (15.45 de Argentina) enfrentar\u00e1 al seleccionado de Italia, que por segunda vez consecutiva no logr\u00f3 clasificarse a la Copa del Mundo, apenas 10 meses despu\u00e9s de haberse consagrado campe\u00f3n europeo.<\/p>\n","protected":false},"excerpt":{"rendered":"<p>El DT de la albiceleste y su cuerpo t\u00e9cnico llegar\u00e1n a Bilbao y se hospedar\u00e1n en el hotel Gran Domin\u00e9 donde comenzar\u00e1n los entrenamientos este martes con 26 de los 29 citados para el partido ante la Azzurra.<\/p>\n","protected":false},"author":3,"featured_media":0,"comment_status":"closed","ping_status":"closed","sticky":false,"template":"","format":"standard","meta":{"footnotes":""},"categories":[27],"tags":[],"class_list":["post-72474","post","type-post","status-publish","format-standard","hentry","category-deportes"],"yoast_head":"<!-- This site is optimized with the Yoast SEO plugin v25.9 - https:\/\/yoast.com\/wordpress\/plugins\/seo\/ -->\n<title>Scaloni y su staff viajan a Espa\u00f1a para reunirse con los seleccionados que enfrentar\u00e1n a Italia - Noticias Radio Reflejos<\/title>\n<meta name=\"robots\" content=\"index, follow, max-snippet:-1, max-image-preview:large, max-video-preview:-1\" \/>\n<link rel=\"canonical\" href=\"https:\/\/www.noticiasradioreflejos.com.ar\/2021\/scaloni-y-su-staff-viajan-a-espana-para-reunirse-con-los-seleccionados-que-enfrentaran-a-italia\/\" \/>\n<meta property=\"og:locale\" content=\"es_ES\" \/>\n<meta property=\"og:type\" content=\"article\" \/>\n<meta property=\"og:title\" content=\"Scaloni y su staff viajan a Espa\u00f1a para reunirse con los seleccionados que enfrentar\u00e1n a Italia - Noticias Radio Reflejos\" \/>\n<meta property=\"og:description\" content=\"El DT de la albiceleste y su cuerpo t\u00e9cnico llegar\u00e1n a Bilbao y se hospedar\u00e1n en el hotel Gran Domin\u00e9 donde comenzar\u00e1n los entrenamientos este martes con 26 de los 29 citados para el partido ante la Azzurra.\" \/>\n<meta property=\"og:url\" content=\"https:\/\/www.noticiasradioreflejos.com.ar\/2021\/scaloni-y-su-staff-viajan-a-espana-para-reunirse-con-los-seleccionados-que-enfrentaran-a-italia\/\" \/>\n<meta property=\"og:site_name\" content=\"Noticias Radio Reflejos\" \/>\n<meta property=\"article:published_time\" content=\"2022-05-23T15:07:38+00:00\" \/>\n<meta property=\"og:image\" content=\"https:\/\/www.telam.com.ar\/thumbs\/bluesteel\/advf\/imagenes\/2022\/01\/61f80bc5ee585_900.jpg\" \/>\n<meta name=\"author\" content=\"Arnaldo Botto\" \/>\n<meta name=\"twitter:card\" content=\"summary_large_image\" \/>\n<script type=\"application\/ld+json\" class=\"yoast-schema-graph\">{\"@context\":\"https:\/\/schema.org\",\"@graph\":[{\"@type\":\"WebPage\",\"@id\":\"https:\/\/www.noticiasradioreflejos.com.ar\/2021\/scaloni-y-su-staff-viajan-a-espana-para-reunirse-con-los-seleccionados-que-enfrentaran-a-italia\/\",\"url\":\"https:\/\/www.noticiasradioreflejos.com.ar\/2021\/scaloni-y-su-staff-viajan-a-espana-para-reunirse-con-los-seleccionados-que-enfrentaran-a-italia\/\",\"name\":\"Scaloni y su staff viajan a Espa\u00f1a para reunirse con los seleccionados que enfrentar\u00e1n a Italia - Noticias Radio Reflejos\",\"isPartOf\":{\"@id\":\"https:\/\/www.noticiasradioreflejos.com.ar\/2021\/#website\"},\"primaryImageOfPage\":{\"@id\":\"https:\/\/www.noticiasradioreflejos.com.ar\/2021\/scaloni-y-su-staff-viajan-a-espana-para-reunirse-con-los-seleccionados-que-enfrentaran-a-italia\/#primaryimage\"},\"image\":{\"@id\":\"https:\/\/www.noticiasradioreflejos.com.ar\/2021\/scaloni-y-su-staff-viajan-a-espana-para-reunirse-con-los-seleccionados-que-enfrentaran-a-italia\/#primaryimage\"},\"thumbnailUrl\":\"https:\/\/www.telam.com.ar\/thumbs\/bluesteel\/advf\/imagenes\/2022\/01\/61f80bc5ee585_900.jpg\",\"datePublished\":\"2022-05-23T15:07:38+00:00\",\"author\":{\"@id\":\"https:\/\/www.noticiasradioreflejos.com.ar\/2021\/#\/schema\/person\/ad82545263dcc5ec0996818884fd5fb1\"},\"breadcrumb\":{\"@id\":\"https:\/\/www.noticiasradioreflejos.com.ar\/2021\/scaloni-y-su-staff-viajan-a-espana-para-reunirse-con-los-seleccionados-que-enfrentaran-a-italia\/#breadcrumb\"},\"inLanguage\":\"es\",\"potentialAction\":[{\"@type\":\"ReadAction\",\"target\":[\"https:\/\/www.noticiasradioreflejos.com.ar\/2021\/scaloni-y-su-staff-viajan-a-espana-para-reunirse-con-los-seleccionados-que-enfrentaran-a-italia\/\"]}]},{\"@type\":\"ImageObject\",\"inLanguage\":\"es\",\"@id\":\"https:\/\/www.noticiasradioreflejos.com.ar\/2021\/scaloni-y-su-staff-viajan-a-espana-para-reunirse-con-los-seleccionados-que-enfrentaran-a-italia\/#primaryimage\",\"url\":\"https:\/\/www.telam.com.ar\/thumbs\/bluesteel\/advf\/imagenes\/2022\/01\/61f80bc5ee585_900.jpg\",\"contentUrl\":\"https:\/\/www.telam.com.ar\/thumbs\/bluesteel\/advf\/imagenes\/2022\/01\/61f80bc5ee585_900.jpg\"},{\"@type\":\"BreadcrumbList\",\"@id\":\"https:\/\/www.noticiasradioreflejos.com.ar\/2021\/scaloni-y-su-staff-viajan-a-espana-para-reunirse-con-los-seleccionados-que-enfrentaran-a-italia\/#breadcrumb\",\"itemListElement\":[{\"@type\":\"ListItem\",\"position\":1,\"name\":\"Portada\",\"item\":\"https:\/\/www.noticiasradioreflejos.com.ar\/2021\/\"},{\"@type\":\"ListItem\",\"position\":2,\"name\":\"Scaloni y su staff viajan a Espa\u00f1a para reunirse con los seleccionados que enfrentar\u00e1n a Italia\"}]},{\"@type\":\"WebSite\",\"@id\":\"https:\/\/www.noticiasradioreflejos.com.ar\/2021\/#website\",\"url\":\"https:\/\/www.noticiasradioreflejos.com.ar\/2021\/\",\"name\":\"Noticias Radio Reflejos\",\"description\":\"Las noticias de mi comarca\",\"potentialAction\":[{\"@type\":\"SearchAction\",\"target\":{\"@type\":\"EntryPoint\",\"urlTemplate\":\"https:\/\/www.noticiasradioreflejos.com.ar\/2021\/?s={search_term_string}\"},\"query-input\":{\"@type\":\"PropertyValueSpecification\",\"valueRequired\":true,\"valueName\":\"search_term_string\"}}],\"inLanguage\":\"es\"},{\"@type\":\"Person\",\"@id\":\"https:\/\/www.noticiasradioreflejos.com.ar\/2021\/#\/schema\/person\/ad82545263dcc5ec0996818884fd5fb1\",\"name\":\"Arnaldo Botto\",\"image\":{\"@type\":\"ImageObject\",\"inLanguage\":\"es\",\"@id\":\"https:\/\/www.noticiasradioreflejos.com.ar\/2021\/#\/schema\/person\/image\/\",\"url\":\"https:\/\/secure.gravatar.com\/avatar\/55cb5e37c1efa326397366e6974cb338056df65cb50e7d64d1cf314e87504837?s=96&d=mm&r=g\",\"contentUrl\":\"https:\/\/secure.gravatar.com\/avatar\/55cb5e37c1efa326397366e6974cb338056df65cb50e7d64d1cf314e87504837?s=96&d=mm&r=g\",\"caption\":\"Arnaldo Botto\"},\"url\":\"https:\/\/www.noticiasradioreflejos.com.ar\/2021\/author\/arnaldo\/\"}]}<\/script>\n<!-- \/ Yoast SEO plugin. -->","yoast_head_json":{"title":"Scaloni y su staff viajan a Espa\u00f1a para reunirse con los seleccionados que enfrentar\u00e1n a Italia - Noticias Radio Reflejos","robots":{"index":"index","follow":"follow","max-snippet":"max-snippet:-1","max-image-preview":"max-image-preview:large","max-video-preview":"max-video-preview:-1"},"canonical":"https:\/\/www.noticiasradioreflejos.com.ar\/2021\/scaloni-y-su-staff-viajan-a-espana-para-reunirse-con-los-seleccionados-que-enfrentaran-a-italia\/","og_locale":"es_ES","og_type":"article","og_title":"Scaloni y su staff viajan a Espa\u00f1a para reunirse con los seleccionados que enfrentar\u00e1n a Italia - Noticias Radio Reflejos","og_description":"El DT de la albiceleste y su cuerpo t\u00e9cnico llegar\u00e1n a Bilbao y se hospedar\u00e1n en el hotel Gran Domin\u00e9 donde comenzar\u00e1n los entrenamientos este martes con 26 de los 29 citados para el partido ante la Azzurra.","og_url":"https:\/\/www.noticiasradioreflejos.com.ar\/2021\/scaloni-y-su-staff-viajan-a-espana-para-reunirse-con-los-seleccionados-que-enfrentaran-a-italia\/","og_site_name":"Noticias Radio Reflejos","article_published_time":"2022-05-23T15:07:38+00:00","og_image":[{"url":"https:\/\/www.telam.com.ar\/thumbs\/bluesteel\/advf\/imagenes\/2022\/01\/61f80bc5ee585_900.jpg","type":"","width":"","height":""}],"author":"Arnaldo Botto","twitter_card":"summary_large_image","schema":{"@context":"https:\/\/schema.org","@graph":[{"@type":"WebPage","@id":"https:\/\/www.noticiasradioreflejos.com.ar\/2021\/scaloni-y-su-staff-viajan-a-espana-para-reunirse-con-los-seleccionados-que-enfrentaran-a-italia\/","url":"https:\/\/www.noticiasradioreflejos.com.ar\/2021\/scaloni-y-su-staff-viajan-a-espana-para-reunirse-con-los-seleccionados-que-enfrentaran-a-italia\/","name":"Scaloni y su staff viajan a Espa\u00f1a para reunirse con los seleccionados que enfrentar\u00e1n a Italia - Noticias Radio Reflejos","isPartOf":{"@id":"https:\/\/www.noticiasradioreflejos.com.ar\/2021\/#website"},"primaryImageOfPage":{"@id":"https:\/\/www.noticiasradioreflejos.com.ar\/2021\/scaloni-y-su-staff-viajan-a-espana-para-reunirse-con-los-seleccionados-que-enfrentaran-a-italia\/#primaryimage"},"image":{"@id":"https:\/\/www.noticiasradioreflejos.com.ar\/2021\/scaloni-y-su-staff-viajan-a-espana-para-reunirse-con-los-seleccionados-que-enfrentaran-a-italia\/#primaryimage"},"thumbnailUrl":"https:\/\/www.telam.com.ar\/thumbs\/bluesteel\/advf\/imagenes\/2022\/01\/61f80bc5ee585_900.jpg","datePublished":"2022-05-23T15:07:38+00:00","author":{"@id":"https:\/\/www.noticiasradioreflejos.com.ar\/2021\/#\/schema\/person\/ad82545263dcc5ec0996818884fd5fb1"},"breadcrumb":{"@id":"https:\/\/www.noticiasradioreflejos.com.ar\/2021\/scaloni-y-su-staff-viajan-a-espana-para-reunirse-con-los-seleccionados-que-enfrentaran-a-italia\/#breadcrumb"},"inLanguage":"es","potentialAction":[{"@type":"ReadAction","target":["https:\/\/www.noticiasradioreflejos.com.ar\/2021\/scaloni-y-su-staff-viajan-a-espana-para-reunirse-con-los-seleccionados-que-enfrentaran-a-italia\/"]}]},{"@type":"ImageObject","inLanguage":"es","@id":"https:\/\/www.noticiasradioreflejos.com.ar\/2021\/scaloni-y-su-staff-viajan-a-espana-para-reunirse-con-los-seleccionados-que-enfrentaran-a-italia\/#primaryimage","url":"https:\/\/www.telam.com.ar\/thumbs\/bluesteel\/advf\/imagenes\/2022\/01\/61f80bc5ee585_900.jpg","contentUrl":"https:\/\/www.telam.com.ar\/thumbs\/bluesteel\/advf\/imagenes\/2022\/01\/61f80bc5ee585_900.jpg"},{"@type":"BreadcrumbList","@id":"https:\/\/www.noticiasradioreflejos.com.ar\/2021\/scaloni-y-su-staff-viajan-a-espana-para-reunirse-con-los-seleccionados-que-enfrentaran-a-italia\/#breadcrumb","itemListElement":[{"@type":"ListItem","position":1,"name":"Portada","item":"https:\/\/www.noticiasradioreflejos.com.ar\/2021\/"},{"@type":"ListItem","position":2,"name":"Scaloni y su staff viajan a Espa\u00f1a para reunirse con los seleccionados que enfrentar\u00e1n a Italia"}]},{"@type":"WebSite","@id":"https:\/\/www.noticiasradioreflejos.com.ar\/2021\/#website","url":"https:\/\/www.noticiasradioreflejos.com.ar\/2021\/","name":"Noticias Radio Reflejos","description":"Las noticias de mi comarca","potentialAction":[{"@type":"SearchAction","target":{"@type":"EntryPoint","urlTemplate":"https:\/\/www.noticiasradioreflejos.com.ar\/2021\/?s={search_term_string}"},"query-input":{"@type":"PropertyValueSpecification","valueRequired":true,"valueName":"search_term_string"}}],"inLanguage":"es"},{"@type":"Person","@id":"https:\/\/www.noticiasradioreflejos.com.ar\/2021\/#\/schema\/person\/ad82545263dcc5ec0996818884fd5fb1","name":"Arnaldo Botto","image":{"@type":"ImageObject","inLanguage":"es","@id":"https:\/\/www.noticiasradioreflejos.com.ar\/2021\/#\/schema\/person\/image\/","url":"https:\/\/secure.gravatar.com\/avatar\/55cb5e37c1efa326397366e6974cb338056df65cb50e7d64d1cf314e87504837?s=96&d=mm&r=g","contentUrl":"https:\/\/secure.gravatar.com\/avatar\/55cb5e37c1efa326397366e6974cb338056df65cb50e7d64d1cf314e87504837?s=96&d=mm&r=g","caption":"Arnaldo Botto"},"url":"https:\/\/www.noticiasradioreflejos.com.ar\/2021\/author\/arnaldo\/"}]}},"_links":{"self":[{"href":"https:\/\/www.noticiasradioreflejos.com.ar\/2021\/wp-json\/wp\/v2\/posts\/72474","targetHints":{"allow":["GET"]}}],"collection":[{"href":"https:\/\/www.noticiasradioreflejos.com.ar\/2021\/wp-json\/wp\/v2\/posts"}],"about":[{"href":"https:\/\/www.noticiasradioreflejos.com.ar\/2021\/wp-json\/wp\/v2\/types\/post"}],"author":[{"embeddable":true,"href":"https:\/\/www.noticiasradioreflejos.com.ar\/2021\/wp-json\/wp\/v2\/users\/3"}],"replies":[{"embeddable":true,"href":"https:\/\/www.noticiasradioreflejos.com.ar\/2021\/wp-json\/wp\/v2\/comments?post=72474"}],"version-history":[{"count":1,"href":"https:\/\/www.noticiasradioreflejos.com.ar\/2021\/wp-json\/wp\/v2\/posts\/72474\/revisions"}],"predecessor-version":[{"id":72476,"href":"https:\/\/www.noticiasradioreflejos.com.ar\/2021\/wp-json\/wp\/v2\/posts\/72474\/revisions\/72476"}],"wp:attachment":[{"href":"https:\/\/www.noticiasradioreflejos.com.ar\/2021\/wp-json\/wp\/v2\/media?parent=72474"}],"wp:term":[{"taxonomy":"category","embeddable":true,"href":"https:\/\/www.noticiasradioreflejos.com.ar\/2021\/wp-json\/wp\/v2\/categories?post=72474"},{"taxonomy":"post_tag","embeddable":true,"href":"https:\/\/www.noticiasradioreflejos.com.ar\/2021\/wp-json\/wp\/v2\/tags?post=72474"}],"curies":[{"name":"wp","href":"https:\/\/api.w.org\/{rel}","templated":true}]}}