{"id":72465,"date":"2022-05-23T11:09:53","date_gmt":"2022-05-23T11:09:53","guid":{"rendered":"http:\/\/www.noticiasradioreflejos.com.ar\/2021\/?p=72465"},"modified":"2022-05-23T11:09:53","modified_gmt":"2022-05-23T11:09:53","slug":"controlar-lunares-el-eje-de-una-nueva-campana-contra-el-melanoma","status":"publish","type":"post","link":"https:\/\/www.noticiasradioreflejos.com.ar\/2021\/controlar-lunares-el-eje-de-una-nueva-campana-contra-el-melanoma\/","title":{"rendered":"Controlar lunares, el eje de una nueva campa\u00f1a contra el melanoma"},"content":{"rendered":"<p>Esta nueva iniciativa de concientizaci\u00f3n trabaja el concepto de que \u00ablos lunares que tenemos cuentan su propia historia y si sabemos leerla, \u00e9sta puede ser la principal medida de prevenci\u00f3n\u00bb. La campa\u00f1a se presentar\u00e1 en un video a trav\u00e9s de Youtube.<!--more--><\/p>\n<figure class=\"mb-3\"><img decoding=\"async\" src=\"https:\/\/www.telam.com.ar\/thumbs\/bluesteel\/advf\/imagenes\/2017\/11\/5a156aea85d26_900.jpg\" alt=\"Presentan una campaa que pone el foco en el control de los lunares para detectar a tiempo cualquier tipo de cncer de piel o melanoma\" width=\"100%\" height=\"100%\" \/><\/p>\n<div class=\"media-icons\"><\/div><figcaption>Presentan una campa\u00f1a que pone el foco en el control de los lunares para detectar a tiempo cualquier tipo de c\u00e1ncer de piel o melanoma.<\/figcaption><\/figure>\n<p>Una campa\u00f1a que pone el foco en el control de los lunares para detectar a tiempo cualquier tipo de c\u00e1ncer de piel o melanoma ser\u00e1 presentada este lunes v\u00eda Youtube por la Asociaci\u00f3n Argentina de Oncolog\u00eda Cl\u00ednica (AAOC) y un laboratorio privado en el marco del D\u00eda Mundial del Melanoma, el c\u00e1ncer de piel m\u00e1s agresivo y del que se diagnostican m\u00e1s de 1700 casos por a\u00f1o en la Argentina.<\/p>\n<p>Esa nueva campa\u00f1a de concientizaci\u00f3n trabaja el concepto de que\u00a0<strong>\u00ablos lunares que tenemos cuentan su propia historia y si sabemos leerla, \u00e9sta puede ser la principal medida de prevenci\u00f3n\u00bb.<\/strong><\/p>\n<blockquote class=\"\"><p>\u00abPensemos que la mitad de esos pacientes hoy por hoy se van a curar, y el 68% de la totalidad de esos pacientes, est\u00e1 vivo 5 a\u00f1os despu\u00e9s del diagn\u00f3stico\u00bb<\/p><\/blockquote>\n<p>\u00abLos lunares que tenemos marcan nuestra historia, es fundamental controlarlos para detectar a tiempo el c\u00e1ncer de piel y el melanoma\u00bb, indica la campa\u00f1a que se presentar\u00e1 en un video a trav\u00e9s de Youtube y de la p\u00e1gina\u00a0<a href=\"http:\/\/www.vivirconcancer.net\/lunaresconhistoria.\" target=\"_blank\" rel=\"noopener\">www.vivirconcancer.net\/lunaresconhistoria.<\/a><\/p>\n<p>Realizada por por la Asociaci\u00f3n Argentina de Oncolog\u00eda Cl\u00ednica (AAOC) y el laboratorio Brystol Myers Squibb, con el apoyo de la Liga Argentina de Lucha contra el C\u00e1ncer (Lalcec), el video llama a seguir la \u00abregla del ABCDE\u00bb para realizar el autochequeo.<\/p>\n<p>Las letras mencionadas refieren a la \u00abasimetr\u00eda\u00bb, \u00abbordes irregulares\u00bb, \u00abcolor\u00bb, \u00abdi\u00e1metro\u00bb y \u00abevoluci\u00f3n\u00bb, adem\u00e1s de remarcan la importancia de visitar al m\u00e9dico dermat\u00f3logo una vez por a\u00f1o, \u00abpara que todas las historias tengan un final feliz\u00bb.<\/p>\n<figure class=\"mb-3\"><img decoding=\"async\" src=\"https:\/\/www.telam.com.ar\/thumbs\/bluesteel\/advf\/imagenes\/2022\/05\/628a601929656_900.jpg\" alt=\"Cmo autoevaluarte\" width=\"100%\" height=\"100%\" \/><\/p>\n<div class=\"media-icons\"><\/div><figcaption>C\u00f3mo auto-evaluarte.<\/figcaption><\/figure>\n<p>Desde la web se difunde informaci\u00f3n sobre este tipo de c\u00e1ncer de piel y tambi\u00e9n sobre la campa\u00f1a y aclara cu\u00e1les son las caracter\u00edsticas de los \u00ababcde\u00bb que deben llamar la atenci\u00f3n y referirse a un m\u00e9dico.<\/p>\n<h2 class=\"\">Sobre la evoluci\u00f3n de los lunares<\/h2>\n<p><strong>Asimetr\u00eda:<\/strong>\u00a0La mitad de un lunar, no es igual a la otra;\u00a0<strong>bordes irregulares:<\/strong>\u00a0son borrosos o desiguales;\u00a0<strong>color:\u00a0<\/strong>la pigmentaci\u00f3n no es uniforme, se observan cambios de color de una zona a otra;\u00a0<strong>di\u00e1metro:<\/strong>\u00a0el lunar mide m\u00e1s de 6 mil\u00edmetros o cualquier cambio de tama\u00f1o de un lunar.<\/p>\n<p><strong>En cuanto a la evoluci\u00f3n<\/strong>, se explica que debe prestarse atenci\u00f3n si \u00abel tama\u00f1o, la forma o el color del lunar, cambian con el tiempo\u00bb.<\/p>\n<p>Seg\u00fan las \u00faltimas estimaciones realizadas por la Agencia Internacional de Investigaci\u00f3n sobre C\u00e1ncer (IARC), que depende de la OMS,\u00a0<strong>en Argentina, ocurren cerca de 1.731 casos de melanoma por a\u00f1o.<\/strong><\/p>\n<h2 class=\"\">C\u00f3mo es su desarrollo y s\u00edntomas<\/h2>\n<p>El melanoma, seg\u00fan informan las organizaciones de la campa\u00f1a, es un tipo de c\u00e1ncer de piel que se desarrolla cuando los melanocitos (las c\u00e9lulas que le dan color bronceado o marr\u00f3n a la piel) comienzan a crecer sin control, seg\u00fan detalla la Sociedad Americana del C\u00e1ncer.<\/p>\n<p>A su vez, detallan que \u00abes menos frecuente qu\u00e9 otros tipos de c\u00e1ncer de piel, aunque es m\u00e1s peligroso por su capacidad de invasi\u00f3n a otras partes del cuerpo, si no se realiza un diagn\u00f3stico temprano\u00bb.<\/p>\n<p>Los melanomas, por lo general, no son dolorosos y la primera se\u00f1al de su existencia es un cambio en el tama\u00f1o, forma o color de un lunar existente, aunque tambi\u00e9n pueden aparecer como un lunar nuevo, negro, o anormal, seg\u00fan inform\u00f3 la Lalcec.<\/p>\n<p><strong>En los varones<\/strong>, suele aparecer en el tronco o la regi\u00f3n de la cabeza o el cuello, mientras que\u00a0<strong>en las mujeres<\/strong>, en brazos o piernas.<\/p>\n<figure class=\"mb-3\"><img decoding=\"async\" src=\"https:\/\/www.telam.com.ar\/thumbs\/bluesteel\/advf\/imagenes\/editadas\/628a64353ca69_900.jpg\" alt=\"Prevencin de lunares\" width=\"100%\" height=\"100%\" \/><\/p>\n<div class=\"media-icons\"><\/div><figcaption>Prevenci\u00f3n de lunares.<\/figcaption><\/figure>\n<p>A trav\u00e9s de la misma web, se invita a contar las historias propias de los lunares y tambi\u00e9n se muestran videos con historias de algunos famosos, como Facundo Arana y Federico Bal, quienes comparten su experiencia de vivir con c\u00e1ncer.<\/p>\n<p>Seg\u00fan el jefe de servicio de Oncolog\u00eda del Hospital Brit\u00e1nico y miembro de esa misma \u00e1rea del Hospital Universitario Austral, Carlos Silva, entrevistado por Arana, \u00abel avance de la oncolog\u00eda en los \u00faltimos 20 a\u00f1os, ha sido mayor que el de toda la medicina\u00bb.<\/p>\n<p>\u00abPensemos que la mitad de esos pacientes hoy por hoy se van a curar, y el 68% de la totalidad de esos pacientes, est\u00e1 vivo 5 a\u00f1os despu\u00e9s del diagn\u00f3stico\u00bb.<\/p>\n<p>Por su parte, la onc\u00f3loga cl\u00ednica especializada en Melanoma, Jimena Alejandra Maur Perotti, de la secci\u00f3n Oncolog\u00eda Cl\u00ednica del Hospital Italiano, consider\u00f3 que \u00abel diagn\u00f3stico temprano presenta una ventana de oportunidad que mejora ampliamente el pron\u00f3stico y la sobrevida de los y las pacientes afectados, ya que la mayor\u00eda de los estad\u00edos iniciales, pueden curarse\u00bb.<\/p>\n<h2 class=\"\">Factor de riesgo<\/h2>\n<p>Entre los factores de riesgo que favorecen a desarrollar melanoma, se mencionan \u00abla exposici\u00f3n a los rayos ultravioleta (UV), donde la luz solar es su principal fuente, al igual que las camas solares; quienes poseen muchos lunares o tienen algunos at\u00edpicos, las personas de piel blanca o clara, quienes se queman f\u00e1cilmente con el sol\u00bb.<\/p>\n<p>Tambi\u00e9n se agrega el factor hereditario, de parientes de primer grado (padres, madres, hermanos\/as, o hijos\/as) \u00abya que alrededor del 10% de todas las personas con melanoma tienen antecedentes familiares de la enfermedad\u00bb.<\/p>\n<figure class=\"mb-3\"><img decoding=\"async\" src=\"https:\/\/www.telam.com.ar\/thumbs\/bluesteel\/advf\/imagenes\/2022\/05\/628a601973d4e_900.jpg\" alt=\"Factores de Riesgo\" width=\"100%\" height=\"100%\" \/><\/p>\n<div class=\"media-icons\"><\/div><figcaption>Factores de Riesgo.<\/figcaption><\/figure>\n<p>Para colaborar en la concientizaci\u00f3n y detecci\u00f3n temprana, Lalcec realiza chequeos gratuitos de lunares a personas mayores de 18 a\u00f1os y sin cobertura m\u00e9dica, en sus consultorios, ubicados en la calle Araoz 2380, en el barrio porte\u00f1o de Villa Crespo.<\/p>\n<h4>Para solicitar turno, los y las interesadas se deben comunicar de lunes a viernes de 8 a 19 horas al 11- 4834-1500, escribir un mail a la direcci\u00f3n: turnos@lalcec.org.ar o enviar un WhatsApp al 11-3597-5227, debido a que los cupos son limitados.<\/h4>\n<p>&nbsp;<\/p>\n<p><em><span style=\"color: #000080;\"><strong>POR EUR\u00cdDICE FERRARA para Telam<\/strong><\/span><\/em><\/p>\n","protected":false},"excerpt":{"rendered":"<p>Esta nueva iniciativa de concientizaci\u00f3n trabaja el concepto de que \u00ablos lunares que tenemos cuentan su propia historia y si sabemos leerla, \u00e9sta puede ser la principal medida de prevenci\u00f3n\u00bb. La campa\u00f1a se presentar\u00e1 en un video a trav\u00e9s de Youtube.<\/p>\n","protected":false},"author":3,"featured_media":0,"comment_status":"closed","ping_status":"closed","sticky":false,"template":"","format":"standard","meta":{"footnotes":""},"categories":[30],"tags":[],"class_list":["post-72465","post","type-post","status-publish","format-standard","hentry","category-salud"],"yoast_head":"<!-- This site is optimized with the Yoast SEO plugin v25.9 - https:\/\/yoast.com\/wordpress\/plugins\/seo\/ -->\n<title>Controlar lunares, el eje de una nueva campa\u00f1a contra el melanoma - Noticias Radio Reflejos<\/title>\n<meta name=\"robots\" content=\"index, follow, max-snippet:-1, max-image-preview:large, max-video-preview:-1\" \/>\n<link rel=\"canonical\" href=\"https:\/\/www.noticiasradioreflejos.com.ar\/2021\/controlar-lunares-el-eje-de-una-nueva-campana-contra-el-melanoma\/\" \/>\n<meta property=\"og:locale\" content=\"es_ES\" \/>\n<meta property=\"og:type\" content=\"article\" \/>\n<meta property=\"og:title\" content=\"Controlar lunares, el eje de una nueva campa\u00f1a contra el melanoma - Noticias Radio Reflejos\" \/>\n<meta property=\"og:description\" content=\"Esta nueva iniciativa de concientizaci\u00f3n trabaja el concepto de que \u00ablos lunares que tenemos cuentan su propia historia y si sabemos leerla, \u00e9sta puede ser la principal medida de prevenci\u00f3n\u00bb. La campa\u00f1a se presentar\u00e1 en un video a trav\u00e9s de Youtube.\" \/>\n<meta property=\"og:url\" content=\"https:\/\/www.noticiasradioreflejos.com.ar\/2021\/controlar-lunares-el-eje-de-una-nueva-campana-contra-el-melanoma\/\" \/>\n<meta property=\"og:site_name\" content=\"Noticias Radio Reflejos\" \/>\n<meta property=\"article:published_time\" content=\"2022-05-23T11:09:53+00:00\" \/>\n<meta property=\"og:image\" content=\"https:\/\/www.telam.com.ar\/thumbs\/bluesteel\/advf\/imagenes\/2017\/11\/5a156aea85d26_900.jpg\" \/>\n<meta name=\"author\" content=\"Arnaldo Botto\" \/>\n<meta name=\"twitter:card\" content=\"summary_large_image\" \/>\n<script type=\"application\/ld+json\" class=\"yoast-schema-graph\">{\"@context\":\"https:\/\/schema.org\",\"@graph\":[{\"@type\":\"WebPage\",\"@id\":\"https:\/\/www.noticiasradioreflejos.com.ar\/2021\/controlar-lunares-el-eje-de-una-nueva-campana-contra-el-melanoma\/\",\"url\":\"https:\/\/www.noticiasradioreflejos.com.ar\/2021\/controlar-lunares-el-eje-de-una-nueva-campana-contra-el-melanoma\/\",\"name\":\"Controlar lunares, el eje de una nueva campa\u00f1a contra el melanoma - Noticias Radio Reflejos\",\"isPartOf\":{\"@id\":\"https:\/\/www.noticiasradioreflejos.com.ar\/2021\/#website\"},\"primaryImageOfPage\":{\"@id\":\"https:\/\/www.noticiasradioreflejos.com.ar\/2021\/controlar-lunares-el-eje-de-una-nueva-campana-contra-el-melanoma\/#primaryimage\"},\"image\":{\"@id\":\"https:\/\/www.noticiasradioreflejos.com.ar\/2021\/controlar-lunares-el-eje-de-una-nueva-campana-contra-el-melanoma\/#primaryimage\"},\"thumbnailUrl\":\"https:\/\/www.telam.com.ar\/thumbs\/bluesteel\/advf\/imagenes\/2017\/11\/5a156aea85d26_900.jpg\",\"datePublished\":\"2022-05-23T11:09:53+00:00\",\"author\":{\"@id\":\"https:\/\/www.noticiasradioreflejos.com.ar\/2021\/#\/schema\/person\/ad82545263dcc5ec0996818884fd5fb1\"},\"breadcrumb\":{\"@id\":\"https:\/\/www.noticiasradioreflejos.com.ar\/2021\/controlar-lunares-el-eje-de-una-nueva-campana-contra-el-melanoma\/#breadcrumb\"},\"inLanguage\":\"es\",\"potentialAction\":[{\"@type\":\"ReadAction\",\"target\":[\"https:\/\/www.noticiasradioreflejos.com.ar\/2021\/controlar-lunares-el-eje-de-una-nueva-campana-contra-el-melanoma\/\"]}]},{\"@type\":\"ImageObject\",\"inLanguage\":\"es\",\"@id\":\"https:\/\/www.noticiasradioreflejos.com.ar\/2021\/controlar-lunares-el-eje-de-una-nueva-campana-contra-el-melanoma\/#primaryimage\",\"url\":\"https:\/\/www.telam.com.ar\/thumbs\/bluesteel\/advf\/imagenes\/2017\/11\/5a156aea85d26_900.jpg\",\"contentUrl\":\"https:\/\/www.telam.com.ar\/thumbs\/bluesteel\/advf\/imagenes\/2017\/11\/5a156aea85d26_900.jpg\"},{\"@type\":\"BreadcrumbList\",\"@id\":\"https:\/\/www.noticiasradioreflejos.com.ar\/2021\/controlar-lunares-el-eje-de-una-nueva-campana-contra-el-melanoma\/#breadcrumb\",\"itemListElement\":[{\"@type\":\"ListItem\",\"position\":1,\"name\":\"Portada\",\"item\":\"https:\/\/www.noticiasradioreflejos.com.ar\/2021\/\"},{\"@type\":\"ListItem\",\"position\":2,\"name\":\"Controlar lunares, el eje de una nueva campa\u00f1a contra el melanoma\"}]},{\"@type\":\"WebSite\",\"@id\":\"https:\/\/www.noticiasradioreflejos.com.ar\/2021\/#website\",\"url\":\"https:\/\/www.noticiasradioreflejos.com.ar\/2021\/\",\"name\":\"Noticias Radio Reflejos\",\"description\":\"Las noticias de mi comarca\",\"potentialAction\":[{\"@type\":\"SearchAction\",\"target\":{\"@type\":\"EntryPoint\",\"urlTemplate\":\"https:\/\/www.noticiasradioreflejos.com.ar\/2021\/?s={search_term_string}\"},\"query-input\":{\"@type\":\"PropertyValueSpecification\",\"valueRequired\":true,\"valueName\":\"search_term_string\"}}],\"inLanguage\":\"es\"},{\"@type\":\"Person\",\"@id\":\"https:\/\/www.noticiasradioreflejos.com.ar\/2021\/#\/schema\/person\/ad82545263dcc5ec0996818884fd5fb1\",\"name\":\"Arnaldo Botto\",\"image\":{\"@type\":\"ImageObject\",\"inLanguage\":\"es\",\"@id\":\"https:\/\/www.noticiasradioreflejos.com.ar\/2021\/#\/schema\/person\/image\/\",\"url\":\"https:\/\/secure.gravatar.com\/avatar\/55cb5e37c1efa326397366e6974cb338056df65cb50e7d64d1cf314e87504837?s=96&d=mm&r=g\",\"contentUrl\":\"https:\/\/secure.gravatar.com\/avatar\/55cb5e37c1efa326397366e6974cb338056df65cb50e7d64d1cf314e87504837?s=96&d=mm&r=g\",\"caption\":\"Arnaldo Botto\"},\"url\":\"https:\/\/www.noticiasradioreflejos.com.ar\/2021\/author\/arnaldo\/\"}]}<\/script>\n<!-- \/ Yoast SEO plugin. -->","yoast_head_json":{"title":"Controlar lunares, el eje de una nueva campa\u00f1a contra el melanoma - Noticias Radio Reflejos","robots":{"index":"index","follow":"follow","max-snippet":"max-snippet:-1","max-image-preview":"max-image-preview:large","max-video-preview":"max-video-preview:-1"},"canonical":"https:\/\/www.noticiasradioreflejos.com.ar\/2021\/controlar-lunares-el-eje-de-una-nueva-campana-contra-el-melanoma\/","og_locale":"es_ES","og_type":"article","og_title":"Controlar lunares, el eje de una nueva campa\u00f1a contra el melanoma - Noticias Radio Reflejos","og_description":"Esta nueva iniciativa de concientizaci\u00f3n trabaja el concepto de que \u00ablos lunares que tenemos cuentan su propia historia y si sabemos leerla, \u00e9sta puede ser la principal medida de prevenci\u00f3n\u00bb. La campa\u00f1a se presentar\u00e1 en un video a trav\u00e9s de Youtube.","og_url":"https:\/\/www.noticiasradioreflejos.com.ar\/2021\/controlar-lunares-el-eje-de-una-nueva-campana-contra-el-melanoma\/","og_site_name":"Noticias Radio Reflejos","article_published_time":"2022-05-23T11:09:53+00:00","og_image":[{"url":"https:\/\/www.telam.com.ar\/thumbs\/bluesteel\/advf\/imagenes\/2017\/11\/5a156aea85d26_900.jpg","type":"","width":"","height":""}],"author":"Arnaldo Botto","twitter_card":"summary_large_image","schema":{"@context":"https:\/\/schema.org","@graph":[{"@type":"WebPage","@id":"https:\/\/www.noticiasradioreflejos.com.ar\/2021\/controlar-lunares-el-eje-de-una-nueva-campana-contra-el-melanoma\/","url":"https:\/\/www.noticiasradioreflejos.com.ar\/2021\/controlar-lunares-el-eje-de-una-nueva-campana-contra-el-melanoma\/","name":"Controlar lunares, el eje de una nueva campa\u00f1a contra el melanoma - Noticias Radio Reflejos","isPartOf":{"@id":"https:\/\/www.noticiasradioreflejos.com.ar\/2021\/#website"},"primaryImageOfPage":{"@id":"https:\/\/www.noticiasradioreflejos.com.ar\/2021\/controlar-lunares-el-eje-de-una-nueva-campana-contra-el-melanoma\/#primaryimage"},"image":{"@id":"https:\/\/www.noticiasradioreflejos.com.ar\/2021\/controlar-lunares-el-eje-de-una-nueva-campana-contra-el-melanoma\/#primaryimage"},"thumbnailUrl":"https:\/\/www.telam.com.ar\/thumbs\/bluesteel\/advf\/imagenes\/2017\/11\/5a156aea85d26_900.jpg","datePublished":"2022-05-23T11:09:53+00:00","author":{"@id":"https:\/\/www.noticiasradioreflejos.com.ar\/2021\/#\/schema\/person\/ad82545263dcc5ec0996818884fd5fb1"},"breadcrumb":{"@id":"https:\/\/www.noticiasradioreflejos.com.ar\/2021\/controlar-lunares-el-eje-de-una-nueva-campana-contra-el-melanoma\/#breadcrumb"},"inLanguage":"es","potentialAction":[{"@type":"ReadAction","target":["https:\/\/www.noticiasradioreflejos.com.ar\/2021\/controlar-lunares-el-eje-de-una-nueva-campana-contra-el-melanoma\/"]}]},{"@type":"ImageObject","inLanguage":"es","@id":"https:\/\/www.noticiasradioreflejos.com.ar\/2021\/controlar-lunares-el-eje-de-una-nueva-campana-contra-el-melanoma\/#primaryimage","url":"https:\/\/www.telam.com.ar\/thumbs\/bluesteel\/advf\/imagenes\/2017\/11\/5a156aea85d26_900.jpg","contentUrl":"https:\/\/www.telam.com.ar\/thumbs\/bluesteel\/advf\/imagenes\/2017\/11\/5a156aea85d26_900.jpg"},{"@type":"BreadcrumbList","@id":"https:\/\/www.noticiasradioreflejos.com.ar\/2021\/controlar-lunares-el-eje-de-una-nueva-campana-contra-el-melanoma\/#breadcrumb","itemListElement":[{"@type":"ListItem","position":1,"name":"Portada","item":"https:\/\/www.noticiasradioreflejos.com.ar\/2021\/"},{"@type":"ListItem","position":2,"name":"Controlar lunares, el eje de una nueva campa\u00f1a contra el melanoma"}]},{"@type":"WebSite","@id":"https:\/\/www.noticiasradioreflejos.com.ar\/2021\/#website","url":"https:\/\/www.noticiasradioreflejos.com.ar\/2021\/","name":"Noticias Radio Reflejos","description":"Las noticias de mi comarca","potentialAction":[{"@type":"SearchAction","target":{"@type":"EntryPoint","urlTemplate":"https:\/\/www.noticiasradioreflejos.com.ar\/2021\/?s={search_term_string}"},"query-input":{"@type":"PropertyValueSpecification","valueRequired":true,"valueName":"search_term_string"}}],"inLanguage":"es"},{"@type":"Person","@id":"https:\/\/www.noticiasradioreflejos.com.ar\/2021\/#\/schema\/person\/ad82545263dcc5ec0996818884fd5fb1","name":"Arnaldo Botto","image":{"@type":"ImageObject","inLanguage":"es","@id":"https:\/\/www.noticiasradioreflejos.com.ar\/2021\/#\/schema\/person\/image\/","url":"https:\/\/secure.gravatar.com\/avatar\/55cb5e37c1efa326397366e6974cb338056df65cb50e7d64d1cf314e87504837?s=96&d=mm&r=g","contentUrl":"https:\/\/secure.gravatar.com\/avatar\/55cb5e37c1efa326397366e6974cb338056df65cb50e7d64d1cf314e87504837?s=96&d=mm&r=g","caption":"Arnaldo Botto"},"url":"https:\/\/www.noticiasradioreflejos.com.ar\/2021\/author\/arnaldo\/"}]}},"_links":{"self":[{"href":"https:\/\/www.noticiasradioreflejos.com.ar\/2021\/wp-json\/wp\/v2\/posts\/72465","targetHints":{"allow":["GET"]}}],"collection":[{"href":"https:\/\/www.noticiasradioreflejos.com.ar\/2021\/wp-json\/wp\/v2\/posts"}],"about":[{"href":"https:\/\/www.noticiasradioreflejos.com.ar\/2021\/wp-json\/wp\/v2\/types\/post"}],"author":[{"embeddable":true,"href":"https:\/\/www.noticiasradioreflejos.com.ar\/2021\/wp-json\/wp\/v2\/users\/3"}],"replies":[{"embeddable":true,"href":"https:\/\/www.noticiasradioreflejos.com.ar\/2021\/wp-json\/wp\/v2\/comments?post=72465"}],"version-history":[{"count":1,"href":"https:\/\/www.noticiasradioreflejos.com.ar\/2021\/wp-json\/wp\/v2\/posts\/72465\/revisions"}],"predecessor-version":[{"id":72467,"href":"https:\/\/www.noticiasradioreflejos.com.ar\/2021\/wp-json\/wp\/v2\/posts\/72465\/revisions\/72467"}],"wp:attachment":[{"href":"https:\/\/www.noticiasradioreflejos.com.ar\/2021\/wp-json\/wp\/v2\/media?parent=72465"}],"wp:term":[{"taxonomy":"category","embeddable":true,"href":"https:\/\/www.noticiasradioreflejos.com.ar\/2021\/wp-json\/wp\/v2\/categories?post=72465"},{"taxonomy":"post_tag","embeddable":true,"href":"https:\/\/www.noticiasradioreflejos.com.ar\/2021\/wp-json\/wp\/v2\/tags?post=72465"}],"curies":[{"name":"wp","href":"https:\/\/api.w.org\/{rel}","templated":true}]}}