{"id":72459,"date":"2022-05-23T10:21:53","date_gmt":"2022-05-23T10:21:53","guid":{"rendered":"http:\/\/www.noticiasradioreflejos.com.ar\/2021\/?p=72459"},"modified":"2022-05-23T10:21:53","modified_gmt":"2022-05-23T10:21:53","slug":"alerta-amarilla-por-nevadas-en-cuatro-provincias-cordilleranas","status":"publish","type":"post","link":"https:\/\/www.noticiasradioreflejos.com.ar\/2021\/alerta-amarilla-por-nevadas-en-cuatro-provincias-cordilleranas\/","title":{"rendered":"Alerta amarilla por nevadas en cuatro provincias cordilleranas"},"content":{"rendered":"<div class=\"section-2-col article-header\">\n<div class=\"col 2-col\">\n<p>Las autoridades recomendaron circular con precauci\u00f3n por la Ruta 40.<\/p>\n<div class=\"author\"><\/div>\n<\/div>\n<\/div>\n<p><!--more--><\/p>\n<div class=\"section-2-col article-main-image\">\n<div class=\"col 2-col\">\n<div class=\"article-main-media-image__container\">\n<div class=\"image-wrapper\">\n<figure>\n<figure class=\"object-fit-block--contain intrinsic-container intrinsic-container-3x2\"><img decoding=\"async\" class=\" \" src=\"https:\/\/images.pagina12.com.ar\/styles\/focal_3_2_960x640\/public\/2022-05\/533701-38998-bariloche_0.jpg?itok=tNbY2gbL\" alt=\"Imagen: Municipalidad de Bariloche\" \/><\/figure><figcaption>Imagen: Municipalidad de Bariloche<\/figcaption><\/figure>\n<\/div>\n<\/div>\n<\/div>\n<\/div>\n<div class=\"section-2-col article-main-content\">\n<div class=\"col 1-col\"><\/div>\n<div class=\"col 2-col\">\n<div class=\"article-main-content article-text \">\n<p>Rige una\u00a0<b>alerta amarilla por nevadas\u00a0<\/b>sobre las regiones cordilleranas de las provincias de\u00a0<b>Chubut, Mendoza, Neuqu\u00e9n y R\u00edo Negro<\/b>, seg\u00fan inform\u00f3 el Servicio Meteorol\u00f3gico Nacional (SMN) en su \u00faltimo informe. Para este lunes 23 de mayo el \u00e1rea afectada va a protagonizar\u00a0<b>nevadas persistentes de variada intensidad<\/b>, especialmente en las zonas de alta monta\u00f1a.<\/p>\n<p>\u00abSe prev\u00e9n valores acumulados de\u00a0<b>30 a 50 cent\u00edmetros<\/b>, pudiendo ser superados en forma local. Adem\u00e1s, no se descarta la\u00a0<b>reducci\u00f3n de visibilidad\u00a0<\/b>por nieve en suspensi\u00f3n, debido a fuertes vientos\u00bb, detallaron desde el SMN y le recomendaron a la poblaci\u00f3n mantenerse informada.<\/p>\n<div id=\"talkFireEvent\"><\/div>\n<p>Puntualmente, sobre las ciudades mendocinas de\u00a0<b>Malarg\u00fce y San Rafael rige una alerta naranja por nevadas\u00a0<\/b>y se espera que durante todo el per\u00edodo de alerta el sector alcance un nivel de nieve acumulada de entre los\u00a0<b>80 y 100 cent\u00edmetros de altura.<\/b><\/p>\n<p>En tanto, el SMN le recomend\u00f3 a la poblaci\u00f3n evitar las actividades al aire libre, retirar la nieve acumulada en los techos, circular con veh\u00edculos preparados para hielo y nieve y ventilar los espacios cerrados para evitar acumulaciones de mon\u00f3xido de carbono.<\/p>\n<p>Por su parte, Vialidad Nacional pidi\u00f3 extremar los cuidados a la hora de circular por la Ruta 40, porque en distintos tramos el camino hay acumulaciones de nieve. Adem\u00e1s, reiter\u00f3 que es necesario y obligatorio el\u00a0<b>uso de cadenas\u00a0<\/b>para aumentar la adherencia de los veh\u00edculos y mantener las\u00a0<b>luces bajas encendidas<\/b>.<\/p>\n<\/div>\n<\/div>\n<\/div>\n","protected":false},"excerpt":{"rendered":"<p>Las autoridades recomendaron circular con precauci\u00f3n por la Ruta 40.<\/p>\n","protected":false},"author":3,"featured_media":0,"comment_status":"closed","ping_status":"closed","sticky":false,"template":"","format":"standard","meta":{"footnotes":""},"categories":[46,26],"tags":[],"class_list":["post-72459","post","type-post","status-publish","format-standard","hentry","category-ciencia-y-tecnologia","category-sociedad"],"yoast_head":"<!-- This site is optimized with the Yoast SEO plugin v25.9 - https:\/\/yoast.com\/wordpress\/plugins\/seo\/ -->\n<title>Alerta amarilla por nevadas en cuatro provincias cordilleranas - Noticias Radio Reflejos<\/title>\n<meta name=\"robots\" content=\"index, follow, max-snippet:-1, max-image-preview:large, max-video-preview:-1\" \/>\n<link rel=\"canonical\" href=\"https:\/\/www.noticiasradioreflejos.com.ar\/2021\/alerta-amarilla-por-nevadas-en-cuatro-provincias-cordilleranas\/\" \/>\n<meta property=\"og:locale\" content=\"es_ES\" \/>\n<meta property=\"og:type\" content=\"article\" \/>\n<meta property=\"og:title\" content=\"Alerta amarilla por nevadas en cuatro provincias cordilleranas - Noticias Radio Reflejos\" \/>\n<meta property=\"og:description\" content=\"Las autoridades recomendaron circular con precauci\u00f3n por la Ruta 40.\" \/>\n<meta property=\"og:url\" content=\"https:\/\/www.noticiasradioreflejos.com.ar\/2021\/alerta-amarilla-por-nevadas-en-cuatro-provincias-cordilleranas\/\" \/>\n<meta property=\"og:site_name\" content=\"Noticias Radio Reflejos\" \/>\n<meta property=\"article:published_time\" content=\"2022-05-23T10:21:53+00:00\" \/>\n<meta property=\"og:image\" content=\"https:\/\/images.pagina12.com.ar\/styles\/focal_3_2_960x640\/public\/2022-05\/533701-38998-bariloche_0.jpg?itok=tNbY2gbL\" \/>\n<meta name=\"author\" content=\"Arnaldo Botto\" \/>\n<meta name=\"twitter:card\" content=\"summary_large_image\" \/>\n<script type=\"application\/ld+json\" class=\"yoast-schema-graph\">{\"@context\":\"https:\/\/schema.org\",\"@graph\":[{\"@type\":\"WebPage\",\"@id\":\"https:\/\/www.noticiasradioreflejos.com.ar\/2021\/alerta-amarilla-por-nevadas-en-cuatro-provincias-cordilleranas\/\",\"url\":\"https:\/\/www.noticiasradioreflejos.com.ar\/2021\/alerta-amarilla-por-nevadas-en-cuatro-provincias-cordilleranas\/\",\"name\":\"Alerta amarilla por nevadas en cuatro provincias cordilleranas - Noticias Radio Reflejos\",\"isPartOf\":{\"@id\":\"https:\/\/www.noticiasradioreflejos.com.ar\/2021\/#website\"},\"primaryImageOfPage\":{\"@id\":\"https:\/\/www.noticiasradioreflejos.com.ar\/2021\/alerta-amarilla-por-nevadas-en-cuatro-provincias-cordilleranas\/#primaryimage\"},\"image\":{\"@id\":\"https:\/\/www.noticiasradioreflejos.com.ar\/2021\/alerta-amarilla-por-nevadas-en-cuatro-provincias-cordilleranas\/#primaryimage\"},\"thumbnailUrl\":\"https:\/\/images.pagina12.com.ar\/styles\/focal_3_2_960x640\/public\/2022-05\/533701-38998-bariloche_0.jpg?itok=tNbY2gbL\",\"datePublished\":\"2022-05-23T10:21:53+00:00\",\"author\":{\"@id\":\"https:\/\/www.noticiasradioreflejos.com.ar\/2021\/#\/schema\/person\/ad82545263dcc5ec0996818884fd5fb1\"},\"breadcrumb\":{\"@id\":\"https:\/\/www.noticiasradioreflejos.com.ar\/2021\/alerta-amarilla-por-nevadas-en-cuatro-provincias-cordilleranas\/#breadcrumb\"},\"inLanguage\":\"es\",\"potentialAction\":[{\"@type\":\"ReadAction\",\"target\":[\"https:\/\/www.noticiasradioreflejos.com.ar\/2021\/alerta-amarilla-por-nevadas-en-cuatro-provincias-cordilleranas\/\"]}]},{\"@type\":\"ImageObject\",\"inLanguage\":\"es\",\"@id\":\"https:\/\/www.noticiasradioreflejos.com.ar\/2021\/alerta-amarilla-por-nevadas-en-cuatro-provincias-cordilleranas\/#primaryimage\",\"url\":\"https:\/\/images.pagina12.com.ar\/styles\/focal_3_2_960x640\/public\/2022-05\/533701-38998-bariloche_0.jpg?itok=tNbY2gbL\",\"contentUrl\":\"https:\/\/images.pagina12.com.ar\/styles\/focal_3_2_960x640\/public\/2022-05\/533701-38998-bariloche_0.jpg?itok=tNbY2gbL\"},{\"@type\":\"BreadcrumbList\",\"@id\":\"https:\/\/www.noticiasradioreflejos.com.ar\/2021\/alerta-amarilla-por-nevadas-en-cuatro-provincias-cordilleranas\/#breadcrumb\",\"itemListElement\":[{\"@type\":\"ListItem\",\"position\":1,\"name\":\"Portada\",\"item\":\"https:\/\/www.noticiasradioreflejos.com.ar\/2021\/\"},{\"@type\":\"ListItem\",\"position\":2,\"name\":\"Alerta amarilla por nevadas en cuatro provincias cordilleranas\"}]},{\"@type\":\"WebSite\",\"@id\":\"https:\/\/www.noticiasradioreflejos.com.ar\/2021\/#website\",\"url\":\"https:\/\/www.noticiasradioreflejos.com.ar\/2021\/\",\"name\":\"Noticias Radio Reflejos\",\"description\":\"Las noticias de mi comarca\",\"potentialAction\":[{\"@type\":\"SearchAction\",\"target\":{\"@type\":\"EntryPoint\",\"urlTemplate\":\"https:\/\/www.noticiasradioreflejos.com.ar\/2021\/?s={search_term_string}\"},\"query-input\":{\"@type\":\"PropertyValueSpecification\",\"valueRequired\":true,\"valueName\":\"search_term_string\"}}],\"inLanguage\":\"es\"},{\"@type\":\"Person\",\"@id\":\"https:\/\/www.noticiasradioreflejos.com.ar\/2021\/#\/schema\/person\/ad82545263dcc5ec0996818884fd5fb1\",\"name\":\"Arnaldo Botto\",\"image\":{\"@type\":\"ImageObject\",\"inLanguage\":\"es\",\"@id\":\"https:\/\/www.noticiasradioreflejos.com.ar\/2021\/#\/schema\/person\/image\/\",\"url\":\"https:\/\/secure.gravatar.com\/avatar\/55cb5e37c1efa326397366e6974cb338056df65cb50e7d64d1cf314e87504837?s=96&d=mm&r=g\",\"contentUrl\":\"https:\/\/secure.gravatar.com\/avatar\/55cb5e37c1efa326397366e6974cb338056df65cb50e7d64d1cf314e87504837?s=96&d=mm&r=g\",\"caption\":\"Arnaldo Botto\"},\"url\":\"https:\/\/www.noticiasradioreflejos.com.ar\/2021\/author\/arnaldo\/\"}]}<\/script>\n<!-- \/ Yoast SEO plugin. -->","yoast_head_json":{"title":"Alerta amarilla por nevadas en cuatro provincias cordilleranas - Noticias Radio Reflejos","robots":{"index":"index","follow":"follow","max-snippet":"max-snippet:-1","max-image-preview":"max-image-preview:large","max-video-preview":"max-video-preview:-1"},"canonical":"https:\/\/www.noticiasradioreflejos.com.ar\/2021\/alerta-amarilla-por-nevadas-en-cuatro-provincias-cordilleranas\/","og_locale":"es_ES","og_type":"article","og_title":"Alerta amarilla por nevadas en cuatro provincias cordilleranas - Noticias Radio Reflejos","og_description":"Las autoridades recomendaron circular con precauci\u00f3n por la Ruta 40.","og_url":"https:\/\/www.noticiasradioreflejos.com.ar\/2021\/alerta-amarilla-por-nevadas-en-cuatro-provincias-cordilleranas\/","og_site_name":"Noticias Radio Reflejos","article_published_time":"2022-05-23T10:21:53+00:00","og_image":[{"url":"https:\/\/images.pagina12.com.ar\/styles\/focal_3_2_960x640\/public\/2022-05\/533701-38998-bariloche_0.jpg?itok=tNbY2gbL","type":"","width":"","height":""}],"author":"Arnaldo Botto","twitter_card":"summary_large_image","schema":{"@context":"https:\/\/schema.org","@graph":[{"@type":"WebPage","@id":"https:\/\/www.noticiasradioreflejos.com.ar\/2021\/alerta-amarilla-por-nevadas-en-cuatro-provincias-cordilleranas\/","url":"https:\/\/www.noticiasradioreflejos.com.ar\/2021\/alerta-amarilla-por-nevadas-en-cuatro-provincias-cordilleranas\/","name":"Alerta amarilla por nevadas en cuatro provincias cordilleranas - Noticias Radio Reflejos","isPartOf":{"@id":"https:\/\/www.noticiasradioreflejos.com.ar\/2021\/#website"},"primaryImageOfPage":{"@id":"https:\/\/www.noticiasradioreflejos.com.ar\/2021\/alerta-amarilla-por-nevadas-en-cuatro-provincias-cordilleranas\/#primaryimage"},"image":{"@id":"https:\/\/www.noticiasradioreflejos.com.ar\/2021\/alerta-amarilla-por-nevadas-en-cuatro-provincias-cordilleranas\/#primaryimage"},"thumbnailUrl":"https:\/\/images.pagina12.com.ar\/styles\/focal_3_2_960x640\/public\/2022-05\/533701-38998-bariloche_0.jpg?itok=tNbY2gbL","datePublished":"2022-05-23T10:21:53+00:00","author":{"@id":"https:\/\/www.noticiasradioreflejos.com.ar\/2021\/#\/schema\/person\/ad82545263dcc5ec0996818884fd5fb1"},"breadcrumb":{"@id":"https:\/\/www.noticiasradioreflejos.com.ar\/2021\/alerta-amarilla-por-nevadas-en-cuatro-provincias-cordilleranas\/#breadcrumb"},"inLanguage":"es","potentialAction":[{"@type":"ReadAction","target":["https:\/\/www.noticiasradioreflejos.com.ar\/2021\/alerta-amarilla-por-nevadas-en-cuatro-provincias-cordilleranas\/"]}]},{"@type":"ImageObject","inLanguage":"es","@id":"https:\/\/www.noticiasradioreflejos.com.ar\/2021\/alerta-amarilla-por-nevadas-en-cuatro-provincias-cordilleranas\/#primaryimage","url":"https:\/\/images.pagina12.com.ar\/styles\/focal_3_2_960x640\/public\/2022-05\/533701-38998-bariloche_0.jpg?itok=tNbY2gbL","contentUrl":"https:\/\/images.pagina12.com.ar\/styles\/focal_3_2_960x640\/public\/2022-05\/533701-38998-bariloche_0.jpg?itok=tNbY2gbL"},{"@type":"BreadcrumbList","@id":"https:\/\/www.noticiasradioreflejos.com.ar\/2021\/alerta-amarilla-por-nevadas-en-cuatro-provincias-cordilleranas\/#breadcrumb","itemListElement":[{"@type":"ListItem","position":1,"name":"Portada","item":"https:\/\/www.noticiasradioreflejos.com.ar\/2021\/"},{"@type":"ListItem","position":2,"name":"Alerta amarilla por nevadas en cuatro provincias cordilleranas"}]},{"@type":"WebSite","@id":"https:\/\/www.noticiasradioreflejos.com.ar\/2021\/#website","url":"https:\/\/www.noticiasradioreflejos.com.ar\/2021\/","name":"Noticias Radio Reflejos","description":"Las noticias de mi comarca","potentialAction":[{"@type":"SearchAction","target":{"@type":"EntryPoint","urlTemplate":"https:\/\/www.noticiasradioreflejos.com.ar\/2021\/?s={search_term_string}"},"query-input":{"@type":"PropertyValueSpecification","valueRequired":true,"valueName":"search_term_string"}}],"inLanguage":"es"},{"@type":"Person","@id":"https:\/\/www.noticiasradioreflejos.com.ar\/2021\/#\/schema\/person\/ad82545263dcc5ec0996818884fd5fb1","name":"Arnaldo Botto","image":{"@type":"ImageObject","inLanguage":"es","@id":"https:\/\/www.noticiasradioreflejos.com.ar\/2021\/#\/schema\/person\/image\/","url":"https:\/\/secure.gravatar.com\/avatar\/55cb5e37c1efa326397366e6974cb338056df65cb50e7d64d1cf314e87504837?s=96&d=mm&r=g","contentUrl":"https:\/\/secure.gravatar.com\/avatar\/55cb5e37c1efa326397366e6974cb338056df65cb50e7d64d1cf314e87504837?s=96&d=mm&r=g","caption":"Arnaldo Botto"},"url":"https:\/\/www.noticiasradioreflejos.com.ar\/2021\/author\/arnaldo\/"}]}},"_links":{"self":[{"href":"https:\/\/www.noticiasradioreflejos.com.ar\/2021\/wp-json\/wp\/v2\/posts\/72459","targetHints":{"allow":["GET"]}}],"collection":[{"href":"https:\/\/www.noticiasradioreflejos.com.ar\/2021\/wp-json\/wp\/v2\/posts"}],"about":[{"href":"https:\/\/www.noticiasradioreflejos.com.ar\/2021\/wp-json\/wp\/v2\/types\/post"}],"author":[{"embeddable":true,"href":"https:\/\/www.noticiasradioreflejos.com.ar\/2021\/wp-json\/wp\/v2\/users\/3"}],"replies":[{"embeddable":true,"href":"https:\/\/www.noticiasradioreflejos.com.ar\/2021\/wp-json\/wp\/v2\/comments?post=72459"}],"version-history":[{"count":1,"href":"https:\/\/www.noticiasradioreflejos.com.ar\/2021\/wp-json\/wp\/v2\/posts\/72459\/revisions"}],"predecessor-version":[{"id":72461,"href":"https:\/\/www.noticiasradioreflejos.com.ar\/2021\/wp-json\/wp\/v2\/posts\/72459\/revisions\/72461"}],"wp:attachment":[{"href":"https:\/\/www.noticiasradioreflejos.com.ar\/2021\/wp-json\/wp\/v2\/media?parent=72459"}],"wp:term":[{"taxonomy":"category","embeddable":true,"href":"https:\/\/www.noticiasradioreflejos.com.ar\/2021\/wp-json\/wp\/v2\/categories?post=72459"},{"taxonomy":"post_tag","embeddable":true,"href":"https:\/\/www.noticiasradioreflejos.com.ar\/2021\/wp-json\/wp\/v2\/tags?post=72459"}],"curies":[{"name":"wp","href":"https:\/\/api.w.org\/{rel}","templated":true}]}}