{"id":72453,"date":"2022-05-23T10:00:34","date_gmt":"2022-05-23T10:00:34","guid":{"rendered":"http:\/\/www.noticiasradioreflejos.com.ar\/2021\/?p=72453"},"modified":"2022-05-23T10:02:03","modified_gmt":"2022-05-23T10:02:03","slug":"cuando-la-droga-es-la-pantalla","status":"publish","type":"post","link":"https:\/\/www.noticiasradioreflejos.com.ar\/2021\/cuando-la-droga-es-la-pantalla\/","title":{"rendered":"Cuando la droga es la pantalla"},"content":{"rendered":"<p>En varios pa\u00edses ya existen tratamientos para abordarla. Sobre el uso del celular y las redes en la Argentina? \u00bfSe tiene dimensi\u00f3n del problema? El psiquiatra Federico Pavlovsky, los psic\u00f3logos Mart\u00edn Smud y Mora Zaharya, la psicoanalista Mar\u00eda Cristina Oleaga y el doctor en psicolog\u00eda Juanjo Mart\u00ed aportan a P\u00e1gina\/12 sus perspectivas.<\/p>\n<p><!--more--><\/p>\n<div class=\"author\">\n<div class=\"author-inner\">\n<div class=\"author-thumbnail\"><\/div>\n<div class=\"author-name\"><\/div>\n<\/div>\n<\/div>\n<div class=\"section-2-col article-main-image\">\n<div class=\"col 2-col\">\n<div class=\"article-main-media-image__container\">\n<div class=\"image-wrapper\">\n<figure>\n<figure class=\"object-fit-block--contain intrinsic-container intrinsic-container-3x2\"><img decoding=\"async\" class=\" \" src=\"https:\/\/images.pagina12.com.ar\/styles\/focal_3_2_960x640\/public\/2022-05\/518121-whatsapp-20image-202022-05-22-20at-206-58-17-20pm.jpeg?itok=xN81LKVw\" alt=\"\" \/><\/figure>\n<\/figure>\n<\/div>\n<\/div>\n<\/div>\n<\/div>\n<div class=\"section-2-col article-main-content\">\n<div class=\"col 1-col\"><\/div>\n<div class=\"col 2-col\">\n<div class=\"article-main-content article-text \">\n<p><b>La adicci\u00f3n a la conexi\u00f3n ha activado, en distintos pa\u00edses, estrategias para tratarla<\/b>.\u00a0<b>Los m\u00e1s extremos son Jap\u00f3n, Corea del Sur y China<\/b>, donde existen campos de reeducaci\u00f3n bajo un modelo militar. En Estados Unidos hay cl\u00ednicas privadas especializadas y en la mayor parte de los pa\u00edses europeos los hospitales prepararon unidades de cuidado dedicadas al tema. Esto lo cuenta Eric Sadin en su \u00faltimo libro,\u00a0<i>La era del individuo tirano\u00a0<\/i>(Caja Negra)<i>.\u00a0<\/i>\u00bfQu\u00e9 sucede en la Argentina? \u00bfSe tiene dimensi\u00f3n del problema? \u00bfSe lo considera como tal? \u00bfCu\u00e1ndo hay que empezar a hablar de adicci\u00f3n? \u00bfCu\u00e1les son las causas? El psiquiatra\u00a0<b>Federico Pavlovsky<\/b>, los psic\u00f3logos\u00a0<b>Mart\u00edn Smud\u00a0<\/b>y\u00a0<b>Mora Zaharya<\/b>, la psicoanalista\u00a0<b>Mar\u00eda Cristina Oleaga\u00a0<\/b>y\u00a0el doctor en psicolog\u00eda<b>\u00a0Juanjo Mart\u00ed<\/b>\u00a0aportan a\u00a0<b>P\u00e1gina\/12<\/b>\u00a0sus perspectivas.<\/p>\n<h2>Homo selfie<\/h2>\n<div id=\"talkFireEvent\"><\/div>\n<p><i><b>Homo selfie\u00a0<\/b><\/i>se titula un libro del psic\u00f3logo Mart\u00edn Smud: en este tiempo,\u00a0<b>\u00abcada uno lleva pegado a sus manos un celular con el que vive, duerme, sue\u00f1a y respira\u00bb<\/b>, al punto de que ya no es un objeto, sino que \u00absomos sus objetos\u00bb. \u00abLos celulares comenzaron su auge hace 25 a\u00f1os. Despu\u00e9s se fueron agregando cada vez m\u00e1s cosas, aplicaciones en tiempo real que deben tener m\u00e1s o menos diez a\u00f1os. Esto cambi\u00f3 la relaci\u00f3n del ser humano con la tecnolog\u00eda en t\u00e9rminos cualitativos y cuantitativos\u00bb, contextualiza Smud. \u00abEl celular se mete mucho en la\u00a0<b>identidad<\/b>. Uno tiene la identidad del DNI, la de g\u00e9nero y la virtual, que depende de poder ir armando la vida en relaci\u00f3n a las megacorporaciones que manejan todo: las redes. Y hoy se habla de un nuevo tipo de\u00a0<b>realidad<\/b>, adem\u00e1s de la virtual. La\u00a0<b>inmersiva<\/b>.\u00bb<\/p>\n<p>\u00abSeg\u00fan un peque\u00f1o estudio\u00a0<b>estudiantes universitarios argentinos est\u00e1n alrededor de seis a ocho horas por d\u00eda mirando la pantalla<\/b>. Y muchos te dicen que no pueden dejar de hacerlo. La adicci\u00f3n ya no es a un objeto, como podr\u00eda ser una droga, sino a determinado v\u00ednculo. Hay una especie de\u00a0<b>compulsi\u00f3n a esperar que pase algo<\/b>\u00a0en el celular, sin posibilidad de levantar la mirada por mucho tiempo sin volverla a \u00e9l. Es t\u00edpico de este tiempo, del\u00a0<b>pan\u00f3ptico digital<\/b>\u00a0del que habla\u00a0Byung-Chul Han. La adicci\u00f3n trae consecuencias m\u00faltiples. Una muy clara en la educaci\u00f3n es la<b>\u00a0falta de concentraci\u00f3n<\/b>. Y se ve una\u00a0<b>dependencia a la sociedad punteocr\u00e1tica, del\u00a0<i>like<\/i><\/b>\u00ab, resume.<\/p>\n<h2>Estudios sobre el tema<\/h2>\n<p>En febrero de este a\u00f1o\u00a0<a href=\"https:\/\/www.pagina12.com.ar\/401046-la-adiccion-a-los-videojuegos-es-una-enfermedad-mental-anunc\">la OMS calific\u00f3 a la adicci\u00f3n a los videojuegos como enfermedad mental<\/a>. No hubo hasta este momento un pronunciamiento del organismo respecto al uso compulsivo del celular. \u00ab<b>Y no hay pr\u00e1cticamente estudios.<\/b>\u00a0Los podr\u00edan hacer Samsung, Apple. Los nuevos smartphones vienen con aplicaciones de bienestar digital.\u00a0<b>Hay datos pero no se est\u00e1n publicando<\/b>\u00ab, se\u00f1ala Juanjo Mart\u00ed, quien en Espa\u00f1a preside la organizaci\u00f3n Cibersalud. Una novedad en los tel\u00e9fonos son los\u00a0<b>dumb phones<\/b>\u00a0que, en contraposici\u00f3n a los smartphones, no habilitan aplicaciones y ofrecen solamente recursos b\u00e1sicos.<\/p>\n<p>\u00abLa OMS podr\u00eda decir cu\u00e1nta gente est\u00e1 conectada diariamente m\u00e1s de 12 horas, pero no hay un inter\u00e9s. Las aplicaciones son todas adictivas y no pueden regularse, porque los gobiernos dir\u00e1n &#8216;libre mercado&#8217;.<b>\u00a0A nivel internacional no hay grandes planes. No hay una pol\u00edtica. La pol\u00edtica es que todo el mundo est\u00e9 conectado<\/b>, compartiendo datos, dando informaci\u00f3n de lo que hacemos, con qui\u00e9n hablamos y qu\u00e9 compramos. As\u00ed nos controlan\u00bb, cuestiona. En Espa\u00f1a, cuenta, existen organizaciones que ofrecen programas para favorecer la desconexi\u00f3n; tratamientos que son privados, costosos y que incluyen el encierro.<\/p>\n<p>No abundan informes sobre el tema pero la psic\u00f3loga Mora Zaharya recomienda detenerse en el reporte &#8211;muy completo&#8211; de\u00a0<b>We Are Social y Hootsuite<\/b>, aunque aclara que desconoce c\u00f3mo se rejuntan los datos. All\u00ed aparece\u00a0<b>un panorama de la Argentina<\/b>: se encuentra en el puesto 5 entre un grupo de pa\u00edses en el uso de Internet, con un promedio diario de 9 horas 38 minutos, y\u00a0<b>en el 6 en el promedio de conexi\u00f3n en tel\u00e9fonos (5:04)<\/b>. En el s\u00e9ptimo puesto en el uso diario de redes sociales (3:26) y en el quinto en el seguimiento de influencers. Adem\u00e1s,\u00a0<b>es el tercero en la utilizaci\u00f3n de WhatsApp.<\/b><\/p>\n<h2>Dispositivos para la adicci\u00f3n<\/h2>\n<p>No hay estad\u00edsticas del Ministerio de Salud de la Naci\u00f3n ni tampoco, todav\u00eda, un proyecto en relaci\u00f3n a esta problem\u00e1tica. De acuerdo a lo que pudo saber esta cronista se est\u00e1 trabajando en uno. \u00abEstamos empezando a integrar las facilidades que ofrece la digitalidad. No estamos trabajando sobre la patolog\u00eda, sino en c\u00f3mo difundir y generar alfabetizaci\u00f3n digital. Es algo com\u00fan a Latinoam\u00e9rica\u00bb, plantea Zaharya. El psiquiatra Federico Pavlovsky aporta su mirada en torno a la realidad local. \u00abMe parece que\u00a0<b>est\u00e1 todo por aprenderse<\/b>.\u00a0<b>(La adicci\u00f3n a la conexi\u00f3n) no es motivo de consulta de los tratamientos por consumos problem\u00e1ticos, pero no porque no exista.\u00a0<\/b>En CABA la gente consulta por adicciones al alcohol, la coca\u00edna, los psicof\u00e1rmacos, el cannabis (mucho m\u00e1s ahora, lo cual es interesante). Las (adicciones) conductuales vienen en un segundo escal\u00f3n, como el juego patol\u00f3gico tradicional\u00bb, dice. Lo que m\u00e1s \u00abmiedo\u00bb le da en este momento son las\u00a0<b>apuestas online<\/b>. Tiene pacientes que por ellas \u00ablo perdieron todo\u00bb.<\/p>\n<p><b>Hace dos a\u00f1os intenta armar un dispositivo destinado a personas que padezcan el uso compulsivo de la tecnolog\u00eda y no le encuentra \u00abla vuelta\u00bb<\/b>. \u00abLos profesionales no estamos entendiendo el fen\u00f3meno ni captando su dimensi\u00f3n ni desarrollando dispositivos acordes.\u00a0<b>Es mucho m\u00e1s r\u00e1pido el desarrollo tecnol\u00f3gico que la capacidad de los profesionales de armar dispositivos<\/b>. Incluso todav\u00eda se discute qu\u00e9 es lo mejor con el alcohol, una vieja adicci\u00f3n. Seguimos pensando si hay que reprimir o dar tratamiento\u00bb, admite. Un aspecto que complica el panorama es que \u00ablos pacientes con adicciones tienen<b>\u00a0baja accesibilidad al sistema de salud<\/b>\u00ab. \u00abLas personas con problemas con el alcohol o el porro muchas veces no consultan ni hay equipos para esto. Si vas al hospital y dec\u00eds que ten\u00e9s una adicci\u00f3n al juego o a la pornograf\u00eda se te van a quedar mirando; no hay un \u00e1rea espec\u00edfica\u00bb, explica Pavlovsky.<\/p>\n<h2>\u00bfCu\u00e1ndo hay que hablar de adicci\u00f3n?<\/h2>\n<p><b>Compara el uso de la tecnolog\u00eda con la comida<\/b>:\u00a0\u00abPod\u00e9s vivir sin tomar alcohol pero no pod\u00e9s no usar tecnolog\u00eda. La relaci\u00f3n binaria que uno establece con el alcohol o la coca\u00edna, que permite detener el consumo, ac\u00e1 es un poco m\u00e1s relativa, porque ten\u00e9s que usar aplicaciones, medios de pago.\u00a0<b>Se requiere de una regulaci\u00f3n, una modulaci\u00f3n, una utilizaci\u00f3n saludable<\/b>, y en eso se parece a la comida: vas a tener que comer, el punto es que lo hagas de otra manera\u00bb. Esto \u00faltimo que menciona tiene un nombre bastante nuevo:\u00a0<b>salud digital<\/b>. Ante la falta o escasez de dispositivos p\u00fablicos y privados, incluso de recomendaciones, finalmente cada usuarix tiene un desaf\u00edo: crear sus propias medidas y restricciones.<\/p>\n<p>\u00abLa reeducaci\u00f3n aparece mucho en las adicciones. Pero no s\u00e9 si es un problema individual: estamos todos metidos en una locura tecnol\u00f3gica\u00bb, sentencia Pavlovsky. Sadin escribe: \u00abCon toda seguridad la adicci\u00f3n a la conexi\u00f3n representa un problema de nuestra sociedad que<b>\u00a0afecta en distintos grados a gran cantidad de personas<\/b>. Se ha convertido en una de las cuestiones que hoy se consideran fundamentales entre las provocadas por la digitalizaci\u00f3n progresiva de nuestras vidas\u00bb. Para el escritor y fil\u00f3sofo franc\u00e9s, \u00abun fen\u00f3meno decisivo, del que nadie habla y que no deja de extenderse, consiste en que los individuos, desde comienzo de los a\u00f1os 2010 aproximadamente, se ven animados por la sensaci\u00f3n de<b>\u00a0ser todopoderosos gracias al contacto regular con sus instrumentos conectados<\/b>\u00ab.<\/p>\n<p><b>\u00bfCu\u00e1ndo el uso se vuelve adicci\u00f3n?\u00a0<\/b>En este punto los especialistas coinciden: \u00abMuchas veces los consumos se definen por el\u00a0<b>impacto en la calidad de vida<\/b>, no por la cantidad de tiempo (de uso). Una adicci\u00f3n implica un deterioro en el patr\u00f3n de v\u00ednculos personales, la salud general (f\u00edsica y mental), una inversi\u00f3n de tiempo exclusivo en esa actividad en desmedro de otras. Cuando ves a un adicto te das cuenta de que est\u00e1 en otra sinton\u00eda, pas\u00e1ndola mal: no es ese uso de tener que parar un poco\u00bb, define Pavlovsky. \u00abPor fuera de la adicci\u00f3n (la conexi\u00f3n) produce diferentes malestares\u00bb, a\u00f1ade Smud. \u00abCuestiones caracterop\u00e1ticas, cambios de \u00e1nimo muy abruptos, problemas atencionales que ya est\u00e1n estudiados y esto lo sabe cualquiera que va a una escuela primaria. Dificultades en los lazos sociales. Una sociedad dependiente de los posteos. Se produce un nuevo tipo de narcisismo. Incluso\u00a0<b>se habla hasta del nacimiento de un nuevo hueso<\/b>\u00a0(por la postura al mirar el celular). Es delirante, pero es una investigaci\u00f3n que se hizo.\u00bb<\/p>\n<p>\u00abRespecto de c\u00f3mo se trata esta adicci\u00f3n es un tema que realmente se est\u00e1 estudiando. Es muy novedoso. Pero es una preocupaci\u00f3n muy grande de docentes, pedagogos, padres, madres y la sociedad en general. Porque no se est\u00e1 yendo hacia una limitaci\u00f3n de los objetos de este tipo, tan adictivos, sino todo lo contrario. Cada vez son m\u00e1s importantes. Y hasta los beb\u00e9s tienen demasiada cercan\u00eda con el celular\u00bb, suma Smud.\u00a0<b>La Asociaci\u00f3n Argentina de Pediatr\u00eda ha llegado a recomendar que hasta los dos a\u00f1os les ni\u00f1es no utilicen ning\u00fan tipo de dispositivo. Pero en la realidad se ve otra cosa.<\/b><\/p>\n<h2>Ni\u00f1es y adolescentes<\/h2>\n<p>Les ni\u00f1es y adolescentes constituyen la gran preocupaci\u00f3n en este marco. Smud ha escrito un art\u00edculo en el que cuenta una medida que se tom\u00f3 en las escuelas primarias madrile\u00f1as: la\u00a0<b>prohibici\u00f3n durante el per\u00edodo escolar del uso del celular<\/b>, que no s\u00f3lo dificulta el proceso de ense\u00f1anza-aprendizaje sino que genera todo lo expuesto anteriormente.<\/p>\n<p>\u00ab<b>La adicci\u00f3n es un punto de llegada. El punto de partida es que los ni\u00f1os muy peque\u00f1os son sometidos al influjo de la tecnolog\u00eda<\/b>\u00ab, sentencia la psicoanalista Mar\u00eda Cristina Oleaga. \u00abEn tal caso tiene efectos no sobre la subjetividad, sino sobre su construcci\u00f3n. Es distinta la construcci\u00f3n de subjetividad a partir de la narrativa; ahora el lenguaje entra por medio de las m\u00e1quinas. Hay un cambio radical. Los chicos est\u00e1n simb\u00f3licamente desnutridos, porque la narrativa produce complejidad ps\u00edquica. El lenguaje humano tiene agujeros, met\u00e1fora, produce malentendidos&#8230; entonces el ni\u00f1o se pregunta qu\u00e9 quiere decir. Queda como sujeto. El lenguaje tecnol\u00f3gico lo toma por objeto y no tiene nada de eso: produce\u00a0<b>hipnosis, d\u00e9ficit de atenci\u00f3n, hiperactividad, patolog\u00edas del acto<\/b>\u00ab, advierte.\u00a0\u00abEstamos creando nuevas subjetividades con esta entrega de la infancia a la tecnolog\u00eda. Es un\u00a0<b>arrasamiento de la complejidad ps\u00edquica humana<\/b>. No est\u00e1 para nada hablado. Estamos en un riesgo de p\u00e9rdida de lo propiamente humano en la subjetividad. Es un momento bisagra grave\u00bb, concluye la psicoanalista.<\/p>\n<h2>La timba digital<\/h2>\n<p>El tecn\u00f3logo\u00a0<b>Santiago Bilinkis<\/b>, autor de\u00a0<i>Gu\u00eda para sobrevivir al presente<\/i>, dijo en una\u00a0<a href=\"https:\/\/www.pagina12.com.ar\/279581-santiago-bilinkis-estamos-viviendo-la-vida-para-mostrarla-en\">entrevista publicada a mediados del a\u00f1o pasado por este medio<\/a>:\u00a0<b>\u00abUno busca en las redes calmar la angustia y lo \u00fanico que provocan es m\u00e1s angustia, como las bebidas azucaradas que las tom\u00e1s porque ten\u00e9s sed y te dan m\u00e1s sed\u00bb<\/b>. Ocurre que activan un mecanismo psicol\u00f3gico conocido como\u00a0<b>\u00abrecompensas variables intermitentes\u00bb<\/b>, similar al de las m\u00e1quinas tragamonedas. \u00abCada vez que tir\u00e1s la palanca a veces no sale nada, a veces sale un premio chiquitito y muy de vez en cuando sale un premio grande. Ese mecanismo es tremendamente adictivo. Y es lo que pasa cada vez que hac\u00e9s un refresh en tu muro de Instagram: a veces no te sale nada, a veces sale algo que est\u00e1 un poquito bueno y a veces algo genial. Es esa timba la que te mantiene constantemente queriendo mirar un poquito m\u00e1s. La sobreestimulaci\u00f3n constante multisensorial hizo a\u00f1icos nuestra capacidad de atenci\u00f3n\u00bb, explic\u00f3. Tambi\u00e9n sugiri\u00f3 que, por el momento, ser adicto en el universo digital tiene una \u00abconnotaci\u00f3n positiva, parece\u00a0<i>cool<\/i>, divertido\u00bb. El aporte del tecn\u00f3logo es necesario porque hace foco en la otra cara de la adicci\u00f3n o el uso compulsivo. Un fen\u00f3meno de ida y vuelta en el que sentirse preso mucho tiene que ver con lo que las nuevas tecnolog\u00edas ofrecen para seducirnos sin pausa, y con c\u00f3mo lo hacen.<\/p>\n<\/div>\n<\/div>\n<\/div>\n<div class=\"section\">\n<div class=\"section-2-col margin-bottom\">\n<div class=\"col 1-col\"><\/div>\n<div class=\"col 2-col\">\n<div id=\"ventas-article-end\" class=\"ventas-article-end desktop\">\n<div class=\"ventas-article-end--inner\">\n<div class=\"author-thumbnail\">\n<figure><img decoding=\"async\" class=\" \" src=\"https:\/\/images.pagina12.com.ar\/styles\/thumbnail\/public\/2016-10\/daniela-yaccar.png?itok=v8s8Ik4T\" alt=\"Mar\u00eda Daniela Yaccar\" \/><\/figure>\n<\/div>\n<div class=\"author-name\"><span style=\"color: #0000ff;\"><strong>Por Mar\u00eda Daniela Yaccar P\u00e1gina 12<\/strong><\/span><\/div>\n<\/div>\n<\/div>\n<\/div>\n<\/div>\n<\/div>\n","protected":false},"excerpt":{"rendered":"<p>En varios pa\u00edses ya existen tratamientos para abordarla. Sobre el uso del celular y las redes en la Argentina? \u00bfSe tiene dimensi\u00f3n del problema? El psiquiatra Federico Pavlovsky, los psic\u00f3logos Mart\u00edn Smud y Mora Zaharya, la psicoanalista Mar\u00eda Cristina Oleaga y el doctor en psicolog\u00eda Juanjo Mart\u00ed aportan a P\u00e1gina\/12 sus perspectivas.<\/p>\n","protected":false},"author":3,"featured_media":0,"comment_status":"closed","ping_status":"closed","sticky":false,"template":"","format":"standard","meta":{"footnotes":""},"categories":[46,30,26],"tags":[],"class_list":["post-72453","post","type-post","status-publish","format-standard","hentry","category-ciencia-y-tecnologia","category-salud","category-sociedad"],"yoast_head":"<!-- This site is optimized with the Yoast SEO plugin v25.9 - https:\/\/yoast.com\/wordpress\/plugins\/seo\/ -->\n<title>Cuando la droga es la pantalla - Noticias Radio Reflejos<\/title>\n<meta name=\"robots\" content=\"index, follow, max-snippet:-1, max-image-preview:large, max-video-preview:-1\" \/>\n<link rel=\"canonical\" href=\"https:\/\/www.noticiasradioreflejos.com.ar\/2021\/cuando-la-droga-es-la-pantalla\/\" \/>\n<meta property=\"og:locale\" content=\"es_ES\" \/>\n<meta property=\"og:type\" content=\"article\" \/>\n<meta property=\"og:title\" content=\"Cuando la droga es la pantalla - Noticias Radio Reflejos\" \/>\n<meta property=\"og:description\" content=\"En varios pa\u00edses ya existen tratamientos para abordarla. Sobre el uso del celular y las redes en la Argentina? \u00bfSe tiene dimensi\u00f3n del problema? El psiquiatra Federico Pavlovsky, los psic\u00f3logos Mart\u00edn Smud y Mora Zaharya, la psicoanalista Mar\u00eda Cristina Oleaga y el doctor en psicolog\u00eda Juanjo Mart\u00ed aportan a P\u00e1gina\/12 sus perspectivas.\" \/>\n<meta property=\"og:url\" content=\"https:\/\/www.noticiasradioreflejos.com.ar\/2021\/cuando-la-droga-es-la-pantalla\/\" \/>\n<meta property=\"og:site_name\" content=\"Noticias Radio Reflejos\" \/>\n<meta property=\"article:published_time\" content=\"2022-05-23T10:00:34+00:00\" \/>\n<meta property=\"article:modified_time\" content=\"2022-05-23T10:02:03+00:00\" \/>\n<meta property=\"og:image\" content=\"https:\/\/images.pagina12.com.ar\/styles\/focal_3_2_960x640\/public\/2022-05\/518121-whatsapp-20image-202022-05-22-20at-206-58-17-20pm.jpeg?itok=xN81LKVw\" \/>\n<meta name=\"author\" content=\"Arnaldo Botto\" \/>\n<meta name=\"twitter:card\" content=\"summary_large_image\" \/>\n<script type=\"application\/ld+json\" class=\"yoast-schema-graph\">{\"@context\":\"https:\/\/schema.org\",\"@graph\":[{\"@type\":\"WebPage\",\"@id\":\"https:\/\/www.noticiasradioreflejos.com.ar\/2021\/cuando-la-droga-es-la-pantalla\/\",\"url\":\"https:\/\/www.noticiasradioreflejos.com.ar\/2021\/cuando-la-droga-es-la-pantalla\/\",\"name\":\"Cuando la droga es la pantalla - Noticias Radio Reflejos\",\"isPartOf\":{\"@id\":\"https:\/\/www.noticiasradioreflejos.com.ar\/2021\/#website\"},\"primaryImageOfPage\":{\"@id\":\"https:\/\/www.noticiasradioreflejos.com.ar\/2021\/cuando-la-droga-es-la-pantalla\/#primaryimage\"},\"image\":{\"@id\":\"https:\/\/www.noticiasradioreflejos.com.ar\/2021\/cuando-la-droga-es-la-pantalla\/#primaryimage\"},\"thumbnailUrl\":\"https:\/\/images.pagina12.com.ar\/styles\/focal_3_2_960x640\/public\/2022-05\/518121-whatsapp-20image-202022-05-22-20at-206-58-17-20pm.jpeg?itok=xN81LKVw\",\"datePublished\":\"2022-05-23T10:00:34+00:00\",\"dateModified\":\"2022-05-23T10:02:03+00:00\",\"author\":{\"@id\":\"https:\/\/www.noticiasradioreflejos.com.ar\/2021\/#\/schema\/person\/ad82545263dcc5ec0996818884fd5fb1\"},\"breadcrumb\":{\"@id\":\"https:\/\/www.noticiasradioreflejos.com.ar\/2021\/cuando-la-droga-es-la-pantalla\/#breadcrumb\"},\"inLanguage\":\"es\",\"potentialAction\":[{\"@type\":\"ReadAction\",\"target\":[\"https:\/\/www.noticiasradioreflejos.com.ar\/2021\/cuando-la-droga-es-la-pantalla\/\"]}]},{\"@type\":\"ImageObject\",\"inLanguage\":\"es\",\"@id\":\"https:\/\/www.noticiasradioreflejos.com.ar\/2021\/cuando-la-droga-es-la-pantalla\/#primaryimage\",\"url\":\"https:\/\/images.pagina12.com.ar\/styles\/focal_3_2_960x640\/public\/2022-05\/518121-whatsapp-20image-202022-05-22-20at-206-58-17-20pm.jpeg?itok=xN81LKVw\",\"contentUrl\":\"https:\/\/images.pagina12.com.ar\/styles\/focal_3_2_960x640\/public\/2022-05\/518121-whatsapp-20image-202022-05-22-20at-206-58-17-20pm.jpeg?itok=xN81LKVw\"},{\"@type\":\"BreadcrumbList\",\"@id\":\"https:\/\/www.noticiasradioreflejos.com.ar\/2021\/cuando-la-droga-es-la-pantalla\/#breadcrumb\",\"itemListElement\":[{\"@type\":\"ListItem\",\"position\":1,\"name\":\"Portada\",\"item\":\"https:\/\/www.noticiasradioreflejos.com.ar\/2021\/\"},{\"@type\":\"ListItem\",\"position\":2,\"name\":\"Cuando la droga es la pantalla\"}]},{\"@type\":\"WebSite\",\"@id\":\"https:\/\/www.noticiasradioreflejos.com.ar\/2021\/#website\",\"url\":\"https:\/\/www.noticiasradioreflejos.com.ar\/2021\/\",\"name\":\"Noticias Radio Reflejos\",\"description\":\"Las noticias de mi comarca\",\"potentialAction\":[{\"@type\":\"SearchAction\",\"target\":{\"@type\":\"EntryPoint\",\"urlTemplate\":\"https:\/\/www.noticiasradioreflejos.com.ar\/2021\/?s={search_term_string}\"},\"query-input\":{\"@type\":\"PropertyValueSpecification\",\"valueRequired\":true,\"valueName\":\"search_term_string\"}}],\"inLanguage\":\"es\"},{\"@type\":\"Person\",\"@id\":\"https:\/\/www.noticiasradioreflejos.com.ar\/2021\/#\/schema\/person\/ad82545263dcc5ec0996818884fd5fb1\",\"name\":\"Arnaldo Botto\",\"image\":{\"@type\":\"ImageObject\",\"inLanguage\":\"es\",\"@id\":\"https:\/\/www.noticiasradioreflejos.com.ar\/2021\/#\/schema\/person\/image\/\",\"url\":\"https:\/\/secure.gravatar.com\/avatar\/55cb5e37c1efa326397366e6974cb338056df65cb50e7d64d1cf314e87504837?s=96&d=mm&r=g\",\"contentUrl\":\"https:\/\/secure.gravatar.com\/avatar\/55cb5e37c1efa326397366e6974cb338056df65cb50e7d64d1cf314e87504837?s=96&d=mm&r=g\",\"caption\":\"Arnaldo Botto\"},\"url\":\"https:\/\/www.noticiasradioreflejos.com.ar\/2021\/author\/arnaldo\/\"}]}<\/script>\n<!-- \/ Yoast SEO plugin. -->","yoast_head_json":{"title":"Cuando la droga es la pantalla - Noticias Radio Reflejos","robots":{"index":"index","follow":"follow","max-snippet":"max-snippet:-1","max-image-preview":"max-image-preview:large","max-video-preview":"max-video-preview:-1"},"canonical":"https:\/\/www.noticiasradioreflejos.com.ar\/2021\/cuando-la-droga-es-la-pantalla\/","og_locale":"es_ES","og_type":"article","og_title":"Cuando la droga es la pantalla - Noticias Radio Reflejos","og_description":"En varios pa\u00edses ya existen tratamientos para abordarla. Sobre el uso del celular y las redes en la Argentina? \u00bfSe tiene dimensi\u00f3n del problema? El psiquiatra Federico Pavlovsky, los psic\u00f3logos Mart\u00edn Smud y Mora Zaharya, la psicoanalista Mar\u00eda Cristina Oleaga y el doctor en psicolog\u00eda Juanjo Mart\u00ed aportan a P\u00e1gina\/12 sus perspectivas.","og_url":"https:\/\/www.noticiasradioreflejos.com.ar\/2021\/cuando-la-droga-es-la-pantalla\/","og_site_name":"Noticias Radio Reflejos","article_published_time":"2022-05-23T10:00:34+00:00","article_modified_time":"2022-05-23T10:02:03+00:00","og_image":[{"url":"https:\/\/images.pagina12.com.ar\/styles\/focal_3_2_960x640\/public\/2022-05\/518121-whatsapp-20image-202022-05-22-20at-206-58-17-20pm.jpeg?itok=xN81LKVw","type":"","width":"","height":""}],"author":"Arnaldo Botto","twitter_card":"summary_large_image","schema":{"@context":"https:\/\/schema.org","@graph":[{"@type":"WebPage","@id":"https:\/\/www.noticiasradioreflejos.com.ar\/2021\/cuando-la-droga-es-la-pantalla\/","url":"https:\/\/www.noticiasradioreflejos.com.ar\/2021\/cuando-la-droga-es-la-pantalla\/","name":"Cuando la droga es la pantalla - Noticias Radio Reflejos","isPartOf":{"@id":"https:\/\/www.noticiasradioreflejos.com.ar\/2021\/#website"},"primaryImageOfPage":{"@id":"https:\/\/www.noticiasradioreflejos.com.ar\/2021\/cuando-la-droga-es-la-pantalla\/#primaryimage"},"image":{"@id":"https:\/\/www.noticiasradioreflejos.com.ar\/2021\/cuando-la-droga-es-la-pantalla\/#primaryimage"},"thumbnailUrl":"https:\/\/images.pagina12.com.ar\/styles\/focal_3_2_960x640\/public\/2022-05\/518121-whatsapp-20image-202022-05-22-20at-206-58-17-20pm.jpeg?itok=xN81LKVw","datePublished":"2022-05-23T10:00:34+00:00","dateModified":"2022-05-23T10:02:03+00:00","author":{"@id":"https:\/\/www.noticiasradioreflejos.com.ar\/2021\/#\/schema\/person\/ad82545263dcc5ec0996818884fd5fb1"},"breadcrumb":{"@id":"https:\/\/www.noticiasradioreflejos.com.ar\/2021\/cuando-la-droga-es-la-pantalla\/#breadcrumb"},"inLanguage":"es","potentialAction":[{"@type":"ReadAction","target":["https:\/\/www.noticiasradioreflejos.com.ar\/2021\/cuando-la-droga-es-la-pantalla\/"]}]},{"@type":"ImageObject","inLanguage":"es","@id":"https:\/\/www.noticiasradioreflejos.com.ar\/2021\/cuando-la-droga-es-la-pantalla\/#primaryimage","url":"https:\/\/images.pagina12.com.ar\/styles\/focal_3_2_960x640\/public\/2022-05\/518121-whatsapp-20image-202022-05-22-20at-206-58-17-20pm.jpeg?itok=xN81LKVw","contentUrl":"https:\/\/images.pagina12.com.ar\/styles\/focal_3_2_960x640\/public\/2022-05\/518121-whatsapp-20image-202022-05-22-20at-206-58-17-20pm.jpeg?itok=xN81LKVw"},{"@type":"BreadcrumbList","@id":"https:\/\/www.noticiasradioreflejos.com.ar\/2021\/cuando-la-droga-es-la-pantalla\/#breadcrumb","itemListElement":[{"@type":"ListItem","position":1,"name":"Portada","item":"https:\/\/www.noticiasradioreflejos.com.ar\/2021\/"},{"@type":"ListItem","position":2,"name":"Cuando la droga es la pantalla"}]},{"@type":"WebSite","@id":"https:\/\/www.noticiasradioreflejos.com.ar\/2021\/#website","url":"https:\/\/www.noticiasradioreflejos.com.ar\/2021\/","name":"Noticias Radio Reflejos","description":"Las noticias de mi comarca","potentialAction":[{"@type":"SearchAction","target":{"@type":"EntryPoint","urlTemplate":"https:\/\/www.noticiasradioreflejos.com.ar\/2021\/?s={search_term_string}"},"query-input":{"@type":"PropertyValueSpecification","valueRequired":true,"valueName":"search_term_string"}}],"inLanguage":"es"},{"@type":"Person","@id":"https:\/\/www.noticiasradioreflejos.com.ar\/2021\/#\/schema\/person\/ad82545263dcc5ec0996818884fd5fb1","name":"Arnaldo Botto","image":{"@type":"ImageObject","inLanguage":"es","@id":"https:\/\/www.noticiasradioreflejos.com.ar\/2021\/#\/schema\/person\/image\/","url":"https:\/\/secure.gravatar.com\/avatar\/55cb5e37c1efa326397366e6974cb338056df65cb50e7d64d1cf314e87504837?s=96&d=mm&r=g","contentUrl":"https:\/\/secure.gravatar.com\/avatar\/55cb5e37c1efa326397366e6974cb338056df65cb50e7d64d1cf314e87504837?s=96&d=mm&r=g","caption":"Arnaldo Botto"},"url":"https:\/\/www.noticiasradioreflejos.com.ar\/2021\/author\/arnaldo\/"}]}},"_links":{"self":[{"href":"https:\/\/www.noticiasradioreflejos.com.ar\/2021\/wp-json\/wp\/v2\/posts\/72453","targetHints":{"allow":["GET"]}}],"collection":[{"href":"https:\/\/www.noticiasradioreflejos.com.ar\/2021\/wp-json\/wp\/v2\/posts"}],"about":[{"href":"https:\/\/www.noticiasradioreflejos.com.ar\/2021\/wp-json\/wp\/v2\/types\/post"}],"author":[{"embeddable":true,"href":"https:\/\/www.noticiasradioreflejos.com.ar\/2021\/wp-json\/wp\/v2\/users\/3"}],"replies":[{"embeddable":true,"href":"https:\/\/www.noticiasradioreflejos.com.ar\/2021\/wp-json\/wp\/v2\/comments?post=72453"}],"version-history":[{"count":3,"href":"https:\/\/www.noticiasradioreflejos.com.ar\/2021\/wp-json\/wp\/v2\/posts\/72453\/revisions"}],"predecessor-version":[{"id":72457,"href":"https:\/\/www.noticiasradioreflejos.com.ar\/2021\/wp-json\/wp\/v2\/posts\/72453\/revisions\/72457"}],"wp:attachment":[{"href":"https:\/\/www.noticiasradioreflejos.com.ar\/2021\/wp-json\/wp\/v2\/media?parent=72453"}],"wp:term":[{"taxonomy":"category","embeddable":true,"href":"https:\/\/www.noticiasradioreflejos.com.ar\/2021\/wp-json\/wp\/v2\/categories?post=72453"},{"taxonomy":"post_tag","embeddable":true,"href":"https:\/\/www.noticiasradioreflejos.com.ar\/2021\/wp-json\/wp\/v2\/tags?post=72453"}],"curies":[{"name":"wp","href":"https:\/\/api.w.org\/{rel}","templated":true}]}}