{"id":72449,"date":"2022-05-23T08:56:14","date_gmt":"2022-05-23T08:56:14","guid":{"rendered":"http:\/\/www.noticiasradioreflejos.com.ar\/2021\/?p=72449"},"modified":"2022-05-23T08:59:49","modified_gmt":"2022-05-23T08:59:49","slug":"lunes-inestable-con-lluvias-desde-la-madrugada-y-para-todo-el-dia-en-las-sierras","status":"publish","type":"post","link":"https:\/\/www.noticiasradioreflejos.com.ar\/2021\/lunes-inestable-con-lluvias-desde-la-madrugada-y-para-todo-el-dia-en-las-sierras\/","title":{"rendered":"Lunes inestable con lluvias desde la madrugada y para todo el d\u00eda en las sierras"},"content":{"rendered":"<p>Suaves chaparrones se registran den toda la zona serrana desde las primeras horas de este lunes y continuaran por hoy y parte de ma\u00f1ana.<!--more--><\/p>\n<p>Desde las 4 de la madrugada se registran chaparrones aislados en Tornquist, Villa Ventana, Saldungaray, Sierra de la Ventana y zona rural.<\/p>\n<p>Con la temperatura m\u00ednima ubicada entre los 8.5 y 9 grados cent\u00edgrados y la presi\u00f3n ambiental muy baja en <strong>981.2 Hpa ,<\/strong> las condiciones marcan una tendencia a lluvias suaves para todo el d\u00eda de hoy, aumentando su intensidad en horas de la tarde y noche. La m\u00e1xima para hoy rondar\u00eda los 11\u00b0. Los cielos se mostrar\u00e1n totalmente cubiertos hoy con alg\u00fan mejoramiento parcial ma\u00f1ana martes en horas del mediod\u00eda.<\/p>\n<p>Los vientos prevalecer\u00e1n del sector oeste sudoeste y ser\u00e1n suaves hasta la noche, donde se posicionar\u00edan del norte. La inestabilidad permanecer\u00e1 hasta el mi\u00e9rcoles al medio d\u00eda y se estima que los milimetrajes de lluvias no ser\u00e1n demasiados abultados.<\/p>\n<p>Para ma\u00f1ana se espera una m\u00ednima de 5 y m\u00e1xima de no m\u00e1s 12 grados<\/p>\n","protected":false},"excerpt":{"rendered":"<p>Suaves chaparrones se registran den toda la zona serrana desde las primeras horas de este lunes y continuaran por hoy y parte de ma\u00f1ana.<\/p>\n","protected":false},"author":3,"featured_media":67263,"comment_status":"closed","ping_status":"closed","sticky":false,"template":"","format":"standard","meta":{"footnotes":""},"categories":[26],"tags":[48],"class_list":["post-72449","post","type-post","status-publish","format-standard","has-post-thumbnail","hentry","category-sociedad","tag-destacada"],"yoast_head":"<!-- This site is optimized with the Yoast SEO plugin v25.9 - https:\/\/yoast.com\/wordpress\/plugins\/seo\/ -->\n<title>Lunes inestable con lluvias desde la madrugada y para todo el d\u00eda en las sierras - Noticias Radio Reflejos<\/title>\n<meta name=\"robots\" content=\"index, follow, max-snippet:-1, max-image-preview:large, max-video-preview:-1\" \/>\n<link rel=\"canonical\" href=\"https:\/\/www.noticiasradioreflejos.com.ar\/2021\/lunes-inestable-con-lluvias-desde-la-madrugada-y-para-todo-el-dia-en-las-sierras\/\" \/>\n<meta property=\"og:locale\" content=\"es_ES\" \/>\n<meta property=\"og:type\" content=\"article\" \/>\n<meta property=\"og:title\" content=\"Lunes inestable con lluvias desde la madrugada y para todo el d\u00eda en las sierras - Noticias Radio Reflejos\" \/>\n<meta property=\"og:description\" content=\"Suaves chaparrones se registran den toda la zona serrana desde las primeras horas de este lunes y continuaran por hoy y parte de ma\u00f1ana.\" \/>\n<meta property=\"og:url\" content=\"https:\/\/www.noticiasradioreflejos.com.ar\/2021\/lunes-inestable-con-lluvias-desde-la-madrugada-y-para-todo-el-dia-en-las-sierras\/\" \/>\n<meta property=\"og:site_name\" content=\"Noticias Radio Reflejos\" \/>\n<meta property=\"article:published_time\" content=\"2022-05-23T08:56:14+00:00\" \/>\n<meta property=\"article:modified_time\" content=\"2022-05-23T08:59:49+00:00\" \/>\n<meta property=\"og:image\" content=\"https:\/\/www.noticiasradioreflejos.com.ar\/2021\/wp-content\/uploads\/2022\/01\/Av-Roca-con-lluvias.jpg\" \/>\n\t<meta property=\"og:image:width\" content=\"2048\" \/>\n\t<meta property=\"og:image:height\" content=\"1365\" \/>\n\t<meta property=\"og:image:type\" content=\"image\/jpeg\" \/>\n<meta name=\"author\" content=\"Arnaldo Botto\" \/>\n<meta name=\"twitter:card\" content=\"summary_large_image\" \/>\n<script type=\"application\/ld+json\" class=\"yoast-schema-graph\">{\"@context\":\"https:\/\/schema.org\",\"@graph\":[{\"@type\":\"WebPage\",\"@id\":\"https:\/\/www.noticiasradioreflejos.com.ar\/2021\/lunes-inestable-con-lluvias-desde-la-madrugada-y-para-todo-el-dia-en-las-sierras\/\",\"url\":\"https:\/\/www.noticiasradioreflejos.com.ar\/2021\/lunes-inestable-con-lluvias-desde-la-madrugada-y-para-todo-el-dia-en-las-sierras\/\",\"name\":\"Lunes inestable con lluvias desde la madrugada y para todo el d\u00eda en las sierras - Noticias Radio Reflejos\",\"isPartOf\":{\"@id\":\"https:\/\/www.noticiasradioreflejos.com.ar\/2021\/#website\"},\"primaryImageOfPage\":{\"@id\":\"https:\/\/www.noticiasradioreflejos.com.ar\/2021\/lunes-inestable-con-lluvias-desde-la-madrugada-y-para-todo-el-dia-en-las-sierras\/#primaryimage\"},\"image\":{\"@id\":\"https:\/\/www.noticiasradioreflejos.com.ar\/2021\/lunes-inestable-con-lluvias-desde-la-madrugada-y-para-todo-el-dia-en-las-sierras\/#primaryimage\"},\"thumbnailUrl\":\"https:\/\/www.noticiasradioreflejos.com.ar\/2021\/wp-content\/uploads\/2022\/01\/Av-Roca-con-lluvias.jpg\",\"datePublished\":\"2022-05-23T08:56:14+00:00\",\"dateModified\":\"2022-05-23T08:59:49+00:00\",\"author\":{\"@id\":\"https:\/\/www.noticiasradioreflejos.com.ar\/2021\/#\/schema\/person\/ad82545263dcc5ec0996818884fd5fb1\"},\"breadcrumb\":{\"@id\":\"https:\/\/www.noticiasradioreflejos.com.ar\/2021\/lunes-inestable-con-lluvias-desde-la-madrugada-y-para-todo-el-dia-en-las-sierras\/#breadcrumb\"},\"inLanguage\":\"es\",\"potentialAction\":[{\"@type\":\"ReadAction\",\"target\":[\"https:\/\/www.noticiasradioreflejos.com.ar\/2021\/lunes-inestable-con-lluvias-desde-la-madrugada-y-para-todo-el-dia-en-las-sierras\/\"]}]},{\"@type\":\"ImageObject\",\"inLanguage\":\"es\",\"@id\":\"https:\/\/www.noticiasradioreflejos.com.ar\/2021\/lunes-inestable-con-lluvias-desde-la-madrugada-y-para-todo-el-dia-en-las-sierras\/#primaryimage\",\"url\":\"https:\/\/www.noticiasradioreflejos.com.ar\/2021\/wp-content\/uploads\/2022\/01\/Av-Roca-con-lluvias.jpg\",\"contentUrl\":\"https:\/\/www.noticiasradioreflejos.com.ar\/2021\/wp-content\/uploads\/2022\/01\/Av-Roca-con-lluvias.jpg\",\"width\":2048,\"height\":1365},{\"@type\":\"BreadcrumbList\",\"@id\":\"https:\/\/www.noticiasradioreflejos.com.ar\/2021\/lunes-inestable-con-lluvias-desde-la-madrugada-y-para-todo-el-dia-en-las-sierras\/#breadcrumb\",\"itemListElement\":[{\"@type\":\"ListItem\",\"position\":1,\"name\":\"Portada\",\"item\":\"https:\/\/www.noticiasradioreflejos.com.ar\/2021\/\"},{\"@type\":\"ListItem\",\"position\":2,\"name\":\"Lunes inestable con lluvias desde la madrugada y para todo el d\u00eda en las sierras\"}]},{\"@type\":\"WebSite\",\"@id\":\"https:\/\/www.noticiasradioreflejos.com.ar\/2021\/#website\",\"url\":\"https:\/\/www.noticiasradioreflejos.com.ar\/2021\/\",\"name\":\"Noticias Radio Reflejos\",\"description\":\"Las noticias de mi comarca\",\"potentialAction\":[{\"@type\":\"SearchAction\",\"target\":{\"@type\":\"EntryPoint\",\"urlTemplate\":\"https:\/\/www.noticiasradioreflejos.com.ar\/2021\/?s={search_term_string}\"},\"query-input\":{\"@type\":\"PropertyValueSpecification\",\"valueRequired\":true,\"valueName\":\"search_term_string\"}}],\"inLanguage\":\"es\"},{\"@type\":\"Person\",\"@id\":\"https:\/\/www.noticiasradioreflejos.com.ar\/2021\/#\/schema\/person\/ad82545263dcc5ec0996818884fd5fb1\",\"name\":\"Arnaldo Botto\",\"image\":{\"@type\":\"ImageObject\",\"inLanguage\":\"es\",\"@id\":\"https:\/\/www.noticiasradioreflejos.com.ar\/2021\/#\/schema\/person\/image\/\",\"url\":\"https:\/\/secure.gravatar.com\/avatar\/55cb5e37c1efa326397366e6974cb338056df65cb50e7d64d1cf314e87504837?s=96&d=mm&r=g\",\"contentUrl\":\"https:\/\/secure.gravatar.com\/avatar\/55cb5e37c1efa326397366e6974cb338056df65cb50e7d64d1cf314e87504837?s=96&d=mm&r=g\",\"caption\":\"Arnaldo Botto\"},\"url\":\"https:\/\/www.noticiasradioreflejos.com.ar\/2021\/author\/arnaldo\/\"}]}<\/script>\n<!-- \/ Yoast SEO plugin. -->","yoast_head_json":{"title":"Lunes inestable con lluvias desde la madrugada y para todo el d\u00eda en las sierras - Noticias Radio Reflejos","robots":{"index":"index","follow":"follow","max-snippet":"max-snippet:-1","max-image-preview":"max-image-preview:large","max-video-preview":"max-video-preview:-1"},"canonical":"https:\/\/www.noticiasradioreflejos.com.ar\/2021\/lunes-inestable-con-lluvias-desde-la-madrugada-y-para-todo-el-dia-en-las-sierras\/","og_locale":"es_ES","og_type":"article","og_title":"Lunes inestable con lluvias desde la madrugada y para todo el d\u00eda en las sierras - Noticias Radio Reflejos","og_description":"Suaves chaparrones se registran den toda la zona serrana desde las primeras horas de este lunes y continuaran por hoy y parte de ma\u00f1ana.","og_url":"https:\/\/www.noticiasradioreflejos.com.ar\/2021\/lunes-inestable-con-lluvias-desde-la-madrugada-y-para-todo-el-dia-en-las-sierras\/","og_site_name":"Noticias Radio Reflejos","article_published_time":"2022-05-23T08:56:14+00:00","article_modified_time":"2022-05-23T08:59:49+00:00","og_image":[{"width":2048,"height":1365,"url":"https:\/\/www.noticiasradioreflejos.com.ar\/2021\/wp-content\/uploads\/2022\/01\/Av-Roca-con-lluvias.jpg","type":"image\/jpeg"}],"author":"Arnaldo Botto","twitter_card":"summary_large_image","schema":{"@context":"https:\/\/schema.org","@graph":[{"@type":"WebPage","@id":"https:\/\/www.noticiasradioreflejos.com.ar\/2021\/lunes-inestable-con-lluvias-desde-la-madrugada-y-para-todo-el-dia-en-las-sierras\/","url":"https:\/\/www.noticiasradioreflejos.com.ar\/2021\/lunes-inestable-con-lluvias-desde-la-madrugada-y-para-todo-el-dia-en-las-sierras\/","name":"Lunes inestable con lluvias desde la madrugada y para todo el d\u00eda en las sierras - Noticias Radio Reflejos","isPartOf":{"@id":"https:\/\/www.noticiasradioreflejos.com.ar\/2021\/#website"},"primaryImageOfPage":{"@id":"https:\/\/www.noticiasradioreflejos.com.ar\/2021\/lunes-inestable-con-lluvias-desde-la-madrugada-y-para-todo-el-dia-en-las-sierras\/#primaryimage"},"image":{"@id":"https:\/\/www.noticiasradioreflejos.com.ar\/2021\/lunes-inestable-con-lluvias-desde-la-madrugada-y-para-todo-el-dia-en-las-sierras\/#primaryimage"},"thumbnailUrl":"https:\/\/www.noticiasradioreflejos.com.ar\/2021\/wp-content\/uploads\/2022\/01\/Av-Roca-con-lluvias.jpg","datePublished":"2022-05-23T08:56:14+00:00","dateModified":"2022-05-23T08:59:49+00:00","author":{"@id":"https:\/\/www.noticiasradioreflejos.com.ar\/2021\/#\/schema\/person\/ad82545263dcc5ec0996818884fd5fb1"},"breadcrumb":{"@id":"https:\/\/www.noticiasradioreflejos.com.ar\/2021\/lunes-inestable-con-lluvias-desde-la-madrugada-y-para-todo-el-dia-en-las-sierras\/#breadcrumb"},"inLanguage":"es","potentialAction":[{"@type":"ReadAction","target":["https:\/\/www.noticiasradioreflejos.com.ar\/2021\/lunes-inestable-con-lluvias-desde-la-madrugada-y-para-todo-el-dia-en-las-sierras\/"]}]},{"@type":"ImageObject","inLanguage":"es","@id":"https:\/\/www.noticiasradioreflejos.com.ar\/2021\/lunes-inestable-con-lluvias-desde-la-madrugada-y-para-todo-el-dia-en-las-sierras\/#primaryimage","url":"https:\/\/www.noticiasradioreflejos.com.ar\/2021\/wp-content\/uploads\/2022\/01\/Av-Roca-con-lluvias.jpg","contentUrl":"https:\/\/www.noticiasradioreflejos.com.ar\/2021\/wp-content\/uploads\/2022\/01\/Av-Roca-con-lluvias.jpg","width":2048,"height":1365},{"@type":"BreadcrumbList","@id":"https:\/\/www.noticiasradioreflejos.com.ar\/2021\/lunes-inestable-con-lluvias-desde-la-madrugada-y-para-todo-el-dia-en-las-sierras\/#breadcrumb","itemListElement":[{"@type":"ListItem","position":1,"name":"Portada","item":"https:\/\/www.noticiasradioreflejos.com.ar\/2021\/"},{"@type":"ListItem","position":2,"name":"Lunes inestable con lluvias desde la madrugada y para todo el d\u00eda en las sierras"}]},{"@type":"WebSite","@id":"https:\/\/www.noticiasradioreflejos.com.ar\/2021\/#website","url":"https:\/\/www.noticiasradioreflejos.com.ar\/2021\/","name":"Noticias Radio Reflejos","description":"Las noticias de mi comarca","potentialAction":[{"@type":"SearchAction","target":{"@type":"EntryPoint","urlTemplate":"https:\/\/www.noticiasradioreflejos.com.ar\/2021\/?s={search_term_string}"},"query-input":{"@type":"PropertyValueSpecification","valueRequired":true,"valueName":"search_term_string"}}],"inLanguage":"es"},{"@type":"Person","@id":"https:\/\/www.noticiasradioreflejos.com.ar\/2021\/#\/schema\/person\/ad82545263dcc5ec0996818884fd5fb1","name":"Arnaldo Botto","image":{"@type":"ImageObject","inLanguage":"es","@id":"https:\/\/www.noticiasradioreflejos.com.ar\/2021\/#\/schema\/person\/image\/","url":"https:\/\/secure.gravatar.com\/avatar\/55cb5e37c1efa326397366e6974cb338056df65cb50e7d64d1cf314e87504837?s=96&d=mm&r=g","contentUrl":"https:\/\/secure.gravatar.com\/avatar\/55cb5e37c1efa326397366e6974cb338056df65cb50e7d64d1cf314e87504837?s=96&d=mm&r=g","caption":"Arnaldo Botto"},"url":"https:\/\/www.noticiasradioreflejos.com.ar\/2021\/author\/arnaldo\/"}]}},"_links":{"self":[{"href":"https:\/\/www.noticiasradioreflejos.com.ar\/2021\/wp-json\/wp\/v2\/posts\/72449","targetHints":{"allow":["GET"]}}],"collection":[{"href":"https:\/\/www.noticiasradioreflejos.com.ar\/2021\/wp-json\/wp\/v2\/posts"}],"about":[{"href":"https:\/\/www.noticiasradioreflejos.com.ar\/2021\/wp-json\/wp\/v2\/types\/post"}],"author":[{"embeddable":true,"href":"https:\/\/www.noticiasradioreflejos.com.ar\/2021\/wp-json\/wp\/v2\/users\/3"}],"replies":[{"embeddable":true,"href":"https:\/\/www.noticiasradioreflejos.com.ar\/2021\/wp-json\/wp\/v2\/comments?post=72449"}],"version-history":[{"count":3,"href":"https:\/\/www.noticiasradioreflejos.com.ar\/2021\/wp-json\/wp\/v2\/posts\/72449\/revisions"}],"predecessor-version":[{"id":72452,"href":"https:\/\/www.noticiasradioreflejos.com.ar\/2021\/wp-json\/wp\/v2\/posts\/72449\/revisions\/72452"}],"wp:featuredmedia":[{"embeddable":true,"href":"https:\/\/www.noticiasradioreflejos.com.ar\/2021\/wp-json\/wp\/v2\/media\/67263"}],"wp:attachment":[{"href":"https:\/\/www.noticiasradioreflejos.com.ar\/2021\/wp-json\/wp\/v2\/media?parent=72449"}],"wp:term":[{"taxonomy":"category","embeddable":true,"href":"https:\/\/www.noticiasradioreflejos.com.ar\/2021\/wp-json\/wp\/v2\/categories?post=72449"},{"taxonomy":"post_tag","embeddable":true,"href":"https:\/\/www.noticiasradioreflejos.com.ar\/2021\/wp-json\/wp\/v2\/tags?post=72449"}],"curies":[{"name":"wp","href":"https:\/\/api.w.org\/{rel}","templated":true}]}}