{"id":72446,"date":"2022-05-23T08:13:28","date_gmt":"2022-05-23T08:13:28","guid":{"rendered":"http:\/\/www.noticiasradioreflejos.com.ar\/2021\/?p=72446"},"modified":"2022-05-23T08:13:28","modified_gmt":"2022-05-23T08:13:28","slug":"la-justicia-acepto-tramitar-un-amparo-colectivo-para-anular-el-acuerdo-de-macri-con-el-fmi","status":"publish","type":"post","link":"https:\/\/www.noticiasradioreflejos.com.ar\/2021\/la-justicia-acepto-tramitar-un-amparo-colectivo-para-anular-el-acuerdo-de-macri-con-el-fmi\/","title":{"rendered":"La Justicia acept\u00f3 tramitar un amparo colectivo para anular el acuerdo de Macri con el FMI"},"content":{"rendered":"<div class=\"section-2-col article-header\">\n<div class=\"col 2-col\"><\/div>\n<\/div>\n<div class=\"section-2-col article-main-image\">\n<div class=\"col 1-col\">\n<div class=\"article-info\">\n<div class=\"social-media\" style=\"box-sizing: inherit; margin: 0px; padding: 0px; list-style: none;\">\n<p>El juez <b>Mart\u00edn Cormik acept\u00f3 tramitar un amparo colectivo para que se declare la nulidad<\/b>\u00a0del millonario pr\u00e9stamo que el Fondo Monetario Internacional (FMI) le otorg\u00f3 al gobierno de Mauricio Macri.<\/p>\n<\/div>\n<\/div>\n<\/div>\n<\/div>\n<p><!--more--><\/p>\n<div class=\"section-2-col article-main-content\">\n<div class=\"col 2-col\">\n<div class=\"article-main-content article-text \">\n<p>El 10 de marzo se hab\u00eda iniciado un amparo colectivo por parte de 121 personas, entre ellas el secretario General de ATE, Hugo \u201cCachorro\u201d Godoy y otros\u00a0 gremialistas y dirigentes pol\u00edticos. El objetivo de la presentaci\u00f3n era que se declare\u00a0\u00a0<b>\u00abla inconstitucionalidad y la nulidad absoluta e insanable de cada una de la cartas de intenci\u00f3n y de los acuerdos stand by firmados por el Poder Ejecutivo y el FMI durante 2018 y 2019\u00bb<\/b>. Los dirigentes argumentaron que en el acuerdo de Macri con el Fondo no se dio intervenci\u00f3n al Congreso Nacional, a la vez que no se cumpli\u00f3 con lo dispuesto por la ley\u00a0<b>24.156 de Administraci\u00f3n Financiera.\u00a0<\/b><\/p>\n<div id=\"talkFireEvent\"><\/div>\n<p><strong>La acci\u00f3n tambi\u00e9n busca que la justicia \u201cordene al Poder Ejecutivo y al Congreso Nacional a abstenerse de emitir actos o aprobar leyes que tengan por objeto, directo o indirecto, sanear, legalizar, subsanar, convalidar, cancelar los vencimientos o reconocer, el endeudamiento del Estado Argentino con el FMI realizado durante el a\u00f1o 2018\u201d.<\/strong><\/p>\n<p>La presentaci\u00f3n fue radicada en el Juzgado Contencioso Administrativo N\u00b011, a cargo de Mart\u00edn Cormick, quien el 17 de marzo admiti\u00f3\u00a0<b>la tramitaci\u00f3n del amparo conforme lo establecido en el art\u00edculo 43 de la Constituci\u00f3n Nacional<\/b>. Adem\u00e1s orden\u00f3 su inscripci\u00f3n en el Registro de Procesos Colectivo, seg\u00fan la resoluci\u00f3n publicada en el sitio\u00a0<i>Palabras del Derecho<\/i>. Semanas despu\u00e9s el Tribunal Contencioso Administrativo orden\u00f3 que se publique -en un diario de publicaci\u00f3n masiva y en el bolet\u00edn oficial- la existencia del amparo \u00aba fin de que los interesados puedan adherir a los efectos de conformar la legitimaci\u00f3n activa y pasiva de este proceso\u00bb.<\/p>\n<\/div>\n<\/div>\n<\/div>\n","protected":false},"excerpt":{"rendered":"<p>El juez Mart\u00edn Cormik acept\u00f3 tramitar un amparo colectivo para que se declare la nulidad\u00a0del millonario pr\u00e9stamo que el Fondo Monetario Internacional (FMI) le otorg\u00f3 al gobierno de Mauricio Macri.<\/p>\n","protected":false},"author":3,"featured_media":0,"comment_status":"closed","ping_status":"closed","sticky":false,"template":"","format":"standard","meta":{"footnotes":""},"categories":[57,24],"tags":[],"class_list":["post-72446","post","type-post","status-publish","format-standard","hentry","category-judiciales","category-politica"],"yoast_head":"<!-- This site is optimized with the Yoast SEO plugin v25.9 - https:\/\/yoast.com\/wordpress\/plugins\/seo\/ -->\n<title>La Justicia acept\u00f3 tramitar un amparo colectivo para anular el acuerdo de Macri con el FMI - Noticias Radio Reflejos<\/title>\n<meta name=\"robots\" content=\"index, follow, max-snippet:-1, max-image-preview:large, max-video-preview:-1\" \/>\n<link rel=\"canonical\" href=\"https:\/\/www.noticiasradioreflejos.com.ar\/2021\/la-justicia-acepto-tramitar-un-amparo-colectivo-para-anular-el-acuerdo-de-macri-con-el-fmi\/\" \/>\n<meta property=\"og:locale\" content=\"es_ES\" \/>\n<meta property=\"og:type\" content=\"article\" \/>\n<meta property=\"og:title\" content=\"La Justicia acept\u00f3 tramitar un amparo colectivo para anular el acuerdo de Macri con el FMI - Noticias Radio Reflejos\" \/>\n<meta property=\"og:description\" content=\"El juez Mart\u00edn Cormik acept\u00f3 tramitar un amparo colectivo para que se declare la nulidad\u00a0del millonario pr\u00e9stamo que el Fondo Monetario Internacional (FMI) le otorg\u00f3 al gobierno de Mauricio Macri.\" \/>\n<meta property=\"og:url\" content=\"https:\/\/www.noticiasradioreflejos.com.ar\/2021\/la-justicia-acepto-tramitar-un-amparo-colectivo-para-anular-el-acuerdo-de-macri-con-el-fmi\/\" \/>\n<meta property=\"og:site_name\" content=\"Noticias Radio Reflejos\" \/>\n<meta property=\"article:published_time\" content=\"2022-05-23T08:13:28+00:00\" \/>\n<meta property=\"og:image\" content=\"https:\/\/www.noticiasradioreflejos.com.ar\/2021\/wp-content\/uploads\/2021\/07\/logosol300x200.png\" \/>\n\t<meta property=\"og:image:width\" content=\"300\" \/>\n\t<meta property=\"og:image:height\" content=\"200\" \/>\n\t<meta property=\"og:image:type\" content=\"image\/png\" \/>\n<meta name=\"author\" content=\"Arnaldo Botto\" \/>\n<meta name=\"twitter:card\" content=\"summary_large_image\" \/>\n<script type=\"application\/ld+json\" class=\"yoast-schema-graph\">{\"@context\":\"https:\/\/schema.org\",\"@graph\":[{\"@type\":\"WebPage\",\"@id\":\"https:\/\/www.noticiasradioreflejos.com.ar\/2021\/la-justicia-acepto-tramitar-un-amparo-colectivo-para-anular-el-acuerdo-de-macri-con-el-fmi\/\",\"url\":\"https:\/\/www.noticiasradioreflejos.com.ar\/2021\/la-justicia-acepto-tramitar-un-amparo-colectivo-para-anular-el-acuerdo-de-macri-con-el-fmi\/\",\"name\":\"La Justicia acept\u00f3 tramitar un amparo colectivo para anular el acuerdo de Macri con el FMI - Noticias Radio Reflejos\",\"isPartOf\":{\"@id\":\"https:\/\/www.noticiasradioreflejos.com.ar\/2021\/#website\"},\"datePublished\":\"2022-05-23T08:13:28+00:00\",\"author\":{\"@id\":\"https:\/\/www.noticiasradioreflejos.com.ar\/2021\/#\/schema\/person\/ad82545263dcc5ec0996818884fd5fb1\"},\"breadcrumb\":{\"@id\":\"https:\/\/www.noticiasradioreflejos.com.ar\/2021\/la-justicia-acepto-tramitar-un-amparo-colectivo-para-anular-el-acuerdo-de-macri-con-el-fmi\/#breadcrumb\"},\"inLanguage\":\"es\",\"potentialAction\":[{\"@type\":\"ReadAction\",\"target\":[\"https:\/\/www.noticiasradioreflejos.com.ar\/2021\/la-justicia-acepto-tramitar-un-amparo-colectivo-para-anular-el-acuerdo-de-macri-con-el-fmi\/\"]}]},{\"@type\":\"BreadcrumbList\",\"@id\":\"https:\/\/www.noticiasradioreflejos.com.ar\/2021\/la-justicia-acepto-tramitar-un-amparo-colectivo-para-anular-el-acuerdo-de-macri-con-el-fmi\/#breadcrumb\",\"itemListElement\":[{\"@type\":\"ListItem\",\"position\":1,\"name\":\"Portada\",\"item\":\"https:\/\/www.noticiasradioreflejos.com.ar\/2021\/\"},{\"@type\":\"ListItem\",\"position\":2,\"name\":\"La Justicia acept\u00f3 tramitar un amparo colectivo para anular el acuerdo de Macri con el FMI\"}]},{\"@type\":\"WebSite\",\"@id\":\"https:\/\/www.noticiasradioreflejos.com.ar\/2021\/#website\",\"url\":\"https:\/\/www.noticiasradioreflejos.com.ar\/2021\/\",\"name\":\"Noticias Radio Reflejos\",\"description\":\"Las noticias de mi comarca\",\"potentialAction\":[{\"@type\":\"SearchAction\",\"target\":{\"@type\":\"EntryPoint\",\"urlTemplate\":\"https:\/\/www.noticiasradioreflejos.com.ar\/2021\/?s={search_term_string}\"},\"query-input\":{\"@type\":\"PropertyValueSpecification\",\"valueRequired\":true,\"valueName\":\"search_term_string\"}}],\"inLanguage\":\"es\"},{\"@type\":\"Person\",\"@id\":\"https:\/\/www.noticiasradioreflejos.com.ar\/2021\/#\/schema\/person\/ad82545263dcc5ec0996818884fd5fb1\",\"name\":\"Arnaldo Botto\",\"image\":{\"@type\":\"ImageObject\",\"inLanguage\":\"es\",\"@id\":\"https:\/\/www.noticiasradioreflejos.com.ar\/2021\/#\/schema\/person\/image\/\",\"url\":\"https:\/\/secure.gravatar.com\/avatar\/55cb5e37c1efa326397366e6974cb338056df65cb50e7d64d1cf314e87504837?s=96&d=mm&r=g\",\"contentUrl\":\"https:\/\/secure.gravatar.com\/avatar\/55cb5e37c1efa326397366e6974cb338056df65cb50e7d64d1cf314e87504837?s=96&d=mm&r=g\",\"caption\":\"Arnaldo Botto\"},\"url\":\"https:\/\/www.noticiasradioreflejos.com.ar\/2021\/author\/arnaldo\/\"}]}<\/script>\n<!-- \/ Yoast SEO plugin. -->","yoast_head_json":{"title":"La Justicia acept\u00f3 tramitar un amparo colectivo para anular el acuerdo de Macri con el FMI - Noticias Radio Reflejos","robots":{"index":"index","follow":"follow","max-snippet":"max-snippet:-1","max-image-preview":"max-image-preview:large","max-video-preview":"max-video-preview:-1"},"canonical":"https:\/\/www.noticiasradioreflejos.com.ar\/2021\/la-justicia-acepto-tramitar-un-amparo-colectivo-para-anular-el-acuerdo-de-macri-con-el-fmi\/","og_locale":"es_ES","og_type":"article","og_title":"La Justicia acept\u00f3 tramitar un amparo colectivo para anular el acuerdo de Macri con el FMI - Noticias Radio Reflejos","og_description":"El juez Mart\u00edn Cormik acept\u00f3 tramitar un amparo colectivo para que se declare la nulidad\u00a0del millonario pr\u00e9stamo que el Fondo Monetario Internacional (FMI) le otorg\u00f3 al gobierno de Mauricio Macri.","og_url":"https:\/\/www.noticiasradioreflejos.com.ar\/2021\/la-justicia-acepto-tramitar-un-amparo-colectivo-para-anular-el-acuerdo-de-macri-con-el-fmi\/","og_site_name":"Noticias Radio Reflejos","article_published_time":"2022-05-23T08:13:28+00:00","og_image":[{"width":300,"height":200,"url":"https:\/\/www.noticiasradioreflejos.com.ar\/2021\/wp-content\/uploads\/2021\/07\/logosol300x200.png","type":"image\/png"}],"author":"Arnaldo Botto","twitter_card":"summary_large_image","schema":{"@context":"https:\/\/schema.org","@graph":[{"@type":"WebPage","@id":"https:\/\/www.noticiasradioreflejos.com.ar\/2021\/la-justicia-acepto-tramitar-un-amparo-colectivo-para-anular-el-acuerdo-de-macri-con-el-fmi\/","url":"https:\/\/www.noticiasradioreflejos.com.ar\/2021\/la-justicia-acepto-tramitar-un-amparo-colectivo-para-anular-el-acuerdo-de-macri-con-el-fmi\/","name":"La Justicia acept\u00f3 tramitar un amparo colectivo para anular el acuerdo de Macri con el FMI - Noticias Radio Reflejos","isPartOf":{"@id":"https:\/\/www.noticiasradioreflejos.com.ar\/2021\/#website"},"datePublished":"2022-05-23T08:13:28+00:00","author":{"@id":"https:\/\/www.noticiasradioreflejos.com.ar\/2021\/#\/schema\/person\/ad82545263dcc5ec0996818884fd5fb1"},"breadcrumb":{"@id":"https:\/\/www.noticiasradioreflejos.com.ar\/2021\/la-justicia-acepto-tramitar-un-amparo-colectivo-para-anular-el-acuerdo-de-macri-con-el-fmi\/#breadcrumb"},"inLanguage":"es","potentialAction":[{"@type":"ReadAction","target":["https:\/\/www.noticiasradioreflejos.com.ar\/2021\/la-justicia-acepto-tramitar-un-amparo-colectivo-para-anular-el-acuerdo-de-macri-con-el-fmi\/"]}]},{"@type":"BreadcrumbList","@id":"https:\/\/www.noticiasradioreflejos.com.ar\/2021\/la-justicia-acepto-tramitar-un-amparo-colectivo-para-anular-el-acuerdo-de-macri-con-el-fmi\/#breadcrumb","itemListElement":[{"@type":"ListItem","position":1,"name":"Portada","item":"https:\/\/www.noticiasradioreflejos.com.ar\/2021\/"},{"@type":"ListItem","position":2,"name":"La Justicia acept\u00f3 tramitar un amparo colectivo para anular el acuerdo de Macri con el FMI"}]},{"@type":"WebSite","@id":"https:\/\/www.noticiasradioreflejos.com.ar\/2021\/#website","url":"https:\/\/www.noticiasradioreflejos.com.ar\/2021\/","name":"Noticias Radio Reflejos","description":"Las noticias de mi comarca","potentialAction":[{"@type":"SearchAction","target":{"@type":"EntryPoint","urlTemplate":"https:\/\/www.noticiasradioreflejos.com.ar\/2021\/?s={search_term_string}"},"query-input":{"@type":"PropertyValueSpecification","valueRequired":true,"valueName":"search_term_string"}}],"inLanguage":"es"},{"@type":"Person","@id":"https:\/\/www.noticiasradioreflejos.com.ar\/2021\/#\/schema\/person\/ad82545263dcc5ec0996818884fd5fb1","name":"Arnaldo Botto","image":{"@type":"ImageObject","inLanguage":"es","@id":"https:\/\/www.noticiasradioreflejos.com.ar\/2021\/#\/schema\/person\/image\/","url":"https:\/\/secure.gravatar.com\/avatar\/55cb5e37c1efa326397366e6974cb338056df65cb50e7d64d1cf314e87504837?s=96&d=mm&r=g","contentUrl":"https:\/\/secure.gravatar.com\/avatar\/55cb5e37c1efa326397366e6974cb338056df65cb50e7d64d1cf314e87504837?s=96&d=mm&r=g","caption":"Arnaldo Botto"},"url":"https:\/\/www.noticiasradioreflejos.com.ar\/2021\/author\/arnaldo\/"}]}},"_links":{"self":[{"href":"https:\/\/www.noticiasradioreflejos.com.ar\/2021\/wp-json\/wp\/v2\/posts\/72446","targetHints":{"allow":["GET"]}}],"collection":[{"href":"https:\/\/www.noticiasradioreflejos.com.ar\/2021\/wp-json\/wp\/v2\/posts"}],"about":[{"href":"https:\/\/www.noticiasradioreflejos.com.ar\/2021\/wp-json\/wp\/v2\/types\/post"}],"author":[{"embeddable":true,"href":"https:\/\/www.noticiasradioreflejos.com.ar\/2021\/wp-json\/wp\/v2\/users\/3"}],"replies":[{"embeddable":true,"href":"https:\/\/www.noticiasradioreflejos.com.ar\/2021\/wp-json\/wp\/v2\/comments?post=72446"}],"version-history":[{"count":1,"href":"https:\/\/www.noticiasradioreflejos.com.ar\/2021\/wp-json\/wp\/v2\/posts\/72446\/revisions"}],"predecessor-version":[{"id":72448,"href":"https:\/\/www.noticiasradioreflejos.com.ar\/2021\/wp-json\/wp\/v2\/posts\/72446\/revisions\/72448"}],"wp:attachment":[{"href":"https:\/\/www.noticiasradioreflejos.com.ar\/2021\/wp-json\/wp\/v2\/media?parent=72446"}],"wp:term":[{"taxonomy":"category","embeddable":true,"href":"https:\/\/www.noticiasradioreflejos.com.ar\/2021\/wp-json\/wp\/v2\/categories?post=72446"},{"taxonomy":"post_tag","embeddable":true,"href":"https:\/\/www.noticiasradioreflejos.com.ar\/2021\/wp-json\/wp\/v2\/tags?post=72446"}],"curies":[{"name":"wp","href":"https:\/\/api.w.org\/{rel}","templated":true}]}}