{"id":72444,"date":"2022-05-23T08:09:29","date_gmt":"2022-05-23T08:09:29","guid":{"rendered":"http:\/\/www.noticiasradioreflejos.com.ar\/2021\/?p=72444"},"modified":"2022-05-23T08:09:29","modified_gmt":"2022-05-23T08:09:29","slug":"reintegro-para-monotributistas-y-autonomos","status":"publish","type":"post","link":"https:\/\/www.noticiasradioreflejos.com.ar\/2021\/reintegro-para-monotributistas-y-autonomos\/","title":{"rendered":"Reintegro para monotributistas y aut\u00f3nomos"},"content":{"rendered":"<div class=\"section-2-col article-header\">\n<div class=\"col 2-col\">\n<p>El beneficio al cumplimiento alcanza a m\u00e1s de 649 mil peque\u00f1os contribuyentes: 557 mil monotributistas y 92 mil aut\u00f3nomos.<\/p>\n<\/div>\n<\/div>\n<p><!--more--><\/p>\n<div class=\"section-2-col article-main-image\">\n<div class=\"col 2-col\">\n<div class=\"article-main-media-image__container\">\n<div class=\"image-wrapper\">\n<figure>\n<figure class=\"object-fit-block--contain intrinsic-container intrinsic-container-3x2\"><img decoding=\"async\" class=\" \" src=\"https:\/\/images.pagina12.com.ar\/styles\/focal_3_2_960x640\/public\/2022-05\/533257-whatsapp-20image-202022-05-22-20at-205-44-22-20pm.jpeg?itok=8GIk4On1\" alt=\" (Fuente: Alejandro Leiva)\" \/><\/figure><figcaption>. Imagen: Alejandro Leiva<\/figcaption><\/figure>\n<\/div>\n<\/div>\n<\/div>\n<\/div>\n<div class=\"section-2-col article-main-content\">\n<div class=\"col 1-col\"><\/div>\n<div class=\"col 2-col\">\n<div class=\"article-main-content article-text \">\n<p>La AFIP reintegrar\u00e1 m\u00e1s de 1345 millones de pesos a monotributistas y aut\u00f3nomos que abonaron durante 2021 sus obligaciones por d\u00e9bito autom\u00e1tico o tarjeta de cr\u00e9dito. El beneficio al cumplimiento alcanza a m\u00e1s de 649 mil peque\u00f1os contribuyentes de todo el pa\u00eds: 557 mil monotributistas y 92 mil aut\u00f3nomos.<\/p>\n<p>La medida implementada por el organismo que encabeza Mercedes Marc\u00f3 del Pont consiste en la devoluci\u00f3n de una porci\u00f3n del componente impositivo abonado a lo largo del a\u00f1o. Alcanza a quienes hayan pagado en tiempo y forma su cuota mensual. La cantidad de peque\u00f1os contribuyentes que recibir\u00e1n el reintegro este a\u00f1o es un 62 por ciento superior a la de 2021. El incremento responde principalmente a un mayor cumplimiento por parte de los monotributistas y aut\u00f3nomos.<\/p>\n<div id=\"talkFireEvent\"><\/div>\n<p>Las personas beneficiadas recibir\u00e1n un importe equivalente al impuesto integrado mensual. El pago ser\u00e1 acreditado autom\u00e1ticamente en las cuentas bancarias o tarjetas de cr\u00e9dito adheridas como medio de pago por cada uno de los contribuyentes cumplidores. Aquellos contribuyentes que hayan iniciado la actividad el a\u00f1o pasado y por ello no hubieran abonado 12 meses completos tendr\u00e1n la devoluci\u00f3n del 50 por ciento, siempre que la cantidad de cuotas pagadas en t\u00e9rmino fueran entre 6 y 11, ambas inclusive.<\/p>\n<p>El monto acreditado -o los motivos por los cuales no se realiz\u00f3 el reintegro- podr\u00e1 consultarse en el servicio \u201cCCMA \u2013 Cuenta Corriente de Monotributistas y Aut\u00f3nomos\u201d, al que se ingresa con clave fiscal.<\/p>\n<p>AFIP aclar\u00f3 adem\u00e1s que los peque\u00f1os contribuyentes que deseen adherir al d\u00e9bito autom\u00e1tico pueden obtener informaci\u00f3n de c\u00f3mo hacerlo en\u00a0<a href=\"https:\/\/serviciosweb.afip.gob.ar\/genericos\/guiaDeTramites\/VerGuia.aspx?tr=69\" target=\"_blank\" rel=\"noopener\">https:\/\/serviciosweb.afip.gob.ar\/genericos\/guiaDeTramites\/VerGuia.aspx?tr=69<\/a><\/p>\n<h2><b>Moratoria y condonaci\u00f3n<\/b><\/h2>\n<p>El reintegro para monotributistas y aut\u00f3nomos se suma a otros beneficios puestos en pr\u00e1ctica en los \u00faltimos meses para peque\u00f1os contribuyentes como la moratoria y la condonaci\u00f3n de deudas hasta 100.000 pesos, contenidos en la ley de alivio fiscal. Esas herramientas fueron utilizadas por m\u00e1s de 857.000 peque\u00f1os contribuyentes.<\/p>\n<p>La AFIP habilit\u00f3 en diciembre la condonaci\u00f3n de deudas prevista en la ley de alivio fiscal. Los contribuyentes pudieron solicitar este beneficio para regularizar obligaciones tributarias, aduaneras y de seguridad social vencidas al 31 de agosto de 2021. El perd\u00f3n fiscal incluy\u00f3 los intereses resarcitorios, punitorios, multas y sanciones.<\/p>\n<p>La condonaci\u00f3n de deudas la pudieron solicitar entidades y organizaciones sin fines de lucro como clubes de barrio, cooperativas de trabajo y escolares, bibliotecas populares y organizaciones comunitarias. Tambi\u00e9n abarc\u00f3 deudas inferiores a 100.000 pesos de monotributistas y otros peque\u00f1os contribuyentes, y de micro y peque\u00f1as empresas que cuentan con el Certificado MiPME.<\/p>\n<p>&nbsp;<\/p>\n<p>La ley de alivio fiscal incluy\u00f3 adem\u00e1s la moratoria para obligaciones vencidas al 31 de agosto de 2021 y un mecanismo para rehabilitar planes de pago caducos, ambos ya vigentes. Asimismo incorpor\u00f3 beneficios para contribuyentes cumplidores y la implementaci\u00f3n de procedimientos para facilitar el cumplimiento de las obligaciones resultantes de los procesos de fiscalizaci\u00f3n.<\/p>\n<\/div>\n<\/div>\n<\/div>\n","protected":false},"excerpt":{"rendered":"<p>El beneficio al cumplimiento alcanza a m\u00e1s de 649 mil peque\u00f1os contribuyentes: 557 mil monotributistas y 92 mil aut\u00f3nomos.<\/p>\n","protected":false},"author":3,"featured_media":55951,"comment_status":"closed","ping_status":"closed","sticky":false,"template":"","format":"standard","meta":{"footnotes":""},"categories":[36,58],"tags":[],"class_list":["post-72444","post","type-post","status-publish","format-standard","has-post-thumbnail","hentry","category-economia","category-gobierno"],"yoast_head":"<!-- This site is optimized with the Yoast SEO plugin v25.9 - https:\/\/yoast.com\/wordpress\/plugins\/seo\/ -->\n<title>Reintegro para monotributistas y aut\u00f3nomos - Noticias Radio Reflejos<\/title>\n<meta name=\"robots\" content=\"index, follow, max-snippet:-1, max-image-preview:large, max-video-preview:-1\" \/>\n<link rel=\"canonical\" href=\"https:\/\/www.noticiasradioreflejos.com.ar\/2021\/reintegro-para-monotributistas-y-autonomos\/\" \/>\n<meta property=\"og:locale\" content=\"es_ES\" \/>\n<meta property=\"og:type\" content=\"article\" \/>\n<meta property=\"og:title\" content=\"Reintegro para monotributistas y aut\u00f3nomos - Noticias Radio Reflejos\" \/>\n<meta property=\"og:description\" content=\"El beneficio al cumplimiento alcanza a m\u00e1s de 649 mil peque\u00f1os contribuyentes: 557 mil monotributistas y 92 mil aut\u00f3nomos.\" \/>\n<meta property=\"og:url\" content=\"https:\/\/www.noticiasradioreflejos.com.ar\/2021\/reintegro-para-monotributistas-y-autonomos\/\" \/>\n<meta property=\"og:site_name\" content=\"Noticias Radio Reflejos\" \/>\n<meta property=\"article:published_time\" content=\"2022-05-23T08:09:29+00:00\" \/>\n<meta property=\"og:image\" content=\"https:\/\/www.noticiasradioreflejos.com.ar\/2021\/wp-content\/uploads\/2021\/04\/afip.jpg\" \/>\n\t<meta property=\"og:image:width\" content=\"1004\" \/>\n\t<meta property=\"og:image:height\" content=\"669\" \/>\n\t<meta property=\"og:image:type\" content=\"image\/jpeg\" \/>\n<meta name=\"author\" content=\"Arnaldo Botto\" \/>\n<meta name=\"twitter:card\" content=\"summary_large_image\" \/>\n<script type=\"application\/ld+json\" class=\"yoast-schema-graph\">{\"@context\":\"https:\/\/schema.org\",\"@graph\":[{\"@type\":\"WebPage\",\"@id\":\"https:\/\/www.noticiasradioreflejos.com.ar\/2021\/reintegro-para-monotributistas-y-autonomos\/\",\"url\":\"https:\/\/www.noticiasradioreflejos.com.ar\/2021\/reintegro-para-monotributistas-y-autonomos\/\",\"name\":\"Reintegro para monotributistas y aut\u00f3nomos - Noticias Radio Reflejos\",\"isPartOf\":{\"@id\":\"https:\/\/www.noticiasradioreflejos.com.ar\/2021\/#website\"},\"primaryImageOfPage\":{\"@id\":\"https:\/\/www.noticiasradioreflejos.com.ar\/2021\/reintegro-para-monotributistas-y-autonomos\/#primaryimage\"},\"image\":{\"@id\":\"https:\/\/www.noticiasradioreflejos.com.ar\/2021\/reintegro-para-monotributistas-y-autonomos\/#primaryimage\"},\"thumbnailUrl\":\"https:\/\/www.noticiasradioreflejos.com.ar\/2021\/wp-content\/uploads\/2021\/04\/afip.jpg\",\"datePublished\":\"2022-05-23T08:09:29+00:00\",\"author\":{\"@id\":\"https:\/\/www.noticiasradioreflejos.com.ar\/2021\/#\/schema\/person\/ad82545263dcc5ec0996818884fd5fb1\"},\"breadcrumb\":{\"@id\":\"https:\/\/www.noticiasradioreflejos.com.ar\/2021\/reintegro-para-monotributistas-y-autonomos\/#breadcrumb\"},\"inLanguage\":\"es\",\"potentialAction\":[{\"@type\":\"ReadAction\",\"target\":[\"https:\/\/www.noticiasradioreflejos.com.ar\/2021\/reintegro-para-monotributistas-y-autonomos\/\"]}]},{\"@type\":\"ImageObject\",\"inLanguage\":\"es\",\"@id\":\"https:\/\/www.noticiasradioreflejos.com.ar\/2021\/reintegro-para-monotributistas-y-autonomos\/#primaryimage\",\"url\":\"https:\/\/www.noticiasradioreflejos.com.ar\/2021\/wp-content\/uploads\/2021\/04\/afip.jpg\",\"contentUrl\":\"https:\/\/www.noticiasradioreflejos.com.ar\/2021\/wp-content\/uploads\/2021\/04\/afip.jpg\",\"width\":1004,\"height\":669},{\"@type\":\"BreadcrumbList\",\"@id\":\"https:\/\/www.noticiasradioreflejos.com.ar\/2021\/reintegro-para-monotributistas-y-autonomos\/#breadcrumb\",\"itemListElement\":[{\"@type\":\"ListItem\",\"position\":1,\"name\":\"Portada\",\"item\":\"https:\/\/www.noticiasradioreflejos.com.ar\/2021\/\"},{\"@type\":\"ListItem\",\"position\":2,\"name\":\"Reintegro para monotributistas y aut\u00f3nomos\"}]},{\"@type\":\"WebSite\",\"@id\":\"https:\/\/www.noticiasradioreflejos.com.ar\/2021\/#website\",\"url\":\"https:\/\/www.noticiasradioreflejos.com.ar\/2021\/\",\"name\":\"Noticias Radio Reflejos\",\"description\":\"Las noticias de mi comarca\",\"potentialAction\":[{\"@type\":\"SearchAction\",\"target\":{\"@type\":\"EntryPoint\",\"urlTemplate\":\"https:\/\/www.noticiasradioreflejos.com.ar\/2021\/?s={search_term_string}\"},\"query-input\":{\"@type\":\"PropertyValueSpecification\",\"valueRequired\":true,\"valueName\":\"search_term_string\"}}],\"inLanguage\":\"es\"},{\"@type\":\"Person\",\"@id\":\"https:\/\/www.noticiasradioreflejos.com.ar\/2021\/#\/schema\/person\/ad82545263dcc5ec0996818884fd5fb1\",\"name\":\"Arnaldo Botto\",\"image\":{\"@type\":\"ImageObject\",\"inLanguage\":\"es\",\"@id\":\"https:\/\/www.noticiasradioreflejos.com.ar\/2021\/#\/schema\/person\/image\/\",\"url\":\"https:\/\/secure.gravatar.com\/avatar\/55cb5e37c1efa326397366e6974cb338056df65cb50e7d64d1cf314e87504837?s=96&d=mm&r=g\",\"contentUrl\":\"https:\/\/secure.gravatar.com\/avatar\/55cb5e37c1efa326397366e6974cb338056df65cb50e7d64d1cf314e87504837?s=96&d=mm&r=g\",\"caption\":\"Arnaldo Botto\"},\"url\":\"https:\/\/www.noticiasradioreflejos.com.ar\/2021\/author\/arnaldo\/\"}]}<\/script>\n<!-- \/ Yoast SEO plugin. -->","yoast_head_json":{"title":"Reintegro para monotributistas y aut\u00f3nomos - Noticias Radio Reflejos","robots":{"index":"index","follow":"follow","max-snippet":"max-snippet:-1","max-image-preview":"max-image-preview:large","max-video-preview":"max-video-preview:-1"},"canonical":"https:\/\/www.noticiasradioreflejos.com.ar\/2021\/reintegro-para-monotributistas-y-autonomos\/","og_locale":"es_ES","og_type":"article","og_title":"Reintegro para monotributistas y aut\u00f3nomos - Noticias Radio Reflejos","og_description":"El beneficio al cumplimiento alcanza a m\u00e1s de 649 mil peque\u00f1os contribuyentes: 557 mil monotributistas y 92 mil aut\u00f3nomos.","og_url":"https:\/\/www.noticiasradioreflejos.com.ar\/2021\/reintegro-para-monotributistas-y-autonomos\/","og_site_name":"Noticias Radio Reflejos","article_published_time":"2022-05-23T08:09:29+00:00","og_image":[{"width":1004,"height":669,"url":"https:\/\/www.noticiasradioreflejos.com.ar\/2021\/wp-content\/uploads\/2021\/04\/afip.jpg","type":"image\/jpeg"}],"author":"Arnaldo Botto","twitter_card":"summary_large_image","schema":{"@context":"https:\/\/schema.org","@graph":[{"@type":"WebPage","@id":"https:\/\/www.noticiasradioreflejos.com.ar\/2021\/reintegro-para-monotributistas-y-autonomos\/","url":"https:\/\/www.noticiasradioreflejos.com.ar\/2021\/reintegro-para-monotributistas-y-autonomos\/","name":"Reintegro para monotributistas y aut\u00f3nomos - Noticias Radio Reflejos","isPartOf":{"@id":"https:\/\/www.noticiasradioreflejos.com.ar\/2021\/#website"},"primaryImageOfPage":{"@id":"https:\/\/www.noticiasradioreflejos.com.ar\/2021\/reintegro-para-monotributistas-y-autonomos\/#primaryimage"},"image":{"@id":"https:\/\/www.noticiasradioreflejos.com.ar\/2021\/reintegro-para-monotributistas-y-autonomos\/#primaryimage"},"thumbnailUrl":"https:\/\/www.noticiasradioreflejos.com.ar\/2021\/wp-content\/uploads\/2021\/04\/afip.jpg","datePublished":"2022-05-23T08:09:29+00:00","author":{"@id":"https:\/\/www.noticiasradioreflejos.com.ar\/2021\/#\/schema\/person\/ad82545263dcc5ec0996818884fd5fb1"},"breadcrumb":{"@id":"https:\/\/www.noticiasradioreflejos.com.ar\/2021\/reintegro-para-monotributistas-y-autonomos\/#breadcrumb"},"inLanguage":"es","potentialAction":[{"@type":"ReadAction","target":["https:\/\/www.noticiasradioreflejos.com.ar\/2021\/reintegro-para-monotributistas-y-autonomos\/"]}]},{"@type":"ImageObject","inLanguage":"es","@id":"https:\/\/www.noticiasradioreflejos.com.ar\/2021\/reintegro-para-monotributistas-y-autonomos\/#primaryimage","url":"https:\/\/www.noticiasradioreflejos.com.ar\/2021\/wp-content\/uploads\/2021\/04\/afip.jpg","contentUrl":"https:\/\/www.noticiasradioreflejos.com.ar\/2021\/wp-content\/uploads\/2021\/04\/afip.jpg","width":1004,"height":669},{"@type":"BreadcrumbList","@id":"https:\/\/www.noticiasradioreflejos.com.ar\/2021\/reintegro-para-monotributistas-y-autonomos\/#breadcrumb","itemListElement":[{"@type":"ListItem","position":1,"name":"Portada","item":"https:\/\/www.noticiasradioreflejos.com.ar\/2021\/"},{"@type":"ListItem","position":2,"name":"Reintegro para monotributistas y aut\u00f3nomos"}]},{"@type":"WebSite","@id":"https:\/\/www.noticiasradioreflejos.com.ar\/2021\/#website","url":"https:\/\/www.noticiasradioreflejos.com.ar\/2021\/","name":"Noticias Radio Reflejos","description":"Las noticias de mi comarca","potentialAction":[{"@type":"SearchAction","target":{"@type":"EntryPoint","urlTemplate":"https:\/\/www.noticiasradioreflejos.com.ar\/2021\/?s={search_term_string}"},"query-input":{"@type":"PropertyValueSpecification","valueRequired":true,"valueName":"search_term_string"}}],"inLanguage":"es"},{"@type":"Person","@id":"https:\/\/www.noticiasradioreflejos.com.ar\/2021\/#\/schema\/person\/ad82545263dcc5ec0996818884fd5fb1","name":"Arnaldo Botto","image":{"@type":"ImageObject","inLanguage":"es","@id":"https:\/\/www.noticiasradioreflejos.com.ar\/2021\/#\/schema\/person\/image\/","url":"https:\/\/secure.gravatar.com\/avatar\/55cb5e37c1efa326397366e6974cb338056df65cb50e7d64d1cf314e87504837?s=96&d=mm&r=g","contentUrl":"https:\/\/secure.gravatar.com\/avatar\/55cb5e37c1efa326397366e6974cb338056df65cb50e7d64d1cf314e87504837?s=96&d=mm&r=g","caption":"Arnaldo Botto"},"url":"https:\/\/www.noticiasradioreflejos.com.ar\/2021\/author\/arnaldo\/"}]}},"_links":{"self":[{"href":"https:\/\/www.noticiasradioreflejos.com.ar\/2021\/wp-json\/wp\/v2\/posts\/72444","targetHints":{"allow":["GET"]}}],"collection":[{"href":"https:\/\/www.noticiasradioreflejos.com.ar\/2021\/wp-json\/wp\/v2\/posts"}],"about":[{"href":"https:\/\/www.noticiasradioreflejos.com.ar\/2021\/wp-json\/wp\/v2\/types\/post"}],"author":[{"embeddable":true,"href":"https:\/\/www.noticiasradioreflejos.com.ar\/2021\/wp-json\/wp\/v2\/users\/3"}],"replies":[{"embeddable":true,"href":"https:\/\/www.noticiasradioreflejos.com.ar\/2021\/wp-json\/wp\/v2\/comments?post=72444"}],"version-history":[{"count":1,"href":"https:\/\/www.noticiasradioreflejos.com.ar\/2021\/wp-json\/wp\/v2\/posts\/72444\/revisions"}],"predecessor-version":[{"id":72445,"href":"https:\/\/www.noticiasradioreflejos.com.ar\/2021\/wp-json\/wp\/v2\/posts\/72444\/revisions\/72445"}],"wp:featuredmedia":[{"embeddable":true,"href":"https:\/\/www.noticiasradioreflejos.com.ar\/2021\/wp-json\/wp\/v2\/media\/55951"}],"wp:attachment":[{"href":"https:\/\/www.noticiasradioreflejos.com.ar\/2021\/wp-json\/wp\/v2\/media?parent=72444"}],"wp:term":[{"taxonomy":"category","embeddable":true,"href":"https:\/\/www.noticiasradioreflejos.com.ar\/2021\/wp-json\/wp\/v2\/categories?post=72444"},{"taxonomy":"post_tag","embeddable":true,"href":"https:\/\/www.noticiasradioreflejos.com.ar\/2021\/wp-json\/wp\/v2\/tags?post=72444"}],"curies":[{"name":"wp","href":"https:\/\/api.w.org\/{rel}","templated":true}]}}