{"id":72433,"date":"2022-05-22T21:50:19","date_gmt":"2022-05-22T21:50:19","guid":{"rendered":"http:\/\/www.noticiasradioreflejos.com.ar\/2021\/?p=72433"},"modified":"2022-05-23T10:10:44","modified_gmt":"2022-05-23T10:10:44","slug":"lanzaron-el-programa-turistico-la-ruta-natural-con-mas-de-150-destinos-imperdibles","status":"publish","type":"post","link":"https:\/\/www.noticiasradioreflejos.com.ar\/2021\/lanzaron-el-programa-turistico-la-ruta-natural-con-mas-de-150-destinos-imperdibles\/","title":{"rendered":"Lanzaron el programa tur\u00edstico La Ruta Natural con m\u00e1s de 150 destinos \u00abimperdibles\u00bb"},"content":{"rendered":"<p>Se trata de un sitio web que concentra la informaci\u00f3n tur\u00edstica de 17 rutas de recorridos para disfrutar de la naturaleza.<!--more--><\/p>\n<figure class=\"mb-3\"><img decoding=\"async\" src=\"https:\/\/www.telam.com.ar\/thumbs\/bluesteel\/advf\/imagenes\/2022\/05\/628aa29bbe5ce_900.jpg\" alt=\"La Ruta de los Siete Lagos en Neuqun \" width=\"100%\" height=\"100%\" \/><\/p>\n<div class=\"media-icons\"><\/div><figcaption><span style=\"color: #ff6600;\"><span style=\"color: #ff6600;\"><em><strong>La Ruta de los Siete Lagos en Neuqu\u00e9n.<\/strong><\/em><\/span><\/span>&nbsp;<\/p>\n<\/figcaption><\/figure>\n<p>La Ruta Natural, un programa que\u00a0<strong>incluye m\u00e1s de 150 destinos de aire libre<\/strong>\u00a0en todo el pa\u00eds, fue presentado este domingo por el Ministerio de Turismo y Deportes, en el\u00a0<strong>D\u00eda Internacional de la Diversidad Biol\u00f3gica\u00a0<\/strong>y en un contexto en el que\u00a0<strong>\u00abel turismo de naturaleza es la gran demanda en esta nueva etapa\u00bb<\/strong>, seg\u00fan dijo el titular de esa cartera, Mat\u00edas Lammens.<\/p>\n<p>El nuevo sitio web\u00a0<a href=\"https:\/\/www.argentina.gob.ar\/turismoydeportes\/larutanatural\" target=\"_blank\" rel=\"noopener\">larutanatural.gob.ar\u00a0<\/a>concentra toda la informaci\u00f3n necesaria para que el turista pueda elegir y planificar viajes en los destinos de naturaleza seleccionados como \u00abimperdibles\u00bb, en todos los paisajes y climas del pa\u00eds, mediante 17 opciones o \u00abRutas\u00bb.<\/p>\n<p>Este programa online para la promoci\u00f3n y el desarrollo del turismo de naturaleza en todo el pa\u00eds \u00abya obtuvo financiamiento del Banco Interamericano de Desarrollo por\u00a0<strong>33 millones de d\u00f3lares para seguir potenciando la infraestructura de nuestros destinos\u00bb,<\/strong>\u00a0se\u00f1alaron a T\u00e9lam desde ese ministerio.<\/p>\n<figure class=\"mb-3\"><img decoding=\"async\" src=\"https:\/\/www.telam.com.ar\/thumbs\/bluesteel\/advf\/imagenes\/2022\/05\/628aa29b9fafd_900.jpg\" alt=\"Jujuy y el rea de salinas \" width=\"100%\" height=\"100%\" \/><\/p>\n<div class=\"media-icons\"><\/div><figcaption><span style=\"color: #ff6600;\"><span style=\"color: #ff6600;\"><em><strong>Jujuy y el \u00e1rea de salinas.<\/strong><\/em><\/span><\/span>&nbsp;<\/p>\n<\/figcaption><\/figure>\n<p>La Ruta Natural ofrece tambi\u00e9n<strong>\u00a050 experiencias para vivir la naturaleza,<\/strong>\u00a0que pueden ser mediante turismo astron\u00f3mico, de aventura, paleontol\u00f3gico, de naturaleza en marco urbano, observaci\u00f3n de aves y avistamiento de fauna en general.<\/p>\n<p>Adem\u00e1s, contiene un apartado sobre rutas esc\u00e9nicas (nacionales y provinciales) e informaci\u00f3n acerca de los parques nacionales, que en muchos casos albergan tambi\u00e9n sitios \u00abimperdibles\u00bb y son escenario de las experiencias recomendadas.<\/p>\n<p>Cada \u00abimperdible\u00bb cuenta con informaci\u00f3n detallada y actualizada sobre qu\u00e9 hacer en el lugar, c\u00f3mo llegar, el mejor momento para ir, d\u00f3nde dormir y muchas otras recomendaciones pr\u00e1cticas.<\/p>\n<figure class=\"mb-3\"><img decoding=\"async\" src=\"https:\/\/www.telam.com.ar\/thumbs\/bluesteel\/advf\/imagenes\/2022\/05\/628aa29b7fed5_900.jpg\" alt=\"El Parque Nacional Los Glaciares en Santa Cruz \" width=\"100%\" height=\"100%\" \/><\/p>\n<div class=\"media-icons\"><\/div><figcaption><em><strong><span style=\"color: #ff6600;\">El Parque Nacional Los Glaciares en Santa Cruz.<\/span><\/strong><\/em><\/figcaption><\/figure>\n<p>Acampar bajo las estrellas; caminar sobre glaciares; encuentros con ballenas, carpinchos y ping\u00fcinos, y recorridos por la selva, la puna o esteros, son parte de las experiencias que se proponen en los ambientes naturales, pero tambi\u00e9n en espacios urbanos como la Reserva Ecol\u00f3gica Costanera Sur, de la Ciudad de Buenos Aires, que es uno de los \u00abimperdibles\u00bb.<\/p>\n<p>Las\u00a0<strong>17 Rutas<\/strong>\u00a0propuestas son las del Mar Patag\u00f3nico, de la Patagonia Austral, de la Patagonia Andina, del Fin del Mundo, de la Estepa, de la Puna, de la Selva Misionera, del Iber\u00e1, del Gran Chaco, de las Llanuras y la Costa Atl\u00e1ntica, de los Altos Andes, de los Desiertos y Volcanes, del Litoral y los Grandes R\u00edos, del Continente Blanco, de las Sierras Centrales, del Delta y la Ruta de los Valles, Quebradas y Yungas.<\/p>\n<p>El apartado sobre\u00a0<strong>rutas esc\u00e9nicas se refiere a trazados con paisajes y recorridos singulares\u00a0<\/strong>y vistosos, la mayor\u00eda de ellos en la Patagonia, como la primera que menciona, que es la\u00a0<strong>Ruta de los Siete Lagos<\/strong>, en la zona andina de Neuqu\u00e9n.<\/p>\n<figure class=\"mb-3\"><img decoding=\"async\" src=\"https:\/\/www.telam.com.ar\/thumbs\/bluesteel\/advf\/imagenes\/2022\/05\/628aa29b5e54d_900.jpg\" alt=\"Talampaya uno de los atractivos de La Rioja \" width=\"100%\" height=\"100%\" \/><\/p>\n<div class=\"media-icons\"><\/div><figcaption><strong><span style=\"color: #ff6600;\"><em>Talampaya, uno de los atractivos de La Rioja.<\/em><\/span><\/strong><\/figcaption><\/figure>\n<p>Otras rutas esc\u00e9nicas de la regi\u00f3n son la<strong>\u00a0Ruta 3 desde Ushuaia a Bah\u00eda Lapataia<\/strong>\u00a0(donde finaliza su recorrido, en el Parque Nacional Tierra del Fuego) y Tolhuin, y tambi\u00e9n en la zona atl\u00e1ntica, la\u00a0<strong>Ruta de los Acantilados,<\/strong>\u00a0de R\u00edo Negro (Ruta provincial 1), conocida como el Camino de la Costa.<\/p>\n<p>De la Patagonia andina incluye la\u00a0<strong>Ruta Provincial 41<\/strong>, en Santa Cruz, entre El Chalt\u00e9n y Lago del Desierto, y en la estepa de Chubut la tambi\u00e9n provincial 12, desde Gualjaina a Paso del Sapo.<\/p>\n<p>Del Noroeste Argentino figuran las\u00a0<strong>rutas Nacional 52<\/strong>, de Purmamarca a Salinas Grandes por la Cuesta de Lip\u00e1n, en Jujuy;<strong>\u00a0la provincial tucumana 307<\/strong>, de Santa Luc\u00eda a Amaicha del Valle, y la\u00a0<strong>Cuesta de Miranda<\/strong>, que es un tramo de la Ruta Nacional 40, en el departamento riojano de Chilecito.<\/p>\n<figure class=\"mb-3\"><img decoding=\"async\" src=\"https:\/\/www.telam.com.ar\/thumbs\/bluesteel\/advf\/imagenes\/2022\/05\/628aa29b3e2f0_900.jpg\" alt=\"El Parque Nacional Los Cardones en Salta \" width=\"100%\" height=\"100%\" \/><\/p>\n<div class=\"media-icons\"><\/div><figcaption><em><strong><span style=\"color: #ff6600;\">El Parque Nacional Los Cardones en Salta.<\/span><\/strong><\/em><\/figcaption><\/figure>\n<p>La n\u00f3mina de Rutas Esc\u00e9nicas se completa con la\u00a0<strong>bonaerense 76<\/strong>, de Sierra de la Ventana a Tornquist; la provincial 2, de Misiones, entre El Soberbio y Mocon\u00e1; la de las Cumbres de Achala (ruta 34), en C\u00f3rdoba, y la tambi\u00e9n provincial 222, en Mendoza, en el tramo de Las Le\u00f1as y Valle Hermoso.<\/p>\n<p>Otro de los productos novedosos del sitio web es el\u00a0<strong>Calendario de Naturaleza<\/strong>, que invita a descubrir qu\u00e9 especies de animales, plantas y fen\u00f3menos naturales se pueden ver en cada lugar de Argentina, mes a mes.<\/p>\n<p>Sobre el lanzamiento de este sitio web, el ministro de Turismo y Deportes explic\u00f3 que el trabajo obedece a que \u00abel turismo de naturaleza es la gran demanda en esta nueva etapa y Argentina cuenta con maravillas \u00fanicas\u00bb.<\/p>\n<p>Lammens agreg\u00f3 que \u00abcon ese foco, llevamos adelante el programa &#8216;La Ruta Natural&#8217;, tanto<strong>\u00a0para potenciar la promoci\u00f3n en destinos emergentes y consolidados como para impulsar el desarrollo sustentable de cada una de sus comunidades\u00bb.<\/strong><\/p>\n<p>El sitio, que fue desarrollado con apoyo del Instituto Nacional de Promoci\u00f3n Tur\u00edstica estar\u00e1 disponible tambi\u00e9n en ingl\u00e9s y portugu\u00e9s en las semanas venideras.<\/p>\n<p>\u00abSi quer\u00e9s viajar por Argentina, disfrutar la naturaleza, conocer lugares incre\u00edbles y vivir aventuras por todo el pa\u00eds, la flamante web es ideal para que empieces a so\u00f1ar y planificar tus viajes\u00bb, exhorta la cartera de Turismo en su presentaci\u00f3n de La Ruta Natural.<\/p>\n","protected":false},"excerpt":{"rendered":"<p>Se trata de un sitio web que concentra la informaci\u00f3n tur\u00edstica de 17 rutas de recorridos para disfrutar de la naturaleza.<\/p>\n","protected":false},"author":3,"featured_media":0,"comment_status":"closed","ping_status":"closed","sticky":false,"template":"","format":"standard","meta":{"footnotes":""},"categories":[33],"tags":[48],"class_list":["post-72433","post","type-post","status-publish","format-standard","hentry","category-turismo","tag-destacada"],"yoast_head":"<!-- This site is optimized with the Yoast SEO plugin v25.9 - https:\/\/yoast.com\/wordpress\/plugins\/seo\/ -->\n<title>Lanzaron el programa tur\u00edstico La Ruta Natural con m\u00e1s de 150 destinos &quot;imperdibles&quot; - Noticias Radio Reflejos<\/title>\n<meta name=\"robots\" content=\"index, follow, max-snippet:-1, max-image-preview:large, max-video-preview:-1\" \/>\n<link rel=\"canonical\" href=\"https:\/\/www.noticiasradioreflejos.com.ar\/2021\/lanzaron-el-programa-turistico-la-ruta-natural-con-mas-de-150-destinos-imperdibles\/\" \/>\n<meta property=\"og:locale\" content=\"es_ES\" \/>\n<meta property=\"og:type\" content=\"article\" \/>\n<meta property=\"og:title\" content=\"Lanzaron el programa tur\u00edstico La Ruta Natural con m\u00e1s de 150 destinos &quot;imperdibles&quot; - Noticias Radio Reflejos\" \/>\n<meta property=\"og:description\" content=\"Se trata de un sitio web que concentra la informaci\u00f3n tur\u00edstica de 17 rutas de recorridos para disfrutar de la naturaleza.\" \/>\n<meta property=\"og:url\" content=\"https:\/\/www.noticiasradioreflejos.com.ar\/2021\/lanzaron-el-programa-turistico-la-ruta-natural-con-mas-de-150-destinos-imperdibles\/\" \/>\n<meta property=\"og:site_name\" content=\"Noticias Radio Reflejos\" \/>\n<meta property=\"article:published_time\" content=\"2022-05-22T21:50:19+00:00\" \/>\n<meta property=\"article:modified_time\" content=\"2022-05-23T10:10:44+00:00\" \/>\n<meta property=\"og:image\" content=\"https:\/\/www.telam.com.ar\/thumbs\/bluesteel\/advf\/imagenes\/2022\/05\/628aa29bbe5ce_900.jpg\" \/>\n<meta name=\"author\" content=\"Arnaldo Botto\" \/>\n<meta name=\"twitter:card\" content=\"summary_large_image\" \/>\n<script type=\"application\/ld+json\" class=\"yoast-schema-graph\">{\"@context\":\"https:\/\/schema.org\",\"@graph\":[{\"@type\":\"WebPage\",\"@id\":\"https:\/\/www.noticiasradioreflejos.com.ar\/2021\/lanzaron-el-programa-turistico-la-ruta-natural-con-mas-de-150-destinos-imperdibles\/\",\"url\":\"https:\/\/www.noticiasradioreflejos.com.ar\/2021\/lanzaron-el-programa-turistico-la-ruta-natural-con-mas-de-150-destinos-imperdibles\/\",\"name\":\"Lanzaron el programa tur\u00edstico La Ruta Natural con m\u00e1s de 150 destinos \\\"imperdibles\\\" - Noticias Radio Reflejos\",\"isPartOf\":{\"@id\":\"https:\/\/www.noticiasradioreflejos.com.ar\/2021\/#website\"},\"primaryImageOfPage\":{\"@id\":\"https:\/\/www.noticiasradioreflejos.com.ar\/2021\/lanzaron-el-programa-turistico-la-ruta-natural-con-mas-de-150-destinos-imperdibles\/#primaryimage\"},\"image\":{\"@id\":\"https:\/\/www.noticiasradioreflejos.com.ar\/2021\/lanzaron-el-programa-turistico-la-ruta-natural-con-mas-de-150-destinos-imperdibles\/#primaryimage\"},\"thumbnailUrl\":\"https:\/\/www.telam.com.ar\/thumbs\/bluesteel\/advf\/imagenes\/2022\/05\/628aa29bbe5ce_900.jpg\",\"datePublished\":\"2022-05-22T21:50:19+00:00\",\"dateModified\":\"2022-05-23T10:10:44+00:00\",\"author\":{\"@id\":\"https:\/\/www.noticiasradioreflejos.com.ar\/2021\/#\/schema\/person\/ad82545263dcc5ec0996818884fd5fb1\"},\"breadcrumb\":{\"@id\":\"https:\/\/www.noticiasradioreflejos.com.ar\/2021\/lanzaron-el-programa-turistico-la-ruta-natural-con-mas-de-150-destinos-imperdibles\/#breadcrumb\"},\"inLanguage\":\"es\",\"potentialAction\":[{\"@type\":\"ReadAction\",\"target\":[\"https:\/\/www.noticiasradioreflejos.com.ar\/2021\/lanzaron-el-programa-turistico-la-ruta-natural-con-mas-de-150-destinos-imperdibles\/\"]}]},{\"@type\":\"ImageObject\",\"inLanguage\":\"es\",\"@id\":\"https:\/\/www.noticiasradioreflejos.com.ar\/2021\/lanzaron-el-programa-turistico-la-ruta-natural-con-mas-de-150-destinos-imperdibles\/#primaryimage\",\"url\":\"https:\/\/www.telam.com.ar\/thumbs\/bluesteel\/advf\/imagenes\/2022\/05\/628aa29bbe5ce_900.jpg\",\"contentUrl\":\"https:\/\/www.telam.com.ar\/thumbs\/bluesteel\/advf\/imagenes\/2022\/05\/628aa29bbe5ce_900.jpg\"},{\"@type\":\"BreadcrumbList\",\"@id\":\"https:\/\/www.noticiasradioreflejos.com.ar\/2021\/lanzaron-el-programa-turistico-la-ruta-natural-con-mas-de-150-destinos-imperdibles\/#breadcrumb\",\"itemListElement\":[{\"@type\":\"ListItem\",\"position\":1,\"name\":\"Portada\",\"item\":\"https:\/\/www.noticiasradioreflejos.com.ar\/2021\/\"},{\"@type\":\"ListItem\",\"position\":2,\"name\":\"Lanzaron el programa tur\u00edstico La Ruta Natural con m\u00e1s de 150 destinos \u00abimperdibles\u00bb\"}]},{\"@type\":\"WebSite\",\"@id\":\"https:\/\/www.noticiasradioreflejos.com.ar\/2021\/#website\",\"url\":\"https:\/\/www.noticiasradioreflejos.com.ar\/2021\/\",\"name\":\"Noticias Radio Reflejos\",\"description\":\"Las noticias de mi comarca\",\"potentialAction\":[{\"@type\":\"SearchAction\",\"target\":{\"@type\":\"EntryPoint\",\"urlTemplate\":\"https:\/\/www.noticiasradioreflejos.com.ar\/2021\/?s={search_term_string}\"},\"query-input\":{\"@type\":\"PropertyValueSpecification\",\"valueRequired\":true,\"valueName\":\"search_term_string\"}}],\"inLanguage\":\"es\"},{\"@type\":\"Person\",\"@id\":\"https:\/\/www.noticiasradioreflejos.com.ar\/2021\/#\/schema\/person\/ad82545263dcc5ec0996818884fd5fb1\",\"name\":\"Arnaldo Botto\",\"image\":{\"@type\":\"ImageObject\",\"inLanguage\":\"es\",\"@id\":\"https:\/\/www.noticiasradioreflejos.com.ar\/2021\/#\/schema\/person\/image\/\",\"url\":\"https:\/\/secure.gravatar.com\/avatar\/55cb5e37c1efa326397366e6974cb338056df65cb50e7d64d1cf314e87504837?s=96&d=mm&r=g\",\"contentUrl\":\"https:\/\/secure.gravatar.com\/avatar\/55cb5e37c1efa326397366e6974cb338056df65cb50e7d64d1cf314e87504837?s=96&d=mm&r=g\",\"caption\":\"Arnaldo Botto\"},\"url\":\"https:\/\/www.noticiasradioreflejos.com.ar\/2021\/author\/arnaldo\/\"}]}<\/script>\n<!-- \/ Yoast SEO plugin. -->","yoast_head_json":{"title":"Lanzaron el programa tur\u00edstico La Ruta Natural con m\u00e1s de 150 destinos \"imperdibles\" - Noticias Radio Reflejos","robots":{"index":"index","follow":"follow","max-snippet":"max-snippet:-1","max-image-preview":"max-image-preview:large","max-video-preview":"max-video-preview:-1"},"canonical":"https:\/\/www.noticiasradioreflejos.com.ar\/2021\/lanzaron-el-programa-turistico-la-ruta-natural-con-mas-de-150-destinos-imperdibles\/","og_locale":"es_ES","og_type":"article","og_title":"Lanzaron el programa tur\u00edstico La Ruta Natural con m\u00e1s de 150 destinos \"imperdibles\" - Noticias Radio Reflejos","og_description":"Se trata de un sitio web que concentra la informaci\u00f3n tur\u00edstica de 17 rutas de recorridos para disfrutar de la naturaleza.","og_url":"https:\/\/www.noticiasradioreflejos.com.ar\/2021\/lanzaron-el-programa-turistico-la-ruta-natural-con-mas-de-150-destinos-imperdibles\/","og_site_name":"Noticias Radio Reflejos","article_published_time":"2022-05-22T21:50:19+00:00","article_modified_time":"2022-05-23T10:10:44+00:00","og_image":[{"url":"https:\/\/www.telam.com.ar\/thumbs\/bluesteel\/advf\/imagenes\/2022\/05\/628aa29bbe5ce_900.jpg","type":"","width":"","height":""}],"author":"Arnaldo Botto","twitter_card":"summary_large_image","schema":{"@context":"https:\/\/schema.org","@graph":[{"@type":"WebPage","@id":"https:\/\/www.noticiasradioreflejos.com.ar\/2021\/lanzaron-el-programa-turistico-la-ruta-natural-con-mas-de-150-destinos-imperdibles\/","url":"https:\/\/www.noticiasradioreflejos.com.ar\/2021\/lanzaron-el-programa-turistico-la-ruta-natural-con-mas-de-150-destinos-imperdibles\/","name":"Lanzaron el programa tur\u00edstico La Ruta Natural con m\u00e1s de 150 destinos \"imperdibles\" - Noticias Radio Reflejos","isPartOf":{"@id":"https:\/\/www.noticiasradioreflejos.com.ar\/2021\/#website"},"primaryImageOfPage":{"@id":"https:\/\/www.noticiasradioreflejos.com.ar\/2021\/lanzaron-el-programa-turistico-la-ruta-natural-con-mas-de-150-destinos-imperdibles\/#primaryimage"},"image":{"@id":"https:\/\/www.noticiasradioreflejos.com.ar\/2021\/lanzaron-el-programa-turistico-la-ruta-natural-con-mas-de-150-destinos-imperdibles\/#primaryimage"},"thumbnailUrl":"https:\/\/www.telam.com.ar\/thumbs\/bluesteel\/advf\/imagenes\/2022\/05\/628aa29bbe5ce_900.jpg","datePublished":"2022-05-22T21:50:19+00:00","dateModified":"2022-05-23T10:10:44+00:00","author":{"@id":"https:\/\/www.noticiasradioreflejos.com.ar\/2021\/#\/schema\/person\/ad82545263dcc5ec0996818884fd5fb1"},"breadcrumb":{"@id":"https:\/\/www.noticiasradioreflejos.com.ar\/2021\/lanzaron-el-programa-turistico-la-ruta-natural-con-mas-de-150-destinos-imperdibles\/#breadcrumb"},"inLanguage":"es","potentialAction":[{"@type":"ReadAction","target":["https:\/\/www.noticiasradioreflejos.com.ar\/2021\/lanzaron-el-programa-turistico-la-ruta-natural-con-mas-de-150-destinos-imperdibles\/"]}]},{"@type":"ImageObject","inLanguage":"es","@id":"https:\/\/www.noticiasradioreflejos.com.ar\/2021\/lanzaron-el-programa-turistico-la-ruta-natural-con-mas-de-150-destinos-imperdibles\/#primaryimage","url":"https:\/\/www.telam.com.ar\/thumbs\/bluesteel\/advf\/imagenes\/2022\/05\/628aa29bbe5ce_900.jpg","contentUrl":"https:\/\/www.telam.com.ar\/thumbs\/bluesteel\/advf\/imagenes\/2022\/05\/628aa29bbe5ce_900.jpg"},{"@type":"BreadcrumbList","@id":"https:\/\/www.noticiasradioreflejos.com.ar\/2021\/lanzaron-el-programa-turistico-la-ruta-natural-con-mas-de-150-destinos-imperdibles\/#breadcrumb","itemListElement":[{"@type":"ListItem","position":1,"name":"Portada","item":"https:\/\/www.noticiasradioreflejos.com.ar\/2021\/"},{"@type":"ListItem","position":2,"name":"Lanzaron el programa tur\u00edstico La Ruta Natural con m\u00e1s de 150 destinos \u00abimperdibles\u00bb"}]},{"@type":"WebSite","@id":"https:\/\/www.noticiasradioreflejos.com.ar\/2021\/#website","url":"https:\/\/www.noticiasradioreflejos.com.ar\/2021\/","name":"Noticias Radio Reflejos","description":"Las noticias de mi comarca","potentialAction":[{"@type":"SearchAction","target":{"@type":"EntryPoint","urlTemplate":"https:\/\/www.noticiasradioreflejos.com.ar\/2021\/?s={search_term_string}"},"query-input":{"@type":"PropertyValueSpecification","valueRequired":true,"valueName":"search_term_string"}}],"inLanguage":"es"},{"@type":"Person","@id":"https:\/\/www.noticiasradioreflejos.com.ar\/2021\/#\/schema\/person\/ad82545263dcc5ec0996818884fd5fb1","name":"Arnaldo Botto","image":{"@type":"ImageObject","inLanguage":"es","@id":"https:\/\/www.noticiasradioreflejos.com.ar\/2021\/#\/schema\/person\/image\/","url":"https:\/\/secure.gravatar.com\/avatar\/55cb5e37c1efa326397366e6974cb338056df65cb50e7d64d1cf314e87504837?s=96&d=mm&r=g","contentUrl":"https:\/\/secure.gravatar.com\/avatar\/55cb5e37c1efa326397366e6974cb338056df65cb50e7d64d1cf314e87504837?s=96&d=mm&r=g","caption":"Arnaldo Botto"},"url":"https:\/\/www.noticiasradioreflejos.com.ar\/2021\/author\/arnaldo\/"}]}},"_links":{"self":[{"href":"https:\/\/www.noticiasradioreflejos.com.ar\/2021\/wp-json\/wp\/v2\/posts\/72433","targetHints":{"allow":["GET"]}}],"collection":[{"href":"https:\/\/www.noticiasradioreflejos.com.ar\/2021\/wp-json\/wp\/v2\/posts"}],"about":[{"href":"https:\/\/www.noticiasradioreflejos.com.ar\/2021\/wp-json\/wp\/v2\/types\/post"}],"author":[{"embeddable":true,"href":"https:\/\/www.noticiasradioreflejos.com.ar\/2021\/wp-json\/wp\/v2\/users\/3"}],"replies":[{"embeddable":true,"href":"https:\/\/www.noticiasradioreflejos.com.ar\/2021\/wp-json\/wp\/v2\/comments?post=72433"}],"version-history":[{"count":2,"href":"https:\/\/www.noticiasradioreflejos.com.ar\/2021\/wp-json\/wp\/v2\/posts\/72433\/revisions"}],"predecessor-version":[{"id":72458,"href":"https:\/\/www.noticiasradioreflejos.com.ar\/2021\/wp-json\/wp\/v2\/posts\/72433\/revisions\/72458"}],"wp:attachment":[{"href":"https:\/\/www.noticiasradioreflejos.com.ar\/2021\/wp-json\/wp\/v2\/media?parent=72433"}],"wp:term":[{"taxonomy":"category","embeddable":true,"href":"https:\/\/www.noticiasradioreflejos.com.ar\/2021\/wp-json\/wp\/v2\/categories?post=72433"},{"taxonomy":"post_tag","embeddable":true,"href":"https:\/\/www.noticiasradioreflejos.com.ar\/2021\/wp-json\/wp\/v2\/tags?post=72433"}],"curies":[{"name":"wp","href":"https:\/\/api.w.org\/{rel}","templated":true}]}}