{"id":72430,"date":"2022-05-22T21:03:53","date_gmt":"2022-05-22T21:03:53","guid":{"rendered":"http:\/\/www.noticiasradioreflejos.com.ar\/2021\/?p=72430"},"modified":"2022-05-22T21:03:53","modified_gmt":"2022-05-22T21:03:53","slug":"boca-campeon-de-la-copa-de-la-liga-goleo-a-tigre-en-la-final","status":"publish","type":"post","link":"https:\/\/www.noticiasradioreflejos.com.ar\/2021\/boca-campeon-de-la-copa-de-la-liga-goleo-a-tigre-en-la-final\/","title":{"rendered":"Boca campe\u00f3n de la Copa de la Liga: gole\u00f3 a Tigre en la final"},"content":{"rendered":"<div class=\"section-2-col article-header\">\n<div class=\"col 2-col\">\n<p>El equipo de Battaglia sum\u00f3 la 16\u00ba copa nacional de su historia. Marcos Rojo, con mucha ayuda de Marinelli, abri\u00f3 la cuenta cuando se mor\u00eda el primer tiempo. En el segundo, en el mejor momento del Matador, Fabra se invent\u00f3 un verdadero golazo. V\u00e1zquez puso el tercero cuando ya estaba todo definido en C\u00f3rdoba.<\/p>\n<div class=\"author\"><\/div>\n<\/div>\n<\/div>\n<p><!--more--><\/p>\n<div class=\"section-2-col article-main-image\">\n<div class=\"col 2-col\">\n<div class=\"article-main-media-image__container\">\n<div class=\"image-wrapper\">\n<figure>\n<figure class=\"object-fit-block--contain intrinsic-container intrinsic-container-3x2\"><img decoding=\"async\" class=\" \" src=\"https:\/\/images.pagina12.com.ar\/styles\/focal_3_2_960x640\/public\/2022-05\/532789-whatsapp-20image-202022-05-22-20at-205-49-54-20pm.jpeg?itok=3GWfXjnx\" alt=\"Fabra defini\u00f3 la historia con un verdadero golazo (Fuente: AFP)\" \/><\/figure><figcaption>Fabra defini\u00f3 la historia con un verdadero golazo. Imagen: AFP<\/figcaption><\/figure>\n<\/div>\n<\/div>\n<\/div>\n<\/div>\n<div class=\"section-2-col article-main-content\">\n<div class=\"col 1-col\"><\/div>\n<div class=\"col 2-col\">\n<div class=\"article-main-content article-text \">\n<p>Un blooper rival le permiti\u00f3 romper la paridad y una virtud propia, definir el encuentro.\u00a0<b>Gracias a un error de Marinelli y un golazo de Fabra, Boca le gan\u00f3 3 a 0 a Tigre -V\u00e1zquez puso el tercero sobre el final- y se consagr\u00f3 campe\u00f3n de Copa de la Liga.\u00a0<\/b>El equipo de Sebasti\u00e1n Battaglia llegaba inmerso en dudas por su nivel futbol\u00edstico y su incierto futuro en la Copa Libertadores, pero en la final disputada en\u00a0C\u00f3rdoba se mostr\u00f3 superior a los dirigidos por Diego Mart\u00ednez y pudieron festejar la 16\u00ba copa nacional de su historia.<\/p>\n<p><b>Por Tigre<\/b>, que vio concluir su sue\u00f1o de convertirse en campe\u00f3n apenas ascendido a la Primera Divisi\u00f3n, el destino no estuvo de su lado. No s\u00f3lo por el error de Marinelli justo cuando se terminaba el primer tiempo, sino porque\u00a0<b>cuando mejor jug\u00f3, incluso acorralando a Boca contra su arco, apareci\u00f3 la jerarqu\u00eda de Fabra\u00a0<\/b>en su m\u00e1xima expresi\u00f3n.<\/p>\n<div id=\"talkFireEvent\"><\/div>\n<div class=\"medium-insert-embeds medium-insert-custom-html\"><iframe loading=\"lazy\" src=\"https:\/\/rd.pagina12.com.ar\/html\/v3\/model.html?channel=deportes.futbol.copalpf.614930&amp;lang=es_LA&amp;model=gamecast_v6&amp;theme=theme2019&amp;hidePagesMenu=true\" width=\"100%\" height=\"835\" frameborder=\"0\" data-mce-fragment=\"1\"><\/iframe><\/p>\n<div class=\"medium-insert-embeds-overlay\"><\/div>\n<\/div>\n<h2>El gol de Benedetto que no fue<\/h2>\n<p>La primera emoci\u00f3n de la final lleg\u00f3 pasado los 20 minutos. Tras un flojo arraqnue, Boca se fue acomodando con el correr de los minutos e incluso lleg\u00f3 a construir lindas jugadas tras un extenso toqueteo. Una de estas termin\u00f3 con\u00a0<b>una gran definici\u00f3n de Benedetto, pero el juez de l\u00ednea lo anul\u00f3 por posici\u00f3n adelantada.\u00a0<\/b>El VAR corrobor\u00f3 la decisi\u00f3n del \u00e1rbitro, aunque parando el partido por varios minutos.<\/p>\n<div class=\"iframely-embed medium-embedded-content\" data-html=\"Jmx0O2RpdiBzdHlsZT0ibGVmdDogMDsgd2lkdGg6IDEwMCU7IGhlaWdodDogMDsgcG9zaXRpb246IHJlbGF0aXZlOyBwYWRkaW5nLWJvdHRvbTogNTYuMjUlOyImZ3Q7Jmx0O2lmcmFtZSBzcmM9Imh0dHBzOi8vd3d3LnlvdXR1YmUuY29tL2VtYmVkL0dZZ2ZrclJTYktRP3JlbD0wJmFtcDtlbmFibGVqc2FwaT0xJmFtcDtwbGF5c2lubGluZT0xIiBzdHlsZT0idG9wOiAwOyBsZWZ0OiAwOyB3aWR0aDogMTAwJTsgaGVpZ2h0OiAxMDAlOyBwb3NpdGlvbjogYWJzb2x1dGU7IGJvcmRlcjogMDsiIGFsbG93ZnVsbHNjcmVlbiBzY3JvbGxpbmc9Im5vIiBhbGxvdz0iYXV0b3BsYXk7IGFjY2VsZXJvbWV0ZXI7IGNsaXBib2FyZC13cml0ZTsgZW5jcnlwdGVkLW1lZGlhOyBneXJvc2NvcGU7IHBpY3R1cmUtaW4tcGljdHVyZTsiJmd0OyZsdDsvaWZyYW1lJmd0OyZsdDsvZGl2Jmd0OyZsdDtkaXYgY2xhc3M9Im1lZGl1bS1pbnNlcnQtZW1iZWRzLW1ldGEiJmd0OyZsdDtzY3JpcHQgdHlwZT0idGV4dC9qc29uIiZndDt7InVybCI6Imh0dHBzOi8vd3d3LnlvdXR1YmUuY29tL3dhdGNoP3Y9R1lnZmtyUlNiS1EiLCJ0eXBlIjoidmlkZW8iLCJ2ZXJzaW9uIjoiMS4wIiwidGl0bGUiOiLCoUVSQSBFTCBQUklNRVJPISBCRU5FREVUVMOTIG1ldGnDsyBHT0wgcGFyYSBCT0NBLCBwZXJvIGVsIFZBUiBsbyBBTlVMw5MgcG9yIE9GRlNJREUg8J+TuuKdjCIsImF1dGhvciI6IlROVCBTcG9ydHMgQXJnZW50aW5hIiwiYXV0aG9yX3VybCI6Imh0dHBzOi8vd3d3LnlvdXR1YmUuY29tL2NoYW5uZWwvVUNJNVJZOEcwYXItaExJYVVKdng1OEx3IiwicHJvdmlkZXJfbmFtZSI6IllvdVR1YmUiLCJkZXNjcmlwdGlvbiI6IkVsIFZBUiBhbnVsw7MgZWwgcHJpbWVyIGdvbCBkZSBCb2NhIHBvciBwb3NpY2nDs24gYWRlbGFudGFkYSBkZWwgZGVsYW50ZXJvIOKdjFxuXG4jTGFGaW5hbHhUTlRTcG9ydHNcblZpdsOtIGxhIENvcGEgZGUgbGEgTGlnYSAyMDIyIHBvciBUTlQgU3BvcnRzIPCfkYkgU3VzY3JpYml0ZSBlbiBodHRwczovL2JpdC5seS8zNGdzOEhyXG4gXG7CoVN1c2NyaWJpdGUgYSBudWVzdHJvIENhbmFsISBodHRwczovL2dvby5nbC9Mbk1KYUxcblZpc2l0w6EgbnVlc3RybyBzaXRpbzogaHR0cDovL3d3dy50bnRzcG9ydHMuY29tLmFyXG5Ud2l0dGVyOiBodHRwczovL3R3aXR0ZXIuY29tL1ROVFNwb3J0c0FSXG5JbnN0YWdyYW06IGh0dHBzOi8vd3d3Lmluc3RhZ3JhbS5jb20vVE5UU3BvcnRzQVIvXG5GYWNlYm9vazogaHR0cHM6Ly93d3cuZmFjZWJvb2suY29tL1ROVFNwb3J0c0FSL1xuVGlrVG9rOiBodHRwczovL3d3dy50aWt0b2suY29tL0B0bnRzcG9ydHNhclxuVHdpdGNoOiBodHRwczovL3d3dy50d2l0Y2gudHYvdG50c3BvcnRzYXIiLCJ0aHVtYm5haWxfdXJsIjoiaHR0cHM6Ly9pLnl0aW1nLmNvbS92aS9HWWdma3JSU2JLUS9ocWRlZmF1bHQuanBnIiwidGh1bWJuYWlsX3dpZHRoIjo0ODAsInRodW1ibmFpbF9oZWlnaHQiOjM2MCwiY2FjaGVfYWdlIjo4NjQwMCwib3B0aW9ucyI6eyJfc3RhcnQiOnsibGFiZWwiOiJTdGFydCBmcm9tIiwidmFsdWUiOiIiLCJwbGFjZWhvbGRlciI6ImV4LjogMTEsIDFtMTBzIn0sIl9lbmQiOnsibGFiZWwiOiJFbmQgb24iLCJ2YWx1ZSI6IiIsInBsYWNlaG9sZGVyIjoiZXguOiAxMSwgMW0xMHMifSwiX2NjX2xvYWRfcG9saWN5Ijp7ImxhYmVsIjoiQ2xvc2VkIGNhcHRpb25zIiwidmFsdWUiOmZhbHNlfSwiY2xpY2tfdG9fcGxheSI6eyJsYWJlbCI6IkhvbGQgbG9hZCAmYW1wOyBwbGF5IHVudGlsIGNsaWNrZWQiLCJ2YWx1ZSI6ZmFsc2V9LCJxdWVyeSI6WyJhcGlfa2V5IiwidXJsIl19fSZsdDsvc2NyaXB0Jmd0OyZsdDsvZGl2Jmd0Ow==\">\n<div class=\"iframely-embed\">\n<div class=\"iframely-responsive\"><iframe src=\"https:\/\/iframely.pagina12.com.ar\/api\/iframe?url=https%3A%2F%2Fwww.youtube.com%2Fwatch%3Fv%3DGYgfkrRSbKQ&amp;v=1&amp;app=1&amp;key=68ad19d170f26a7756ad0a90caf18fc1&amp;playerjs=1\" scrolling=\"no\" allowfullscreen=\"allowfullscreen\" data-mce-fragment=\"1\"><\/iframe><\/div>\n<\/div>\n<\/div>\n<h2>Pelotazo va, pelotazo viene, gol de Boca<\/h2>\n<p>A partir de los 30\u00a0<b>el desarrollo del partido pas\u00f3 a ser an\u00e1rquico. Aunque Boca sigui\u00f3 con el dominio de la pelota, nada claro pudo hacer<\/b>. Incluso lleg\u00f3 a complicarse tocando de m\u00e1s en campo propio, arriesg\u00e1ndose a quedar mal parado. Tigre, por su parte, se conform\u00f3 con la propuesta xeneize y se dedic\u00f3 a esperar. Su mejor jugador pas\u00f3 a ser\u00a0<b>Prediger, un especialista en el arte de trabar y ganar.\u00a0<\/b>Por el contrario, a su compa\u00f1ero del mediocampo, Ezequiel Fern\u00e1ndez, todav\u00eda no le sali\u00f3 una.<\/p>\n<div class=\"iframely-embed medium-embedded-content\" data-html=\"Jmx0O2RpdiBzdHlsZT0ibGVmdDogMDsgd2lkdGg6IDEwMCU7IGhlaWdodDogMDsgcG9zaXRpb246IHJlbGF0aXZlOyBwYWRkaW5nLWJvdHRvbTogNTYuMjUlOyImZ3Q7Jmx0O2lmcmFtZSBzcmM9Imh0dHBzOi8vd3d3LnlvdXR1YmUuY29tL2VtYmVkL1BNLTVJQWF0SDc4P3JlbD0wJmFtcDtlbmFibGVqc2FwaT0xJmFtcDtwbGF5c2lubGluZT0xIiBzdHlsZT0idG9wOiAwOyBsZWZ0OiAwOyB3aWR0aDogMTAwJTsgaGVpZ2h0OiAxMDAlOyBwb3NpdGlvbjogYWJzb2x1dGU7IGJvcmRlcjogMDsiIGFsbG93ZnVsbHNjcmVlbiBzY3JvbGxpbmc9Im5vIiBhbGxvdz0iYXV0b3BsYXk7IGFjY2VsZXJvbWV0ZXI7IGNsaXBib2FyZC13cml0ZTsgZW5jcnlwdGVkLW1lZGlhOyBneXJvc2NvcGU7IHBpY3R1cmUtaW4tcGljdHVyZTsiJmd0OyZsdDsvaWZyYW1lJmd0OyZsdDsvZGl2Jmd0OyZsdDtkaXYgY2xhc3M9Im1lZGl1bS1pbnNlcnQtZW1iZWRzLW1ldGEiJmd0OyZsdDtzY3JpcHQgdHlwZT0idGV4dC9qc29uIiZndDt7InVybCI6Imh0dHBzOi8vd3d3LnlvdXR1YmUuY29tL3dhdGNoP3Y9UE0tNUlBYXRINzgiLCJ0eXBlIjoidmlkZW8iLCJ2ZXJzaW9uIjoiMS4wIiwidGl0bGUiOiLCoUNBQkVaQVpPIGRlIFJPSk8geSB1biBUUkVNRU5ETyBFUlJPUiBkZSBNQVJJTkVMTEkgcGFyYSBlbCBHT0wgZGUgQk9DQSBlbiBsYSBGSU5BTCEg8J+UtfCfn6EiLCJhdXRob3IiOiJUTlQgU3BvcnRzIEFyZ2VudGluYSIsImF1dGhvcl91cmwiOiJodHRwczovL3d3dy55b3V0dWJlLmNvbS9jaGFubmVsL1VDSTVSWThHMGFyLWhMSWFVSnZ4NThMdyIsInByb3ZpZGVyX25hbWUiOiJZb3VUdWJlIiwiZGVzY3JpcHRpb24iOiJNYXJjb3MgUm9qbyBjb25lY3TDsyBkZSBjYWJlemEgeSBtYXJjw7MgZWwgMS0wIHNvYnJlIFRpZ3JlLCBjb24gYXl1ZGEgZGUgTWFyaW5lbGxpLlxuXG4jTGFGaW5hbHhUTlRTcG9ydHNcblZpdsOtIGxhIENvcGEgZGUgbGEgTGlnYSAyMDIyIHBvciBUTlQgU3BvcnRzIPCfkYkgU3VzY3JpYml0ZSBlbiBodHRwczovL2JpdC5seS8zNGdzOEhyXG4gXG7CoVN1c2NyaWJpdGUgYSBudWVzdHJvIENhbmFsISBodHRwczovL2dvby5nbC9Mbk1KYUxcblZpc2l0w6EgbnVlc3RybyBzaXRpbzogaHR0cDovL3d3dy50bnRzcG9ydHMuY29tLmFyXG5Ud2l0dGVyOiBodHRwczovL3R3aXR0ZXIuY29tL1ROVFNwb3J0c0FSXG5JbnN0YWdyYW06IGh0dHBzOi8vd3d3Lmluc3RhZ3JhbS5jb20vVE5UU3BvcnRzQVIvXG5GYWNlYm9vazogaHR0cHM6Ly93d3cuZmFjZWJvb2suY29tL1ROVFNwb3J0c0FSL1xuVGlrVG9rOiBodHRwczovL3d3dy50aWt0b2suY29tL0B0bnRzcG9ydHNhclxuVHdpdGNoOiBodHRwczovL3d3dy50d2l0Y2gudHYvdG50c3BvcnRzYXIiLCJ0aHVtYm5haWxfdXJsIjoiaHR0cHM6Ly9pLnl0aW1nLmNvbS92aS9QTS01SUFhdEg3OC9ocWRlZmF1bHQuanBnIiwidGh1bWJuYWlsX3dpZHRoIjo0ODAsInRodW1ibmFpbF9oZWlnaHQiOjM2MCwiY2FjaGVfYWdlIjo4NjQwMCwib3B0aW9ucyI6eyJfc3RhcnQiOnsibGFiZWwiOiJTdGFydCBmcm9tIiwidmFsdWUiOiIiLCJwbGFjZWhvbGRlciI6ImV4LjogMTEsIDFtMTBzIn0sIl9lbmQiOnsibGFiZWwiOiJFbmQgb24iLCJ2YWx1ZSI6IiIsInBsYWNlaG9sZGVyIjoiZXguOiAxMSwgMW0xMHMifSwiX2NjX2xvYWRfcG9saWN5Ijp7ImxhYmVsIjoiQ2xvc2VkIGNhcHRpb25zIiwidmFsdWUiOmZhbHNlfSwiY2xpY2tfdG9fcGxheSI6eyJsYWJlbCI6IkhvbGQgbG9hZCAmYW1wOyBwbGF5IHVudGlsIGNsaWNrZWQiLCJ2YWx1ZSI6ZmFsc2V9LCJxdWVyeSI6WyJhcGlfa2V5IiwidXJsIl19fSZsdDsvc2NyaXB0Jmd0OyZsdDsvZGl2Jmd0Ow==\">\n<div class=\"iframely-embed\">\n<div class=\"iframely-responsive\"><iframe src=\"https:\/\/iframely.pagina12.com.ar\/api\/iframe?url=https%3A%2F%2Fwww.youtube.com%2Fwatch%3Fv%3DPM-5IAatH78&amp;v=1&amp;app=1&amp;key=68ad19d170f26a7756ad0a90caf18fc1&amp;playerjs=1\" scrolling=\"no\" allowfullscreen=\"allowfullscreen\" data-mce-fragment=\"1\"><\/iframe><\/div>\n<\/div>\n<\/div>\n<p>As\u00ed, con el partido sin un claro dominador, todo estaba dado para que ambos elencos se vayan al entretiempo sin emociones. Pero una buena subida de Fabra -su primera del partido- deriv\u00f3 en un c\u00f3rner y de ah\u00ed\u00a0<b>Marcos Rojo se elev\u00f3 sobre todos para poner el 1 a 0 con gran complicidad del arquero Marinelli, a quien pr\u00e1cticamente se le escap\u00f3 la pelota de las manos.<\/b><\/p>\n<h2>Los cruces de Adv\u00edncula<\/h2>\n<p>No es que Tigre haya salido al segundo tiempo hecho una tromba pero,\u00a0<b>entre la necesidad propia y la conformidad rival, pudo acercarse al arco de Rossi.\u00a0<\/b>Es entonces que el peruano Adv\u00edncula se transform\u00f3 en un baluarte de su defensa con tres cruces claves ante los inquietos Retegui y Colidio. Tigre se va amigando con la pelota y Battaglia empieza a mover el banco. Mientras,\u00a0<b>Rossi salv\u00f3 a Boca del empate luego de un disparo cruzado de Retegui<\/b>. El delantero cuyo pase pertenece a Boca tuvo otra clar\u00edsima minutos despu\u00e9s pero Rossi, primero, y su propia impericia, luego, le impidieron a Tigre alcanzar el empate.<\/p>\n<div class=\"iframely-embed medium-embedded-content\" data-html=\"Jmx0O2Jsb2NrcXVvdGUgY2xhc3M9InR3aXR0ZXItdHdlZXQiIGRhdGEtZG50PSJ0cnVlIiBhbGlnbj0iY2VudGVyIiZndDsmbHQ7cCBsYW5nPSJlcyIgZGlyPSJsdHIiJmd0O8KhTm8gc2UgcHVlZGUgY3JlZXIhIE1hdGVvIFJldGVndWkgdHV2byBlbCBlbXBhdGUgZG9zIHZlY2VzIGVtIG1lbm9zIGRlIHVuIG1pbnV0bywgcGVybyBubyBlc3R1dm8gZmlubyB5IEJvY2Egc2lndWUgMS0wIGFycmliYS4gJmx0O2EgaHJlZj0iaHR0cHM6Ly90d2l0dGVyLmNvbS9oYXNodGFnL0NvcGFEZUxhTGlnYT9zcmM9aGFzaCZhbXA7YW1wO3JlZl9zcmM9dHdzcmMlNUV0ZnciJmd0OyNDb3BhRGVMYUxpZ2EmbHQ7L2EmZ3Q7Jmx0O2JyJmd0OyZsdDticiZndDvilrbvuI8gU3VzY3JpYml0ZSBhbCBQYWNrIEbDunRib2wgZW4gLSZhbXA7Z3Q7ICZsdDthIGhyZWY9Imh0dHBzOi8vdC5jby9XV0VVYWgxREJQIiZndDtodHRwczovL3QuY28vV1dFVWFoMURCUCZsdDsvYSZndDsgJmx0O2EgaHJlZj0iaHR0cHM6Ly90LmNvLzQ1ZUxSVkdMVEUiJmd0O3BpYy50d2l0dGVyLmNvbS80NWVMUlZHTFRFJmx0Oy9hJmd0OyZsdDsvcCZndDsmYW1wO21kYXNoOyBFU1BOIEFyZ2VudGluYSAoQEVTUE5BcmdlbnRpbmEpICZsdDthIGhyZWY9Imh0dHBzOi8vdHdpdHRlci5jb20vRVNQTkFyZ2VudGluYS9zdGF0dXMvMTUyODQ3MjUwNzQ1MTMxODI3Mz9yZWZfc3JjPXR3c3JjJTVFdGZ3IiZndDtNYXkgMjIsIDIwMjImbHQ7L2EmZ3Q7Jmx0Oy9ibG9ja3F1b3RlJmd0OwombHQ7c2NyaXB0IGFzeW5jIHNyYz0iaHR0cHM6Ly9wbGF0Zm9ybS50d2l0dGVyLmNvbS93aWRnZXRzLmpzIiBjaGFyc2V0PSJ1dGYtOCImZ3Q7Jmx0Oy9zY3JpcHQmZ3Q7CiZsdDtkaXYgY2xhc3M9Im1lZGl1bS1pbnNlcnQtZW1iZWRzLW1ldGEiJmd0OyZsdDtzY3JpcHQgdHlwZT0idGV4dC9qc29uIiZndDt7InVybCI6Imh0dHBzOi8vdHdpdHRlci5jb20vRVNQTkFyZ2VudGluYS9zdGF0dXMvMTUyODQ3MjUwNzQ1MTMxODI3MyIsInR5cGUiOiJyaWNoIiwidmVyc2lvbiI6IjEuMCIsInRpdGxlIjoiRVNQTiBBcmdlbnRpbmEgb24gVHdpdHRlciIsImF1dGhvciI6IkVTUE4gQXJnZW50aW5hIiwiYXV0aG9yX3VybCI6Imh0dHBzOi8vdHdpdHRlci5jb20vRVNQTkFyZ2VudGluYSIsInByb3ZpZGVyX25hbWUiOiJUd2l0dGVyIiwiZGVzY3JpcHRpb24iOiLCoU5vIHNlIHB1ZWRlIGNyZWVyISBNYXRlbyBSZXRlZ3VpIHR1dm8gZWwgZW1wYXRlIGRvcyB2ZWNlcyBlbSBtZW5vcyBkZSB1biBtaW51dG8sIHBlcm8gbm8gZXN0dXZvIGZpbm8geSBCb2NhIHNpZ3VlIDEtMCBhcnJpYmEuICNDb3BhRGVMYUxpZ2HilrbvuI8gU3VzY3JpYml0ZSBhbCBQYWNrIEbDunRib2wgZW4gLSZndDsgaHR0cHM6Ly90LmNvL1dXRVVhaDFEQlAgcGljLnR3aXR0ZXIuY29tLzQ1ZUxSVkdMVEXigJQgRVNQTiBBcmdlbnRpbmEgKEBFU1BOQXJnZW50aW5hKSBNYXkgMjIsIDIwMjJcblxuIiwidGh1bWJuYWlsX3VybCI6Imh0dHBzOi8vcGJzLnR3aW1nLmNvbS9tZWRpYS9GVFk1cEdQWG9BRUJfUHUuanBnOmxhcmdlIiwidGh1bWJuYWlsX3dpZHRoIjoxMjgwLCJ0aHVtYm5haWxfaGVpZ2h0Ijo3MjAsImNhY2hlX2FnZSI6ODY0MDAsIm9wdGlvbnMiOnsiX2hpZGVfbWVkaWEiOnsibGFiZWwiOiJIaWRlIHBob3RvcywgdmlkZW9zLCBhbmQgY2FyZHMiLCJ2YWx1ZSI6ZmFsc2V9LCJfdGhlbWUiOnsidmFsdWUiOiIiLCJ2YWx1ZXMiOnsiZGFyayI6IlVzZSBkYXJrIHRoZW1lIn19LCJfbWF4d2lkdGgiOnsidmFsdWUiOiIiLCJsYWJlbCI6IkFkanVzdCB3aWR0aCIsInBsYWNlaG9sZGVyIjoiMjIwLTU1MCwgaW4gcHgifSwicXVlcnkiOlsiYXBpX2tleSIsInVybCJdfX0mbHQ7L3NjcmlwdCZndDsmbHQ7L2RpdiZndDs=\">\n<div class=\"iframely-embed\">\n<div class=\"iframely-responsive\"><iframe src=\"https:\/\/iframely.pagina12.com.ar\/api\/iframe?url=https%3A%2F%2Ftwitter.com%2FESPNArgentina%2Fstatus%2F1528472507451318273&amp;v=1&amp;app=1&amp;key=68ad19d170f26a7756ad0a90caf18fc1&amp;playerjs=1\" allowfullscreen=\"allowfullscreen\" data-mce-fragment=\"1\"><\/iframe><\/div>\n<\/div>\n<\/div>\n<h2>El golazo de Fabra<\/h2>\n<p>El Matador era muy superior al Xeneize en el segundo tiempo, pero\u00a0<b>apareci\u00f3 Fabra<\/b>. El colombiano tom\u00f3 la pelota a los 67 minutos, avanz\u00f3 varios metros sin obst\u00e1culos y cuando se acercaba al \u00e1rea\u00a0<b>sac\u00f3 un bombazo inatajable que signific\u00f3 el 2 a 0 de Boca. Todo el m\u00e9rito para el lateral izquierdo<\/b>, bien despierto cuando su equipo la pasaba mal.<\/p>\n<div class=\"iframely-embed medium-embedded-content\" data-html=\"Jmx0O2Jsb2NrcXVvdGUgY2xhc3M9InR3aXR0ZXItdHdlZXQiIGRhdGEtZG50PSJ0cnVlIiBhbGlnbj0iY2VudGVyIiZndDsmbHQ7cCBsYW5nPSJlcyIgZGlyPSJsdHIiJmd0O8KhR09MQVpPIERFIEJPQ0EhIEZyYW5rIEZhYnJhIHkgdW4gQk9NQkFaTyBwYXJhIHJvbXBlciBlbCBhcmNvIGRlIE1hcmluZWxsaSB5IGFub3RhciBlbCAyLTAgYW50ZSBUaWdyZSBlbiBsYSBmaW5hbCBkZSBsYSDwn4+GIENvcGEgZGUgbGEgTGlnYS4gwqFEw5NOREUgTEEgUFVTSVNURSwgQ09MT01CSUFOTyEmbHQ7YnImZ3Q7Jmx0O2JyJmd0O+KWtu+4jyBTdXNjcmliaXRlIGFsIFBhY2sgRsO6dGJvbCBlbiAtJmFtcDtndDsgJmx0O2EgaHJlZj0iaHR0cHM6Ly90LmNvL1dXRVVhaDFEQlAiJmd0O2h0dHBzOi8vdC5jby9XV0VVYWgxREJQJmx0Oy9hJmd0OyAmbHQ7YSBocmVmPSJodHRwczovL3QuY28vTGtFVlMwZjRscyImZ3Q7cGljLnR3aXR0ZXIuY29tL0xrRVZTMGY0bHMmbHQ7L2EmZ3Q7Jmx0Oy9wJmd0OyZhbXA7bWRhc2g7IEVTUE4gQXJnZW50aW5hIChARVNQTkFyZ2VudGluYSkgJmx0O2EgaHJlZj0iaHR0cHM6Ly90d2l0dGVyLmNvbS9FU1BOQXJnZW50aW5hL3N0YXR1cy8xNTI4NDc0NTM1NDY0NTE3NjMyP3JlZl9zcmM9dHdzcmMlNUV0ZnciJmd0O01heSAyMiwgMjAyMiZsdDsvYSZndDsmbHQ7L2Jsb2NrcXVvdGUmZ3Q7CiZsdDtzY3JpcHQgYXN5bmMgc3JjPSJodHRwczovL3BsYXRmb3JtLnR3aXR0ZXIuY29tL3dpZGdldHMuanMiIGNoYXJzZXQ9InV0Zi04IiZndDsmbHQ7L3NjcmlwdCZndDsKJmx0O2RpdiBjbGFzcz0ibWVkaXVtLWluc2VydC1lbWJlZHMtbWV0YSImZ3Q7Jmx0O3NjcmlwdCB0eXBlPSJ0ZXh0L2pzb24iJmd0O3sidXJsIjoiaHR0cHM6Ly90d2l0dGVyLmNvbS9FU1BOQXJnZW50aW5hL3N0YXR1cy8xNTI4NDc0NTM1NDY0NTE3NjMyIiwidHlwZSI6InJpY2giLCJ2ZXJzaW9uIjoiMS4wIiwidGl0bGUiOiJFU1BOIEFyZ2VudGluYSBvbiBUd2l0dGVyIiwiYXV0aG9yIjoiRVNQTiBBcmdlbnRpbmEiLCJhdXRob3JfdXJsIjoiaHR0cHM6Ly90d2l0dGVyLmNvbS9FU1BOQXJnZW50aW5hIiwicHJvdmlkZXJfbmFtZSI6IlR3aXR0ZXIiLCJkZXNjcmlwdGlvbiI6IsKhR09MQVpPIERFIEJPQ0EhIEZyYW5rIEZhYnJhIHkgdW4gQk9NQkFaTyBwYXJhIHJvbXBlciBlbCBhcmNvIGRlIE1hcmluZWxsaSB5IGFub3RhciBlbCAyLTAgYW50ZSBUaWdyZSBlbiBsYSBmaW5hbCBkZSBsYSDwn4+GIENvcGEgZGUgbGEgTGlnYS4gwqFEw5NOREUgTEEgUFVTSVNURSwgQ09MT01CSUFOTyHilrbvuI8gU3VzY3JpYml0ZSBhbCBQYWNrIEbDunRib2wgZW4gLSZndDsgaHR0cHM6Ly90LmNvL1dXRVVhaDFEQlAgcGljLnR3aXR0ZXIuY29tL0xrRVZTMGY0bHPigJQgRVNQTiBBcmdlbnRpbmEgKEBFU1BOQXJnZW50aW5hKSBNYXkgMjIsIDIwMjJcblxuIiwidGh1bWJuYWlsX3VybCI6Imh0dHBzOi8vcGJzLnR3aW1nLmNvbS9tZWRpYS9GVFk3ZklOV1VBQUFzVXIuanBnOmxhcmdlIiwidGh1bWJuYWlsX3dpZHRoIjoxMjgwLCJ0aHVtYm5haWxfaGVpZ2h0Ijo3MjAsImNhY2hlX2FnZSI6ODY0MDAsIm9wdGlvbnMiOnsiX2hpZGVfbWVkaWEiOnsibGFiZWwiOiJIaWRlIHBob3RvcywgdmlkZW9zLCBhbmQgY2FyZHMiLCJ2YWx1ZSI6ZmFsc2V9LCJfdGhlbWUiOnsidmFsdWUiOiIiLCJ2YWx1ZXMiOnsiZGFyayI6IlVzZSBkYXJrIHRoZW1lIn19LCJfbWF4d2lkdGgiOnsidmFsdWUiOiIiLCJsYWJlbCI6IkFkanVzdCB3aWR0aCIsInBsYWNlaG9sZGVyIjoiMjIwLTU1MCwgaW4gcHgifSwicXVlcnkiOlsiYXBpX2tleSIsInVybCJdfX0mbHQ7L3NjcmlwdCZndDsmbHQ7L2RpdiZndDs=\">\n<div class=\"iframely-embed\">\n<div class=\"iframely-responsive\"><iframe src=\"https:\/\/iframely.pagina12.com.ar\/api\/iframe?url=https%3A%2F%2Ftwitter.com%2FESPNArgentina%2Fstatus%2F1528474535464517632&amp;v=1&amp;app=1&amp;key=68ad19d170f26a7756ad0a90caf18fc1&amp;playerjs=1\" allowfullscreen=\"allowfullscreen\" data-mce-fragment=\"1\"><\/iframe><\/div>\n<\/div>\n<\/div>\n<h2>La frutilla del postre<\/h2>\n<p>A Tigre s\u00f3lo lo sosten\u00edan las cuerdas luego del golazo de Fabra. Pero Boca no lo perdon\u00f3:<b>\u00a0a los 85 apareci\u00f3 V\u00e1zquez de cabeza y puso el 3 a 0 para desatar el festejo en el banco xeneize<\/b>\u00a0y, de paso, cobrarse venganza por lo sucedido en 2019, cuando el Matador venci\u00f3 al Xeneize en la final de la Copa de la Superliga.<\/p>\n<\/div>\n<\/div>\n<\/div>\n","protected":false},"excerpt":{"rendered":"<p>El equipo de Battaglia sum\u00f3 la 16\u00ba copa nacional de su historia. Marcos Rojo, con mucha ayuda de Marinelli, abri\u00f3 la cuenta cuando se mor\u00eda el primer tiempo. En el segundo, en el mejor momento del Matador, Fabra se invent\u00f3 un verdadero golazo. V\u00e1zquez puso el tercero cuando ya estaba todo definido en C\u00f3rdoba.<\/p>\n","protected":false},"author":3,"featured_media":0,"comment_status":"closed","ping_status":"closed","sticky":false,"template":"","format":"standard","meta":{"footnotes":""},"categories":[1],"tags":[],"class_list":["post-72430","post","type-post","status-publish","format-standard","hentry","category-sin-categoria"],"yoast_head":"<!-- This site is optimized with the Yoast SEO plugin v25.9 - https:\/\/yoast.com\/wordpress\/plugins\/seo\/ -->\n<title>Boca campe\u00f3n de la Copa de la Liga: gole\u00f3 a Tigre en la final - Noticias Radio Reflejos<\/title>\n<meta name=\"robots\" content=\"index, follow, max-snippet:-1, max-image-preview:large, max-video-preview:-1\" \/>\n<link rel=\"canonical\" href=\"https:\/\/www.noticiasradioreflejos.com.ar\/2021\/boca-campeon-de-la-copa-de-la-liga-goleo-a-tigre-en-la-final\/\" \/>\n<meta property=\"og:locale\" content=\"es_ES\" \/>\n<meta property=\"og:type\" content=\"article\" \/>\n<meta property=\"og:title\" content=\"Boca campe\u00f3n de la Copa de la Liga: gole\u00f3 a Tigre en la final - Noticias Radio Reflejos\" \/>\n<meta property=\"og:description\" content=\"El equipo de Battaglia sum\u00f3 la 16\u00ba copa nacional de su historia. Marcos Rojo, con mucha ayuda de Marinelli, abri\u00f3 la cuenta cuando se mor\u00eda el primer tiempo. En el segundo, en el mejor momento del Matador, Fabra se invent\u00f3 un verdadero golazo. V\u00e1zquez puso el tercero cuando ya estaba todo definido en C\u00f3rdoba.\" \/>\n<meta property=\"og:url\" content=\"https:\/\/www.noticiasradioreflejos.com.ar\/2021\/boca-campeon-de-la-copa-de-la-liga-goleo-a-tigre-en-la-final\/\" \/>\n<meta property=\"og:site_name\" content=\"Noticias Radio Reflejos\" \/>\n<meta property=\"article:published_time\" content=\"2022-05-22T21:03:53+00:00\" \/>\n<meta property=\"og:image\" content=\"https:\/\/images.pagina12.com.ar\/styles\/focal_3_2_960x640\/public\/2022-05\/532789-whatsapp-20image-202022-05-22-20at-205-49-54-20pm.jpeg?itok=3GWfXjnx\" \/>\n<meta name=\"author\" content=\"Arnaldo Botto\" \/>\n<meta name=\"twitter:card\" content=\"summary_large_image\" \/>\n<script type=\"application\/ld+json\" class=\"yoast-schema-graph\">{\"@context\":\"https:\/\/schema.org\",\"@graph\":[{\"@type\":\"WebPage\",\"@id\":\"https:\/\/www.noticiasradioreflejos.com.ar\/2021\/boca-campeon-de-la-copa-de-la-liga-goleo-a-tigre-en-la-final\/\",\"url\":\"https:\/\/www.noticiasradioreflejos.com.ar\/2021\/boca-campeon-de-la-copa-de-la-liga-goleo-a-tigre-en-la-final\/\",\"name\":\"Boca campe\u00f3n de la Copa de la Liga: gole\u00f3 a Tigre en la final - Noticias Radio Reflejos\",\"isPartOf\":{\"@id\":\"https:\/\/www.noticiasradioreflejos.com.ar\/2021\/#website\"},\"primaryImageOfPage\":{\"@id\":\"https:\/\/www.noticiasradioreflejos.com.ar\/2021\/boca-campeon-de-la-copa-de-la-liga-goleo-a-tigre-en-la-final\/#primaryimage\"},\"image\":{\"@id\":\"https:\/\/www.noticiasradioreflejos.com.ar\/2021\/boca-campeon-de-la-copa-de-la-liga-goleo-a-tigre-en-la-final\/#primaryimage\"},\"thumbnailUrl\":\"https:\/\/images.pagina12.com.ar\/styles\/focal_3_2_960x640\/public\/2022-05\/532789-whatsapp-20image-202022-05-22-20at-205-49-54-20pm.jpeg?itok=3GWfXjnx\",\"datePublished\":\"2022-05-22T21:03:53+00:00\",\"author\":{\"@id\":\"https:\/\/www.noticiasradioreflejos.com.ar\/2021\/#\/schema\/person\/ad82545263dcc5ec0996818884fd5fb1\"},\"breadcrumb\":{\"@id\":\"https:\/\/www.noticiasradioreflejos.com.ar\/2021\/boca-campeon-de-la-copa-de-la-liga-goleo-a-tigre-en-la-final\/#breadcrumb\"},\"inLanguage\":\"es\",\"potentialAction\":[{\"@type\":\"ReadAction\",\"target\":[\"https:\/\/www.noticiasradioreflejos.com.ar\/2021\/boca-campeon-de-la-copa-de-la-liga-goleo-a-tigre-en-la-final\/\"]}]},{\"@type\":\"ImageObject\",\"inLanguage\":\"es\",\"@id\":\"https:\/\/www.noticiasradioreflejos.com.ar\/2021\/boca-campeon-de-la-copa-de-la-liga-goleo-a-tigre-en-la-final\/#primaryimage\",\"url\":\"https:\/\/images.pagina12.com.ar\/styles\/focal_3_2_960x640\/public\/2022-05\/532789-whatsapp-20image-202022-05-22-20at-205-49-54-20pm.jpeg?itok=3GWfXjnx\",\"contentUrl\":\"https:\/\/images.pagina12.com.ar\/styles\/focal_3_2_960x640\/public\/2022-05\/532789-whatsapp-20image-202022-05-22-20at-205-49-54-20pm.jpeg?itok=3GWfXjnx\"},{\"@type\":\"BreadcrumbList\",\"@id\":\"https:\/\/www.noticiasradioreflejos.com.ar\/2021\/boca-campeon-de-la-copa-de-la-liga-goleo-a-tigre-en-la-final\/#breadcrumb\",\"itemListElement\":[{\"@type\":\"ListItem\",\"position\":1,\"name\":\"Portada\",\"item\":\"https:\/\/www.noticiasradioreflejos.com.ar\/2021\/\"},{\"@type\":\"ListItem\",\"position\":2,\"name\":\"Boca campe\u00f3n de la Copa de la Liga: gole\u00f3 a Tigre en la final\"}]},{\"@type\":\"WebSite\",\"@id\":\"https:\/\/www.noticiasradioreflejos.com.ar\/2021\/#website\",\"url\":\"https:\/\/www.noticiasradioreflejos.com.ar\/2021\/\",\"name\":\"Noticias Radio Reflejos\",\"description\":\"Las noticias de mi comarca\",\"potentialAction\":[{\"@type\":\"SearchAction\",\"target\":{\"@type\":\"EntryPoint\",\"urlTemplate\":\"https:\/\/www.noticiasradioreflejos.com.ar\/2021\/?s={search_term_string}\"},\"query-input\":{\"@type\":\"PropertyValueSpecification\",\"valueRequired\":true,\"valueName\":\"search_term_string\"}}],\"inLanguage\":\"es\"},{\"@type\":\"Person\",\"@id\":\"https:\/\/www.noticiasradioreflejos.com.ar\/2021\/#\/schema\/person\/ad82545263dcc5ec0996818884fd5fb1\",\"name\":\"Arnaldo Botto\",\"image\":{\"@type\":\"ImageObject\",\"inLanguage\":\"es\",\"@id\":\"https:\/\/www.noticiasradioreflejos.com.ar\/2021\/#\/schema\/person\/image\/\",\"url\":\"https:\/\/secure.gravatar.com\/avatar\/55cb5e37c1efa326397366e6974cb338056df65cb50e7d64d1cf314e87504837?s=96&d=mm&r=g\",\"contentUrl\":\"https:\/\/secure.gravatar.com\/avatar\/55cb5e37c1efa326397366e6974cb338056df65cb50e7d64d1cf314e87504837?s=96&d=mm&r=g\",\"caption\":\"Arnaldo Botto\"},\"url\":\"https:\/\/www.noticiasradioreflejos.com.ar\/2021\/author\/arnaldo\/\"}]}<\/script>\n<!-- \/ Yoast SEO plugin. -->","yoast_head_json":{"title":"Boca campe\u00f3n de la Copa de la Liga: gole\u00f3 a Tigre en la final - Noticias Radio Reflejos","robots":{"index":"index","follow":"follow","max-snippet":"max-snippet:-1","max-image-preview":"max-image-preview:large","max-video-preview":"max-video-preview:-1"},"canonical":"https:\/\/www.noticiasradioreflejos.com.ar\/2021\/boca-campeon-de-la-copa-de-la-liga-goleo-a-tigre-en-la-final\/","og_locale":"es_ES","og_type":"article","og_title":"Boca campe\u00f3n de la Copa de la Liga: gole\u00f3 a Tigre en la final - Noticias Radio Reflejos","og_description":"El equipo de Battaglia sum\u00f3 la 16\u00ba copa nacional de su historia. Marcos Rojo, con mucha ayuda de Marinelli, abri\u00f3 la cuenta cuando se mor\u00eda el primer tiempo. En el segundo, en el mejor momento del Matador, Fabra se invent\u00f3 un verdadero golazo. V\u00e1zquez puso el tercero cuando ya estaba todo definido en C\u00f3rdoba.","og_url":"https:\/\/www.noticiasradioreflejos.com.ar\/2021\/boca-campeon-de-la-copa-de-la-liga-goleo-a-tigre-en-la-final\/","og_site_name":"Noticias Radio Reflejos","article_published_time":"2022-05-22T21:03:53+00:00","og_image":[{"url":"https:\/\/images.pagina12.com.ar\/styles\/focal_3_2_960x640\/public\/2022-05\/532789-whatsapp-20image-202022-05-22-20at-205-49-54-20pm.jpeg?itok=3GWfXjnx","type":"","width":"","height":""}],"author":"Arnaldo Botto","twitter_card":"summary_large_image","schema":{"@context":"https:\/\/schema.org","@graph":[{"@type":"WebPage","@id":"https:\/\/www.noticiasradioreflejos.com.ar\/2021\/boca-campeon-de-la-copa-de-la-liga-goleo-a-tigre-en-la-final\/","url":"https:\/\/www.noticiasradioreflejos.com.ar\/2021\/boca-campeon-de-la-copa-de-la-liga-goleo-a-tigre-en-la-final\/","name":"Boca campe\u00f3n de la Copa de la Liga: gole\u00f3 a Tigre en la final - Noticias Radio Reflejos","isPartOf":{"@id":"https:\/\/www.noticiasradioreflejos.com.ar\/2021\/#website"},"primaryImageOfPage":{"@id":"https:\/\/www.noticiasradioreflejos.com.ar\/2021\/boca-campeon-de-la-copa-de-la-liga-goleo-a-tigre-en-la-final\/#primaryimage"},"image":{"@id":"https:\/\/www.noticiasradioreflejos.com.ar\/2021\/boca-campeon-de-la-copa-de-la-liga-goleo-a-tigre-en-la-final\/#primaryimage"},"thumbnailUrl":"https:\/\/images.pagina12.com.ar\/styles\/focal_3_2_960x640\/public\/2022-05\/532789-whatsapp-20image-202022-05-22-20at-205-49-54-20pm.jpeg?itok=3GWfXjnx","datePublished":"2022-05-22T21:03:53+00:00","author":{"@id":"https:\/\/www.noticiasradioreflejos.com.ar\/2021\/#\/schema\/person\/ad82545263dcc5ec0996818884fd5fb1"},"breadcrumb":{"@id":"https:\/\/www.noticiasradioreflejos.com.ar\/2021\/boca-campeon-de-la-copa-de-la-liga-goleo-a-tigre-en-la-final\/#breadcrumb"},"inLanguage":"es","potentialAction":[{"@type":"ReadAction","target":["https:\/\/www.noticiasradioreflejos.com.ar\/2021\/boca-campeon-de-la-copa-de-la-liga-goleo-a-tigre-en-la-final\/"]}]},{"@type":"ImageObject","inLanguage":"es","@id":"https:\/\/www.noticiasradioreflejos.com.ar\/2021\/boca-campeon-de-la-copa-de-la-liga-goleo-a-tigre-en-la-final\/#primaryimage","url":"https:\/\/images.pagina12.com.ar\/styles\/focal_3_2_960x640\/public\/2022-05\/532789-whatsapp-20image-202022-05-22-20at-205-49-54-20pm.jpeg?itok=3GWfXjnx","contentUrl":"https:\/\/images.pagina12.com.ar\/styles\/focal_3_2_960x640\/public\/2022-05\/532789-whatsapp-20image-202022-05-22-20at-205-49-54-20pm.jpeg?itok=3GWfXjnx"},{"@type":"BreadcrumbList","@id":"https:\/\/www.noticiasradioreflejos.com.ar\/2021\/boca-campeon-de-la-copa-de-la-liga-goleo-a-tigre-en-la-final\/#breadcrumb","itemListElement":[{"@type":"ListItem","position":1,"name":"Portada","item":"https:\/\/www.noticiasradioreflejos.com.ar\/2021\/"},{"@type":"ListItem","position":2,"name":"Boca campe\u00f3n de la Copa de la Liga: gole\u00f3 a Tigre en la final"}]},{"@type":"WebSite","@id":"https:\/\/www.noticiasradioreflejos.com.ar\/2021\/#website","url":"https:\/\/www.noticiasradioreflejos.com.ar\/2021\/","name":"Noticias Radio Reflejos","description":"Las noticias de mi comarca","potentialAction":[{"@type":"SearchAction","target":{"@type":"EntryPoint","urlTemplate":"https:\/\/www.noticiasradioreflejos.com.ar\/2021\/?s={search_term_string}"},"query-input":{"@type":"PropertyValueSpecification","valueRequired":true,"valueName":"search_term_string"}}],"inLanguage":"es"},{"@type":"Person","@id":"https:\/\/www.noticiasradioreflejos.com.ar\/2021\/#\/schema\/person\/ad82545263dcc5ec0996818884fd5fb1","name":"Arnaldo Botto","image":{"@type":"ImageObject","inLanguage":"es","@id":"https:\/\/www.noticiasradioreflejos.com.ar\/2021\/#\/schema\/person\/image\/","url":"https:\/\/secure.gravatar.com\/avatar\/55cb5e37c1efa326397366e6974cb338056df65cb50e7d64d1cf314e87504837?s=96&d=mm&r=g","contentUrl":"https:\/\/secure.gravatar.com\/avatar\/55cb5e37c1efa326397366e6974cb338056df65cb50e7d64d1cf314e87504837?s=96&d=mm&r=g","caption":"Arnaldo Botto"},"url":"https:\/\/www.noticiasradioreflejos.com.ar\/2021\/author\/arnaldo\/"}]}},"_links":{"self":[{"href":"https:\/\/www.noticiasradioreflejos.com.ar\/2021\/wp-json\/wp\/v2\/posts\/72430","targetHints":{"allow":["GET"]}}],"collection":[{"href":"https:\/\/www.noticiasradioreflejos.com.ar\/2021\/wp-json\/wp\/v2\/posts"}],"about":[{"href":"https:\/\/www.noticiasradioreflejos.com.ar\/2021\/wp-json\/wp\/v2\/types\/post"}],"author":[{"embeddable":true,"href":"https:\/\/www.noticiasradioreflejos.com.ar\/2021\/wp-json\/wp\/v2\/users\/3"}],"replies":[{"embeddable":true,"href":"https:\/\/www.noticiasradioreflejos.com.ar\/2021\/wp-json\/wp\/v2\/comments?post=72430"}],"version-history":[{"count":1,"href":"https:\/\/www.noticiasradioreflejos.com.ar\/2021\/wp-json\/wp\/v2\/posts\/72430\/revisions"}],"predecessor-version":[{"id":72432,"href":"https:\/\/www.noticiasradioreflejos.com.ar\/2021\/wp-json\/wp\/v2\/posts\/72430\/revisions\/72432"}],"wp:attachment":[{"href":"https:\/\/www.noticiasradioreflejos.com.ar\/2021\/wp-json\/wp\/v2\/media?parent=72430"}],"wp:term":[{"taxonomy":"category","embeddable":true,"href":"https:\/\/www.noticiasradioreflejos.com.ar\/2021\/wp-json\/wp\/v2\/categories?post=72430"},{"taxonomy":"post_tag","embeddable":true,"href":"https:\/\/www.noticiasradioreflejos.com.ar\/2021\/wp-json\/wp\/v2\/tags?post=72430"}],"curies":[{"name":"wp","href":"https:\/\/api.w.org\/{rel}","templated":true}]}}