{"id":72427,"date":"2022-05-22T20:21:16","date_gmt":"2022-05-22T20:21:16","guid":{"rendered":"http:\/\/www.noticiasradioreflejos.com.ar\/2021\/?p=72427"},"modified":"2022-05-22T20:21:16","modified_gmt":"2022-05-22T20:21:16","slug":"tres-arroyos-un-gato-ataco-a-un-bebe-y-debieron-amputarle-dos-dedos","status":"publish","type":"post","link":"https:\/\/www.noticiasradioreflejos.com.ar\/2021\/tres-arroyos-un-gato-ataco-a-un-bebe-y-debieron-amputarle-dos-dedos\/","title":{"rendered":"Tres Arroyos: un gato atac\u00f3 a un beb\u00e9 y debieron amputarle dos dedos"},"content":{"rendered":"<header id=\"mvp-post-head\" class=\"left relative\">El peque\u00f1o fue derivado de urgencia a un hospital de nuestra ciudad, donde fue intervenido quir\u00fargicamente. Su me\u00f1ique tambi\u00e9n corre riesgo y tratar\u00e1n de salvarlo.<\/p>\n<div class=\"at-below-post addthis_tool\" data-url=\"https:\/\/www.labrujula24.com\/notas\/2022\/05\/22\/tres-arroyos-un-gato-ataco-a-un-bebe-y-debieron-amputarle-dos-dedos-n215412\/\" data-title=\"Tres Arroyos: un gato atac\u00f3 a un beb\u00e9 y debieron amputarle dos dedos\" data-description=\"El peque\u00f1o fue derivado de urgencia a un hospital de nuestra ciudad, donde fue intervenido quir\u00fargicamente. Su me\u00f1ique tambi\u00e9n corre riesgo y tratar\u00e1n de salvarlo.\">\n<div id=\"atstbx\" class=\"at-resp-share-element at-style-responsive addthis-smartlayers addthis-animated at4-show\" role=\"region\" aria-labelledby=\"at-fc8001be-703f-40ba-9073-d2490fd3a355\"><\/div>\n<\/div>\n<\/header>\n<p><!--more--><\/p>\n<div class=\"mvp-post-main-out left relative\">\n<div class=\"mvp-post-main-in\">\n<div id=\"mvp-post-content\" class=\"left relative\">\n<div id=\"mvp-post-feat-img\" class=\"left relative mvp-post-feat-img-wide2\"><picture><source srcset=\"https:\/\/www.labrujula24.com\/wp-content\/webp-express\/webp-images\/uploads\/2022\/05\/Sin-titulo-4.jpg.webp 1200w, https:\/\/www.labrujula24.com\/wp-content\/webp-express\/webp-images\/uploads\/2022\/05\/Sin-titulo-4-768x461.jpg.webp 768w, https:\/\/www.labrujula24.com\/wp-content\/webp-express\/webp-images\/uploads\/2022\/05\/Sin-titulo-4-1000x600.jpg.webp 1000w, https:\/\/www.labrujula24.com\/wp-content\/webp-express\/webp-images\/uploads\/2022\/05\/Sin-titulo-4-590x354.jpg.webp 590w, https:\/\/www.labrujula24.com\/wp-content\/webp-express\/webp-images\/uploads\/2022\/05\/Sin-titulo-4-400x240.jpg.webp 400w\" type=\"image\/webp\" sizes=\"(max-width: 1200px) 100vw, 1200px\" \/><img loading=\"lazy\" decoding=\"async\" class=\"attachment- size- wp-post-image webpexpress-processed\" src=\"https:\/\/www.labrujula24.com\/wp-content\/uploads\/2022\/05\/Sin-titulo-4.jpg\" sizes=\"auto, (max-width: 1200px) 100vw, 1200px\" srcset=\"https:\/\/www.labrujula24.com\/wp-content\/uploads\/2022\/05\/Sin-titulo-4.jpg 1200w, https:\/\/www.labrujula24.com\/wp-content\/uploads\/2022\/05\/Sin-titulo-4-768x461.jpg 768w, https:\/\/www.labrujula24.com\/wp-content\/uploads\/2022\/05\/Sin-titulo-4-1000x600.jpg 1000w, https:\/\/www.labrujula24.com\/wp-content\/uploads\/2022\/05\/Sin-titulo-4-590x354.jpg 590w, https:\/\/www.labrujula24.com\/wp-content\/uploads\/2022\/05\/Sin-titulo-4-400x240.jpg 400w\" alt=\"\" width=\"1200\" height=\"720\" \/><\/picture><\/div>\n<p><span class=\"mvp-feat-caption\">Foto ilustrativa<\/span><\/p>\n<div id=\"mvp-content-wrap\" class=\"left relative\">\n<div class=\"mvp-post-soc-out right relative\">\n<div class=\"mvp-post-soc-in\">\n<div id=\"mvp-content-body\" class=\"left relative\">\n<div id=\"mvp-content-body-top\" class=\"left relative\">\n<div id=\"mvp-content-main\" class=\"left relative\">\n<div id=\"textbody\">\n<div class=\"at-above-post addthis_tool\" data-url=\"https:\/\/www.labrujula24.com\/notas\/2022\/05\/22\/tres-arroyos-un-gato-ataco-a-un-bebe-y-debieron-amputarle-dos-dedos-n215412\/\"><\/div>\n<p>Un hecho de extrema gravedad ocurrido en Tres Arroyos trascendi\u00f3 en las \u00faltimas horas, un gato atac\u00f3 a un beb\u00e9 de tres meses y le produjo severas lesiones en tres dedos de una de sus manos, obligando a amputar dos de ellos.<\/p>\n<p>Tal como inform\u00f3 el portal tresarroyense\u00a0<em>LU24<\/em>, el hecho ocurri\u00f3 el pasado jueves, cuando la familia escuch\u00f3 el llanto del peque\u00f1o y se encontr\u00f3 con la terrible escena.<\/p>\n<div id=\"sm-it-main-container-1653250733037\" class=\"sm-it-main-container\" data-it=\"88868243-bf49-4dfa-95e6-44ae351effec\" data-device=\"desktop\" data-index=\"0\">\n<div id=\"sm-reference-1653250733037\" class=\"sm-reference\"><\/div>\n<\/div>\n<div class=\"code-block code-block-11\"><\/div>\n<p>De inmediato lo trasladaron a un centro de salud local, donde fue atendido por un pediatra y tambi\u00e9n por un cirujano especialista, que si bien ten\u00eda los elementos para la intervenci\u00f3n quir\u00fargica localmente, en Tres Arroyos no hay un sitio adecuado para un post operatorio neonatal.<\/p>\n<p>Ante ese presente lo derivaron al peque\u00f1o a Bah\u00eda Blanca donde fue operado con \u00e9xito, pero lamentablemente perdi\u00f3 el dedo mayor y anular de una de sus manitos, y corre riesgo el me\u00f1ique que tratar\u00e1n de salvarlo.<\/p>\n<div class=\"code-block code-block-1\"><\/div>\n<p>Las feroces lesiones provocadas por el felino asombran al n\u00facleo familiar, ya que no ten\u00eda antecedentes de agresividad.<\/p>\n<p>Al margen del da\u00f1o irreparable de su manito, el ni\u00f1o se est\u00e1 recuperando en el nosocomio, seg\u00fan pudo saberse en el entorno \u00edntimo de la familia.<\/p>\n<\/div>\n<\/div>\n<\/div>\n<\/div>\n<\/div>\n<\/div>\n<\/div>\n<\/div>\n<\/div>\n<\/div>\n","protected":false},"excerpt":{"rendered":"<p>El peque\u00f1o fue derivado de urgencia a un hospital de nuestra ciudad, donde fue intervenido quir\u00fargicamente. Su me\u00f1ique tambi\u00e9n corre riesgo y tratar\u00e1n de salvarlo.<\/p>\n","protected":false},"author":3,"featured_media":0,"comment_status":"closed","ping_status":"closed","sticky":false,"template":"","format":"standard","meta":{"footnotes":""},"categories":[29,30],"tags":[],"class_list":["post-72427","post","type-post","status-publish","format-standard","hentry","category-policiales","category-salud"],"yoast_head":"<!-- This site is optimized with the Yoast SEO plugin v25.9 - https:\/\/yoast.com\/wordpress\/plugins\/seo\/ -->\n<title>Tres Arroyos: un gato atac\u00f3 a un beb\u00e9 y debieron amputarle dos dedos - Noticias Radio Reflejos<\/title>\n<meta name=\"robots\" content=\"index, follow, max-snippet:-1, max-image-preview:large, max-video-preview:-1\" \/>\n<link rel=\"canonical\" href=\"https:\/\/www.noticiasradioreflejos.com.ar\/2021\/tres-arroyos-un-gato-ataco-a-un-bebe-y-debieron-amputarle-dos-dedos\/\" \/>\n<meta property=\"og:locale\" content=\"es_ES\" \/>\n<meta property=\"og:type\" content=\"article\" \/>\n<meta property=\"og:title\" content=\"Tres Arroyos: un gato atac\u00f3 a un beb\u00e9 y debieron amputarle dos dedos - Noticias Radio Reflejos\" \/>\n<meta property=\"og:description\" content=\"El peque\u00f1o fue derivado de urgencia a un hospital de nuestra ciudad, donde fue intervenido quir\u00fargicamente. Su me\u00f1ique tambi\u00e9n corre riesgo y tratar\u00e1n de salvarlo.\" \/>\n<meta property=\"og:url\" content=\"https:\/\/www.noticiasradioreflejos.com.ar\/2021\/tres-arroyos-un-gato-ataco-a-un-bebe-y-debieron-amputarle-dos-dedos\/\" \/>\n<meta property=\"og:site_name\" content=\"Noticias Radio Reflejos\" \/>\n<meta property=\"article:published_time\" content=\"2022-05-22T20:21:16+00:00\" \/>\n<meta property=\"og:image\" content=\"https:\/\/www.labrujula24.com\/wp-content\/uploads\/2022\/05\/Sin-titulo-4.jpg\" \/>\n<meta name=\"author\" content=\"Arnaldo Botto\" \/>\n<meta name=\"twitter:card\" content=\"summary_large_image\" \/>\n<script type=\"application\/ld+json\" class=\"yoast-schema-graph\">{\"@context\":\"https:\/\/schema.org\",\"@graph\":[{\"@type\":\"WebPage\",\"@id\":\"https:\/\/www.noticiasradioreflejos.com.ar\/2021\/tres-arroyos-un-gato-ataco-a-un-bebe-y-debieron-amputarle-dos-dedos\/\",\"url\":\"https:\/\/www.noticiasradioreflejos.com.ar\/2021\/tres-arroyos-un-gato-ataco-a-un-bebe-y-debieron-amputarle-dos-dedos\/\",\"name\":\"Tres Arroyos: un gato atac\u00f3 a un beb\u00e9 y debieron amputarle dos dedos - Noticias Radio Reflejos\",\"isPartOf\":{\"@id\":\"https:\/\/www.noticiasradioreflejos.com.ar\/2021\/#website\"},\"primaryImageOfPage\":{\"@id\":\"https:\/\/www.noticiasradioreflejos.com.ar\/2021\/tres-arroyos-un-gato-ataco-a-un-bebe-y-debieron-amputarle-dos-dedos\/#primaryimage\"},\"image\":{\"@id\":\"https:\/\/www.noticiasradioreflejos.com.ar\/2021\/tres-arroyos-un-gato-ataco-a-un-bebe-y-debieron-amputarle-dos-dedos\/#primaryimage\"},\"thumbnailUrl\":\"https:\/\/www.labrujula24.com\/wp-content\/uploads\/2022\/05\/Sin-titulo-4.jpg\",\"datePublished\":\"2022-05-22T20:21:16+00:00\",\"author\":{\"@id\":\"https:\/\/www.noticiasradioreflejos.com.ar\/2021\/#\/schema\/person\/ad82545263dcc5ec0996818884fd5fb1\"},\"breadcrumb\":{\"@id\":\"https:\/\/www.noticiasradioreflejos.com.ar\/2021\/tres-arroyos-un-gato-ataco-a-un-bebe-y-debieron-amputarle-dos-dedos\/#breadcrumb\"},\"inLanguage\":\"es\",\"potentialAction\":[{\"@type\":\"ReadAction\",\"target\":[\"https:\/\/www.noticiasradioreflejos.com.ar\/2021\/tres-arroyos-un-gato-ataco-a-un-bebe-y-debieron-amputarle-dos-dedos\/\"]}]},{\"@type\":\"ImageObject\",\"inLanguage\":\"es\",\"@id\":\"https:\/\/www.noticiasradioreflejos.com.ar\/2021\/tres-arroyos-un-gato-ataco-a-un-bebe-y-debieron-amputarle-dos-dedos\/#primaryimage\",\"url\":\"https:\/\/www.labrujula24.com\/wp-content\/uploads\/2022\/05\/Sin-titulo-4.jpg\",\"contentUrl\":\"https:\/\/www.labrujula24.com\/wp-content\/uploads\/2022\/05\/Sin-titulo-4.jpg\"},{\"@type\":\"BreadcrumbList\",\"@id\":\"https:\/\/www.noticiasradioreflejos.com.ar\/2021\/tres-arroyos-un-gato-ataco-a-un-bebe-y-debieron-amputarle-dos-dedos\/#breadcrumb\",\"itemListElement\":[{\"@type\":\"ListItem\",\"position\":1,\"name\":\"Portada\",\"item\":\"https:\/\/www.noticiasradioreflejos.com.ar\/2021\/\"},{\"@type\":\"ListItem\",\"position\":2,\"name\":\"Tres Arroyos: un gato atac\u00f3 a un beb\u00e9 y debieron amputarle dos dedos\"}]},{\"@type\":\"WebSite\",\"@id\":\"https:\/\/www.noticiasradioreflejos.com.ar\/2021\/#website\",\"url\":\"https:\/\/www.noticiasradioreflejos.com.ar\/2021\/\",\"name\":\"Noticias Radio Reflejos\",\"description\":\"Las noticias de mi comarca\",\"potentialAction\":[{\"@type\":\"SearchAction\",\"target\":{\"@type\":\"EntryPoint\",\"urlTemplate\":\"https:\/\/www.noticiasradioreflejos.com.ar\/2021\/?s={search_term_string}\"},\"query-input\":{\"@type\":\"PropertyValueSpecification\",\"valueRequired\":true,\"valueName\":\"search_term_string\"}}],\"inLanguage\":\"es\"},{\"@type\":\"Person\",\"@id\":\"https:\/\/www.noticiasradioreflejos.com.ar\/2021\/#\/schema\/person\/ad82545263dcc5ec0996818884fd5fb1\",\"name\":\"Arnaldo Botto\",\"image\":{\"@type\":\"ImageObject\",\"inLanguage\":\"es\",\"@id\":\"https:\/\/www.noticiasradioreflejos.com.ar\/2021\/#\/schema\/person\/image\/\",\"url\":\"https:\/\/secure.gravatar.com\/avatar\/55cb5e37c1efa326397366e6974cb338056df65cb50e7d64d1cf314e87504837?s=96&d=mm&r=g\",\"contentUrl\":\"https:\/\/secure.gravatar.com\/avatar\/55cb5e37c1efa326397366e6974cb338056df65cb50e7d64d1cf314e87504837?s=96&d=mm&r=g\",\"caption\":\"Arnaldo Botto\"},\"url\":\"https:\/\/www.noticiasradioreflejos.com.ar\/2021\/author\/arnaldo\/\"}]}<\/script>\n<!-- \/ Yoast SEO plugin. -->","yoast_head_json":{"title":"Tres Arroyos: un gato atac\u00f3 a un beb\u00e9 y debieron amputarle dos dedos - Noticias Radio Reflejos","robots":{"index":"index","follow":"follow","max-snippet":"max-snippet:-1","max-image-preview":"max-image-preview:large","max-video-preview":"max-video-preview:-1"},"canonical":"https:\/\/www.noticiasradioreflejos.com.ar\/2021\/tres-arroyos-un-gato-ataco-a-un-bebe-y-debieron-amputarle-dos-dedos\/","og_locale":"es_ES","og_type":"article","og_title":"Tres Arroyos: un gato atac\u00f3 a un beb\u00e9 y debieron amputarle dos dedos - Noticias Radio Reflejos","og_description":"El peque\u00f1o fue derivado de urgencia a un hospital de nuestra ciudad, donde fue intervenido quir\u00fargicamente. Su me\u00f1ique tambi\u00e9n corre riesgo y tratar\u00e1n de salvarlo.","og_url":"https:\/\/www.noticiasradioreflejos.com.ar\/2021\/tres-arroyos-un-gato-ataco-a-un-bebe-y-debieron-amputarle-dos-dedos\/","og_site_name":"Noticias Radio Reflejos","article_published_time":"2022-05-22T20:21:16+00:00","og_image":[{"url":"https:\/\/www.labrujula24.com\/wp-content\/uploads\/2022\/05\/Sin-titulo-4.jpg","type":"","width":"","height":""}],"author":"Arnaldo Botto","twitter_card":"summary_large_image","schema":{"@context":"https:\/\/schema.org","@graph":[{"@type":"WebPage","@id":"https:\/\/www.noticiasradioreflejos.com.ar\/2021\/tres-arroyos-un-gato-ataco-a-un-bebe-y-debieron-amputarle-dos-dedos\/","url":"https:\/\/www.noticiasradioreflejos.com.ar\/2021\/tres-arroyos-un-gato-ataco-a-un-bebe-y-debieron-amputarle-dos-dedos\/","name":"Tres Arroyos: un gato atac\u00f3 a un beb\u00e9 y debieron amputarle dos dedos - Noticias Radio Reflejos","isPartOf":{"@id":"https:\/\/www.noticiasradioreflejos.com.ar\/2021\/#website"},"primaryImageOfPage":{"@id":"https:\/\/www.noticiasradioreflejos.com.ar\/2021\/tres-arroyos-un-gato-ataco-a-un-bebe-y-debieron-amputarle-dos-dedos\/#primaryimage"},"image":{"@id":"https:\/\/www.noticiasradioreflejos.com.ar\/2021\/tres-arroyos-un-gato-ataco-a-un-bebe-y-debieron-amputarle-dos-dedos\/#primaryimage"},"thumbnailUrl":"https:\/\/www.labrujula24.com\/wp-content\/uploads\/2022\/05\/Sin-titulo-4.jpg","datePublished":"2022-05-22T20:21:16+00:00","author":{"@id":"https:\/\/www.noticiasradioreflejos.com.ar\/2021\/#\/schema\/person\/ad82545263dcc5ec0996818884fd5fb1"},"breadcrumb":{"@id":"https:\/\/www.noticiasradioreflejos.com.ar\/2021\/tres-arroyos-un-gato-ataco-a-un-bebe-y-debieron-amputarle-dos-dedos\/#breadcrumb"},"inLanguage":"es","potentialAction":[{"@type":"ReadAction","target":["https:\/\/www.noticiasradioreflejos.com.ar\/2021\/tres-arroyos-un-gato-ataco-a-un-bebe-y-debieron-amputarle-dos-dedos\/"]}]},{"@type":"ImageObject","inLanguage":"es","@id":"https:\/\/www.noticiasradioreflejos.com.ar\/2021\/tres-arroyos-un-gato-ataco-a-un-bebe-y-debieron-amputarle-dos-dedos\/#primaryimage","url":"https:\/\/www.labrujula24.com\/wp-content\/uploads\/2022\/05\/Sin-titulo-4.jpg","contentUrl":"https:\/\/www.labrujula24.com\/wp-content\/uploads\/2022\/05\/Sin-titulo-4.jpg"},{"@type":"BreadcrumbList","@id":"https:\/\/www.noticiasradioreflejos.com.ar\/2021\/tres-arroyos-un-gato-ataco-a-un-bebe-y-debieron-amputarle-dos-dedos\/#breadcrumb","itemListElement":[{"@type":"ListItem","position":1,"name":"Portada","item":"https:\/\/www.noticiasradioreflejos.com.ar\/2021\/"},{"@type":"ListItem","position":2,"name":"Tres Arroyos: un gato atac\u00f3 a un beb\u00e9 y debieron amputarle dos dedos"}]},{"@type":"WebSite","@id":"https:\/\/www.noticiasradioreflejos.com.ar\/2021\/#website","url":"https:\/\/www.noticiasradioreflejos.com.ar\/2021\/","name":"Noticias Radio Reflejos","description":"Las noticias de mi comarca","potentialAction":[{"@type":"SearchAction","target":{"@type":"EntryPoint","urlTemplate":"https:\/\/www.noticiasradioreflejos.com.ar\/2021\/?s={search_term_string}"},"query-input":{"@type":"PropertyValueSpecification","valueRequired":true,"valueName":"search_term_string"}}],"inLanguage":"es"},{"@type":"Person","@id":"https:\/\/www.noticiasradioreflejos.com.ar\/2021\/#\/schema\/person\/ad82545263dcc5ec0996818884fd5fb1","name":"Arnaldo Botto","image":{"@type":"ImageObject","inLanguage":"es","@id":"https:\/\/www.noticiasradioreflejos.com.ar\/2021\/#\/schema\/person\/image\/","url":"https:\/\/secure.gravatar.com\/avatar\/55cb5e37c1efa326397366e6974cb338056df65cb50e7d64d1cf314e87504837?s=96&d=mm&r=g","contentUrl":"https:\/\/secure.gravatar.com\/avatar\/55cb5e37c1efa326397366e6974cb338056df65cb50e7d64d1cf314e87504837?s=96&d=mm&r=g","caption":"Arnaldo Botto"},"url":"https:\/\/www.noticiasradioreflejos.com.ar\/2021\/author\/arnaldo\/"}]}},"_links":{"self":[{"href":"https:\/\/www.noticiasradioreflejos.com.ar\/2021\/wp-json\/wp\/v2\/posts\/72427","targetHints":{"allow":["GET"]}}],"collection":[{"href":"https:\/\/www.noticiasradioreflejos.com.ar\/2021\/wp-json\/wp\/v2\/posts"}],"about":[{"href":"https:\/\/www.noticiasradioreflejos.com.ar\/2021\/wp-json\/wp\/v2\/types\/post"}],"author":[{"embeddable":true,"href":"https:\/\/www.noticiasradioreflejos.com.ar\/2021\/wp-json\/wp\/v2\/users\/3"}],"replies":[{"embeddable":true,"href":"https:\/\/www.noticiasradioreflejos.com.ar\/2021\/wp-json\/wp\/v2\/comments?post=72427"}],"version-history":[{"count":1,"href":"https:\/\/www.noticiasradioreflejos.com.ar\/2021\/wp-json\/wp\/v2\/posts\/72427\/revisions"}],"predecessor-version":[{"id":72429,"href":"https:\/\/www.noticiasradioreflejos.com.ar\/2021\/wp-json\/wp\/v2\/posts\/72427\/revisions\/72429"}],"wp:attachment":[{"href":"https:\/\/www.noticiasradioreflejos.com.ar\/2021\/wp-json\/wp\/v2\/media?parent=72427"}],"wp:term":[{"taxonomy":"category","embeddable":true,"href":"https:\/\/www.noticiasradioreflejos.com.ar\/2021\/wp-json\/wp\/v2\/categories?post=72427"},{"taxonomy":"post_tag","embeddable":true,"href":"https:\/\/www.noticiasradioreflejos.com.ar\/2021\/wp-json\/wp\/v2\/tags?post=72427"}],"curies":[{"name":"wp","href":"https:\/\/api.w.org\/{rel}","templated":true}]}}