{"id":72413,"date":"2022-05-22T16:14:30","date_gmt":"2022-05-22T16:14:30","guid":{"rendered":"http:\/\/www.noticiasradioreflejos.com.ar\/2021\/?p=72413"},"modified":"2022-05-22T16:15:20","modified_gmt":"2022-05-22T16:15:20","slug":"gestion-estatal-o-privada-el-debate-en-cuestion-sobre-el-futuro-de-las-represas-hidroelectricas","status":"publish","type":"post","link":"https:\/\/www.noticiasradioreflejos.com.ar\/2021\/gestion-estatal-o-privada-el-debate-en-cuestion-sobre-el-futuro-de-las-represas-hidroelectricas\/","title":{"rendered":"Gesti\u00f3n estatal o privada, el debate en cuesti\u00f3n sobre el futuro de las represas hidroel\u00e9ctricas"},"content":{"rendered":"<p>Se trata de 22 represas ubicadas en ocho provincias que tienen sus conseciones privatizadas desde la decada del 90 y que a partir de agosto comienzan a vencerse. Se estudia prorrogar las mismas, generar nuevos contratos o recuperar la gesti\u00f3n del Estado.<!--more--><\/p>\n<div class=\"wrapper-editable-content\">\n<div class=\"wrapper-info-note\">\n<div class=\"col-md-12\">\n<div class=\"wrapper-author-social\">\n<div class=\"author-box mb-4\">\n<div class=\"image\"><\/div>\n<div class=\"info\">\n<div class=\"name\">POR IGNACIO ORTIZ<\/div>\n<div class=\"time\"><\/div>\n<\/div>\n<\/div>\n<\/div>\n<\/div>\n<\/div>\n<div>\n<div class=\"wrapper-editable-content\">\n<div>\n<div class=\"container-md\">\n<div class=\"row\">\n<div class=\"col-md-12 speak\">\n<div class=\"paragraph\">\n<figure class=\"mb-3\"><img decoding=\"async\" src=\"https:\/\/www.telam.com.ar\/thumbs\/bluesteel\/advf\/imagenes\/2022\/05\/628a4648a6359_900.jpg\" alt=\"El complejo hidroelctrico de Alicur 1000 Mw actualmente est operado por la empresa AES Argentina\" width=\"100%\" height=\"100%\" \/><\/figure>\n<\/div>\n<\/div>\n<\/div>\n<\/div>\n<\/div>\n<\/div>\n<\/div>\n<\/div>\n<div class=\"media-icons\"><\/div>\n<p>El complejo hidroel\u00e9ctrico de Alicur\u00e1 (1.000 Mw) actualmente est\u00e1 operado por la empresa AES Argentina<\/p>\n<p>El futuro de 22 represas hidroel\u00e9ctricas cuyos vencimientos de concesi\u00f3n comenzar\u00e1n a operar a partir de agosto de 2023, tras 30 a\u00f1os de manejo privado, ya entr\u00f3 en una etapa de debate y definiciones sobre la continuidad en manos privadas o retorno a la gesti\u00f3n estatal, a lo cual se suma el reclamo de las provincias para tener una mayor injerencia en el tema.<\/p>\n<p>Fuentes oficiales explicaron que<strong>\u00a0las opciones inicialmente en estudio son las de prorrogar las concesiones de los actuales operadores en el caso de que los mismos se manifiesten interesados; avanzar en nuevos contratos con otros operadores privados; o recuperar la gesti\u00f3n del Estado nacional perdida tras el proceso de privatizaci\u00f3n llevado adelante en los primeros a\u00f1os de la d\u00e9cada del 90.<\/strong><\/p>\n<p>Esa definici\u00f3n no resulta menor teniendo en cuenta que si bien se asegura en el sector las centrales hidroel\u00e9ctricas tienen un mantenimiento adecuado<strong>, se anticipa que el parque generador requerir\u00e1 de importantes inversiones para la extensi\u00f3n de vida, ampliaci\u00f3n de capacidad y mejora de eficiencia.<\/strong><\/p>\n<p>Estas inversiones no comprender\u00edan al mantenimiento de las obras civiles, que se vienen realizando de manera rigurosa a trav\u00e9s del Organismo Regulador de Seguridad de Presas (Orsep).<\/p>\n<p>Al conjunto de opciones bajo an\u00e1lisis se sum\u00f3 en los \u00faltimos meses el reclamo de varias provincias de ser parte de esa nueva gesti\u00f3n de las represas, con el argumento de que la Constituci\u00f3n de 1994 les otorg\u00f3 a los estados la potestad sobre sus recursos naturales, en este caso el agua de sus r\u00edos.<\/p>\n<p><strong>El planteo lo encabezan, en particular, las provincias de Neuqu\u00e9n y R\u00edo Negro<\/strong>, en cuyos territorios se levantan las represas cuyas concesiones comienzan a vencer en agosto de 2023, y que a la vez explican el 67% de la electricidad producida por las centrales hidroel\u00e9ctricas.<\/p>\n<figure class=\"mb-3\"><img decoding=\"async\" src=\"https:\/\/www.telam.com.ar\/thumbs\/bluesteel\/advf\/imagenes\/2022\/05\/628a46b5d8262_900.jpg\" alt=\"El contrato de las represas Los Nihuiles I II y III vence en 2024\" width=\"100%\" height=\"100%\" \/><\/p>\n<div class=\"media-icons\"><\/div><figcaption>El contrato de las represas Los Nihuiles I, II y III vence en 2024<\/figcaption><\/figure>\n<p>Se trata de los complejos hidroel\u00e9ctricos de<strong>\u00a0Alicur\u00e1<\/strong>\u00a0(1.000 Mw) actualmente operada por la empresa AES Argentina;<strong>\u00a0El Choc\u00f3n<\/strong>\u00a0(1.200 Mw) y\u00a0<strong>Arroyito\u00a0<\/strong>(120 Mw), a cargo de la firma Enel Generaci\u00f3n;\u00a0<strong>Planicie Banderita<\/strong>\u00a0(450 Mw), operada por Oroazul Energy; y<strong>\u00a0Piedra del \u00c1guila<\/strong>\u00a0(1.400 Mw), a cargo de Central Puerto, todas con vencimiento de concesi\u00f3n previstos para el segundo semestre del a\u00f1o pr\u00f3ximo.<\/p>\n<p>Bajo esta agenda comenz\u00f3 el an\u00e1lisis del Equipo de Trabajo de Aprovechamientos Hidroel\u00e9ctricos Concesionados (Etahc) recientemente conformado con representantes de la Secretar\u00eda de Energ\u00eda, la Compa\u00f1\u00eda Administradora del Mercado Mayorista El\u00e9ctrico (Cammesa), el Ente Nacional Regulador de la Electricidad (Enre) y la empresa Energ\u00eda Argentina (ex Ieasa).<\/p>\n<p><strong>El Etahc tendr\u00e1 a su cargo el relevamiento integral de las veintid\u00f3s concesiones de aprovechamientos hidroel\u00e9ctricos en las ocho provincias, con una potencia instalada de 5,8 GW en su conjunto.<\/strong><\/p>\n<p>En su conjunto, los aprovechamientos hidroel\u00e9ctricos nacionales y binacionales, junto a los peque\u00f1os emprendimientos hidroel\u00e9ctricos (PAH), aportan aproximadamente el 20% de la generaci\u00f3n total en el \u00e1mbito del Mercado El\u00e9ctrico Mayorista (MEM), con una potencia instalada superior a los 10,8 GW.<\/p>\n<p>Entre las misiones que tienen asignadas<strong>, la Etahc deber\u00e1 elaborar un informe detallando el estado de situaci\u00f3n de cada concesi\u00f3n en sus aspectos t\u00e9cnicos, econ\u00f3micos, jur\u00eddicos y ambientales<\/strong>, en vista de los pr\u00f3ximos vencimientos de sus respectivos contratos.<\/p>\n<p>A comienzos de a\u00f1o,\u00a0<strong>autoridades de los gobiernos provinciales de Neuqu\u00e9n y R\u00edo Negro acordaron conformar una comisi\u00f3n propia a fin de analizar y avanzar en propuestas de acci\u00f3n y en generar los instrumentos jur\u00eddico-institucionales adecuados para plantearle al Gobierno nacional.<\/strong><\/p>\n<figure class=\"mb-3\"><img decoding=\"async\" src=\"https:\/\/www.telam.com.ar\/thumbs\/bluesteel\/advf\/imagenes\/2022\/05\/628a474a7881c_900.jpg\" alt=\"En junio de 2025 vence el contrato de la represa de Futeleuf\" width=\"100%\" height=\"100%\" \/><\/p>\n<div class=\"media-icons\"><\/div><figcaption>En junio de 2025 vence el contrato de la represa de Futeleuf\u00fa<\/figcaption><\/figure>\n<p>Las provincias buscan alternativas de esquemas a implementar para la administraci\u00f3n, operaci\u00f3n, mantenimiento y explotaci\u00f3n de las hidroel\u00e9ctricas emplazados sobre los r\u00edos Limay y Neuqu\u00e9n; contemplando las normas de uso de agua y cuestiones ambientales referentes al recurso.<\/p>\n<p>Ambas provincias patag\u00f3nicas incluyen en su reclamo la aplicaci\u00f3n de la llamada Tarifa Comahue que como principales generadores de energ\u00eda del pa\u00eds les permitir\u00eda un consumo el\u00e9ctrico a precios diferenciales, lo que que podr\u00eda significar la reducci\u00f3n de entre 15% y 40%.<\/p>\n<p>La posibilidad de que las provincias tengan el manejo de las represas enfrenta un obst\u00e1culo legal importante ya que los activos se encuentran registrados bajo la titularidad de la Naci\u00f3n.<\/p>\n<p>Los especialistas del sector consideran que el \u00fanico camino viable para que pasen a manos de las provincias ser\u00eda el de la donaci\u00f3n por parte del Estado nacional, lo que s\u00f3lo se podr\u00eda dar a trav\u00e9s de una ley sancionada por el Congreso nacional que avale el desprendimiento de esos activos.<\/p>\n<p><strong>La forma en que se resuelvan las concesiones que vencen el a\u00f1o pr\u00f3ximo marcar\u00e1n el camino de lo que podr\u00eda ocurrir tambi\u00e9n con las represas Los Nihuiles I, II y III, cuyo contrato vence en 2024, a las que luego se sumar\u00e1n Agua del Toro, Los Reyunos, El Tigre, R\u00edo Hondo y Los Quiroga.<\/strong><\/p>\n<p><strong>En junio de 2025 vence el contrato de la represa de Futeleuf\u00fa; y en noviembre las de Cabra Corral y El Tunal; en marzo de 2026 la de Ullum; y en julio la concesi\u00f3n de El Cadillal, Escaba y Pueblo Viejo.<\/strong><\/p>\n<p>Pichi Pic\u00fan Leuf\u00fa, en agosto de 2029, es el \u00faltimo vencimiento de contrato de concesi\u00f3n.<\/p>\n","protected":false},"excerpt":{"rendered":"<p>Se trata de 22 represas ubicadas en ocho provincias que tienen sus conseciones privatizadas desde la decada del 90 y que a partir de agosto comienzan a vencerse. Se estudia prorrogar las mismas, generar nuevos contratos o recuperar la gesti\u00f3n del Estado.<\/p>\n","protected":false},"author":3,"featured_media":0,"comment_status":"closed","ping_status":"closed","sticky":false,"template":"","format":"standard","meta":{"footnotes":""},"categories":[36,58,24],"tags":[],"class_list":["post-72413","post","type-post","status-publish","format-standard","hentry","category-economia","category-gobierno","category-politica"],"yoast_head":"<!-- This site is optimized with the Yoast SEO plugin v25.9 - https:\/\/yoast.com\/wordpress\/plugins\/seo\/ -->\n<title>Gesti\u00f3n estatal o privada, el debate en cuesti\u00f3n sobre el futuro de las represas hidroel\u00e9ctricas - Noticias Radio Reflejos<\/title>\n<meta name=\"robots\" content=\"index, follow, max-snippet:-1, max-image-preview:large, max-video-preview:-1\" \/>\n<link rel=\"canonical\" href=\"https:\/\/www.noticiasradioreflejos.com.ar\/2021\/gestion-estatal-o-privada-el-debate-en-cuestion-sobre-el-futuro-de-las-represas-hidroelectricas\/\" \/>\n<meta property=\"og:locale\" content=\"es_ES\" \/>\n<meta property=\"og:type\" content=\"article\" \/>\n<meta property=\"og:title\" content=\"Gesti\u00f3n estatal o privada, el debate en cuesti\u00f3n sobre el futuro de las represas hidroel\u00e9ctricas - Noticias Radio Reflejos\" \/>\n<meta property=\"og:description\" content=\"Se trata de 22 represas ubicadas en ocho provincias que tienen sus conseciones privatizadas desde la decada del 90 y que a partir de agosto comienzan a vencerse. Se estudia prorrogar las mismas, generar nuevos contratos o recuperar la gesti\u00f3n del Estado.\" \/>\n<meta property=\"og:url\" content=\"https:\/\/www.noticiasradioreflejos.com.ar\/2021\/gestion-estatal-o-privada-el-debate-en-cuestion-sobre-el-futuro-de-las-represas-hidroelectricas\/\" \/>\n<meta property=\"og:site_name\" content=\"Noticias Radio Reflejos\" \/>\n<meta property=\"article:published_time\" content=\"2022-05-22T16:14:30+00:00\" \/>\n<meta property=\"article:modified_time\" content=\"2022-05-22T16:15:20+00:00\" \/>\n<meta property=\"og:image\" content=\"https:\/\/www.telam.com.ar\/thumbs\/bluesteel\/advf\/imagenes\/2022\/05\/628a4648a6359_900.jpg\" \/>\n<meta name=\"author\" content=\"Arnaldo Botto\" \/>\n<meta name=\"twitter:card\" content=\"summary_large_image\" \/>\n<script type=\"application\/ld+json\" class=\"yoast-schema-graph\">{\"@context\":\"https:\/\/schema.org\",\"@graph\":[{\"@type\":\"WebPage\",\"@id\":\"https:\/\/www.noticiasradioreflejos.com.ar\/2021\/gestion-estatal-o-privada-el-debate-en-cuestion-sobre-el-futuro-de-las-represas-hidroelectricas\/\",\"url\":\"https:\/\/www.noticiasradioreflejos.com.ar\/2021\/gestion-estatal-o-privada-el-debate-en-cuestion-sobre-el-futuro-de-las-represas-hidroelectricas\/\",\"name\":\"Gesti\u00f3n estatal o privada, el debate en cuesti\u00f3n sobre el futuro de las represas hidroel\u00e9ctricas - Noticias Radio Reflejos\",\"isPartOf\":{\"@id\":\"https:\/\/www.noticiasradioreflejos.com.ar\/2021\/#website\"},\"primaryImageOfPage\":{\"@id\":\"https:\/\/www.noticiasradioreflejos.com.ar\/2021\/gestion-estatal-o-privada-el-debate-en-cuestion-sobre-el-futuro-de-las-represas-hidroelectricas\/#primaryimage\"},\"image\":{\"@id\":\"https:\/\/www.noticiasradioreflejos.com.ar\/2021\/gestion-estatal-o-privada-el-debate-en-cuestion-sobre-el-futuro-de-las-represas-hidroelectricas\/#primaryimage\"},\"thumbnailUrl\":\"https:\/\/www.telam.com.ar\/thumbs\/bluesteel\/advf\/imagenes\/2022\/05\/628a4648a6359_900.jpg\",\"datePublished\":\"2022-05-22T16:14:30+00:00\",\"dateModified\":\"2022-05-22T16:15:20+00:00\",\"author\":{\"@id\":\"https:\/\/www.noticiasradioreflejos.com.ar\/2021\/#\/schema\/person\/ad82545263dcc5ec0996818884fd5fb1\"},\"breadcrumb\":{\"@id\":\"https:\/\/www.noticiasradioreflejos.com.ar\/2021\/gestion-estatal-o-privada-el-debate-en-cuestion-sobre-el-futuro-de-las-represas-hidroelectricas\/#breadcrumb\"},\"inLanguage\":\"es\",\"potentialAction\":[{\"@type\":\"ReadAction\",\"target\":[\"https:\/\/www.noticiasradioreflejos.com.ar\/2021\/gestion-estatal-o-privada-el-debate-en-cuestion-sobre-el-futuro-de-las-represas-hidroelectricas\/\"]}]},{\"@type\":\"ImageObject\",\"inLanguage\":\"es\",\"@id\":\"https:\/\/www.noticiasradioreflejos.com.ar\/2021\/gestion-estatal-o-privada-el-debate-en-cuestion-sobre-el-futuro-de-las-represas-hidroelectricas\/#primaryimage\",\"url\":\"https:\/\/www.telam.com.ar\/thumbs\/bluesteel\/advf\/imagenes\/2022\/05\/628a4648a6359_900.jpg\",\"contentUrl\":\"https:\/\/www.telam.com.ar\/thumbs\/bluesteel\/advf\/imagenes\/2022\/05\/628a4648a6359_900.jpg\"},{\"@type\":\"BreadcrumbList\",\"@id\":\"https:\/\/www.noticiasradioreflejos.com.ar\/2021\/gestion-estatal-o-privada-el-debate-en-cuestion-sobre-el-futuro-de-las-represas-hidroelectricas\/#breadcrumb\",\"itemListElement\":[{\"@type\":\"ListItem\",\"position\":1,\"name\":\"Portada\",\"item\":\"https:\/\/www.noticiasradioreflejos.com.ar\/2021\/\"},{\"@type\":\"ListItem\",\"position\":2,\"name\":\"Gesti\u00f3n estatal o privada, el debate en cuesti\u00f3n sobre el futuro de las represas hidroel\u00e9ctricas\"}]},{\"@type\":\"WebSite\",\"@id\":\"https:\/\/www.noticiasradioreflejos.com.ar\/2021\/#website\",\"url\":\"https:\/\/www.noticiasradioreflejos.com.ar\/2021\/\",\"name\":\"Noticias Radio Reflejos\",\"description\":\"Las noticias de mi comarca\",\"potentialAction\":[{\"@type\":\"SearchAction\",\"target\":{\"@type\":\"EntryPoint\",\"urlTemplate\":\"https:\/\/www.noticiasradioreflejos.com.ar\/2021\/?s={search_term_string}\"},\"query-input\":{\"@type\":\"PropertyValueSpecification\",\"valueRequired\":true,\"valueName\":\"search_term_string\"}}],\"inLanguage\":\"es\"},{\"@type\":\"Person\",\"@id\":\"https:\/\/www.noticiasradioreflejos.com.ar\/2021\/#\/schema\/person\/ad82545263dcc5ec0996818884fd5fb1\",\"name\":\"Arnaldo Botto\",\"image\":{\"@type\":\"ImageObject\",\"inLanguage\":\"es\",\"@id\":\"https:\/\/www.noticiasradioreflejos.com.ar\/2021\/#\/schema\/person\/image\/\",\"url\":\"https:\/\/secure.gravatar.com\/avatar\/55cb5e37c1efa326397366e6974cb338056df65cb50e7d64d1cf314e87504837?s=96&d=mm&r=g\",\"contentUrl\":\"https:\/\/secure.gravatar.com\/avatar\/55cb5e37c1efa326397366e6974cb338056df65cb50e7d64d1cf314e87504837?s=96&d=mm&r=g\",\"caption\":\"Arnaldo Botto\"},\"url\":\"https:\/\/www.noticiasradioreflejos.com.ar\/2021\/author\/arnaldo\/\"}]}<\/script>\n<!-- \/ Yoast SEO plugin. -->","yoast_head_json":{"title":"Gesti\u00f3n estatal o privada, el debate en cuesti\u00f3n sobre el futuro de las represas hidroel\u00e9ctricas - Noticias Radio Reflejos","robots":{"index":"index","follow":"follow","max-snippet":"max-snippet:-1","max-image-preview":"max-image-preview:large","max-video-preview":"max-video-preview:-1"},"canonical":"https:\/\/www.noticiasradioreflejos.com.ar\/2021\/gestion-estatal-o-privada-el-debate-en-cuestion-sobre-el-futuro-de-las-represas-hidroelectricas\/","og_locale":"es_ES","og_type":"article","og_title":"Gesti\u00f3n estatal o privada, el debate en cuesti\u00f3n sobre el futuro de las represas hidroel\u00e9ctricas - Noticias Radio Reflejos","og_description":"Se trata de 22 represas ubicadas en ocho provincias que tienen sus conseciones privatizadas desde la decada del 90 y que a partir de agosto comienzan a vencerse. Se estudia prorrogar las mismas, generar nuevos contratos o recuperar la gesti\u00f3n del Estado.","og_url":"https:\/\/www.noticiasradioreflejos.com.ar\/2021\/gestion-estatal-o-privada-el-debate-en-cuestion-sobre-el-futuro-de-las-represas-hidroelectricas\/","og_site_name":"Noticias Radio Reflejos","article_published_time":"2022-05-22T16:14:30+00:00","article_modified_time":"2022-05-22T16:15:20+00:00","og_image":[{"url":"https:\/\/www.telam.com.ar\/thumbs\/bluesteel\/advf\/imagenes\/2022\/05\/628a4648a6359_900.jpg","type":"","width":"","height":""}],"author":"Arnaldo Botto","twitter_card":"summary_large_image","schema":{"@context":"https:\/\/schema.org","@graph":[{"@type":"WebPage","@id":"https:\/\/www.noticiasradioreflejos.com.ar\/2021\/gestion-estatal-o-privada-el-debate-en-cuestion-sobre-el-futuro-de-las-represas-hidroelectricas\/","url":"https:\/\/www.noticiasradioreflejos.com.ar\/2021\/gestion-estatal-o-privada-el-debate-en-cuestion-sobre-el-futuro-de-las-represas-hidroelectricas\/","name":"Gesti\u00f3n estatal o privada, el debate en cuesti\u00f3n sobre el futuro de las represas hidroel\u00e9ctricas - Noticias Radio Reflejos","isPartOf":{"@id":"https:\/\/www.noticiasradioreflejos.com.ar\/2021\/#website"},"primaryImageOfPage":{"@id":"https:\/\/www.noticiasradioreflejos.com.ar\/2021\/gestion-estatal-o-privada-el-debate-en-cuestion-sobre-el-futuro-de-las-represas-hidroelectricas\/#primaryimage"},"image":{"@id":"https:\/\/www.noticiasradioreflejos.com.ar\/2021\/gestion-estatal-o-privada-el-debate-en-cuestion-sobre-el-futuro-de-las-represas-hidroelectricas\/#primaryimage"},"thumbnailUrl":"https:\/\/www.telam.com.ar\/thumbs\/bluesteel\/advf\/imagenes\/2022\/05\/628a4648a6359_900.jpg","datePublished":"2022-05-22T16:14:30+00:00","dateModified":"2022-05-22T16:15:20+00:00","author":{"@id":"https:\/\/www.noticiasradioreflejos.com.ar\/2021\/#\/schema\/person\/ad82545263dcc5ec0996818884fd5fb1"},"breadcrumb":{"@id":"https:\/\/www.noticiasradioreflejos.com.ar\/2021\/gestion-estatal-o-privada-el-debate-en-cuestion-sobre-el-futuro-de-las-represas-hidroelectricas\/#breadcrumb"},"inLanguage":"es","potentialAction":[{"@type":"ReadAction","target":["https:\/\/www.noticiasradioreflejos.com.ar\/2021\/gestion-estatal-o-privada-el-debate-en-cuestion-sobre-el-futuro-de-las-represas-hidroelectricas\/"]}]},{"@type":"ImageObject","inLanguage":"es","@id":"https:\/\/www.noticiasradioreflejos.com.ar\/2021\/gestion-estatal-o-privada-el-debate-en-cuestion-sobre-el-futuro-de-las-represas-hidroelectricas\/#primaryimage","url":"https:\/\/www.telam.com.ar\/thumbs\/bluesteel\/advf\/imagenes\/2022\/05\/628a4648a6359_900.jpg","contentUrl":"https:\/\/www.telam.com.ar\/thumbs\/bluesteel\/advf\/imagenes\/2022\/05\/628a4648a6359_900.jpg"},{"@type":"BreadcrumbList","@id":"https:\/\/www.noticiasradioreflejos.com.ar\/2021\/gestion-estatal-o-privada-el-debate-en-cuestion-sobre-el-futuro-de-las-represas-hidroelectricas\/#breadcrumb","itemListElement":[{"@type":"ListItem","position":1,"name":"Portada","item":"https:\/\/www.noticiasradioreflejos.com.ar\/2021\/"},{"@type":"ListItem","position":2,"name":"Gesti\u00f3n estatal o privada, el debate en cuesti\u00f3n sobre el futuro de las represas hidroel\u00e9ctricas"}]},{"@type":"WebSite","@id":"https:\/\/www.noticiasradioreflejos.com.ar\/2021\/#website","url":"https:\/\/www.noticiasradioreflejos.com.ar\/2021\/","name":"Noticias Radio Reflejos","description":"Las noticias de mi comarca","potentialAction":[{"@type":"SearchAction","target":{"@type":"EntryPoint","urlTemplate":"https:\/\/www.noticiasradioreflejos.com.ar\/2021\/?s={search_term_string}"},"query-input":{"@type":"PropertyValueSpecification","valueRequired":true,"valueName":"search_term_string"}}],"inLanguage":"es"},{"@type":"Person","@id":"https:\/\/www.noticiasradioreflejos.com.ar\/2021\/#\/schema\/person\/ad82545263dcc5ec0996818884fd5fb1","name":"Arnaldo Botto","image":{"@type":"ImageObject","inLanguage":"es","@id":"https:\/\/www.noticiasradioreflejos.com.ar\/2021\/#\/schema\/person\/image\/","url":"https:\/\/secure.gravatar.com\/avatar\/55cb5e37c1efa326397366e6974cb338056df65cb50e7d64d1cf314e87504837?s=96&d=mm&r=g","contentUrl":"https:\/\/secure.gravatar.com\/avatar\/55cb5e37c1efa326397366e6974cb338056df65cb50e7d64d1cf314e87504837?s=96&d=mm&r=g","caption":"Arnaldo Botto"},"url":"https:\/\/www.noticiasradioreflejos.com.ar\/2021\/author\/arnaldo\/"}]}},"_links":{"self":[{"href":"https:\/\/www.noticiasradioreflejos.com.ar\/2021\/wp-json\/wp\/v2\/posts\/72413","targetHints":{"allow":["GET"]}}],"collection":[{"href":"https:\/\/www.noticiasradioreflejos.com.ar\/2021\/wp-json\/wp\/v2\/posts"}],"about":[{"href":"https:\/\/www.noticiasradioreflejos.com.ar\/2021\/wp-json\/wp\/v2\/types\/post"}],"author":[{"embeddable":true,"href":"https:\/\/www.noticiasradioreflejos.com.ar\/2021\/wp-json\/wp\/v2\/users\/3"}],"replies":[{"embeddable":true,"href":"https:\/\/www.noticiasradioreflejos.com.ar\/2021\/wp-json\/wp\/v2\/comments?post=72413"}],"version-history":[{"count":1,"href":"https:\/\/www.noticiasradioreflejos.com.ar\/2021\/wp-json\/wp\/v2\/posts\/72413\/revisions"}],"predecessor-version":[{"id":72414,"href":"https:\/\/www.noticiasradioreflejos.com.ar\/2021\/wp-json\/wp\/v2\/posts\/72413\/revisions\/72414"}],"wp:attachment":[{"href":"https:\/\/www.noticiasradioreflejos.com.ar\/2021\/wp-json\/wp\/v2\/media?parent=72413"}],"wp:term":[{"taxonomy":"category","embeddable":true,"href":"https:\/\/www.noticiasradioreflejos.com.ar\/2021\/wp-json\/wp\/v2\/categories?post=72413"},{"taxonomy":"post_tag","embeddable":true,"href":"https:\/\/www.noticiasradioreflejos.com.ar\/2021\/wp-json\/wp\/v2\/tags?post=72413"}],"curies":[{"name":"wp","href":"https:\/\/api.w.org\/{rel}","templated":true}]}}