{"id":72410,"date":"2022-05-22T15:05:26","date_gmt":"2022-05-22T15:05:26","guid":{"rendered":"http:\/\/www.noticiasradioreflejos.com.ar\/2021\/?p=72410"},"modified":"2022-05-22T15:05:26","modified_gmt":"2022-05-22T15:05:26","slug":"para-la-recuperacion-de-pacientes-graves-de-covid-se-incorporaron-mas-de-400-kinesiologos-al-sistema-de-salud-bonaerense","status":"publish","type":"post","link":"https:\/\/www.noticiasradioreflejos.com.ar\/2021\/para-la-recuperacion-de-pacientes-graves-de-covid-se-incorporaron-mas-de-400-kinesiologos-al-sistema-de-salud-bonaerense\/","title":{"rendered":"Para la recuperaci\u00f3n de pacientes graves de covid, se incorporaron m\u00e1s de 400 kinesi\u00f3logos al sistema de salud bonaerense"},"content":{"rendered":"<p>Entre las aristas de emergencia que arroja la pandemia, sobresale el rol fundamental que tuvieron -y siguen teniendo- los kinesi\u00f3logos en el proceso de tratamiento y rehabilitaci\u00f3n de pacientes internados por Coronavirus.<br \/>\n<!--more--><\/p>\n<p>Es por eso que en el sistema p\u00fablico de salud de la Provincia de Buenos Aires (hospitales de gesti\u00f3n estatal o privada) se incorporaron m\u00e1s de 400 profesionales de la kinesiolog\u00eda en sus planteles profesionales.<br \/>\nEl Colegio de Kinesi\u00f3logos de la Provincia de Buenos Aires (Cokiba) tuvo una intervenci\u00f3n activa en este proceso de incorporaci\u00f3n de profesionales al sistema. Entre ellas, se realiz\u00f3 una convocatoria para que acercaran antecedentes (curriculums) para ser entregados en los hospitales que comenzaban a requerir esos recursos profesionales. \u00abDe esta manera, el proceso de selecci\u00f3n y designaci\u00f3n de kinesi\u00f3logos en el inicio de la pandemia fue m\u00e1s \u00e1gil\u00bb, dijeron en el Cokiba.<br \/>\nAdem\u00e1s, actualmente la entidad que agrupa a los profesionales de la provincia realiza gestiones ante las autoridades del Ministerio de Salud para titularizar en los planteles hospitalarios a unos 80 colegas que a\u00fan son becarios.<br \/>\nPor otra parte, el Cokiba form\u00f3 parte de los comit\u00e9s de evaluaci\u00f3n y los jurados en los casi 210 concursos que se hicieron para la incorporaci\u00f3n de kinesi\u00f3logos a los centros de salud p\u00fablica bonaerenses.<br \/>\n\u00abLa presencia del Cokiba en estos actos tuvo como objetivo garantizar transparencia, dar ecuanimidad al proceso y asesorar a los matriculados interesados en el ingreso a los planteles de salud\u00bb, dijeron autoridades del Cokiba.<br \/>\nLa actual gesti\u00f3n del colegio profesional comenz\u00f3 a trabajar con un relevamiento en hospitales p\u00fablicos provinciales en 2019, lo que permiti\u00f3 conocer el estado de situaci\u00f3n de esos centros de salud previo a la pandemia de Covid.<br \/>\nLos kinesi\u00f3logos y kinesi\u00f3logas tuvieron un rol clave en una instancia crucial: la asistencia en Unidades de Terapia Intensiva (UTI), pero tambi\u00e9n en la recuperaci\u00f3n de quienes atravesaron el Covid ya que se requiere de tratamientos posteriores por consecuencias derivadas de la enfermedad: secuelas respiratorias como disnea de esfuerzo, fatiga muscular, mialgias, artralgias recidivantes y hasta falta de concentraci\u00f3n son algunas de las secuelas. Para quienes estuvieron intubados: estenosis lar\u00edngea, debilidad en la musculatura cervical, reflejo tus\u00edgeno y deglutorio disminuido, entre otras.<br \/>\nEl tratamiento de esas secuelas necesita de los profesionales de la kinesiolog\u00eda. \u201cPrevio a la pandemia, la poblaci\u00f3n en general desconoc\u00eda nuestra intervenci\u00f3n en las unidades de cuidados intensivos. Hubo una resignificaci\u00f3n de la profesi\u00f3n y un mayor reconocimiento hacia el car\u00e1cter esencial de nuestro trabajo, en especial con los pacientes cr\u00edticos\u201d, asegur\u00f3 \u00a0la licenciada en Kinesiolog\u00eda, Julieta N\u00fa\u00f1ez, quien forma parte del \u00a0Centro de Rehabilitaci\u00f3n pos-Covid \u00a0de la Universidad Nacional de Hurlingham \u00a0y adem\u00e1s es integrante del grupo Kinesiolog\u00eda Comunitaria del CoKIBA.<\/p>\n<p>&nbsp;<\/p>\n<p><a title=\"Kinesiologos (2)\" href=\"https:\/\/www.flickr.com\/photos\/182279889@N02\/52090088162\/in\/dateposted-public\/\" data-flickr-embed=\"true\"><img loading=\"lazy\" decoding=\"async\" class=\"aligncenter\" src=\"https:\/\/live.staticflickr.com\/65535\/52090088162_47d036afd0_c.jpg\" alt=\"Kinesiologos (2)\" width=\"800\" height=\"465\" \/><\/a><script async src=\"\/\/embedr.flickr.com\/assets\/client-code.js\" charset=\"utf-8\"><\/script><\/p>\n<p>Seg\u00fan N\u00fa\u00f1ez, \u201cla pandemia impact\u00f3 fuertemente en nuestra profesi\u00f3n, en particular para los kinesi\u00f3logos especialistas en cuidados respiratorios, tanto adultos como pedi\u00e1tricos. Se increment\u00f3 el n\u00famero de kinesi\u00f3logos en las unidades de cuidados cr\u00edticos (UCI) debido al aumento de las camas, aunque todav\u00eda se encuentra lejos de las recomendaciones del ministerio de Salud que sugiere un profesional kinesiol\u00f3gico cada ocho pacientes ventilados, no s\u00f3lo para el manejo de los ventiladores mec\u00e1nicos sino adem\u00e1s para la rehabilitaci\u00f3n durante y posterior a la enfermedad cr\u00edtica\u201d.<br \/>\n\u201cNo obstante, no deja de ser relevante en pos de valorar nuestro trabajo en la UCI, que durante la pandemia se ha logrado el nombramiento de muchos profesionales o la incorporaci\u00f3n al staff que permite el seguimiento longitudinal de los pacientes de las unidades intensivas a las salas comunes de internaci\u00f3n\u201d, agreg\u00f3 la integrante del CoKIBA.<br \/>\nEn este punto result\u00f3 fundamental el rol activo del Cokiba que, a trav\u00e9s de diversas acciones realizadas por sus autoridades, gestionaron y facilitaron el acceso de profesionales kinesi\u00f3logos a los planteles de salud tanto en centros de atenci\u00f3n p\u00fablicos como privados.<\/p>\n<p>El trabajo del Kinesi\u00f3logo en pacientes con Covid<\/p>\n<div>El trabajo profesional de los kinesi\u00f3logos en las terapias intensivas con pacientes enfermos por COVID requiere una dedicaci\u00f3n casi permanente para acompa\u00f1ar la recuperaci\u00f3n, ya que las largas estad\u00edas en la UCI \u00a0provocan, entre otras consecuencias, una r\u00e1pida p\u00e9rdida de masa muscular.<br \/>\n\u201cTambi\u00e9n es altamente probable que los pacientes en esa situaci\u00f3n y conectados a un ventilador mec\u00e1nico \u00a0padezcan el s\u00edndrome de DAUCI, \u00a0que incluyen debilidad neuromuscular por inmovilidad, deterioro cognitivo por sedaci\u00f3n, depresi\u00f3n, s\u00edndrome de estr\u00e9s postraum\u00e1tico (TEPT) y secuelas adicionales para los sobrevivientes de COVID.\u00a0 Los s\u00edntomas pueden manifestarse o persistir durante semanas o meses incluso despu\u00e9s del alta del paciente. La movilizaci\u00f3n temprana (MT) que nosotros implementamos ha demostrado efectividad en la reducci\u00f3n del DAUCI, mejorando la fuerza muscular y el nivel de independencia funcional del paciente, prevenci\u00f3n de trombosis venosa profunda y \u00falceras por presi\u00f3n, y trat\u00e1ndose del paciente con ventilaci\u00f3n mec\u00e1nica, disminuye neumon\u00edas asociadas\u201d explic\u00f3 N\u00fa\u00f1ez.<\/div>\n<p>El kinesi\u00f3logo ocupa un rol esencial dentro del equipo interdisciplinario de salud y es protagonista en todo el curso cl\u00ednico de la enfermedad por COVID, no solo desde el punto de vista cl\u00ednico asistencial, sino que adem\u00e1s desde su participaci\u00f3n en educaci\u00f3n, prevenci\u00f3n y promoci\u00f3n de h\u00e1bitos saludables. Las actuales recomendaciones sugieren que la rehabilitaci\u00f3n respiratoria (RR) debe instaurarse en etapas tempranas de la enfermedad. \u201cEn los casos graves, la movilizaci\u00f3n temprana ha sido una de las intervenciones recomendadas, por ser una estrategia factible y segura de realizar en el paciente cr\u00edticamente enfermo, as\u00ed como como las t\u00e9cnicas de higiene bronquial realizadas con precauci\u00f3n y guardando las medidas preventivas para evitar la transmisi\u00f3n y\/o contagio del virus\u201d, agreg\u00f3 la kinesi\u00f3loga.<\/p>\n<p>Seg\u00fan explica N\u00fa\u00f1ez, \u201cen el tratamiento de pacientes post COVID, con s\u00edntomas persistentes de debilidad, fatiga muscular y disnea de esfuerzo, primero se requiere una evaluaci\u00f3n donde se toman diferentes indicadores de signos vitales, as\u00ed como \u00a0talla y peso. Tambi\u00e9n se realizan pruebas de campo dirigidas a la evaluaci\u00f3n de la capacidad f\u00edsica y la respuesta pulmonar durante el esfuerzo: Test de marcha de 6 minutos, Sit-To-Stand, Timed up and go, TCI, TCC, etc. Estas pruebas se utilizan para evaluar la capacidad f\u00edsica y para documentar la desaturaci\u00f3n inducida por el ejercicio.<br \/>\nSe toman diferentes cuestionarios de calidad de vida, escala de auto-evaluaci\u00f3n funcional post COVID, valoraci\u00f3n de la disnea con la escala MCR o escala de BORG.\u00a0 Y con estos datos se planifica la rehabilitaci\u00f3n respiratoria que demandar\u00e1 no menos de 12 semanas y hasta un a\u00f1o. Con una frecuencia de tres sesiones semanales se trabaja \u00a0la resistencia aer\u00f3bica, fuerza y flexibilidad, en forma individualizada dependiendo de los objetivos y estado funcional \u00a0de cada paciente\u201d.<\/p>\n<p>De acuerdo con las caracter\u00edsticas del cuadro cl\u00ednico que puedan presentar los pacientes afectados por COVID, la kinesiolog\u00eda puede intervenir en todos los estadios de la enfermedad sea leve: aislamiento domiciliario, asintom\u00e1ticos o con s\u00edntomas leves como fiebre, tos, disnea moderada, dolor de garganta, dolor de cabeza y malestar general; moderado: pacientes que requieren de hospitalizaci\u00f3n y severo, es decir, pacientes que requieren soporte ventilatorio en cuidados intensivos.<b><br \/>\n<\/b><\/p>\n<div><\/div>\n<div>La Plata, 22 de mayo de 2022<\/div>\n<div><\/div>\n<div><b>Tel\u00e9fonos de contacto para notas o ampliaci\u00f3n:\u00a0Julieta Nu\u00f1ez: +54 9 11 2170-6359<\/b><\/div>\n<div><b>Carolina Estelita V\u00e1squez +54 9 221 408-3205<\/b><\/div>\n<div><b>\u00a0<\/b><\/div>\n<div><img loading=\"lazy\" decoding=\"async\" class=\"CToWUd\" src=\"https:\/\/mail.google.com\/mail\/u\/0?ui=2&amp;ik=e82560a40d&amp;attid=0.0.1&amp;permmsgid=msg-f:1733538666546785977&amp;th=180ec43b87eceeb9&amp;view=fimg&amp;fur=ip&amp;sz=s0-l75-ft&amp;attbid=ANGjdJ-LlIHAFbyN53_BolVVXhEpTR0gwh0vIod9OzqqiJgPeItGt-7NRp0HeWGrQZFnEoYMJ6wGYc7Yu_5KkfJQIrOUDnpbrE-CQfjUMawzqAjiUXfCfbp8Ka_HcNw&amp;disp=emb&amp;realattid=ii_l3hf6qo80\" alt=\"foto cokiba cuerpo mail.jpg\" width=\"250\" height=\"175\" data-image-whitelisted=\"\" \/>Diag. 74 #783 e\/ 3 y 40<\/div>\n<div>La Plata, Prov. de Buenos Aires<\/div>\n<div>Tel. 0800-122-0873<\/div>\n<div>\n<p><a href=\"https:\/\/www.facebook.com\/cokineba\/\" target=\"_blank\" rel=\"noopener\" data-saferedirecturl=\"https:\/\/www.google.com\/url?q=https:\/\/www.facebook.com\/cokineba\/&amp;source=gmail&amp;ust=1653317723782000&amp;usg=AOvVaw1rq1Zx2gA7UxpcN2nnx-jw\"><img decoding=\"async\" class=\"CToWUd\" src=\"https:\/\/ci3.googleusercontent.com\/proxy\/8RxgHK52KsmaSoa0usELegENXhD8hcrhb6hxi4cY9aPQN0GobjRc3D1EXud9y-xernc7fTav0qDkyKM0Ct78RsOi0dE_GumaFQI=s0-d-e1-ft#https:\/\/autogestion.cokiba.org.ar\/Graficos\/correo\/f.png\" alt=\"\" height=\"22\" \/>\/cokineba<\/a>\u00a0<a href=\"https:\/\/twitter.com\/cokibaoficial\" target=\"_blank\" rel=\"noopener\" data-saferedirecturl=\"https:\/\/www.google.com\/url?q=https:\/\/twitter.com\/cokibaoficial&amp;source=gmail&amp;ust=1653317723782000&amp;usg=AOvVaw3D3e0qfHy-MaGnKdUDSJpn\"><img decoding=\"async\" class=\"CToWUd\" src=\"https:\/\/ci3.googleusercontent.com\/proxy\/LnFbIzLsq6wA_7cWeuXKmYXfRFYSNp8iYQnDDrN5zzF0o8ORPpwmWAayiU5WSlP840U0s9phNvo6LSxgseFs2MVkGMXTDrvV1mg=s0-d-e1-ft#https:\/\/autogestion.cokiba.org.ar\/Graficos\/correo\/t.png\" alt=\"\" height=\"22\" \/>@cokibaoficial<\/a>\u00a0<a href=\"https:\/\/www.youtube.com\/channel\/UCfLUjdaC3PWJ039123AwMzw\" target=\"_blank\" rel=\"noopener\" data-saferedirecturl=\"https:\/\/www.google.com\/url?q=https:\/\/www.youtube.com\/channel\/UCfLUjdaC3PWJ039123AwMzw&amp;source=gmail&amp;ust=1653317723782000&amp;usg=AOvVaw3Enuav3mJeVRQvlCV7rU6O\"><img decoding=\"async\" class=\"CToWUd\" src=\"https:\/\/ci5.googleusercontent.com\/proxy\/pz78BbHHOCpjsZDfYTy-d1A1A6AiqGESiWXFJ26wj49R-Prf5WIhfj0aNWMDvE_-3W90UuZ11LbkT3YDKX5n0Z3AQIOA8f_fV3u9=s0-d-e1-ft#https:\/\/autogestion.cokiba.org.ar\/Graficos\/correo\/yt.png\" alt=\"\" height=\"22\" \/>\/<wbr \/>cokiba<\/a>\u00a0<a href=\"https:\/\/www.instagram.com\/cokibaok\/\" target=\"_blank\" rel=\"noopener\" data-saferedirecturl=\"https:\/\/www.google.com\/url?q=https:\/\/www.instagram.com\/cokibaok\/&amp;source=gmail&amp;ust=1653317723782000&amp;usg=AOvVaw1Mic0z5RhrW2UNlupzdmtJ\"><img decoding=\"async\" class=\"CToWUd\" src=\"https:\/\/ci3.googleusercontent.com\/proxy\/KynmOnxuqXe4uN-Yfnhn6yMW6oM_oetloA4C-P8AeKRrGsEw78LvuKolhf3nzLetWpK3PTQxCRHeFWG82i55o3Lrh-6DENs5hD0=s0-d-e1-ft#https:\/\/autogestion.cokiba.org.ar\/Graficos\/correo\/i.png\" alt=\"\" height=\"22\" \/>\/cokibaok<\/a><\/p>\n<div class=\"yj6qo\"><\/div>\n<div class=\"adL\"><\/div>\n<\/div>\n<div class=\"adL\"><\/div>\n<p><!--more--><\/p>\n<div id=\":9k\" class=\"hq gt\"><\/div>\n","protected":false},"excerpt":{"rendered":"<p>Entre las aristas de emergencia que arroja la pandemia, sobresale el rol fundamental que tuvieron -y siguen teniendo- los kinesi\u00f3logos en el proceso de tratamiento y rehabilitaci\u00f3n de pacientes internados por Coronavirus.<\/p>\n","protected":false},"author":3,"featured_media":0,"comment_status":"closed","ping_status":"closed","sticky":false,"template":"","format":"standard","meta":{"footnotes":""},"categories":[24,30],"tags":[],"class_list":["post-72410","post","type-post","status-publish","format-standard","hentry","category-politica","category-salud"],"yoast_head":"<!-- This site is optimized with the Yoast SEO plugin v25.9 - https:\/\/yoast.com\/wordpress\/plugins\/seo\/ -->\n<title>Para la recuperaci\u00f3n de pacientes graves de covid, se incorporaron m\u00e1s de 400 kinesi\u00f3logos al sistema de salud bonaerense - Noticias Radio Reflejos<\/title>\n<meta name=\"robots\" content=\"index, follow, max-snippet:-1, max-image-preview:large, max-video-preview:-1\" \/>\n<link rel=\"canonical\" href=\"https:\/\/www.noticiasradioreflejos.com.ar\/2021\/para-la-recuperacion-de-pacientes-graves-de-covid-se-incorporaron-mas-de-400-kinesiologos-al-sistema-de-salud-bonaerense\/\" \/>\n<meta property=\"og:locale\" content=\"es_ES\" \/>\n<meta property=\"og:type\" content=\"article\" \/>\n<meta property=\"og:title\" content=\"Para la recuperaci\u00f3n de pacientes graves de covid, se incorporaron m\u00e1s de 400 kinesi\u00f3logos al sistema de salud bonaerense - Noticias Radio Reflejos\" \/>\n<meta property=\"og:description\" content=\"Entre las aristas de emergencia que arroja la pandemia, sobresale el rol fundamental que tuvieron -y siguen teniendo- los kinesi\u00f3logos en el proceso de tratamiento y rehabilitaci\u00f3n de pacientes internados por Coronavirus.\" \/>\n<meta property=\"og:url\" content=\"https:\/\/www.noticiasradioreflejos.com.ar\/2021\/para-la-recuperacion-de-pacientes-graves-de-covid-se-incorporaron-mas-de-400-kinesiologos-al-sistema-de-salud-bonaerense\/\" \/>\n<meta property=\"og:site_name\" content=\"Noticias Radio Reflejos\" \/>\n<meta property=\"article:published_time\" content=\"2022-05-22T15:05:26+00:00\" \/>\n<meta property=\"og:image\" content=\"https:\/\/live.staticflickr.com\/65535\/52090088162_47d036afd0_c.jpg\" \/>\n<meta name=\"author\" content=\"Arnaldo Botto\" \/>\n<meta name=\"twitter:card\" content=\"summary_large_image\" \/>\n<script type=\"application\/ld+json\" class=\"yoast-schema-graph\">{\"@context\":\"https:\/\/schema.org\",\"@graph\":[{\"@type\":\"WebPage\",\"@id\":\"https:\/\/www.noticiasradioreflejos.com.ar\/2021\/para-la-recuperacion-de-pacientes-graves-de-covid-se-incorporaron-mas-de-400-kinesiologos-al-sistema-de-salud-bonaerense\/\",\"url\":\"https:\/\/www.noticiasradioreflejos.com.ar\/2021\/para-la-recuperacion-de-pacientes-graves-de-covid-se-incorporaron-mas-de-400-kinesiologos-al-sistema-de-salud-bonaerense\/\",\"name\":\"Para la recuperaci\u00f3n de pacientes graves de covid, se incorporaron m\u00e1s de 400 kinesi\u00f3logos al sistema de salud bonaerense - Noticias Radio Reflejos\",\"isPartOf\":{\"@id\":\"https:\/\/www.noticiasradioreflejos.com.ar\/2021\/#website\"},\"primaryImageOfPage\":{\"@id\":\"https:\/\/www.noticiasradioreflejos.com.ar\/2021\/para-la-recuperacion-de-pacientes-graves-de-covid-se-incorporaron-mas-de-400-kinesiologos-al-sistema-de-salud-bonaerense\/#primaryimage\"},\"image\":{\"@id\":\"https:\/\/www.noticiasradioreflejos.com.ar\/2021\/para-la-recuperacion-de-pacientes-graves-de-covid-se-incorporaron-mas-de-400-kinesiologos-al-sistema-de-salud-bonaerense\/#primaryimage\"},\"thumbnailUrl\":\"https:\/\/live.staticflickr.com\/65535\/52090088162_47d036afd0_c.jpg\",\"datePublished\":\"2022-05-22T15:05:26+00:00\",\"author\":{\"@id\":\"https:\/\/www.noticiasradioreflejos.com.ar\/2021\/#\/schema\/person\/ad82545263dcc5ec0996818884fd5fb1\"},\"breadcrumb\":{\"@id\":\"https:\/\/www.noticiasradioreflejos.com.ar\/2021\/para-la-recuperacion-de-pacientes-graves-de-covid-se-incorporaron-mas-de-400-kinesiologos-al-sistema-de-salud-bonaerense\/#breadcrumb\"},\"inLanguage\":\"es\",\"potentialAction\":[{\"@type\":\"ReadAction\",\"target\":[\"https:\/\/www.noticiasradioreflejos.com.ar\/2021\/para-la-recuperacion-de-pacientes-graves-de-covid-se-incorporaron-mas-de-400-kinesiologos-al-sistema-de-salud-bonaerense\/\"]}]},{\"@type\":\"ImageObject\",\"inLanguage\":\"es\",\"@id\":\"https:\/\/www.noticiasradioreflejos.com.ar\/2021\/para-la-recuperacion-de-pacientes-graves-de-covid-se-incorporaron-mas-de-400-kinesiologos-al-sistema-de-salud-bonaerense\/#primaryimage\",\"url\":\"https:\/\/live.staticflickr.com\/65535\/52090088162_47d036afd0_c.jpg\",\"contentUrl\":\"https:\/\/live.staticflickr.com\/65535\/52090088162_47d036afd0_c.jpg\"},{\"@type\":\"BreadcrumbList\",\"@id\":\"https:\/\/www.noticiasradioreflejos.com.ar\/2021\/para-la-recuperacion-de-pacientes-graves-de-covid-se-incorporaron-mas-de-400-kinesiologos-al-sistema-de-salud-bonaerense\/#breadcrumb\",\"itemListElement\":[{\"@type\":\"ListItem\",\"position\":1,\"name\":\"Portada\",\"item\":\"https:\/\/www.noticiasradioreflejos.com.ar\/2021\/\"},{\"@type\":\"ListItem\",\"position\":2,\"name\":\"Para la recuperaci\u00f3n de pacientes graves de covid, se incorporaron m\u00e1s de 400 kinesi\u00f3logos al sistema de salud bonaerense\"}]},{\"@type\":\"WebSite\",\"@id\":\"https:\/\/www.noticiasradioreflejos.com.ar\/2021\/#website\",\"url\":\"https:\/\/www.noticiasradioreflejos.com.ar\/2021\/\",\"name\":\"Noticias Radio Reflejos\",\"description\":\"Las noticias de mi comarca\",\"potentialAction\":[{\"@type\":\"SearchAction\",\"target\":{\"@type\":\"EntryPoint\",\"urlTemplate\":\"https:\/\/www.noticiasradioreflejos.com.ar\/2021\/?s={search_term_string}\"},\"query-input\":{\"@type\":\"PropertyValueSpecification\",\"valueRequired\":true,\"valueName\":\"search_term_string\"}}],\"inLanguage\":\"es\"},{\"@type\":\"Person\",\"@id\":\"https:\/\/www.noticiasradioreflejos.com.ar\/2021\/#\/schema\/person\/ad82545263dcc5ec0996818884fd5fb1\",\"name\":\"Arnaldo Botto\",\"image\":{\"@type\":\"ImageObject\",\"inLanguage\":\"es\",\"@id\":\"https:\/\/www.noticiasradioreflejos.com.ar\/2021\/#\/schema\/person\/image\/\",\"url\":\"https:\/\/secure.gravatar.com\/avatar\/55cb5e37c1efa326397366e6974cb338056df65cb50e7d64d1cf314e87504837?s=96&d=mm&r=g\",\"contentUrl\":\"https:\/\/secure.gravatar.com\/avatar\/55cb5e37c1efa326397366e6974cb338056df65cb50e7d64d1cf314e87504837?s=96&d=mm&r=g\",\"caption\":\"Arnaldo Botto\"},\"url\":\"https:\/\/www.noticiasradioreflejos.com.ar\/2021\/author\/arnaldo\/\"}]}<\/script>\n<!-- \/ Yoast SEO plugin. -->","yoast_head_json":{"title":"Para la recuperaci\u00f3n de pacientes graves de covid, se incorporaron m\u00e1s de 400 kinesi\u00f3logos al sistema de salud bonaerense - Noticias Radio Reflejos","robots":{"index":"index","follow":"follow","max-snippet":"max-snippet:-1","max-image-preview":"max-image-preview:large","max-video-preview":"max-video-preview:-1"},"canonical":"https:\/\/www.noticiasradioreflejos.com.ar\/2021\/para-la-recuperacion-de-pacientes-graves-de-covid-se-incorporaron-mas-de-400-kinesiologos-al-sistema-de-salud-bonaerense\/","og_locale":"es_ES","og_type":"article","og_title":"Para la recuperaci\u00f3n de pacientes graves de covid, se incorporaron m\u00e1s de 400 kinesi\u00f3logos al sistema de salud bonaerense - Noticias Radio Reflejos","og_description":"Entre las aristas de emergencia que arroja la pandemia, sobresale el rol fundamental que tuvieron -y siguen teniendo- los kinesi\u00f3logos en el proceso de tratamiento y rehabilitaci\u00f3n de pacientes internados por Coronavirus.","og_url":"https:\/\/www.noticiasradioreflejos.com.ar\/2021\/para-la-recuperacion-de-pacientes-graves-de-covid-se-incorporaron-mas-de-400-kinesiologos-al-sistema-de-salud-bonaerense\/","og_site_name":"Noticias Radio Reflejos","article_published_time":"2022-05-22T15:05:26+00:00","og_image":[{"url":"https:\/\/live.staticflickr.com\/65535\/52090088162_47d036afd0_c.jpg","type":"","width":"","height":""}],"author":"Arnaldo Botto","twitter_card":"summary_large_image","schema":{"@context":"https:\/\/schema.org","@graph":[{"@type":"WebPage","@id":"https:\/\/www.noticiasradioreflejos.com.ar\/2021\/para-la-recuperacion-de-pacientes-graves-de-covid-se-incorporaron-mas-de-400-kinesiologos-al-sistema-de-salud-bonaerense\/","url":"https:\/\/www.noticiasradioreflejos.com.ar\/2021\/para-la-recuperacion-de-pacientes-graves-de-covid-se-incorporaron-mas-de-400-kinesiologos-al-sistema-de-salud-bonaerense\/","name":"Para la recuperaci\u00f3n de pacientes graves de covid, se incorporaron m\u00e1s de 400 kinesi\u00f3logos al sistema de salud bonaerense - Noticias Radio Reflejos","isPartOf":{"@id":"https:\/\/www.noticiasradioreflejos.com.ar\/2021\/#website"},"primaryImageOfPage":{"@id":"https:\/\/www.noticiasradioreflejos.com.ar\/2021\/para-la-recuperacion-de-pacientes-graves-de-covid-se-incorporaron-mas-de-400-kinesiologos-al-sistema-de-salud-bonaerense\/#primaryimage"},"image":{"@id":"https:\/\/www.noticiasradioreflejos.com.ar\/2021\/para-la-recuperacion-de-pacientes-graves-de-covid-se-incorporaron-mas-de-400-kinesiologos-al-sistema-de-salud-bonaerense\/#primaryimage"},"thumbnailUrl":"https:\/\/live.staticflickr.com\/65535\/52090088162_47d036afd0_c.jpg","datePublished":"2022-05-22T15:05:26+00:00","author":{"@id":"https:\/\/www.noticiasradioreflejos.com.ar\/2021\/#\/schema\/person\/ad82545263dcc5ec0996818884fd5fb1"},"breadcrumb":{"@id":"https:\/\/www.noticiasradioreflejos.com.ar\/2021\/para-la-recuperacion-de-pacientes-graves-de-covid-se-incorporaron-mas-de-400-kinesiologos-al-sistema-de-salud-bonaerense\/#breadcrumb"},"inLanguage":"es","potentialAction":[{"@type":"ReadAction","target":["https:\/\/www.noticiasradioreflejos.com.ar\/2021\/para-la-recuperacion-de-pacientes-graves-de-covid-se-incorporaron-mas-de-400-kinesiologos-al-sistema-de-salud-bonaerense\/"]}]},{"@type":"ImageObject","inLanguage":"es","@id":"https:\/\/www.noticiasradioreflejos.com.ar\/2021\/para-la-recuperacion-de-pacientes-graves-de-covid-se-incorporaron-mas-de-400-kinesiologos-al-sistema-de-salud-bonaerense\/#primaryimage","url":"https:\/\/live.staticflickr.com\/65535\/52090088162_47d036afd0_c.jpg","contentUrl":"https:\/\/live.staticflickr.com\/65535\/52090088162_47d036afd0_c.jpg"},{"@type":"BreadcrumbList","@id":"https:\/\/www.noticiasradioreflejos.com.ar\/2021\/para-la-recuperacion-de-pacientes-graves-de-covid-se-incorporaron-mas-de-400-kinesiologos-al-sistema-de-salud-bonaerense\/#breadcrumb","itemListElement":[{"@type":"ListItem","position":1,"name":"Portada","item":"https:\/\/www.noticiasradioreflejos.com.ar\/2021\/"},{"@type":"ListItem","position":2,"name":"Para la recuperaci\u00f3n de pacientes graves de covid, se incorporaron m\u00e1s de 400 kinesi\u00f3logos al sistema de salud bonaerense"}]},{"@type":"WebSite","@id":"https:\/\/www.noticiasradioreflejos.com.ar\/2021\/#website","url":"https:\/\/www.noticiasradioreflejos.com.ar\/2021\/","name":"Noticias Radio Reflejos","description":"Las noticias de mi comarca","potentialAction":[{"@type":"SearchAction","target":{"@type":"EntryPoint","urlTemplate":"https:\/\/www.noticiasradioreflejos.com.ar\/2021\/?s={search_term_string}"},"query-input":{"@type":"PropertyValueSpecification","valueRequired":true,"valueName":"search_term_string"}}],"inLanguage":"es"},{"@type":"Person","@id":"https:\/\/www.noticiasradioreflejos.com.ar\/2021\/#\/schema\/person\/ad82545263dcc5ec0996818884fd5fb1","name":"Arnaldo Botto","image":{"@type":"ImageObject","inLanguage":"es","@id":"https:\/\/www.noticiasradioreflejos.com.ar\/2021\/#\/schema\/person\/image\/","url":"https:\/\/secure.gravatar.com\/avatar\/55cb5e37c1efa326397366e6974cb338056df65cb50e7d64d1cf314e87504837?s=96&d=mm&r=g","contentUrl":"https:\/\/secure.gravatar.com\/avatar\/55cb5e37c1efa326397366e6974cb338056df65cb50e7d64d1cf314e87504837?s=96&d=mm&r=g","caption":"Arnaldo Botto"},"url":"https:\/\/www.noticiasradioreflejos.com.ar\/2021\/author\/arnaldo\/"}]}},"_links":{"self":[{"href":"https:\/\/www.noticiasradioreflejos.com.ar\/2021\/wp-json\/wp\/v2\/posts\/72410","targetHints":{"allow":["GET"]}}],"collection":[{"href":"https:\/\/www.noticiasradioreflejos.com.ar\/2021\/wp-json\/wp\/v2\/posts"}],"about":[{"href":"https:\/\/www.noticiasradioreflejos.com.ar\/2021\/wp-json\/wp\/v2\/types\/post"}],"author":[{"embeddable":true,"href":"https:\/\/www.noticiasradioreflejos.com.ar\/2021\/wp-json\/wp\/v2\/users\/3"}],"replies":[{"embeddable":true,"href":"https:\/\/www.noticiasradioreflejos.com.ar\/2021\/wp-json\/wp\/v2\/comments?post=72410"}],"version-history":[{"count":1,"href":"https:\/\/www.noticiasradioreflejos.com.ar\/2021\/wp-json\/wp\/v2\/posts\/72410\/revisions"}],"predecessor-version":[{"id":72412,"href":"https:\/\/www.noticiasradioreflejos.com.ar\/2021\/wp-json\/wp\/v2\/posts\/72410\/revisions\/72412"}],"wp:attachment":[{"href":"https:\/\/www.noticiasradioreflejos.com.ar\/2021\/wp-json\/wp\/v2\/media?parent=72410"}],"wp:term":[{"taxonomy":"category","embeddable":true,"href":"https:\/\/www.noticiasradioreflejos.com.ar\/2021\/wp-json\/wp\/v2\/categories?post=72410"},{"taxonomy":"post_tag","embeddable":true,"href":"https:\/\/www.noticiasradioreflejos.com.ar\/2021\/wp-json\/wp\/v2\/tags?post=72410"}],"curies":[{"name":"wp","href":"https:\/\/api.w.org\/{rel}","templated":true}]}}