{"id":72405,"date":"2022-05-22T12:48:36","date_gmt":"2022-05-22T12:48:36","guid":{"rendered":"http:\/\/www.noticiasradioreflejos.com.ar\/2021\/?p=72405"},"modified":"2022-05-22T12:48:36","modified_gmt":"2022-05-22T12:48:36","slug":"por-que-surgen-mas-enfermedades-raras-como-la-hepatitis-desconocida-y-la-viruela-del-mono","status":"publish","type":"post","link":"https:\/\/www.noticiasradioreflejos.com.ar\/2021\/por-que-surgen-mas-enfermedades-raras-como-la-hepatitis-desconocida-y-la-viruela-del-mono\/","title":{"rendered":"Por qu\u00e9 surgen m\u00e1s enfermedades raras como la hepatitis desconocida y la viruela del mono"},"content":{"rendered":"<p>Los cient\u00edficos responden a la pregunta de si son realmente m\u00e1s o se dispone de mejores t\u00e9cnicas de detecci\u00f3n. Qu\u00e9 relaci\u00f3n tienen las enfermedades de origen animal con los nuevos coronavirus y los riesgos que implican.<!--more--><\/p>\n<div class=\"author\">\n<div class=\"author-inner\">\n<div class=\"authors-list\">\n<div class=\"authors-wrapper-list\">\n<div class=\"authors-inner-list\">Por\u00a0<a class=\"no-link\">Natalia Concina<\/a><\/div>\n<\/div>\n<\/div>\n<\/div>\n<\/div>\n<div class=\"section-2-col article-main-image\">\n<div class=\"col 1-col\">\n<div class=\"article-info\">\n<div class=\"social-media\">\n<p>&nbsp;<\/p>\n<\/div>\n<\/div>\n<\/div>\n<div class=\"col 2-col\">\n<div class=\"article-main-media-image__container\">\n<div class=\"image-wrapper\">\n<figure>\n<figure class=\"object-fit-block--contain intrinsic-container intrinsic-container-3x2\"><img decoding=\"async\" class=\" \" src=\"https:\/\/images.pagina12.com.ar\/styles\/focal_3_2_960x640\/public\/2022-05\/531083-e6-z2mywyaqbgd7.jpg?itok=xVTooh-n\" alt=\"La viruela del mono ya se conoc\u00eda en Africa, pero se detectaron casos en Europa.\" \/><\/figure><figcaption>La viruela del mono ya se conoc\u00eda en Africa, pero se detectaron casos en Europa.<\/figcaption><\/figure>\n<\/div>\n<\/div>\n<\/div>\n<\/div>\n<div class=\"section-2-col article-main-content\">\n<div class=\"col 1-col\"><\/div>\n<div class=\"col 2-col\">\n<div class=\"article-main-content article-text \">\n<p>El surgimiento cada vez m\u00e1s frecuente de enfermedades zoon\u00f3ticas (de origen animal) sumado a sistemas de vigilancia m\u00e1s alertas como consecuencia de la pandemia por coronavirus son las principales causas enumeradas por los especialistas a la hora de explicar por qu\u00e9 aumentan las noticias sobre enfermedades que generan alarma a nivel mundial.<\/p>\n<p>\u00ab<b>La pandemia nos dej\u00f3 hipersensibles y entonces el surgimiento de enfermedades nuevas que antes pasaban desapercibidas hoy son noticia<\/b>, la comunicaci\u00f3n es mucho m\u00e1s r\u00e1pida y hay m\u00e1s inter\u00e9s\u00bb, indic\u00f3 el m\u00e9dico infect\u00f3logo Mart\u00edn Hojman.<\/p>\n<p>El especialista asegur\u00f3 que \u00absiempre hubo brotes de enfermedades raras en la historia pero el desmanejo ecol\u00f3gico, el aumento de territorios invadidos por el hombre, la falta de cuidado ambiental, el aumento de la pobreza y las condiciones de vida de much\u00edsimas personas son caldo de cultivo para que estas enfermedades aparezcan\u00bb.<\/p>\n<div id=\"talkFireEvent\"><\/div>\n<p>&nbsp;<\/p>\n<h2>La globalizaci\u00f3n de la enfermedad<\/h2>\n<p>\u00abPor otra parte, la globalizaci\u00f3n hace que las enfermedades se diseminen r\u00e1pidamente por todo el mundo\u00bb, a\u00f1adi\u00f3.<\/p>\n<p>En el mismo sentido, Pilar Fern\u00e1ndez, investigadora argentina de la Escuela de Salud Global Paul Allen de la Universidad del Estado de Washington, indic\u00f3 que \u00abhay distintos aspectos clave en la emergencia de enfermedades zoon\u00f3ticas como la viruela del mono\u00bb.<\/p>\n<p>\u00abEn esta nueva era que llamamos antropoceno hay un aumento en la emergencia de enfermedades zoon\u00f3ticas, es decir que estos saltos entre los pat\u00f3genos que est\u00e1n circulando entre los animales hacia humanos, los animales dom\u00e9sticos y ganado han definitivamente ido en aumento por varias razones\u00bb, sostuvo.<\/p>\n<p>Entre las causas, Fern\u00e1ndez se\u00f1al\u00f3 que \u00abel cambio clim\u00e1tico es un factor importante, sobre todo el cambio en el uso de la tierra y c\u00f3mo los humanos y las actividades econ\u00f3micas est\u00e1n modificando las tasas de contacto entre los animales y las personas y entre los animales silvestres y los dom\u00e9sticos\u00bb.<\/p>\n<p>&nbsp;<\/p>\n<p>&nbsp;<\/p>\n<h2>Los nuevos coronavirus<\/h2>\n<p>A modo de ejemplo, la especialista describi\u00f3 que en los \u00faltimos 20 a\u00f1os surgieron tres nuevos coronavirus (SARS 1, MERS y SAR 2), y como las comunidades cient\u00edficas ven\u00edan trabajando con el SARS 1 y el MERS pudieron desarrollar las vacunas para Covid-19 m\u00e1s r\u00e1pido.<\/p>\n<p>\u00abPero m\u00e1s all\u00e1 de que est\u00e1n surgiendo m\u00e1s enfermedades, tambi\u00e9n estamos midiendo m\u00e1s y tenemos much\u00edsimas m\u00e1s herramientas para detectar estas enfermedades emergentes\u00bb, apunt\u00f3.<\/p>\n<p>Fern\u00e1ndez asegur\u00f3 que \u00abtodav\u00eda tenemos un mont\u00f3n de inc\u00f3gnitas y cuestiones a resolver para poder prevenir futuras pandemias y eventos emergentes; por ejemplo, una acci\u00f3n ser\u00eda hacer vigilancia en los animales silvestres y detectar cu\u00e1les son los reservorios\u00bb.<\/p>\n<p>\u00abOtro tema de la vigilancia es poder determinar por qu\u00e9 est\u00e1 habiendo una desconexi\u00f3n entre el lugar donde se dan los saltos (de los pat\u00f3genos de los animales a las personas) y donde se producen los brotes\u00bb, explic\u00f3.<\/p>\n<p>&nbsp;<\/p>\n<p>&nbsp;<\/p>\n<h2>La hepatitis aguda en ni\u00f1os y ni\u00f1as<\/h2>\n<p>El 15 de abril de 2022, la Organizaci\u00f3n Mundial de la Salud (OMS) public\u00f3 un alerta a ra\u00edz de 10 casos de hepatitis aguda grave de causa desconocida en ni\u00f1as y ni\u00f1os en el Reino Unido, y seg\u00fan la Organizaci\u00f3n Panamericana de la Salud (OPS) hasta el 10 de mayo se hab\u00edan notificado 348 casos probables en 21 pa\u00edses, incluyendo 26 ni\u00f1os que requirieron trasplante hep\u00e1tico.<\/p>\n<p>\u00abSi bien siempre hubo casos de hepatitis en los que no se puso determinar el origen, \u00e9stos \u00faltimos casos llamaron la atenci\u00f3n porque se vieron varios similares en todo el mundo y todav\u00eda no se sabe bien a qu\u00e9 atribuirlo\u00bb, describi\u00f3 Hojman, integrante de la Sociedad Argentina de Infectolog\u00eda (SADI) y m\u00e9dico del Hospital Rivadavia.<\/p>\n<p>El infect\u00f3logo dijo que una de las hip\u00f3tesis que est\u00e1 cobrando mayor relevancia es que \u00abes consecuencia de una hipersensibilidad inmunitaria pos Covid-19 que puede gatillarse en el contexto de otra infecci\u00f3n por otro virus\u00bb.<\/p>\n<p>El jueves pasado, la jefa del Servicio de Control Epidemiol\u00f3gico e Infectolog\u00eda del Hospital pedi\u00e1trico Garrahan, Mar\u00eda Rosa Bologna, detall\u00f3 que de los casos detectados a nivel mundial \u00abel 76% son menores de 5 a\u00f1os, el 80% fueron internados, 15% requirieron cuidados intensivos y un 13% trasplante hep\u00e1tico\u00bb.<\/p>\n<p>&nbsp;<\/p>\n<p>&nbsp;<\/p>\n<h2>Las conexiones entre el coronavirus y la nueva hepatitis<\/h2>\n<p>\u00abEs muy importante aclarar que m\u00e1s del 80% no estaba vacunado contra coronavirus\u00bb, destac\u00f3 Bologna y explic\u00f3 que existen diversas hip\u00f3tesis sobre el origen de estas hepatitis que no est\u00e1n causadas por ninguno de los virus conocidos hasta el momento que generan ese cuadro.<\/p>\n<p>Entre los motivos por los que se pueden estar dando estas hepatitis \u00abse plantea que puede haber una mayor susceptibilidad a los adenovirus por la falta de exposici\u00f3n previa que se dio durante la pandemia o que puede existir un aumento excepcional de los casos de adenovirus\u00bb, se\u00f1al\u00f3<\/p>\n<p>En la l\u00ednea de lo que planteaba Hojman, enfatiz\u00f3 que \u00abotra de las hip\u00f3tesis, que es en la que se est\u00e1n enfocando m\u00e1s ahora, es que puede haber una respuesta anormal al adenovirus por la presencia de infecci\u00f3n previa o co-infecci\u00f3n por SARS-CoV-2\u00bb.<\/p>\n<p>\u00abTambi\u00e9n est\u00e1 la teor\u00eda de que puede haber una respuesta anormal a los adenovirus por causas no infecciosas (ambientales o drogas)\u00bb, en tanto que \u00abotras l\u00edneas de investigaci\u00f3n se\u00f1alan que puede ser que existan nuevas variantes de adenovirus o de SARS-CoV-2 o que sea un cuadro pos-infeccioso asociado al coronavirus ya que muchos de los pacientes hab\u00eda tenido Covid-19 en los \u00faltimos meses\u00bb.<\/p>\n<p>&nbsp;<\/p>\n<p>&nbsp;<\/p>\n<h2>La viruela de los monos<\/h2>\n<p>En relaci\u00f3n a la viruela de los monos o s\u00edmica &#8211; de la que se est\u00e1n reportando casos en Reino Unido, Espa\u00f1a, Francia, Alemania y otros pa\u00edses- Hojman record\u00f3 que \u00abse trata de una infecci\u00f3n que ya se conoc\u00eda en \u00c1frica, y que en la actualidad no la transmiten los monos sino que es a trav\u00e9s de otros roedores y existe la transmisi\u00f3n humana a trav\u00e9s de gotas respiratorias y fluidos\u00bb.<\/p>\n<p>Los s\u00edntomas son dolor de cabeza, muscular, decaimiento y erupciones; y en la gran mayor\u00eda de los casos se cura sola.<\/p>\n<p>\u00abSi bien nos falta saber much\u00edsimo, al menos hasta ahora no parece que vaya a ser un problema para la salud p\u00fablica\u00bb, a\u00f1adi\u00f3.<\/p>\n<p>Por su parte, Fern\u00e1ndez afirm\u00f3 que \u00abuna de las inc\u00f3gnitas que tenemos es que no sabemos cu\u00e1les est\u00e1n siendo los reservorios silvestres; entonces es muy dif\u00edcil prevenir e identificar d\u00f3nde se van a dar los brotes\u00bb.<\/p>\n<p>En este contexto, la argentina radicada en Estados Unidos concluy\u00f3 que \u00abuna de las cosas que esperamos deje la pandemia es sistemas de vigilancia m\u00e1s efectivos para que no se llegue tarde a la detecci\u00f3n sino que se puedan anticipar los brotes y para eso tiene que haber una mejora tambi\u00e9n en los sistemas de salud de atenci\u00f3n primaria\u00bb.<\/p>\n<p><i>*Natalia Concina es redactora de la agencia Telam.<\/i><\/p>\n<\/div>\n<\/div>\n<\/div>\n","protected":false},"excerpt":{"rendered":"<p>Los cient\u00edficos responden a la pregunta de si son realmente m\u00e1s o se dispone de mejores t\u00e9cnicas de detecci\u00f3n. Qu\u00e9 relaci\u00f3n tienen las enfermedades de origen animal con los nuevos coronavirus y los riesgos que implican.<\/p>\n","protected":false},"author":3,"featured_media":0,"comment_status":"closed","ping_status":"closed","sticky":false,"template":"","format":"standard","meta":{"footnotes":""},"categories":[46,30],"tags":[],"class_list":["post-72405","post","type-post","status-publish","format-standard","hentry","category-ciencia-y-tecnologia","category-salud"],"yoast_head":"<!-- This site is optimized with the Yoast SEO plugin v25.9 - https:\/\/yoast.com\/wordpress\/plugins\/seo\/ -->\n<title>Por qu\u00e9 surgen m\u00e1s enfermedades raras como la hepatitis desconocida y la viruela del mono - Noticias Radio Reflejos<\/title>\n<meta name=\"robots\" content=\"index, follow, max-snippet:-1, max-image-preview:large, max-video-preview:-1\" \/>\n<link rel=\"canonical\" href=\"https:\/\/www.noticiasradioreflejos.com.ar\/2021\/por-que-surgen-mas-enfermedades-raras-como-la-hepatitis-desconocida-y-la-viruela-del-mono\/\" \/>\n<meta property=\"og:locale\" content=\"es_ES\" \/>\n<meta property=\"og:type\" content=\"article\" \/>\n<meta property=\"og:title\" content=\"Por qu\u00e9 surgen m\u00e1s enfermedades raras como la hepatitis desconocida y la viruela del mono - Noticias Radio Reflejos\" \/>\n<meta property=\"og:description\" content=\"Los cient\u00edficos responden a la pregunta de si son realmente m\u00e1s o se dispone de mejores t\u00e9cnicas de detecci\u00f3n. Qu\u00e9 relaci\u00f3n tienen las enfermedades de origen animal con los nuevos coronavirus y los riesgos que implican.\" \/>\n<meta property=\"og:url\" content=\"https:\/\/www.noticiasradioreflejos.com.ar\/2021\/por-que-surgen-mas-enfermedades-raras-como-la-hepatitis-desconocida-y-la-viruela-del-mono\/\" \/>\n<meta property=\"og:site_name\" content=\"Noticias Radio Reflejos\" \/>\n<meta property=\"article:published_time\" content=\"2022-05-22T12:48:36+00:00\" \/>\n<meta property=\"og:image\" content=\"https:\/\/images.pagina12.com.ar\/styles\/focal_3_2_960x640\/public\/2022-05\/531083-e6-z2mywyaqbgd7.jpg?itok=xVTooh-n\" \/>\n<meta name=\"author\" content=\"Arnaldo Botto\" \/>\n<meta name=\"twitter:card\" content=\"summary_large_image\" \/>\n<script type=\"application\/ld+json\" class=\"yoast-schema-graph\">{\"@context\":\"https:\/\/schema.org\",\"@graph\":[{\"@type\":\"WebPage\",\"@id\":\"https:\/\/www.noticiasradioreflejos.com.ar\/2021\/por-que-surgen-mas-enfermedades-raras-como-la-hepatitis-desconocida-y-la-viruela-del-mono\/\",\"url\":\"https:\/\/www.noticiasradioreflejos.com.ar\/2021\/por-que-surgen-mas-enfermedades-raras-como-la-hepatitis-desconocida-y-la-viruela-del-mono\/\",\"name\":\"Por qu\u00e9 surgen m\u00e1s enfermedades raras como la hepatitis desconocida y la viruela del mono - Noticias Radio Reflejos\",\"isPartOf\":{\"@id\":\"https:\/\/www.noticiasradioreflejos.com.ar\/2021\/#website\"},\"primaryImageOfPage\":{\"@id\":\"https:\/\/www.noticiasradioreflejos.com.ar\/2021\/por-que-surgen-mas-enfermedades-raras-como-la-hepatitis-desconocida-y-la-viruela-del-mono\/#primaryimage\"},\"image\":{\"@id\":\"https:\/\/www.noticiasradioreflejos.com.ar\/2021\/por-que-surgen-mas-enfermedades-raras-como-la-hepatitis-desconocida-y-la-viruela-del-mono\/#primaryimage\"},\"thumbnailUrl\":\"https:\/\/images.pagina12.com.ar\/styles\/focal_3_2_960x640\/public\/2022-05\/531083-e6-z2mywyaqbgd7.jpg?itok=xVTooh-n\",\"datePublished\":\"2022-05-22T12:48:36+00:00\",\"author\":{\"@id\":\"https:\/\/www.noticiasradioreflejos.com.ar\/2021\/#\/schema\/person\/ad82545263dcc5ec0996818884fd5fb1\"},\"breadcrumb\":{\"@id\":\"https:\/\/www.noticiasradioreflejos.com.ar\/2021\/por-que-surgen-mas-enfermedades-raras-como-la-hepatitis-desconocida-y-la-viruela-del-mono\/#breadcrumb\"},\"inLanguage\":\"es\",\"potentialAction\":[{\"@type\":\"ReadAction\",\"target\":[\"https:\/\/www.noticiasradioreflejos.com.ar\/2021\/por-que-surgen-mas-enfermedades-raras-como-la-hepatitis-desconocida-y-la-viruela-del-mono\/\"]}]},{\"@type\":\"ImageObject\",\"inLanguage\":\"es\",\"@id\":\"https:\/\/www.noticiasradioreflejos.com.ar\/2021\/por-que-surgen-mas-enfermedades-raras-como-la-hepatitis-desconocida-y-la-viruela-del-mono\/#primaryimage\",\"url\":\"https:\/\/images.pagina12.com.ar\/styles\/focal_3_2_960x640\/public\/2022-05\/531083-e6-z2mywyaqbgd7.jpg?itok=xVTooh-n\",\"contentUrl\":\"https:\/\/images.pagina12.com.ar\/styles\/focal_3_2_960x640\/public\/2022-05\/531083-e6-z2mywyaqbgd7.jpg?itok=xVTooh-n\"},{\"@type\":\"BreadcrumbList\",\"@id\":\"https:\/\/www.noticiasradioreflejos.com.ar\/2021\/por-que-surgen-mas-enfermedades-raras-como-la-hepatitis-desconocida-y-la-viruela-del-mono\/#breadcrumb\",\"itemListElement\":[{\"@type\":\"ListItem\",\"position\":1,\"name\":\"Portada\",\"item\":\"https:\/\/www.noticiasradioreflejos.com.ar\/2021\/\"},{\"@type\":\"ListItem\",\"position\":2,\"name\":\"Por qu\u00e9 surgen m\u00e1s enfermedades raras como la hepatitis desconocida y la viruela del mono\"}]},{\"@type\":\"WebSite\",\"@id\":\"https:\/\/www.noticiasradioreflejos.com.ar\/2021\/#website\",\"url\":\"https:\/\/www.noticiasradioreflejos.com.ar\/2021\/\",\"name\":\"Noticias Radio Reflejos\",\"description\":\"Las noticias de mi comarca\",\"potentialAction\":[{\"@type\":\"SearchAction\",\"target\":{\"@type\":\"EntryPoint\",\"urlTemplate\":\"https:\/\/www.noticiasradioreflejos.com.ar\/2021\/?s={search_term_string}\"},\"query-input\":{\"@type\":\"PropertyValueSpecification\",\"valueRequired\":true,\"valueName\":\"search_term_string\"}}],\"inLanguage\":\"es\"},{\"@type\":\"Person\",\"@id\":\"https:\/\/www.noticiasradioreflejos.com.ar\/2021\/#\/schema\/person\/ad82545263dcc5ec0996818884fd5fb1\",\"name\":\"Arnaldo Botto\",\"image\":{\"@type\":\"ImageObject\",\"inLanguage\":\"es\",\"@id\":\"https:\/\/www.noticiasradioreflejos.com.ar\/2021\/#\/schema\/person\/image\/\",\"url\":\"https:\/\/secure.gravatar.com\/avatar\/55cb5e37c1efa326397366e6974cb338056df65cb50e7d64d1cf314e87504837?s=96&d=mm&r=g\",\"contentUrl\":\"https:\/\/secure.gravatar.com\/avatar\/55cb5e37c1efa326397366e6974cb338056df65cb50e7d64d1cf314e87504837?s=96&d=mm&r=g\",\"caption\":\"Arnaldo Botto\"},\"url\":\"https:\/\/www.noticiasradioreflejos.com.ar\/2021\/author\/arnaldo\/\"}]}<\/script>\n<!-- \/ Yoast SEO plugin. -->","yoast_head_json":{"title":"Por qu\u00e9 surgen m\u00e1s enfermedades raras como la hepatitis desconocida y la viruela del mono - Noticias Radio Reflejos","robots":{"index":"index","follow":"follow","max-snippet":"max-snippet:-1","max-image-preview":"max-image-preview:large","max-video-preview":"max-video-preview:-1"},"canonical":"https:\/\/www.noticiasradioreflejos.com.ar\/2021\/por-que-surgen-mas-enfermedades-raras-como-la-hepatitis-desconocida-y-la-viruela-del-mono\/","og_locale":"es_ES","og_type":"article","og_title":"Por qu\u00e9 surgen m\u00e1s enfermedades raras como la hepatitis desconocida y la viruela del mono - Noticias Radio Reflejos","og_description":"Los cient\u00edficos responden a la pregunta de si son realmente m\u00e1s o se dispone de mejores t\u00e9cnicas de detecci\u00f3n. Qu\u00e9 relaci\u00f3n tienen las enfermedades de origen animal con los nuevos coronavirus y los riesgos que implican.","og_url":"https:\/\/www.noticiasradioreflejos.com.ar\/2021\/por-que-surgen-mas-enfermedades-raras-como-la-hepatitis-desconocida-y-la-viruela-del-mono\/","og_site_name":"Noticias Radio Reflejos","article_published_time":"2022-05-22T12:48:36+00:00","og_image":[{"url":"https:\/\/images.pagina12.com.ar\/styles\/focal_3_2_960x640\/public\/2022-05\/531083-e6-z2mywyaqbgd7.jpg?itok=xVTooh-n","type":"","width":"","height":""}],"author":"Arnaldo Botto","twitter_card":"summary_large_image","schema":{"@context":"https:\/\/schema.org","@graph":[{"@type":"WebPage","@id":"https:\/\/www.noticiasradioreflejos.com.ar\/2021\/por-que-surgen-mas-enfermedades-raras-como-la-hepatitis-desconocida-y-la-viruela-del-mono\/","url":"https:\/\/www.noticiasradioreflejos.com.ar\/2021\/por-que-surgen-mas-enfermedades-raras-como-la-hepatitis-desconocida-y-la-viruela-del-mono\/","name":"Por qu\u00e9 surgen m\u00e1s enfermedades raras como la hepatitis desconocida y la viruela del mono - Noticias Radio Reflejos","isPartOf":{"@id":"https:\/\/www.noticiasradioreflejos.com.ar\/2021\/#website"},"primaryImageOfPage":{"@id":"https:\/\/www.noticiasradioreflejos.com.ar\/2021\/por-que-surgen-mas-enfermedades-raras-como-la-hepatitis-desconocida-y-la-viruela-del-mono\/#primaryimage"},"image":{"@id":"https:\/\/www.noticiasradioreflejos.com.ar\/2021\/por-que-surgen-mas-enfermedades-raras-como-la-hepatitis-desconocida-y-la-viruela-del-mono\/#primaryimage"},"thumbnailUrl":"https:\/\/images.pagina12.com.ar\/styles\/focal_3_2_960x640\/public\/2022-05\/531083-e6-z2mywyaqbgd7.jpg?itok=xVTooh-n","datePublished":"2022-05-22T12:48:36+00:00","author":{"@id":"https:\/\/www.noticiasradioreflejos.com.ar\/2021\/#\/schema\/person\/ad82545263dcc5ec0996818884fd5fb1"},"breadcrumb":{"@id":"https:\/\/www.noticiasradioreflejos.com.ar\/2021\/por-que-surgen-mas-enfermedades-raras-como-la-hepatitis-desconocida-y-la-viruela-del-mono\/#breadcrumb"},"inLanguage":"es","potentialAction":[{"@type":"ReadAction","target":["https:\/\/www.noticiasradioreflejos.com.ar\/2021\/por-que-surgen-mas-enfermedades-raras-como-la-hepatitis-desconocida-y-la-viruela-del-mono\/"]}]},{"@type":"ImageObject","inLanguage":"es","@id":"https:\/\/www.noticiasradioreflejos.com.ar\/2021\/por-que-surgen-mas-enfermedades-raras-como-la-hepatitis-desconocida-y-la-viruela-del-mono\/#primaryimage","url":"https:\/\/images.pagina12.com.ar\/styles\/focal_3_2_960x640\/public\/2022-05\/531083-e6-z2mywyaqbgd7.jpg?itok=xVTooh-n","contentUrl":"https:\/\/images.pagina12.com.ar\/styles\/focal_3_2_960x640\/public\/2022-05\/531083-e6-z2mywyaqbgd7.jpg?itok=xVTooh-n"},{"@type":"BreadcrumbList","@id":"https:\/\/www.noticiasradioreflejos.com.ar\/2021\/por-que-surgen-mas-enfermedades-raras-como-la-hepatitis-desconocida-y-la-viruela-del-mono\/#breadcrumb","itemListElement":[{"@type":"ListItem","position":1,"name":"Portada","item":"https:\/\/www.noticiasradioreflejos.com.ar\/2021\/"},{"@type":"ListItem","position":2,"name":"Por qu\u00e9 surgen m\u00e1s enfermedades raras como la hepatitis desconocida y la viruela del mono"}]},{"@type":"WebSite","@id":"https:\/\/www.noticiasradioreflejos.com.ar\/2021\/#website","url":"https:\/\/www.noticiasradioreflejos.com.ar\/2021\/","name":"Noticias Radio Reflejos","description":"Las noticias de mi comarca","potentialAction":[{"@type":"SearchAction","target":{"@type":"EntryPoint","urlTemplate":"https:\/\/www.noticiasradioreflejos.com.ar\/2021\/?s={search_term_string}"},"query-input":{"@type":"PropertyValueSpecification","valueRequired":true,"valueName":"search_term_string"}}],"inLanguage":"es"},{"@type":"Person","@id":"https:\/\/www.noticiasradioreflejos.com.ar\/2021\/#\/schema\/person\/ad82545263dcc5ec0996818884fd5fb1","name":"Arnaldo Botto","image":{"@type":"ImageObject","inLanguage":"es","@id":"https:\/\/www.noticiasradioreflejos.com.ar\/2021\/#\/schema\/person\/image\/","url":"https:\/\/secure.gravatar.com\/avatar\/55cb5e37c1efa326397366e6974cb338056df65cb50e7d64d1cf314e87504837?s=96&d=mm&r=g","contentUrl":"https:\/\/secure.gravatar.com\/avatar\/55cb5e37c1efa326397366e6974cb338056df65cb50e7d64d1cf314e87504837?s=96&d=mm&r=g","caption":"Arnaldo Botto"},"url":"https:\/\/www.noticiasradioreflejos.com.ar\/2021\/author\/arnaldo\/"}]}},"_links":{"self":[{"href":"https:\/\/www.noticiasradioreflejos.com.ar\/2021\/wp-json\/wp\/v2\/posts\/72405","targetHints":{"allow":["GET"]}}],"collection":[{"href":"https:\/\/www.noticiasradioreflejos.com.ar\/2021\/wp-json\/wp\/v2\/posts"}],"about":[{"href":"https:\/\/www.noticiasradioreflejos.com.ar\/2021\/wp-json\/wp\/v2\/types\/post"}],"author":[{"embeddable":true,"href":"https:\/\/www.noticiasradioreflejos.com.ar\/2021\/wp-json\/wp\/v2\/users\/3"}],"replies":[{"embeddable":true,"href":"https:\/\/www.noticiasradioreflejos.com.ar\/2021\/wp-json\/wp\/v2\/comments?post=72405"}],"version-history":[{"count":1,"href":"https:\/\/www.noticiasradioreflejos.com.ar\/2021\/wp-json\/wp\/v2\/posts\/72405\/revisions"}],"predecessor-version":[{"id":72407,"href":"https:\/\/www.noticiasradioreflejos.com.ar\/2021\/wp-json\/wp\/v2\/posts\/72405\/revisions\/72407"}],"wp:attachment":[{"href":"https:\/\/www.noticiasradioreflejos.com.ar\/2021\/wp-json\/wp\/v2\/media?parent=72405"}],"wp:term":[{"taxonomy":"category","embeddable":true,"href":"https:\/\/www.noticiasradioreflejos.com.ar\/2021\/wp-json\/wp\/v2\/categories?post=72405"},{"taxonomy":"post_tag","embeddable":true,"href":"https:\/\/www.noticiasradioreflejos.com.ar\/2021\/wp-json\/wp\/v2\/tags?post=72405"}],"curies":[{"name":"wp","href":"https:\/\/api.w.org\/{rel}","templated":true}]}}