{"id":72399,"date":"2022-05-22T10:12:43","date_gmt":"2022-05-22T10:12:43","guid":{"rendered":"http:\/\/www.noticiasradioreflejos.com.ar\/2021\/?p=72399"},"modified":"2022-05-22T10:12:43","modified_gmt":"2022-05-22T10:12:43","slug":"contrabando-de-armas-a-bolivia-citan-a-declarar-a-los-gendarmes-que-trasladaron-los-pertrechos","status":"publish","type":"post","link":"https:\/\/www.noticiasradioreflejos.com.ar\/2021\/contrabando-de-armas-a-bolivia-citan-a-declarar-a-los-gendarmes-que-trasladaron-los-pertrechos\/","title":{"rendered":"Contrabando de armas a Bolivia: Citan a declarar a los gendarmes que trasladaron los pertrechos"},"content":{"rendered":"<p>El juez que investiga la colaboraci\u00f3n del gobierno de Macri con el golpe contra Evo Morales buscar reconstruir c\u00f3mo se organiz\u00f3 el traslado desde Buenos Aires.<!--more--><\/p>\n<p><strong>Por Felipe Yapur y Luciana Bertoia<\/strong><\/p>\n<div class=\"section-2-col article-main-image\">\n<div class=\"col 2-col\">\n<div class=\"article-main-media-image__container\">\n<div class=\"image-wrapper\">\n<figure>\n<figure class=\"object-fit-block--contain intrinsic-container intrinsic-container-3x2\"><img decoding=\"async\" class=\" \" src=\"https:\/\/images.pagina12.com.ar\/styles\/focal_3_2_960x640\/public\/2022-05\/531564-whatsapp-20image-202022-05-21-20at-208-38-20-20pm.jpeg?itok=VrX62iBt\" alt=\"\" \/><\/figure>\n<\/figure>\n<\/div>\n<\/div>\n<\/div>\n<\/div>\n<div class=\"section-2-col article-main-content\">\n<div class=\"col 1-col\"><\/div>\n<div class=\"col 2-col\">\n<div class=\"article-main-content article-text \">\n<p>La justicia busca reconstruir c\u00f3mo fueron las\u00a0<b>horas previas a que las 70.000 balas que terminaron en poder de las fuerzas que dieron el golpe contra Evo Morales<\/b>\u00a0se embarcaran en el\u00a0<b>H\u00e9rcules C-130 que las traslad\u00f3<\/b>, junto con un contingente de gendarmes, hasta Bolivia. Por eso el juez que investiga el\u00a0<b>contrabando de armas durante el gobierno de Mauricio Macri, Alejandro Catania, cit\u00f3 a brindar declaraci\u00f3n testimonial a los efectivos de Gendarmer\u00eda que trasladaron los pertrechos hasta el aeropuerto de El Palomar y prepara<\/b>\u00a0\u2013seg\u00fan pudo saber\u00a0<b>P\u00e1gina\/12<\/b>\u2013 las<b>\u00a0citaciones para los integrantes de la Fuerza A\u00e9rea Argentina (FAA) que subieron las cajas con municiones al avi\u00f3n<\/b>.<\/p>\n<p>Catania terminar\u00e1 la semana pr\u00f3xima con la ronda de declaraciones testimoniales que brindaron los primeros gendarmes que estuvieron en La Paz entre noviembre de 2019 y enero de 2020. Hasta ahora, en lo sustantivo,\u00a0<b>todos los efectivos dijeron que no usaron las balas mientras estuvieron en el Estado Plurinacional y que mucho menos hicieron ejercicios\u00a0<\/b>\u2013como hab\u00edan sostenido las jerarqu\u00edas de la Gendarmer\u00eda para justificar el abultado faltante\u2013.<\/p>\n<div id=\"talkFireEvent\"><\/div>\n<p>Sin embargo,\u00a0<b>hubo un gendarme que aport\u00f3 datos novedosos en la causa: se trata del suboficial mayor Juan Carlos Zarza<\/b>, quien relat\u00f3 que fue convocado para integrar un grupo de Gendarmer\u00eda que viajar\u00eda a Bolivia para dar seguridad en la embajada y en la residencia del embajador. Lo novedoso de la declaraci\u00f3n de Zarza es que\u00a0<b>detall\u00f3 el camino que hicieron las cajas con las balas que despu\u00e9s terminar\u00edan en poder de la Fuerza A\u00e9rea Boliviana (FAB) y de la polic\u00eda local.<\/b><\/p>\n<p>Zarza relat\u00f3 que el contingente de Gendarmer\u00eda sali\u00f3 a bordo de una\u00a0<b>camioneta Iveco Daily de la fuerza.<\/b>\u00a0All\u00ed, cada uno llevaba el arma primaria y el arma secundaria que le hab\u00edan asignado: un fusil y una pistola.\u00a0<b>Pero en otro furg\u00f3n similar iban unas \u201ccajas blancas\u201d que ocupaban casi la totalidad del veh\u00edculo.<\/b>\u00a0Zarza no record\u00f3 si las cajas ten\u00edan alguna leyenda. Otros gendarmes hab\u00edan dicho que las cajas dec\u00edan Fabricaciones Militares.<\/p>\n<p><b>Fueron los propios gendarmes quienes tuvieron que subir las cajas a la camioneta y quienes las bajaron al llegar al aeropuerto de El Palomar<\/b>, desde donde sali\u00f3 el H\u00e9rcules con rumbo hacia Bolivia. Seg\u00fan Zarza, e<b>n el aeropuerto se separaron los gendarmes de las cajas. \u201cQuedaron en un dep\u00f3sito\u201d,<\/b>\u00a0le explic\u00f3 al juez Catania.\u00a0<b>\u201cQuedaron ah\u00ed y el personal de la Fuerza A\u00e9rea nos dijo que sali\u00e9ramos afuera porque no era correcto que estuvi\u00e9semos ah\u00ed\u201d,<\/b>\u00a0ampli\u00f3 el suboficial mayor de Gendarmer\u00eda.<\/p>\n<p>\u00abAh\u00ed hubo funcionarios de la Fuerza A\u00e9rea que vieron que las balas estaban en ese dep\u00f3sito y que se ocuparon que no figuraran en el manifiesto de carga del avi\u00f3n\u00bb, apunta una fuente con acceso a la investigaci\u00f3n.<\/p>\n<p>El gendarme Zarza volvi\u00f3 a ver las cajas cuando subi\u00f3 al avi\u00f3n. Seg\u00fan relat\u00f3, las trasladaron con una especie de tractor hasta el H\u00e9rcules. No vio c\u00f3mo las bajaban en El Alto ni c\u00f3mo se repartieron entre la FAB y la polic\u00eda local.<\/p>\n<h2>Siete horas para subir al avi\u00f3n<\/h2>\n<p><b>Carlos Ram\u00f3n Bogado\u00a0<\/b>es otro de los gendarmes que lleg\u00f3 a Bolivia el 13 de noviembre. \u00c9l tambi\u00e9n record\u00f3 que hab\u00edan viajado en la Iveco Daily, pero no ten\u00eda presente si hab\u00eda otra camioneta similar trasladando las municiones.<\/p>\n<p>Lo que s\u00ed record\u00f3 Bogado es que los gendarmes estuvieron siete horas en El Palomar esperando para poder viajar.\u00a0<b>\u201cLlegamos a las cinco de la tarde y el vuelo sali\u00f3 a las doce de la noche\u201d, declar\u00f3.<\/b><\/p>\n<p><b>El 12 de noviembre de 2019 fue un d\u00eda agitado<\/b>. Estaba previsto que el contingente de gendarmes viajara temprano hacia Bolivia pero\u00a0<b>todo se retras\u00f3.\u00a0<\/b>El retraso probablemente estuvo relacionado con la salida de las 70.000 balas que inicialmente no estaba previsto transportar. La declaraci\u00f3n de Bogado abona esa hip\u00f3tesis.<\/p>\n<p>Por la ma\u00f1ana de ese d\u00eda, el canciller\u00a0<b>Jorge Faurie visit\u00f3 a Macri en la Casa Rosada.<\/b>\u00a0Despu\u00e9s de la reuni\u00f3n, Faurie firm\u00f3 un pedido destinado a la ministra de Seguridad,\u00a0<b>Patricia Bullrich<\/b>, y al ministro de Defensa,\u00a0<b>Oscar Aguad<\/b>, para que se trasladaran gendarmes hasta La Paz. El pedido era, al menos, extempor\u00e1neo porque era un hecho que los efectivos viajar\u00edan &#8211;incluso el embajador en La Paz, que depend\u00eda de \u00e9l, ya hab\u00eda gestionado permisos ante las autoridades bolivianas. Desde el gobierno de Alberto Fern\u00e1ndez denunciaron que Faurie omiti\u00f3 subir ese pedido al sistema electr\u00f3nico con el que se rige la administraci\u00f3n p\u00fablica.<\/p>\n<p>Al mediod\u00eda se hizo una\u00a0<b>reuni\u00f3n en el despacho de Marcos Pe\u00f1a<\/b>. Participaron Bullrich y varios de sus funcionarios en la cartera de Seguridad. Estaban, adem\u00e1s, los jefes de las cuatro fuerzas de seguridad federales. Entre ellos,\u00a0<b>se encontraba Gerardo Otero, comandante de Gendarmer\u00eda. Otero fue el \u00fanico que recibi\u00f3 a un ayudante mientras estaban reunidos<\/b>.\u00a0<b>En ese \u00ednterin, la fuerza le pidi\u00f3 autorizaci\u00f3n a la Agencia Nacional de Materiales Controlados (ANMaC) sacar como complemento las 70.000<\/b>\u00a0balas que iban a quedar en poder de las fuerzas bolivianas.<\/p>\n<p><b>Al rato de que Bullrich sali\u00f3 de la Casa Rosada, el jefe de la agrupaci\u00f3n Alacr\u00e1n de la Gendarmer\u00eda, Fabi\u00e1n Salas, avis\u00f3 v\u00eda fax a la Fuerza A\u00e9rea que iban a llevar tambi\u00e9n las 70.000 balas.<\/b>\u00a0En esa comunicaci\u00f3n, afirm\u00f3 que era el armamento que la fuerza com\u00fanmente utilizaba cuando era enviada fuera del pa\u00eds ante situaciones de violencia. Era curiosa la expresi\u00f3n porque un contingente similar sali\u00f3 hacia Chile para la misma fecha y no llev\u00f3 esa cantidad de municiones ni viaj\u00f3 en un avi\u00f3n de la Aeron\u00e1utica, sino en un vuelo comercial.<\/p>\n<h2>De Campo de Mayo a Palomar<\/h2>\n<p>El foco de Catania est\u00e1 puesto en este momento en c\u00f3mo salieron las balas de los galpones de la Gendarmer\u00eda en Campo de Mayo y c\u00f3mo llegaron a la base a\u00e9rea, lo que podr\u00eda dar elementos para entender qui\u00e9n dio las \u00f3rdenes. Por eso,\u00a0<b>quiere escuchar entre el 6 y 7 de junio a quienes manejaron las Daily Iveco<\/b>. Despu\u00e9s de esas declaraciones,\u00a0<b>es probable que el juez convoque a quienes integraron la tripulaci\u00f3n de la FAA como testigos<\/b>. Los aeron\u00e1uticos son los que tuvieron contacto con las cajas de las balas desde que llegaron a Palomar hasta que las bajaron en el aeropuerto de El Alto.<\/p>\n<p>El contingente argentino aterriz\u00f3 el 13 de noviembre de 2019. Lo esperaba el embajador\u00a0<b>Normando \u00c1lvarez Garc\u00eda<\/b>\u00a0y estaba tambi\u00e9n el agregado de Gendarmer\u00eda en La Paz,\u00a0<b>Adolfo Caliba,<\/b>\u00a0a quien desde el gobierno de Luis Arce se\u00f1alan como quien coordin\u00f3 la entrega de los cartuchos a la polic\u00eda boliviana.<\/p>\n<p>Seg\u00fan pudo reconstruirse,\u00a0<b>de las 70.000 balas 12\/70 que salieron de la Argentina, 40.000 fueron a manos de la FAB. La polic\u00eda se qued\u00f3 con 26.900 cartuchos.\u00a0<\/b>Hay un faltante que podr\u00eda haber estado en poder de otros grupos. Las balas que recibi\u00f3 la polic\u00eda no se usaron: se encontraron el a\u00f1o pasado en un almac\u00e9n de la fuerza cerca de La Paz. A\u00fan no se sabe qu\u00e9 hizo la FAB con el material represivo que recibi\u00f3 por parte del gobierno de Macri y que su comandante, Jorge Gonzalo Terceros Lara, agradeci\u00f3 con entusiasmo al embajador \u00c1lvarez Garc\u00eda.<\/p>\n<p>Fue el\u00a0<a href=\"https:\/\/www.pagina12.com.ar\/353544-mauricio-macri-apoyo-el-golpe-contra-evo-morales-con-materia\">hallazgo de la nota de Terceros Lara<\/a>,\u00a0hace ya casi un a\u00f1o,\u00a0lo que destap\u00f3 el esc\u00e1ndalo del env\u00edo de armas a Bolivia y que deriv\u00f3 en la\u00a0<b>investigaci\u00f3n que tiene imputados a Macri, Bullrich, Pe\u00f1a, Aguad, Faurie y \u00c1lvarez Garc\u00eda, entre otros.<\/b><\/p>\n<\/div>\n<\/div>\n<\/div>\n","protected":false},"excerpt":{"rendered":"<p>El juez que investiga la colaboraci\u00f3n del gobierno de Macri con el golpe contra Evo Morales buscar reconstruir c\u00f3mo se organiz\u00f3 el traslado desde Buenos Aires.<\/p>\n","protected":false},"author":3,"featured_media":0,"comment_status":"closed","ping_status":"closed","sticky":false,"template":"","format":"standard","meta":{"footnotes":""},"categories":[57,24],"tags":[],"class_list":["post-72399","post","type-post","status-publish","format-standard","hentry","category-judiciales","category-politica"],"yoast_head":"<!-- This site is optimized with the Yoast SEO plugin v25.9 - https:\/\/yoast.com\/wordpress\/plugins\/seo\/ -->\n<title>Contrabando de armas a Bolivia: Citan a declarar a los gendarmes que trasladaron los pertrechos - Noticias Radio Reflejos<\/title>\n<meta name=\"robots\" content=\"index, follow, max-snippet:-1, max-image-preview:large, max-video-preview:-1\" \/>\n<link rel=\"canonical\" href=\"https:\/\/www.noticiasradioreflejos.com.ar\/2021\/contrabando-de-armas-a-bolivia-citan-a-declarar-a-los-gendarmes-que-trasladaron-los-pertrechos\/\" \/>\n<meta property=\"og:locale\" content=\"es_ES\" \/>\n<meta property=\"og:type\" content=\"article\" \/>\n<meta property=\"og:title\" content=\"Contrabando de armas a Bolivia: Citan a declarar a los gendarmes que trasladaron los pertrechos - Noticias Radio Reflejos\" \/>\n<meta property=\"og:description\" content=\"El juez que investiga la colaboraci\u00f3n del gobierno de Macri con el golpe contra Evo Morales buscar reconstruir c\u00f3mo se organiz\u00f3 el traslado desde Buenos Aires.\" \/>\n<meta property=\"og:url\" content=\"https:\/\/www.noticiasradioreflejos.com.ar\/2021\/contrabando-de-armas-a-bolivia-citan-a-declarar-a-los-gendarmes-que-trasladaron-los-pertrechos\/\" \/>\n<meta property=\"og:site_name\" content=\"Noticias Radio Reflejos\" \/>\n<meta property=\"article:published_time\" content=\"2022-05-22T10:12:43+00:00\" \/>\n<meta property=\"og:image\" content=\"https:\/\/images.pagina12.com.ar\/styles\/focal_3_2_960x640\/public\/2022-05\/531564-whatsapp-20image-202022-05-21-20at-208-38-20-20pm.jpeg?itok=VrX62iBt\" \/>\n<meta name=\"author\" content=\"Arnaldo Botto\" \/>\n<meta name=\"twitter:card\" content=\"summary_large_image\" \/>\n<script type=\"application\/ld+json\" class=\"yoast-schema-graph\">{\"@context\":\"https:\/\/schema.org\",\"@graph\":[{\"@type\":\"WebPage\",\"@id\":\"https:\/\/www.noticiasradioreflejos.com.ar\/2021\/contrabando-de-armas-a-bolivia-citan-a-declarar-a-los-gendarmes-que-trasladaron-los-pertrechos\/\",\"url\":\"https:\/\/www.noticiasradioreflejos.com.ar\/2021\/contrabando-de-armas-a-bolivia-citan-a-declarar-a-los-gendarmes-que-trasladaron-los-pertrechos\/\",\"name\":\"Contrabando de armas a Bolivia: Citan a declarar a los gendarmes que trasladaron los pertrechos - Noticias Radio Reflejos\",\"isPartOf\":{\"@id\":\"https:\/\/www.noticiasradioreflejos.com.ar\/2021\/#website\"},\"primaryImageOfPage\":{\"@id\":\"https:\/\/www.noticiasradioreflejos.com.ar\/2021\/contrabando-de-armas-a-bolivia-citan-a-declarar-a-los-gendarmes-que-trasladaron-los-pertrechos\/#primaryimage\"},\"image\":{\"@id\":\"https:\/\/www.noticiasradioreflejos.com.ar\/2021\/contrabando-de-armas-a-bolivia-citan-a-declarar-a-los-gendarmes-que-trasladaron-los-pertrechos\/#primaryimage\"},\"thumbnailUrl\":\"https:\/\/images.pagina12.com.ar\/styles\/focal_3_2_960x640\/public\/2022-05\/531564-whatsapp-20image-202022-05-21-20at-208-38-20-20pm.jpeg?itok=VrX62iBt\",\"datePublished\":\"2022-05-22T10:12:43+00:00\",\"author\":{\"@id\":\"https:\/\/www.noticiasradioreflejos.com.ar\/2021\/#\/schema\/person\/ad82545263dcc5ec0996818884fd5fb1\"},\"breadcrumb\":{\"@id\":\"https:\/\/www.noticiasradioreflejos.com.ar\/2021\/contrabando-de-armas-a-bolivia-citan-a-declarar-a-los-gendarmes-que-trasladaron-los-pertrechos\/#breadcrumb\"},\"inLanguage\":\"es\",\"potentialAction\":[{\"@type\":\"ReadAction\",\"target\":[\"https:\/\/www.noticiasradioreflejos.com.ar\/2021\/contrabando-de-armas-a-bolivia-citan-a-declarar-a-los-gendarmes-que-trasladaron-los-pertrechos\/\"]}]},{\"@type\":\"ImageObject\",\"inLanguage\":\"es\",\"@id\":\"https:\/\/www.noticiasradioreflejos.com.ar\/2021\/contrabando-de-armas-a-bolivia-citan-a-declarar-a-los-gendarmes-que-trasladaron-los-pertrechos\/#primaryimage\",\"url\":\"https:\/\/images.pagina12.com.ar\/styles\/focal_3_2_960x640\/public\/2022-05\/531564-whatsapp-20image-202022-05-21-20at-208-38-20-20pm.jpeg?itok=VrX62iBt\",\"contentUrl\":\"https:\/\/images.pagina12.com.ar\/styles\/focal_3_2_960x640\/public\/2022-05\/531564-whatsapp-20image-202022-05-21-20at-208-38-20-20pm.jpeg?itok=VrX62iBt\"},{\"@type\":\"BreadcrumbList\",\"@id\":\"https:\/\/www.noticiasradioreflejos.com.ar\/2021\/contrabando-de-armas-a-bolivia-citan-a-declarar-a-los-gendarmes-que-trasladaron-los-pertrechos\/#breadcrumb\",\"itemListElement\":[{\"@type\":\"ListItem\",\"position\":1,\"name\":\"Portada\",\"item\":\"https:\/\/www.noticiasradioreflejos.com.ar\/2021\/\"},{\"@type\":\"ListItem\",\"position\":2,\"name\":\"Contrabando de armas a Bolivia: Citan a declarar a los gendarmes que trasladaron los pertrechos\"}]},{\"@type\":\"WebSite\",\"@id\":\"https:\/\/www.noticiasradioreflejos.com.ar\/2021\/#website\",\"url\":\"https:\/\/www.noticiasradioreflejos.com.ar\/2021\/\",\"name\":\"Noticias Radio Reflejos\",\"description\":\"Las noticias de mi comarca\",\"potentialAction\":[{\"@type\":\"SearchAction\",\"target\":{\"@type\":\"EntryPoint\",\"urlTemplate\":\"https:\/\/www.noticiasradioreflejos.com.ar\/2021\/?s={search_term_string}\"},\"query-input\":{\"@type\":\"PropertyValueSpecification\",\"valueRequired\":true,\"valueName\":\"search_term_string\"}}],\"inLanguage\":\"es\"},{\"@type\":\"Person\",\"@id\":\"https:\/\/www.noticiasradioreflejos.com.ar\/2021\/#\/schema\/person\/ad82545263dcc5ec0996818884fd5fb1\",\"name\":\"Arnaldo Botto\",\"image\":{\"@type\":\"ImageObject\",\"inLanguage\":\"es\",\"@id\":\"https:\/\/www.noticiasradioreflejos.com.ar\/2021\/#\/schema\/person\/image\/\",\"url\":\"https:\/\/secure.gravatar.com\/avatar\/55cb5e37c1efa326397366e6974cb338056df65cb50e7d64d1cf314e87504837?s=96&d=mm&r=g\",\"contentUrl\":\"https:\/\/secure.gravatar.com\/avatar\/55cb5e37c1efa326397366e6974cb338056df65cb50e7d64d1cf314e87504837?s=96&d=mm&r=g\",\"caption\":\"Arnaldo Botto\"},\"url\":\"https:\/\/www.noticiasradioreflejos.com.ar\/2021\/author\/arnaldo\/\"}]}<\/script>\n<!-- \/ Yoast SEO plugin. -->","yoast_head_json":{"title":"Contrabando de armas a Bolivia: Citan a declarar a los gendarmes que trasladaron los pertrechos - Noticias Radio Reflejos","robots":{"index":"index","follow":"follow","max-snippet":"max-snippet:-1","max-image-preview":"max-image-preview:large","max-video-preview":"max-video-preview:-1"},"canonical":"https:\/\/www.noticiasradioreflejos.com.ar\/2021\/contrabando-de-armas-a-bolivia-citan-a-declarar-a-los-gendarmes-que-trasladaron-los-pertrechos\/","og_locale":"es_ES","og_type":"article","og_title":"Contrabando de armas a Bolivia: Citan a declarar a los gendarmes que trasladaron los pertrechos - Noticias Radio Reflejos","og_description":"El juez que investiga la colaboraci\u00f3n del gobierno de Macri con el golpe contra Evo Morales buscar reconstruir c\u00f3mo se organiz\u00f3 el traslado desde Buenos Aires.","og_url":"https:\/\/www.noticiasradioreflejos.com.ar\/2021\/contrabando-de-armas-a-bolivia-citan-a-declarar-a-los-gendarmes-que-trasladaron-los-pertrechos\/","og_site_name":"Noticias Radio Reflejos","article_published_time":"2022-05-22T10:12:43+00:00","og_image":[{"url":"https:\/\/images.pagina12.com.ar\/styles\/focal_3_2_960x640\/public\/2022-05\/531564-whatsapp-20image-202022-05-21-20at-208-38-20-20pm.jpeg?itok=VrX62iBt","type":"","width":"","height":""}],"author":"Arnaldo Botto","twitter_card":"summary_large_image","schema":{"@context":"https:\/\/schema.org","@graph":[{"@type":"WebPage","@id":"https:\/\/www.noticiasradioreflejos.com.ar\/2021\/contrabando-de-armas-a-bolivia-citan-a-declarar-a-los-gendarmes-que-trasladaron-los-pertrechos\/","url":"https:\/\/www.noticiasradioreflejos.com.ar\/2021\/contrabando-de-armas-a-bolivia-citan-a-declarar-a-los-gendarmes-que-trasladaron-los-pertrechos\/","name":"Contrabando de armas a Bolivia: Citan a declarar a los gendarmes que trasladaron los pertrechos - Noticias Radio Reflejos","isPartOf":{"@id":"https:\/\/www.noticiasradioreflejos.com.ar\/2021\/#website"},"primaryImageOfPage":{"@id":"https:\/\/www.noticiasradioreflejos.com.ar\/2021\/contrabando-de-armas-a-bolivia-citan-a-declarar-a-los-gendarmes-que-trasladaron-los-pertrechos\/#primaryimage"},"image":{"@id":"https:\/\/www.noticiasradioreflejos.com.ar\/2021\/contrabando-de-armas-a-bolivia-citan-a-declarar-a-los-gendarmes-que-trasladaron-los-pertrechos\/#primaryimage"},"thumbnailUrl":"https:\/\/images.pagina12.com.ar\/styles\/focal_3_2_960x640\/public\/2022-05\/531564-whatsapp-20image-202022-05-21-20at-208-38-20-20pm.jpeg?itok=VrX62iBt","datePublished":"2022-05-22T10:12:43+00:00","author":{"@id":"https:\/\/www.noticiasradioreflejos.com.ar\/2021\/#\/schema\/person\/ad82545263dcc5ec0996818884fd5fb1"},"breadcrumb":{"@id":"https:\/\/www.noticiasradioreflejos.com.ar\/2021\/contrabando-de-armas-a-bolivia-citan-a-declarar-a-los-gendarmes-que-trasladaron-los-pertrechos\/#breadcrumb"},"inLanguage":"es","potentialAction":[{"@type":"ReadAction","target":["https:\/\/www.noticiasradioreflejos.com.ar\/2021\/contrabando-de-armas-a-bolivia-citan-a-declarar-a-los-gendarmes-que-trasladaron-los-pertrechos\/"]}]},{"@type":"ImageObject","inLanguage":"es","@id":"https:\/\/www.noticiasradioreflejos.com.ar\/2021\/contrabando-de-armas-a-bolivia-citan-a-declarar-a-los-gendarmes-que-trasladaron-los-pertrechos\/#primaryimage","url":"https:\/\/images.pagina12.com.ar\/styles\/focal_3_2_960x640\/public\/2022-05\/531564-whatsapp-20image-202022-05-21-20at-208-38-20-20pm.jpeg?itok=VrX62iBt","contentUrl":"https:\/\/images.pagina12.com.ar\/styles\/focal_3_2_960x640\/public\/2022-05\/531564-whatsapp-20image-202022-05-21-20at-208-38-20-20pm.jpeg?itok=VrX62iBt"},{"@type":"BreadcrumbList","@id":"https:\/\/www.noticiasradioreflejos.com.ar\/2021\/contrabando-de-armas-a-bolivia-citan-a-declarar-a-los-gendarmes-que-trasladaron-los-pertrechos\/#breadcrumb","itemListElement":[{"@type":"ListItem","position":1,"name":"Portada","item":"https:\/\/www.noticiasradioreflejos.com.ar\/2021\/"},{"@type":"ListItem","position":2,"name":"Contrabando de armas a Bolivia: Citan a declarar a los gendarmes que trasladaron los pertrechos"}]},{"@type":"WebSite","@id":"https:\/\/www.noticiasradioreflejos.com.ar\/2021\/#website","url":"https:\/\/www.noticiasradioreflejos.com.ar\/2021\/","name":"Noticias Radio Reflejos","description":"Las noticias de mi comarca","potentialAction":[{"@type":"SearchAction","target":{"@type":"EntryPoint","urlTemplate":"https:\/\/www.noticiasradioreflejos.com.ar\/2021\/?s={search_term_string}"},"query-input":{"@type":"PropertyValueSpecification","valueRequired":true,"valueName":"search_term_string"}}],"inLanguage":"es"},{"@type":"Person","@id":"https:\/\/www.noticiasradioreflejos.com.ar\/2021\/#\/schema\/person\/ad82545263dcc5ec0996818884fd5fb1","name":"Arnaldo Botto","image":{"@type":"ImageObject","inLanguage":"es","@id":"https:\/\/www.noticiasradioreflejos.com.ar\/2021\/#\/schema\/person\/image\/","url":"https:\/\/secure.gravatar.com\/avatar\/55cb5e37c1efa326397366e6974cb338056df65cb50e7d64d1cf314e87504837?s=96&d=mm&r=g","contentUrl":"https:\/\/secure.gravatar.com\/avatar\/55cb5e37c1efa326397366e6974cb338056df65cb50e7d64d1cf314e87504837?s=96&d=mm&r=g","caption":"Arnaldo Botto"},"url":"https:\/\/www.noticiasradioreflejos.com.ar\/2021\/author\/arnaldo\/"}]}},"_links":{"self":[{"href":"https:\/\/www.noticiasradioreflejos.com.ar\/2021\/wp-json\/wp\/v2\/posts\/72399","targetHints":{"allow":["GET"]}}],"collection":[{"href":"https:\/\/www.noticiasradioreflejos.com.ar\/2021\/wp-json\/wp\/v2\/posts"}],"about":[{"href":"https:\/\/www.noticiasradioreflejos.com.ar\/2021\/wp-json\/wp\/v2\/types\/post"}],"author":[{"embeddable":true,"href":"https:\/\/www.noticiasradioreflejos.com.ar\/2021\/wp-json\/wp\/v2\/users\/3"}],"replies":[{"embeddable":true,"href":"https:\/\/www.noticiasradioreflejos.com.ar\/2021\/wp-json\/wp\/v2\/comments?post=72399"}],"version-history":[{"count":1,"href":"https:\/\/www.noticiasradioreflejos.com.ar\/2021\/wp-json\/wp\/v2\/posts\/72399\/revisions"}],"predecessor-version":[{"id":72400,"href":"https:\/\/www.noticiasradioreflejos.com.ar\/2021\/wp-json\/wp\/v2\/posts\/72399\/revisions\/72400"}],"wp:attachment":[{"href":"https:\/\/www.noticiasradioreflejos.com.ar\/2021\/wp-json\/wp\/v2\/media?parent=72399"}],"wp:term":[{"taxonomy":"category","embeddable":true,"href":"https:\/\/www.noticiasradioreflejos.com.ar\/2021\/wp-json\/wp\/v2\/categories?post=72399"},{"taxonomy":"post_tag","embeddable":true,"href":"https:\/\/www.noticiasradioreflejos.com.ar\/2021\/wp-json\/wp\/v2\/tags?post=72399"}],"curies":[{"name":"wp","href":"https:\/\/api.w.org\/{rel}","templated":true}]}}