{"id":72396,"date":"2022-05-22T10:09:02","date_gmt":"2022-05-22T10:09:02","guid":{"rendered":"http:\/\/www.noticiasradioreflejos.com.ar\/2021\/?p=72396"},"modified":"2022-05-22T10:09:02","modified_gmt":"2022-05-22T10:09:02","slug":"provincia-de-buenos-aires-vacunacion-libre-del-segundo-refuerzo-para-mayores-de-18-anos","status":"publish","type":"post","link":"https:\/\/www.noticiasradioreflejos.com.ar\/2021\/provincia-de-buenos-aires-vacunacion-libre-del-segundo-refuerzo-para-mayores-de-18-anos\/","title":{"rendered":"Provincia de Buenos Aires: vacunaci\u00f3n libre del segundo refuerzo para mayores de 18 a\u00f1os"},"content":{"rendered":"<p>El gobernador Axel Kicillof anunci\u00f3 que desde este s\u00e1bado se realiza la inmunizaci\u00f3n en todas las postas de vacunaci\u00f3n que fueron emplazadas en los 135 municipios, sin necesidad de contar con un turno y con el \u00fanico requisito de haber cumplido los cuatro meses desde la \u00faltima aplicaci\u00f3n.<!--more--><\/p>\n<div class=\"video_repositive\">\n<div id=\"4IH5oE2dRzc\" class=\"video_telam\">\n<div class=\"feature_article_inner\">\n<div class=\"feature_article_title\">\n<h2 class=\"text-center\">Segundo refuerzo anticovid ser\u00e1 libre en provincia de Buenos Aires para mayores de 18 a\u00f1os<\/h2>\n<p><iframe loading=\"lazy\" title=\"YouTube video player\" src=\"https:\/\/www.youtube.com\/embed\/4IH5oE2dRzc\" width=\"843\" height=\"474\" frameborder=\"0\" allowfullscreen=\"allowfullscreen\"><\/iframe><\/p>\n<p>El gobernador de la provincia de Buenos Aires, Axel Kicillof, anunci\u00f3 el viernes que\u00a0<strong>a partir de este s\u00e1bado hay vacunaci\u00f3n libre y federal con la segunda dosis de refuerzo contra el Covid-19<\/strong>\u00a0para todos los mayores de 18 a\u00f1os que hayan cumplido al menos cuatro meses desde la inoculaci\u00f3n con la primera dosis de refuerzo.<\/p>\n<p>La inmunizaci\u00f3n se realiza en todas las postas de vacunaci\u00f3n que fueron emplazadas en los 135 municipios, sin necesidad de contar con un turno y con el \u00fanico requisito de haber cumplido los 4 meses desde la \u00faltima aplicaci\u00f3n.<\/p>\n<p><strong>Desde la puesta en marcha del programa Buenos Aires Vacunate, cerca de 16 millones de bonaerenses comenzaron sus esquemas de inmunizaci\u00f3n frente al coronavirus<\/strong>, alcanzando una cobertura superior al 94 por ciento de la poblaci\u00f3n.<\/p>\n<p>Asimismo, alrededor de 14,5 millones recibieron la segunda dosis y m\u00e1s de 8,9 millones se aplicaron un componente de refuerzo.<\/p>\n<p>El Gobernador hizo el anuncio en su visita a un vacunatorio del municipio de Escobar, junto al ministro de Salud, Nicol\u00e1s Kreplak, y el intendente local, Carlos Ramil.<\/p>\n<div class=\"tags mt-4\">\n<p>&nbsp;<\/p>\n<\/div>\n<\/div>\n<\/div>\n<\/div>\n<\/div>\n","protected":false},"excerpt":{"rendered":"<p>El gobernador Axel Kicillof anunci\u00f3 que desde este s\u00e1bado se realiza la inmunizaci\u00f3n en todas las postas de vacunaci\u00f3n que fueron emplazadas en los 135 municipios, sin necesidad de contar con un turno y con el \u00fanico requisito de haber cumplido los cuatro meses desde la \u00faltima aplicaci\u00f3n.<\/p>\n","protected":false},"author":3,"featured_media":0,"comment_status":"closed","ping_status":"closed","sticky":false,"template":"","format":"standard","meta":{"footnotes":""},"categories":[24,30],"tags":[],"class_list":["post-72396","post","type-post","status-publish","format-standard","hentry","category-politica","category-salud"],"yoast_head":"<!-- This site is optimized with the Yoast SEO plugin v25.9 - https:\/\/yoast.com\/wordpress\/plugins\/seo\/ -->\n<title>Provincia de Buenos Aires: vacunaci\u00f3n libre del segundo refuerzo para mayores de 18 a\u00f1os - Noticias Radio Reflejos<\/title>\n<meta name=\"robots\" content=\"index, follow, max-snippet:-1, max-image-preview:large, max-video-preview:-1\" \/>\n<link rel=\"canonical\" href=\"https:\/\/www.noticiasradioreflejos.com.ar\/2021\/provincia-de-buenos-aires-vacunacion-libre-del-segundo-refuerzo-para-mayores-de-18-anos\/\" \/>\n<meta property=\"og:locale\" content=\"es_ES\" \/>\n<meta property=\"og:type\" content=\"article\" \/>\n<meta property=\"og:title\" content=\"Provincia de Buenos Aires: vacunaci\u00f3n libre del segundo refuerzo para mayores de 18 a\u00f1os - Noticias Radio Reflejos\" \/>\n<meta property=\"og:description\" content=\"El gobernador Axel Kicillof anunci\u00f3 que desde este s\u00e1bado se realiza la inmunizaci\u00f3n en todas las postas de vacunaci\u00f3n que fueron emplazadas en los 135 municipios, sin necesidad de contar con un turno y con el \u00fanico requisito de haber cumplido los cuatro meses desde la \u00faltima aplicaci\u00f3n.\" \/>\n<meta property=\"og:url\" content=\"https:\/\/www.noticiasradioreflejos.com.ar\/2021\/provincia-de-buenos-aires-vacunacion-libre-del-segundo-refuerzo-para-mayores-de-18-anos\/\" \/>\n<meta property=\"og:site_name\" content=\"Noticias Radio Reflejos\" \/>\n<meta property=\"article:published_time\" content=\"2022-05-22T10:09:02+00:00\" \/>\n<meta property=\"og:image\" content=\"https:\/\/www.noticiasradioreflejos.com.ar\/2021\/wp-content\/uploads\/2021\/07\/logosol300x200.png\" \/>\n\t<meta property=\"og:image:width\" content=\"300\" \/>\n\t<meta property=\"og:image:height\" content=\"200\" \/>\n\t<meta property=\"og:image:type\" content=\"image\/png\" \/>\n<meta name=\"author\" content=\"Arnaldo Botto\" \/>\n<meta name=\"twitter:card\" content=\"summary_large_image\" \/>\n<script type=\"application\/ld+json\" class=\"yoast-schema-graph\">{\"@context\":\"https:\/\/schema.org\",\"@graph\":[{\"@type\":\"WebPage\",\"@id\":\"https:\/\/www.noticiasradioreflejos.com.ar\/2021\/provincia-de-buenos-aires-vacunacion-libre-del-segundo-refuerzo-para-mayores-de-18-anos\/\",\"url\":\"https:\/\/www.noticiasradioreflejos.com.ar\/2021\/provincia-de-buenos-aires-vacunacion-libre-del-segundo-refuerzo-para-mayores-de-18-anos\/\",\"name\":\"Provincia de Buenos Aires: vacunaci\u00f3n libre del segundo refuerzo para mayores de 18 a\u00f1os - Noticias Radio Reflejos\",\"isPartOf\":{\"@id\":\"https:\/\/www.noticiasradioreflejos.com.ar\/2021\/#website\"},\"datePublished\":\"2022-05-22T10:09:02+00:00\",\"author\":{\"@id\":\"https:\/\/www.noticiasradioreflejos.com.ar\/2021\/#\/schema\/person\/ad82545263dcc5ec0996818884fd5fb1\"},\"breadcrumb\":{\"@id\":\"https:\/\/www.noticiasradioreflejos.com.ar\/2021\/provincia-de-buenos-aires-vacunacion-libre-del-segundo-refuerzo-para-mayores-de-18-anos\/#breadcrumb\"},\"inLanguage\":\"es\",\"potentialAction\":[{\"@type\":\"ReadAction\",\"target\":[\"https:\/\/www.noticiasradioreflejos.com.ar\/2021\/provincia-de-buenos-aires-vacunacion-libre-del-segundo-refuerzo-para-mayores-de-18-anos\/\"]}]},{\"@type\":\"BreadcrumbList\",\"@id\":\"https:\/\/www.noticiasradioreflejos.com.ar\/2021\/provincia-de-buenos-aires-vacunacion-libre-del-segundo-refuerzo-para-mayores-de-18-anos\/#breadcrumb\",\"itemListElement\":[{\"@type\":\"ListItem\",\"position\":1,\"name\":\"Portada\",\"item\":\"https:\/\/www.noticiasradioreflejos.com.ar\/2021\/\"},{\"@type\":\"ListItem\",\"position\":2,\"name\":\"Provincia de Buenos Aires: vacunaci\u00f3n libre del segundo refuerzo para mayores de 18 a\u00f1os\"}]},{\"@type\":\"WebSite\",\"@id\":\"https:\/\/www.noticiasradioreflejos.com.ar\/2021\/#website\",\"url\":\"https:\/\/www.noticiasradioreflejos.com.ar\/2021\/\",\"name\":\"Noticias Radio Reflejos\",\"description\":\"Las noticias de mi comarca\",\"potentialAction\":[{\"@type\":\"SearchAction\",\"target\":{\"@type\":\"EntryPoint\",\"urlTemplate\":\"https:\/\/www.noticiasradioreflejos.com.ar\/2021\/?s={search_term_string}\"},\"query-input\":{\"@type\":\"PropertyValueSpecification\",\"valueRequired\":true,\"valueName\":\"search_term_string\"}}],\"inLanguage\":\"es\"},{\"@type\":\"Person\",\"@id\":\"https:\/\/www.noticiasradioreflejos.com.ar\/2021\/#\/schema\/person\/ad82545263dcc5ec0996818884fd5fb1\",\"name\":\"Arnaldo Botto\",\"image\":{\"@type\":\"ImageObject\",\"inLanguage\":\"es\",\"@id\":\"https:\/\/www.noticiasradioreflejos.com.ar\/2021\/#\/schema\/person\/image\/\",\"url\":\"https:\/\/secure.gravatar.com\/avatar\/55cb5e37c1efa326397366e6974cb338056df65cb50e7d64d1cf314e87504837?s=96&d=mm&r=g\",\"contentUrl\":\"https:\/\/secure.gravatar.com\/avatar\/55cb5e37c1efa326397366e6974cb338056df65cb50e7d64d1cf314e87504837?s=96&d=mm&r=g\",\"caption\":\"Arnaldo Botto\"},\"url\":\"https:\/\/www.noticiasradioreflejos.com.ar\/2021\/author\/arnaldo\/\"}]}<\/script>\n<!-- \/ Yoast SEO plugin. -->","yoast_head_json":{"title":"Provincia de Buenos Aires: vacunaci\u00f3n libre del segundo refuerzo para mayores de 18 a\u00f1os - Noticias Radio Reflejos","robots":{"index":"index","follow":"follow","max-snippet":"max-snippet:-1","max-image-preview":"max-image-preview:large","max-video-preview":"max-video-preview:-1"},"canonical":"https:\/\/www.noticiasradioreflejos.com.ar\/2021\/provincia-de-buenos-aires-vacunacion-libre-del-segundo-refuerzo-para-mayores-de-18-anos\/","og_locale":"es_ES","og_type":"article","og_title":"Provincia de Buenos Aires: vacunaci\u00f3n libre del segundo refuerzo para mayores de 18 a\u00f1os - Noticias Radio Reflejos","og_description":"El gobernador Axel Kicillof anunci\u00f3 que desde este s\u00e1bado se realiza la inmunizaci\u00f3n en todas las postas de vacunaci\u00f3n que fueron emplazadas en los 135 municipios, sin necesidad de contar con un turno y con el \u00fanico requisito de haber cumplido los cuatro meses desde la \u00faltima aplicaci\u00f3n.","og_url":"https:\/\/www.noticiasradioreflejos.com.ar\/2021\/provincia-de-buenos-aires-vacunacion-libre-del-segundo-refuerzo-para-mayores-de-18-anos\/","og_site_name":"Noticias Radio Reflejos","article_published_time":"2022-05-22T10:09:02+00:00","og_image":[{"width":300,"height":200,"url":"https:\/\/www.noticiasradioreflejos.com.ar\/2021\/wp-content\/uploads\/2021\/07\/logosol300x200.png","type":"image\/png"}],"author":"Arnaldo Botto","twitter_card":"summary_large_image","schema":{"@context":"https:\/\/schema.org","@graph":[{"@type":"WebPage","@id":"https:\/\/www.noticiasradioreflejos.com.ar\/2021\/provincia-de-buenos-aires-vacunacion-libre-del-segundo-refuerzo-para-mayores-de-18-anos\/","url":"https:\/\/www.noticiasradioreflejos.com.ar\/2021\/provincia-de-buenos-aires-vacunacion-libre-del-segundo-refuerzo-para-mayores-de-18-anos\/","name":"Provincia de Buenos Aires: vacunaci\u00f3n libre del segundo refuerzo para mayores de 18 a\u00f1os - Noticias Radio Reflejos","isPartOf":{"@id":"https:\/\/www.noticiasradioreflejos.com.ar\/2021\/#website"},"datePublished":"2022-05-22T10:09:02+00:00","author":{"@id":"https:\/\/www.noticiasradioreflejos.com.ar\/2021\/#\/schema\/person\/ad82545263dcc5ec0996818884fd5fb1"},"breadcrumb":{"@id":"https:\/\/www.noticiasradioreflejos.com.ar\/2021\/provincia-de-buenos-aires-vacunacion-libre-del-segundo-refuerzo-para-mayores-de-18-anos\/#breadcrumb"},"inLanguage":"es","potentialAction":[{"@type":"ReadAction","target":["https:\/\/www.noticiasradioreflejos.com.ar\/2021\/provincia-de-buenos-aires-vacunacion-libre-del-segundo-refuerzo-para-mayores-de-18-anos\/"]}]},{"@type":"BreadcrumbList","@id":"https:\/\/www.noticiasradioreflejos.com.ar\/2021\/provincia-de-buenos-aires-vacunacion-libre-del-segundo-refuerzo-para-mayores-de-18-anos\/#breadcrumb","itemListElement":[{"@type":"ListItem","position":1,"name":"Portada","item":"https:\/\/www.noticiasradioreflejos.com.ar\/2021\/"},{"@type":"ListItem","position":2,"name":"Provincia de Buenos Aires: vacunaci\u00f3n libre del segundo refuerzo para mayores de 18 a\u00f1os"}]},{"@type":"WebSite","@id":"https:\/\/www.noticiasradioreflejos.com.ar\/2021\/#website","url":"https:\/\/www.noticiasradioreflejos.com.ar\/2021\/","name":"Noticias Radio Reflejos","description":"Las noticias de mi comarca","potentialAction":[{"@type":"SearchAction","target":{"@type":"EntryPoint","urlTemplate":"https:\/\/www.noticiasradioreflejos.com.ar\/2021\/?s={search_term_string}"},"query-input":{"@type":"PropertyValueSpecification","valueRequired":true,"valueName":"search_term_string"}}],"inLanguage":"es"},{"@type":"Person","@id":"https:\/\/www.noticiasradioreflejos.com.ar\/2021\/#\/schema\/person\/ad82545263dcc5ec0996818884fd5fb1","name":"Arnaldo Botto","image":{"@type":"ImageObject","inLanguage":"es","@id":"https:\/\/www.noticiasradioreflejos.com.ar\/2021\/#\/schema\/person\/image\/","url":"https:\/\/secure.gravatar.com\/avatar\/55cb5e37c1efa326397366e6974cb338056df65cb50e7d64d1cf314e87504837?s=96&d=mm&r=g","contentUrl":"https:\/\/secure.gravatar.com\/avatar\/55cb5e37c1efa326397366e6974cb338056df65cb50e7d64d1cf314e87504837?s=96&d=mm&r=g","caption":"Arnaldo Botto"},"url":"https:\/\/www.noticiasradioreflejos.com.ar\/2021\/author\/arnaldo\/"}]}},"_links":{"self":[{"href":"https:\/\/www.noticiasradioreflejos.com.ar\/2021\/wp-json\/wp\/v2\/posts\/72396","targetHints":{"allow":["GET"]}}],"collection":[{"href":"https:\/\/www.noticiasradioreflejos.com.ar\/2021\/wp-json\/wp\/v2\/posts"}],"about":[{"href":"https:\/\/www.noticiasradioreflejos.com.ar\/2021\/wp-json\/wp\/v2\/types\/post"}],"author":[{"embeddable":true,"href":"https:\/\/www.noticiasradioreflejos.com.ar\/2021\/wp-json\/wp\/v2\/users\/3"}],"replies":[{"embeddable":true,"href":"https:\/\/www.noticiasradioreflejos.com.ar\/2021\/wp-json\/wp\/v2\/comments?post=72396"}],"version-history":[{"count":1,"href":"https:\/\/www.noticiasradioreflejos.com.ar\/2021\/wp-json\/wp\/v2\/posts\/72396\/revisions"}],"predecessor-version":[{"id":72398,"href":"https:\/\/www.noticiasradioreflejos.com.ar\/2021\/wp-json\/wp\/v2\/posts\/72396\/revisions\/72398"}],"wp:attachment":[{"href":"https:\/\/www.noticiasradioreflejos.com.ar\/2021\/wp-json\/wp\/v2\/media?parent=72396"}],"wp:term":[{"taxonomy":"category","embeddable":true,"href":"https:\/\/www.noticiasradioreflejos.com.ar\/2021\/wp-json\/wp\/v2\/categories?post=72396"},{"taxonomy":"post_tag","embeddable":true,"href":"https:\/\/www.noticiasradioreflejos.com.ar\/2021\/wp-json\/wp\/v2\/tags?post=72396"}],"curies":[{"name":"wp","href":"https:\/\/api.w.org\/{rel}","templated":true}]}}