{"id":72393,"date":"2022-05-22T09:59:21","date_gmt":"2022-05-22T09:59:21","guid":{"rendered":"http:\/\/www.noticiasradioreflejos.com.ar\/2021\/?p=72393"},"modified":"2022-05-22T09:59:21","modified_gmt":"2022-05-22T09:59:21","slug":"caso-katherine-moscoso-denuncian-un-encubrimiento-policial-y-judicial-del-caso","status":"publish","type":"post","link":"https:\/\/www.noticiasradioreflejos.com.ar\/2021\/caso-katherine-moscoso-denuncian-un-encubrimiento-policial-y-judicial-del-caso\/","title":{"rendered":"Caso Katherine Moscoso: denuncian un encubrimiento policial y judicial del caso"},"content":{"rendered":"<p>\u00abSon siete a\u00f1os de padecimiento, de impunidad. Vivimos sin justicia\u00bb. La frase, con dolor, fue pronunciada en una entrevista con T\u00e9lam por Ezequiel Moscoso, t\u00edo de la v\u00edctima.<br \/>\n<!--more--><\/p>\n<div class=\"wrapper-editable-content\">\n<div class=\"wrapper-info-note\">\n<div class=\"col-md-12\">\n<div class=\"wrapper-author-social\">\n<div class=\"author-box mb-4\">\n<div class=\"info\">\n<div class=\"time\"><\/div>\n<\/div>\n<\/div>\n<\/div>\n<\/div>\n<\/div>\n<div>\n<div class=\"wrapper-editable-content\">\n<div>\n<div class=\"container-md\">\n<div class=\"row\">\n<div class=\"col-md-12 speak\">\n<div class=\"paragraph\">\n<figure class=\"mb-3\"><img decoding=\"async\" src=\"https:\/\/www.telam.com.ar\/thumbs\/bluesteel\/advf\/imagenes\/2015\/06\/558bd4c793504_900.jpg\" alt=\"El cuerpo de Katherine Moscoso apareci enterrado en un mdano del balneario bonaerense de Monte Hermoso\" width=\"100%\" height=\"100%\" \/><\/p>\n<div class=\"media-icons\"><\/div><figcaption>El cuerpo de Katherine Moscoso apareci\u00f3 enterrado en un m\u00e9dano del balneario bonaerense de Monte Hermoso.<\/figcaption><\/figure>\n<p>A\u00a0<strong>siete a\u00f1os del crimen de Katherine Moscoso, cuyo cuerpo apareci\u00f3 enterrado en un m\u00e9dano del balneario bonaerense de Monte Hermoso<\/strong>\u00a0y gener\u00f3 una\u00a0<strong>pueblada en la cual un grupo de vecinos mat\u00f3 a un hombre\u00a0<\/strong>al que supon\u00edan sospechoso, la familia reiter\u00f3 \u00abel pedido de justicia\u00bb y reclam\u00f3 que se investigue por el crimen a \u00abpersonas vinculadas con el poder\u00bb.<\/p>\n<p>\u00abSon siete a\u00f1os de padecimiento, de impunidad. Vivimos sin justicia\u00bb. La frase, con dolor, fue pronunciada en una<strong>\u00a0entrevista con T\u00e9lam por Ezequiel Moscoso<\/strong>, t\u00edo de la v\u00edctima, quien cuestion\u00f3 a la justicia de Bah\u00eda Blanca por la lentitud en la investigaci\u00f3n del caso y, con la mira en la Polic\u00eda bonaerense y el poder pol\u00edtico, reafirm\u00f3 su reclamo para que se esclarezca el crimen.<\/p>\n<p>Por eso, familiares y amigos se reunieron esta tarde en la plaza del barrio Fonavi de dicha localidad, ubicada a 120 kil\u00f3metros al noreste de Bah\u00eda Blanca, en el sur de la provincia de Buenos Aires, para recordar a la v\u00edctima de 19 a\u00f1os.<\/p>\n<p>En el acto, del que participaron m\u00e1s de cien personas, cantaron distintos artistas de la zona y luego tom\u00f3 la palabra el<strong>\u00a0abogado de la familia de Katherine, Leandro Aparicio<\/strong>.<\/p>\n<p>Aparicio es el mismo letrado que representa a la madre de Facundo Astudillo Castro, el joven que desapareci\u00f3 apenas comenz\u00f3 la pandemia por el coronavirus, en abril del 2020 y su cad\u00e1ver fue hallado en agosto de ese a\u00f1o en un cangrejal de General Cerri.<\/p>\n<p>\u00ab<strong>Hay pruebas ineludibles que apuntan contra funcionarios por encubrimiento<\/strong>\u00ab, dijo el abogado, quien agreg\u00f3 que, a partir de distintas declaraciones que se incorporaron a fines del a\u00f1o pasado, \u00abla hip\u00f3tesis de la familia es que Katherine fue asesinada por personas vinculadas al poder\u00bb.<\/p>\n<p>\u00abEsto fue hecho por personas que consiguieron impunidad\u00bb, asegur\u00f3 Aparicio, para quien el crimen Moscoso \u00abes una muestra de c\u00f3mo se maneja la ciudad narco que es Monte Hermoso y qu\u00e9 pasa cuando tienen conexiones con el poder provincial\u00bb.<\/p>\n<p><strong>Cristina Castro, la madre de Astudillo, hizo llegar a los familiares de Katherine un video de apoyo<\/strong>\u00a0y solidaridad en el que asegur\u00f3 que quiere \u00abelevar el grito de justicia por Kathy\u00bb.<\/p>\n<p>\u00abLo de Kathy no fue un simple homicidio, fue un femicidio, un ataque feroz sobre una persona inocente, c\u00e1lida y dulce. Que la lucha de Kathy y su luz no se apaguen nunca, Justicia por Kathy y todos los pibes\u00bb, finaliz\u00f3.<\/p>\n<h2 class=\"\">La causa<\/h2>\n<p>Est\u00e1 actualmente a cargo del\u00a0<strong>fiscal Luis Humberto Piotti, titular de la Unidad Funcional de Instrucci\u00f3n (UFI)\u00a0<\/strong>3 de Tandil, del Departamento Judicial de Azul, luego de un pedido de la querella para que sea apartada la fiscal\u00eda de Bah\u00eda Blanca que instruy\u00f3 el caso desde el inicio.<\/p>\n<p>Es que para el abogado Aparicio, existi\u00f3 un fuerte encubrimiento judicial y policial en el asesinato de la joven, especialmente durante la pueblada originada tras el hallazgo del cad\u00e1ver.<\/p>\n<p>De acuerdo a lo que consta en el expediente,\u00a0<strong>Katherine desapareci\u00f3 el 16 de mayo de 2015 y siete d\u00edas despu\u00e9s su cuerpo fue hallado enterrado en un m\u00e9dano<\/strong>.<\/p>\n<p>La autopsia determin\u00f3 que la joven muri\u00f3 por asfixia por sepultamiento, es decir, que estaba con vida al momento en que la enterraron.<\/p>\n<p>Por el homicidio, la polic\u00eda detuvo a una amiga de la v\u00edctima, llamada Daiana S\u00e1nchez, ante la sospecha de que la hab\u00eda atacado a golpes por celos, aunque luego fue beneficiada con una excarcelaci\u00f3n extraordinaria por un magistrado bahiense, debido a que presenta \u00abuna discapacidad intelectual de grado leve\/moderado\u00bb.<\/p>\n<p>Los investigadores determinaron que Katherine y Daiana eran amigas, ambas ten\u00edan un retraso madurativo y se hab\u00edan conocido en la Escuela Especial 501, donde realizaron distintos talleres.<\/p>\n<p><strong>A ra\u00edz del crimen hubo una pueblada en Monte Hermoso durante la cual fue asesinado a golpes Juan Carlos \u00abCanini\u00bb Gonz\u00e1lez<\/strong>\u00a0(70), un vecino al que se crey\u00f3 sospechoso porque en su casa viv\u00eda Daiana y supon\u00edan que hab\u00eda ayudado a la chica a concretar el crimen.<\/p>\n<p>Durante la protesta los vecinos atacaron a pedradas y prendieron fuego distintos edificios, entre ellos la comisar\u00eda local, la casa del secretario de Seguridad local y la sede municipal.<\/p>\n<p>Para Aparicio, esos incendios est\u00e1n vinculados al entramado de encubrimiento: \u00abPor un lado, el incendio de la comisar\u00eda donde se quem\u00f3 una camioneta en la cual se hab\u00eda encontrado ADN de Katherine y, por otro, el incendio de la casa del secretario de Seguridad local donde se encontraba el centro de monitoreo de las c\u00e1maras de seguridad de la zona\u00bb, dijo.<\/p>\n<p>Mientras tanto, por el<strong>\u00a0crimen ocurrido durante la pueblada, un Tribunal Oral en lo Criminal de Bah\u00eda Blanca conden\u00f3 a ocho vecinos del balneario\u00a0<\/strong>a la pena de cinco a\u00f1os de prisi\u00f3n por el delito de \u00abhomicidio en agresi\u00f3n\u00bb durante un juicio oral y p\u00fablico llevado a cabo el 29 de mayo del 2017.<\/p>\n<p><strong>Aparicio explic\u00f3 a T\u00e9lam que en el expediente hay constancias de que al menos 18 testigos fueron amenazados<\/strong>, entre ellos agentes del centro de monitoreo.<\/p>\n<p>\u00abExisten testigos que vieron a la v\u00edctima momentos antes de su desaparici\u00f3n junto a las personas sindicadas como las principales sospechosas. Algunos dieron los nombres, pero la realidad es que tienen mucho temor\u00bb, concluy\u00f3.<\/p>\n<\/div>\n<\/div>\n<\/div>\n<\/div>\n<\/div>\n<\/div>\n<\/div>\n<\/div>\n<div><\/div>\n<div><\/div>\n<div>\n<div class=\"name\"><span style=\"color: #000080;\"><strong>POR MAURO RAMOS para TELAM<\/strong><\/span><\/div>\n<div class=\"time\"><\/div>\n<\/div>\n","protected":false},"excerpt":{"rendered":"<p>\u00abSon siete a\u00f1os de padecimiento, de impunidad. Vivimos sin justicia\u00bb. La frase, con dolor, fue pronunciada en una entrevista con T\u00e9lam por Ezequiel Moscoso, t\u00edo de la v\u00edctima.<\/p>\n","protected":false},"author":3,"featured_media":0,"comment_status":"closed","ping_status":"closed","sticky":false,"template":"","format":"standard","meta":{"footnotes":""},"categories":[57,29],"tags":[],"class_list":["post-72393","post","type-post","status-publish","format-standard","hentry","category-judiciales","category-policiales"],"yoast_head":"<!-- This site is optimized with the Yoast SEO plugin v25.9 - https:\/\/yoast.com\/wordpress\/plugins\/seo\/ -->\n<title>Caso Katherine Moscoso: denuncian un encubrimiento policial y judicial del caso - Noticias Radio Reflejos<\/title>\n<meta name=\"robots\" content=\"index, follow, max-snippet:-1, max-image-preview:large, max-video-preview:-1\" \/>\n<link rel=\"canonical\" href=\"https:\/\/www.noticiasradioreflejos.com.ar\/2021\/caso-katherine-moscoso-denuncian-un-encubrimiento-policial-y-judicial-del-caso\/\" \/>\n<meta property=\"og:locale\" content=\"es_ES\" \/>\n<meta property=\"og:type\" content=\"article\" \/>\n<meta property=\"og:title\" content=\"Caso Katherine Moscoso: denuncian un encubrimiento policial y judicial del caso - Noticias Radio Reflejos\" \/>\n<meta property=\"og:description\" content=\"\u00abSon siete a\u00f1os de padecimiento, de impunidad. Vivimos sin justicia\u00bb. La frase, con dolor, fue pronunciada en una entrevista con T\u00e9lam por Ezequiel Moscoso, t\u00edo de la v\u00edctima.\" \/>\n<meta property=\"og:url\" content=\"https:\/\/www.noticiasradioreflejos.com.ar\/2021\/caso-katherine-moscoso-denuncian-un-encubrimiento-policial-y-judicial-del-caso\/\" \/>\n<meta property=\"og:site_name\" content=\"Noticias Radio Reflejos\" \/>\n<meta property=\"article:published_time\" content=\"2022-05-22T09:59:21+00:00\" \/>\n<meta property=\"og:image\" content=\"https:\/\/www.telam.com.ar\/thumbs\/bluesteel\/advf\/imagenes\/2015\/06\/558bd4c793504_900.jpg\" \/>\n<meta name=\"author\" content=\"Arnaldo Botto\" \/>\n<meta name=\"twitter:card\" content=\"summary_large_image\" \/>\n<script type=\"application\/ld+json\" class=\"yoast-schema-graph\">{\"@context\":\"https:\/\/schema.org\",\"@graph\":[{\"@type\":\"WebPage\",\"@id\":\"https:\/\/www.noticiasradioreflejos.com.ar\/2021\/caso-katherine-moscoso-denuncian-un-encubrimiento-policial-y-judicial-del-caso\/\",\"url\":\"https:\/\/www.noticiasradioreflejos.com.ar\/2021\/caso-katherine-moscoso-denuncian-un-encubrimiento-policial-y-judicial-del-caso\/\",\"name\":\"Caso Katherine Moscoso: denuncian un encubrimiento policial y judicial del caso - Noticias Radio Reflejos\",\"isPartOf\":{\"@id\":\"https:\/\/www.noticiasradioreflejos.com.ar\/2021\/#website\"},\"primaryImageOfPage\":{\"@id\":\"https:\/\/www.noticiasradioreflejos.com.ar\/2021\/caso-katherine-moscoso-denuncian-un-encubrimiento-policial-y-judicial-del-caso\/#primaryimage\"},\"image\":{\"@id\":\"https:\/\/www.noticiasradioreflejos.com.ar\/2021\/caso-katherine-moscoso-denuncian-un-encubrimiento-policial-y-judicial-del-caso\/#primaryimage\"},\"thumbnailUrl\":\"https:\/\/www.telam.com.ar\/thumbs\/bluesteel\/advf\/imagenes\/2015\/06\/558bd4c793504_900.jpg\",\"datePublished\":\"2022-05-22T09:59:21+00:00\",\"author\":{\"@id\":\"https:\/\/www.noticiasradioreflejos.com.ar\/2021\/#\/schema\/person\/ad82545263dcc5ec0996818884fd5fb1\"},\"breadcrumb\":{\"@id\":\"https:\/\/www.noticiasradioreflejos.com.ar\/2021\/caso-katherine-moscoso-denuncian-un-encubrimiento-policial-y-judicial-del-caso\/#breadcrumb\"},\"inLanguage\":\"es\",\"potentialAction\":[{\"@type\":\"ReadAction\",\"target\":[\"https:\/\/www.noticiasradioreflejos.com.ar\/2021\/caso-katherine-moscoso-denuncian-un-encubrimiento-policial-y-judicial-del-caso\/\"]}]},{\"@type\":\"ImageObject\",\"inLanguage\":\"es\",\"@id\":\"https:\/\/www.noticiasradioreflejos.com.ar\/2021\/caso-katherine-moscoso-denuncian-un-encubrimiento-policial-y-judicial-del-caso\/#primaryimage\",\"url\":\"https:\/\/www.telam.com.ar\/thumbs\/bluesteel\/advf\/imagenes\/2015\/06\/558bd4c793504_900.jpg\",\"contentUrl\":\"https:\/\/www.telam.com.ar\/thumbs\/bluesteel\/advf\/imagenes\/2015\/06\/558bd4c793504_900.jpg\"},{\"@type\":\"BreadcrumbList\",\"@id\":\"https:\/\/www.noticiasradioreflejos.com.ar\/2021\/caso-katherine-moscoso-denuncian-un-encubrimiento-policial-y-judicial-del-caso\/#breadcrumb\",\"itemListElement\":[{\"@type\":\"ListItem\",\"position\":1,\"name\":\"Portada\",\"item\":\"https:\/\/www.noticiasradioreflejos.com.ar\/2021\/\"},{\"@type\":\"ListItem\",\"position\":2,\"name\":\"Caso Katherine Moscoso: denuncian un encubrimiento policial y judicial del caso\"}]},{\"@type\":\"WebSite\",\"@id\":\"https:\/\/www.noticiasradioreflejos.com.ar\/2021\/#website\",\"url\":\"https:\/\/www.noticiasradioreflejos.com.ar\/2021\/\",\"name\":\"Noticias Radio Reflejos\",\"description\":\"Las noticias de mi comarca\",\"potentialAction\":[{\"@type\":\"SearchAction\",\"target\":{\"@type\":\"EntryPoint\",\"urlTemplate\":\"https:\/\/www.noticiasradioreflejos.com.ar\/2021\/?s={search_term_string}\"},\"query-input\":{\"@type\":\"PropertyValueSpecification\",\"valueRequired\":true,\"valueName\":\"search_term_string\"}}],\"inLanguage\":\"es\"},{\"@type\":\"Person\",\"@id\":\"https:\/\/www.noticiasradioreflejos.com.ar\/2021\/#\/schema\/person\/ad82545263dcc5ec0996818884fd5fb1\",\"name\":\"Arnaldo Botto\",\"image\":{\"@type\":\"ImageObject\",\"inLanguage\":\"es\",\"@id\":\"https:\/\/www.noticiasradioreflejos.com.ar\/2021\/#\/schema\/person\/image\/\",\"url\":\"https:\/\/secure.gravatar.com\/avatar\/55cb5e37c1efa326397366e6974cb338056df65cb50e7d64d1cf314e87504837?s=96&d=mm&r=g\",\"contentUrl\":\"https:\/\/secure.gravatar.com\/avatar\/55cb5e37c1efa326397366e6974cb338056df65cb50e7d64d1cf314e87504837?s=96&d=mm&r=g\",\"caption\":\"Arnaldo Botto\"},\"url\":\"https:\/\/www.noticiasradioreflejos.com.ar\/2021\/author\/arnaldo\/\"}]}<\/script>\n<!-- \/ Yoast SEO plugin. -->","yoast_head_json":{"title":"Caso Katherine Moscoso: denuncian un encubrimiento policial y judicial del caso - Noticias Radio Reflejos","robots":{"index":"index","follow":"follow","max-snippet":"max-snippet:-1","max-image-preview":"max-image-preview:large","max-video-preview":"max-video-preview:-1"},"canonical":"https:\/\/www.noticiasradioreflejos.com.ar\/2021\/caso-katherine-moscoso-denuncian-un-encubrimiento-policial-y-judicial-del-caso\/","og_locale":"es_ES","og_type":"article","og_title":"Caso Katherine Moscoso: denuncian un encubrimiento policial y judicial del caso - Noticias Radio Reflejos","og_description":"\u00abSon siete a\u00f1os de padecimiento, de impunidad. Vivimos sin justicia\u00bb. La frase, con dolor, fue pronunciada en una entrevista con T\u00e9lam por Ezequiel Moscoso, t\u00edo de la v\u00edctima.","og_url":"https:\/\/www.noticiasradioreflejos.com.ar\/2021\/caso-katherine-moscoso-denuncian-un-encubrimiento-policial-y-judicial-del-caso\/","og_site_name":"Noticias Radio Reflejos","article_published_time":"2022-05-22T09:59:21+00:00","og_image":[{"url":"https:\/\/www.telam.com.ar\/thumbs\/bluesteel\/advf\/imagenes\/2015\/06\/558bd4c793504_900.jpg","type":"","width":"","height":""}],"author":"Arnaldo Botto","twitter_card":"summary_large_image","schema":{"@context":"https:\/\/schema.org","@graph":[{"@type":"WebPage","@id":"https:\/\/www.noticiasradioreflejos.com.ar\/2021\/caso-katherine-moscoso-denuncian-un-encubrimiento-policial-y-judicial-del-caso\/","url":"https:\/\/www.noticiasradioreflejos.com.ar\/2021\/caso-katherine-moscoso-denuncian-un-encubrimiento-policial-y-judicial-del-caso\/","name":"Caso Katherine Moscoso: denuncian un encubrimiento policial y judicial del caso - Noticias Radio Reflejos","isPartOf":{"@id":"https:\/\/www.noticiasradioreflejos.com.ar\/2021\/#website"},"primaryImageOfPage":{"@id":"https:\/\/www.noticiasradioreflejos.com.ar\/2021\/caso-katherine-moscoso-denuncian-un-encubrimiento-policial-y-judicial-del-caso\/#primaryimage"},"image":{"@id":"https:\/\/www.noticiasradioreflejos.com.ar\/2021\/caso-katherine-moscoso-denuncian-un-encubrimiento-policial-y-judicial-del-caso\/#primaryimage"},"thumbnailUrl":"https:\/\/www.telam.com.ar\/thumbs\/bluesteel\/advf\/imagenes\/2015\/06\/558bd4c793504_900.jpg","datePublished":"2022-05-22T09:59:21+00:00","author":{"@id":"https:\/\/www.noticiasradioreflejos.com.ar\/2021\/#\/schema\/person\/ad82545263dcc5ec0996818884fd5fb1"},"breadcrumb":{"@id":"https:\/\/www.noticiasradioreflejos.com.ar\/2021\/caso-katherine-moscoso-denuncian-un-encubrimiento-policial-y-judicial-del-caso\/#breadcrumb"},"inLanguage":"es","potentialAction":[{"@type":"ReadAction","target":["https:\/\/www.noticiasradioreflejos.com.ar\/2021\/caso-katherine-moscoso-denuncian-un-encubrimiento-policial-y-judicial-del-caso\/"]}]},{"@type":"ImageObject","inLanguage":"es","@id":"https:\/\/www.noticiasradioreflejos.com.ar\/2021\/caso-katherine-moscoso-denuncian-un-encubrimiento-policial-y-judicial-del-caso\/#primaryimage","url":"https:\/\/www.telam.com.ar\/thumbs\/bluesteel\/advf\/imagenes\/2015\/06\/558bd4c793504_900.jpg","contentUrl":"https:\/\/www.telam.com.ar\/thumbs\/bluesteel\/advf\/imagenes\/2015\/06\/558bd4c793504_900.jpg"},{"@type":"BreadcrumbList","@id":"https:\/\/www.noticiasradioreflejos.com.ar\/2021\/caso-katherine-moscoso-denuncian-un-encubrimiento-policial-y-judicial-del-caso\/#breadcrumb","itemListElement":[{"@type":"ListItem","position":1,"name":"Portada","item":"https:\/\/www.noticiasradioreflejos.com.ar\/2021\/"},{"@type":"ListItem","position":2,"name":"Caso Katherine Moscoso: denuncian un encubrimiento policial y judicial del caso"}]},{"@type":"WebSite","@id":"https:\/\/www.noticiasradioreflejos.com.ar\/2021\/#website","url":"https:\/\/www.noticiasradioreflejos.com.ar\/2021\/","name":"Noticias Radio Reflejos","description":"Las noticias de mi comarca","potentialAction":[{"@type":"SearchAction","target":{"@type":"EntryPoint","urlTemplate":"https:\/\/www.noticiasradioreflejos.com.ar\/2021\/?s={search_term_string}"},"query-input":{"@type":"PropertyValueSpecification","valueRequired":true,"valueName":"search_term_string"}}],"inLanguage":"es"},{"@type":"Person","@id":"https:\/\/www.noticiasradioreflejos.com.ar\/2021\/#\/schema\/person\/ad82545263dcc5ec0996818884fd5fb1","name":"Arnaldo Botto","image":{"@type":"ImageObject","inLanguage":"es","@id":"https:\/\/www.noticiasradioreflejos.com.ar\/2021\/#\/schema\/person\/image\/","url":"https:\/\/secure.gravatar.com\/avatar\/55cb5e37c1efa326397366e6974cb338056df65cb50e7d64d1cf314e87504837?s=96&d=mm&r=g","contentUrl":"https:\/\/secure.gravatar.com\/avatar\/55cb5e37c1efa326397366e6974cb338056df65cb50e7d64d1cf314e87504837?s=96&d=mm&r=g","caption":"Arnaldo Botto"},"url":"https:\/\/www.noticiasradioreflejos.com.ar\/2021\/author\/arnaldo\/"}]}},"_links":{"self":[{"href":"https:\/\/www.noticiasradioreflejos.com.ar\/2021\/wp-json\/wp\/v2\/posts\/72393","targetHints":{"allow":["GET"]}}],"collection":[{"href":"https:\/\/www.noticiasradioreflejos.com.ar\/2021\/wp-json\/wp\/v2\/posts"}],"about":[{"href":"https:\/\/www.noticiasradioreflejos.com.ar\/2021\/wp-json\/wp\/v2\/types\/post"}],"author":[{"embeddable":true,"href":"https:\/\/www.noticiasradioreflejos.com.ar\/2021\/wp-json\/wp\/v2\/users\/3"}],"replies":[{"embeddable":true,"href":"https:\/\/www.noticiasradioreflejos.com.ar\/2021\/wp-json\/wp\/v2\/comments?post=72393"}],"version-history":[{"count":1,"href":"https:\/\/www.noticiasradioreflejos.com.ar\/2021\/wp-json\/wp\/v2\/posts\/72393\/revisions"}],"predecessor-version":[{"id":72395,"href":"https:\/\/www.noticiasradioreflejos.com.ar\/2021\/wp-json\/wp\/v2\/posts\/72393\/revisions\/72395"}],"wp:attachment":[{"href":"https:\/\/www.noticiasradioreflejos.com.ar\/2021\/wp-json\/wp\/v2\/media?parent=72393"}],"wp:term":[{"taxonomy":"category","embeddable":true,"href":"https:\/\/www.noticiasradioreflejos.com.ar\/2021\/wp-json\/wp\/v2\/categories?post=72393"},{"taxonomy":"post_tag","embeddable":true,"href":"https:\/\/www.noticiasradioreflejos.com.ar\/2021\/wp-json\/wp\/v2\/tags?post=72393"}],"curies":[{"name":"wp","href":"https:\/\/api.w.org\/{rel}","templated":true}]}}